{"id":34375,"date":"2018-07-10T20:50:53","date_gmt":"2018-07-10T17:50:53","guid":{"rendered":"https:\/\/www.satokangas.fi\/blogi\/?p=34375"},"modified":"2018-07-11T08:30:14","modified_gmt":"2018-07-11T05:30:14","slug":"paluu-lapin-kesasta-kaupungin-vehreyteen","status":"publish","type":"post","link":"https:\/\/www.satokangas.fi\/blogi\/2018\/07\/paluu-lapin-kesasta-kaupungin-vehreyteen\/","title":{"rendered":"Paluu Lapin kes\u00e4st\u00e4 kaupungin vehreyteen"},"content":{"rendered":"<p style=\"text-align: justify;\">Aamu ja aamup\u00e4iv\u00e4 olivat Hangasojalla helteiset, &#8211; ja paarmaiset! Joten pitk\u00e4 aamiainen nautittiin m\u00f6kkip\u00f6yd\u00e4n \u00e4\u00e4ress\u00e4. L\u00e4hd\u00f6n tekemist\u00e4, ja k\u00e4vin viel\u00e4 l\u00e4himets\u00e4ss\u00e4 etsim\u00e4ss\u00e4 kuusenkerkki\u00e4, &#8211; annosten koristeluunpa tietysti. Eip\u00e4 l\u00f6ytynyt. Meid\u00e4n l\u00e4hitienoilla on vain katajia, m\u00e4ntyj\u00e4 ja koivuja, ei kuusia. No mutta mets\u00e4ss\u00e4 on ihana k\u00e4vell\u00e4, helteell\u00e4kin.<\/p>\n<p style=\"text-align: justify;\">Samaan aikaan ty\u00e4r k\u00e4vi viem\u00e4ss\u00e4 yst\u00e4v\u00e4ns\u00e4 Ivalon kent\u00e4lle ja Helsingin koneelle, mink\u00e4 j\u00e4lkeen l\u00e4hdimme puoleltap\u00e4ivin kolmisin ajelemaan kohti Oulua. L\u00e4mp\u00f6ist\u00e4 oli matkan teko. Auton mittari n\u00e4ytti hellelukemia (+28,5 &#8211; 25,0 C) koko matkan, ja kun aurinko paistoi suunnilleen koko ajan edest\u00e4 p\u00e4in, oli l\u00e4mp\u00f6ist\u00e4 vaikka kuinka autossa on ilmastointi.<\/p>\n<p style=\"text-align: justify;\">Rovaniemell\u00e4 my\u00f6h\u00e4inen lounas: <a href=\"http:\/\/www.kauppayhtio.fi\/fi\" target=\"_blank\" rel=\"noopener\">Kauppayhti\u00f6-ravintola<\/a>a on moni (paistink\u00e4\u00e4nt\u00e4j\u00e4)yst\u00e4v\u00e4 kehunut, joten sinnep\u00e4 siis. Se on siit\u00e4 hauska paikka, ett\u00e4 on kaikki myynniss\u00e4, paitsi ruoka my\u00f6s huonekaluja ja pientavaroita voi ostaa. Ja ruokaa lukuunottamatta kaikki on aikalailla retroa, kasaria, kulahtanutta &#8211; ei tullut pieneen mieleenk\u00e4\u00e4n ostaa, mutta kivaa reksvisiittaa sellainen oli.<\/p>\n<p style=\"text-align: justify;\"><a href=\"https:\/\/www.satokangas.fi\/blogi\/2018\/07\/paluu-lapin-kesasta-kaupungin-vehreyteen\/kauppayhtio\/#main\" rel=\"attachment wp-att-34376\"><img loading=\"lazy\" decoding=\"async\" data-attachment-id=\"34376\" data-permalink=\"https:\/\/www.satokangas.fi\/blogi\/2018\/07\/paluu-lapin-kesasta-kaupungin-vehreyteen\/kauppayhtio\/\" data-orig-file=\"https:\/\/www.satokangas.fi\/blogi\/wp-content\/uploads\/2018\/07\/Kauppayhtio.jpg\" data-orig-size=\"600,800\" data-comments-opened=\"1\" data-image-meta=\"{&quot;aperture&quot;:&quot;2&quot;,&quot;credit&quot;:&quot;&quot;,&quot;camera&quot;:&quot;E5823&quot;,&quot;caption&quot;:&quot;&quot;,&quot;created_timestamp&quot;:&quot;1531234309&quot;,&quot;copyright&quot;:&quot;Reija Satokangas&quot;,&quot;focal_length&quot;:&quot;4.23&quot;,&quot;iso&quot;:&quot;64&quot;,&quot;shutter_speed&quot;:&quot;0.033333333333333&quot;,&quot;title&quot;:&quot;&quot;,&quot;orientation&quot;:&quot;0&quot;}\" data-image-title=\"Kauppayhtio\" data-image-description=\"\" data-image-caption=\"\" data-large-file=\"https:\/\/www.satokangas.fi\/blogi\/wp-content\/uploads\/2018\/07\/Kauppayhtio.jpg\" class=\"aligncenter size-full wp-image-34376\" src=\"https:\/\/www.satokangas.fi\/blogi\/wp-content\/uploads\/2018\/07\/Kauppayhtio.jpg\" alt=\"\" width=\"600\" height=\"800\" srcset=\"https:\/\/www.satokangas.fi\/blogi\/wp-content\/uploads\/2018\/07\/Kauppayhtio.jpg 600w, https:\/\/www.satokangas.fi\/blogi\/wp-content\/uploads\/2018\/07\/Kauppayhtio-225x300.jpg 225w, https:\/\/www.satokangas.fi\/blogi\/wp-content\/uploads\/2018\/07\/Kauppayhtio-300x400.jpg 300w\" sizes=\"auto, (max-width: 600px) 100vw, 600px\" \/><\/a><\/p>\n<p style=\"text-align: justify;\"><a href=\"https:\/\/www.satokangas.fi\/blogi\/2018\/07\/paluu-lapin-kesasta-kaupungin-vehreyteen\/kauppayhtio-2\/#main\" rel=\"attachment wp-att-34377\"><img loading=\"lazy\" decoding=\"async\" data-attachment-id=\"34377\" data-permalink=\"https:\/\/www.satokangas.fi\/blogi\/2018\/07\/paluu-lapin-kesasta-kaupungin-vehreyteen\/kauppayhtio-2\/\" data-orig-file=\"https:\/\/www.satokangas.fi\/blogi\/wp-content\/uploads\/2018\/07\/Kauppayhtio-2.jpg\" data-orig-size=\"600,800\" data-comments-opened=\"1\" data-image-meta=\"{&quot;aperture&quot;:&quot;2&quot;,&quot;credit&quot;:&quot;&quot;,&quot;camera&quot;:&quot;E5823&quot;,&quot;caption&quot;:&quot;&quot;,&quot;created_timestamp&quot;:&quot;1531234330&quot;,&quot;copyright&quot;:&quot;Reija Satokangas&quot;,&quot;focal_length&quot;:&quot;4.23&quot;,&quot;iso&quot;:&quot;50&quot;,&quot;shutter_speed&quot;:&quot;0.016666666666667&quot;,&quot;title&quot;:&quot;&quot;,&quot;orientation&quot;:&quot;0&quot;}\" data-image-title=\"Kauppayhtio-2\" data-image-description=\"\" data-image-caption=\"\" data-large-file=\"https:\/\/www.satokangas.fi\/blogi\/wp-content\/uploads\/2018\/07\/Kauppayhtio-2.jpg\" class=\"aligncenter size-large wp-image-34377\" src=\"https:\/\/www.satokangas.fi\/blogi\/wp-content\/uploads\/2018\/07\/Kauppayhtio-2.jpg\" alt=\"\" width=\"600\" height=\"800\" srcset=\"https:\/\/www.satokangas.fi\/blogi\/wp-content\/uploads\/2018\/07\/Kauppayhtio-2.jpg 600w, https:\/\/www.satokangas.fi\/blogi\/wp-content\/uploads\/2018\/07\/Kauppayhtio-2-225x300.jpg 225w, https:\/\/www.satokangas.fi\/blogi\/wp-content\/uploads\/2018\/07\/Kauppayhtio-2-300x400.jpg 300w\" sizes=\"auto, (max-width: 600px) 100vw, 600px\" \/><\/a><\/p>\n<p style=\"text-align: justify;\"><a href=\"https:\/\/www.satokangas.fi\/blogi\/2018\/07\/paluu-lapin-kesasta-kaupungin-vehreyteen\/kauppayhtio-3\/#main\" rel=\"attachment wp-att-34378\"><img loading=\"lazy\" decoding=\"async\" data-attachment-id=\"34378\" data-permalink=\"https:\/\/www.satokangas.fi\/blogi\/2018\/07\/paluu-lapin-kesasta-kaupungin-vehreyteen\/kauppayhtio-3\/\" data-orig-file=\"https:\/\/www.satokangas.fi\/blogi\/wp-content\/uploads\/2018\/07\/Kauppayhtio-3.jpg\" data-orig-size=\"718,800\" data-comments-opened=\"1\" data-image-meta=\"{&quot;aperture&quot;:&quot;2&quot;,&quot;credit&quot;:&quot;&quot;,&quot;camera&quot;:&quot;E5823&quot;,&quot;caption&quot;:&quot;&quot;,&quot;created_timestamp&quot;:&quot;1531234948&quot;,&quot;copyright&quot;:&quot;Reija Satokangas&quot;,&quot;focal_length&quot;:&quot;4.23&quot;,&quot;iso&quot;:&quot;50&quot;,&quot;shutter_speed&quot;:&quot;0.025&quot;,&quot;title&quot;:&quot;&quot;,&quot;orientation&quot;:&quot;0&quot;}\" data-image-title=\"Kauppayhtio-3\" data-image-description=\"\" data-image-caption=\"\" data-large-file=\"https:\/\/www.satokangas.fi\/blogi\/wp-content\/uploads\/2018\/07\/Kauppayhtio-3.jpg\" class=\"aligncenter size-large wp-image-34378\" src=\"https:\/\/www.satokangas.fi\/blogi\/wp-content\/uploads\/2018\/07\/Kauppayhtio-3.jpg\" alt=\"\" width=\"718\" height=\"800\" srcset=\"https:\/\/www.satokangas.fi\/blogi\/wp-content\/uploads\/2018\/07\/Kauppayhtio-3.jpg 718w, https:\/\/www.satokangas.fi\/blogi\/wp-content\/uploads\/2018\/07\/Kauppayhtio-3-269x300.jpg 269w, https:\/\/www.satokangas.fi\/blogi\/wp-content\/uploads\/2018\/07\/Kauppayhtio-3-359x400.jpg 359w\" sizes=\"auto, (max-width: 718px) 100vw, 718px\" \/><\/a><\/p>\n<p style=\"text-align: justify;\">Mutta tytt\u00e4en kanssa nauttimamme lounassalaatit (vuohenjuustoa ja pulled porkia) ja Pehtoorin pekonihampurilainen olivat oikeinkin hyvi\u00e4. Ja matka jatkui kohti Oulua.<\/p>\n<p style=\"text-align: justify;\">Kuuden aikoihin oltiin Rantapellossa, ja viel\u00e4 oli minulla pieni ajorupeama edess\u00e4, kun vein tytt\u00e4ren ja yst\u00e4v\u00e4ns\u00e4 patiolle torinrantaan. Ihan oli Oulun aittatorin terassit t\u00e4ynn\u00e4 helteest\u00e4 (ja juomista) nauttivia. Koilliskairan rustiikkisesta, karusta ja kauniista Lapinmaasta palanneelle kaupunkiel\u00e4m\u00e4 n\u00e4ytti kovin vilkkaalle, v\u00e4rikk\u00e4\u00e4lle ja kyll\u00e4 v\u00e4h\u00e4n vieraallekin. Tovin. Huomenna jo kotoisalle.<\/p>\n<p style=\"text-align: justify;\">Nyt sitten on edess\u00e4 hellett\u00e4 Rantapellossa.<\/p>\n","protected":false},"excerpt":{"rendered":"<p>Aamu ja aamup\u00e4iv\u00e4 olivat Hangasojalla helteiset, &#8211; ja paarmaiset! Joten pitk\u00e4 aamiainen nautittiin m\u00f6kkip\u00f6yd\u00e4n \u00e4\u00e4ress\u00e4. L\u00e4hd\u00f6n tekemist\u00e4, ja k\u00e4vin viel\u00e4 l\u00e4himets\u00e4ss\u00e4 etsim\u00e4ss\u00e4 kuusenkerkki\u00e4, &#8211; annosten koristeluunpa tietysti. Eip\u00e4 l\u00f6ytynyt. Meid\u00e4n l\u00e4hitienoilla on vain katajia, m\u00e4ntyj\u00e4 ja koivuja, ei kuusia. No mutta mets\u00e4ss\u00e4 on ihana k\u00e4vell\u00e4, helteell\u00e4kin. Samaan aikaan ty\u00e4r k\u00e4vi viem\u00e4ss\u00e4 yst\u00e4v\u00e4ns\u00e4 Ivalon kent\u00e4lle ja Helsingin koneelle, mink\u00e4 j\u00e4lkeen l\u00e4hdimme &hellip; <\/p>\n","protected":false},"author":1,"featured_media":0,"comment_status":"open","ping_status":"open","sticky":false,"template":"","format":"standard","meta":{"jetpack_post_was_ever_published":false,"_jetpack_newsletter_access":"","_jetpack_dont_email_post_to_subs":false,"_jetpack_newsletter_tier_id":0,"_jetpack_memberships_contains_paywalled_content":false,"_jetpack_memberships_contains_paid_content":false,"footnotes":"","jetpack_publicize_message":"","jetpack_publicize_feature_enabled":true,"jetpack_social_post_already_shared":true,"jetpack_social_options":{"image_generator_settings":{"template":"highway","default_image_id":0,"font":"","enabled":false},"version":2}},"categories":[15,94],"tags":[],"class_list":["post-34375","post","type-post","status-publish","format-standard","hentry","category-lappi","category-ravintolat-ruoka_ja_viini","latest_post"],"jetpack_publicize_connections":[],"jetpack_featured_media_url":"","jetpack_shortlink":"https:\/\/wp.me\/pr4p4-8Wr","jetpack_sharing_enabled":true,"jetpack_likes_enabled":false,"jetpack-related-posts":[{"id":33667,"url":"https:\/\/www.satokangas.fi\/blogi\/2018\/03\/paljon-hyvaa-yhtena-paivana\/","url_meta":{"origin":34375,"position":0},"title":"Paljon hyv\u00e4\u00e4 yhten\u00e4 p\u00e4iv\u00e4n\u00e4","author":"Reija","date":"28.3.2018","format":false,"excerpt":"P\u00e4\u00e4si\u00e4isviikko, perinteisest\u00e4 retriitist\u00e4ni Lapissa ei tietoakaan. Mutta Oulussakin on s\u00e4\u00e4 ollut kuin parhaina p\u00e4\u00e4si\u00e4isin\u00e4 m\u00f6kill\u00e4. Valkoisia, kimmelt\u00e4vi\u00e4 hankia, auringon h\u00e4ik\u00e4isev\u00e4\u00e4 valoa ja l\u00e4mmitt\u00e4v\u00e4\u00e4 tunnetta. Olen t\u00e4m\u00e4n talven kovien y\u00f6pakkasten aikana oppinut l\u00e4htem\u00e4\u00e4n ulos vasta puolelta p\u00e4ivin, enk\u00e4 ole s\u00e4nn\u00e4nnyt auringon sarastuksen aikaan, heti her\u00e4tty\u00e4ni, tarpomaan jonnekin mets\u00e4poluille. T\u00e4n\u00e4\u00e4n k\u00e4velin puolelta\u2026","rel":"","context":"Kategoriassa &quot;Isovanhemmuus&quot;","block_context":{"text":"Isovanhemmuus","link":"https:\/\/www.satokangas.fi\/blogi\/category\/isovanhemmuus\/"},"img":{"alt_text":"","src":"https:\/\/i0.wp.com\/www.satokangas.fi\/blogi\/wp-content\/uploads\/2018\/03\/2-14.jpg?resize=350%2C200&ssl=1","width":350,"height":200,"srcset":"https:\/\/i0.wp.com\/www.satokangas.fi\/blogi\/wp-content\/uploads\/2018\/03\/2-14.jpg?resize=350%2C200&ssl=1 1x, https:\/\/i0.wp.com\/www.satokangas.fi\/blogi\/wp-content\/uploads\/2018\/03\/2-14.jpg?resize=525%2C300&ssl=1 1.5x, https:\/\/i0.wp.com\/www.satokangas.fi\/blogi\/wp-content\/uploads\/2018\/03\/2-14.jpg?resize=700%2C400&ssl=1 2x"},"classes":[]},{"id":15946,"url":"https:\/\/www.satokangas.fi\/blogi\/2012\/12\/siperia-opettaa\/","url_meta":{"origin":34375,"position":1},"title":"Siperia opettaa","author":"Reija","date":"9.12.2012","format":false,"excerpt":"Siperia opettaa. Tai siis Siberia. Saarisel\u00e4n keskustassa on ravintola, sateenkaarisein\u00e4m\u00e4n takana. Sis\u00e4lt\u00e4 v\u00e4lj\u00e4, tyylik\u00e4s, lappilaista gourmettia tarjoava fine dining -paikka, jossa k\u00e4vimme eilen. Olimme \u00a0siell\u00e4 toista kertaa, kev\u00e4\u00e4ll\u00e4 k\u00e4vimme kaksin, nyt yst\u00e4vien kanssa, \u201dmarkkinoinnin kohteena\u201d. Ja nyt Siberia opetti, ett\u00e4 samppanjaa siell\u00e4 ei kannata tilata: voi el\u00e4v\u00e4 tikka* turhan hintavaa\u2026","rel":"","context":"Kategoriassa &quot;Lappi&quot;","block_context":{"text":"Lappi","link":"https:\/\/www.satokangas.fi\/blogi\/category\/lappi\/"},"img":{"alt_text":"","src":"https:\/\/i0.wp.com\/www.satokangas.fi\/blogi\/wp-content\/uploads\/2012\/12\/Loppuloma-051-600x337.jpg?resize=350%2C200&ssl=1","width":350,"height":200,"srcset":"https:\/\/i0.wp.com\/www.satokangas.fi\/blogi\/wp-content\/uploads\/2012\/12\/Loppuloma-051-600x337.jpg?resize=350%2C200&ssl=1 1x, https:\/\/i0.wp.com\/www.satokangas.fi\/blogi\/wp-content\/uploads\/2012\/12\/Loppuloma-051-600x337.jpg?resize=525%2C300&ssl=1 1.5x"},"classes":[]},{"id":40278,"url":"https:\/\/www.satokangas.fi\/blogi\/2021\/02\/inarilla-inarissa\/","url_meta":{"origin":34375,"position":2},"title":"Inarilla, Inarissa","author":"Reija","date":"21.2.2021","format":false,"excerpt":"Lupasi pakkasta, ja sen lis\u00e4ksi tuulta: tuntuisi kuin - 26 C. Hiihto ei siis ollut vaihtoehto t\u00e4m\u00e4n p\u00e4iv\u00e4n p\u00e4\u00e4ohjelmanumeroksi. T\u00e4n\u00e4\u00e4n olisi siis juuri oikea p\u00e4iv\u00e4 tehd\u00e4 p\u00e4iv\u00e4retki Inarille (kuten sanonta kuuluu) ja Inariin. Aurinkoa ja kimmelt\u00e4vi\u00e4 hankia oli s\u00e4\u00e4tiedotuksen mukaan mahdollista n\u00e4hd\u00e4. Niiden toivossa, ajatuksena kuvailla postikorttimaisemia, l\u00e4hdimme ajelemaan ensin\u2026","rel":"","context":"Kategoriassa &quot;Lappi&quot;","block_context":{"text":"Lappi","link":"https:\/\/www.satokangas.fi\/blogi\/category\/lappi\/"},"img":{"alt_text":"","src":"https:\/\/i0.wp.com\/www.satokangas.fi\/blogi\/wp-content\/uploads\/2021\/02\/Retki_Inariin-3.jpg?resize=350%2C200&ssl=1","width":350,"height":200,"srcset":"https:\/\/i0.wp.com\/www.satokangas.fi\/blogi\/wp-content\/uploads\/2021\/02\/Retki_Inariin-3.jpg?resize=350%2C200&ssl=1 1x, https:\/\/i0.wp.com\/www.satokangas.fi\/blogi\/wp-content\/uploads\/2021\/02\/Retki_Inariin-3.jpg?resize=525%2C300&ssl=1 1.5x"},"classes":[]},{"id":37188,"url":"https:\/\/www.satokangas.fi\/blogi\/2019\/09\/jaahyvaiset-kesalle\/","url_meta":{"origin":34375,"position":3},"title":"J\u00e4\u00e4hyv\u00e4iset kes\u00e4lle","author":"Reija","date":"11.9.2019","format":false,"excerpt":"J\u00e4\u00e4hyv\u00e4iset kes\u00e4lle. Ne taisivat olla t\u00e4n\u00e4\u00e4n. Kotipihalla l\u00e4mp\u00f6mittari oli iltap\u00e4iv\u00e4ll\u00e4 jo l\u00e4hell\u00e4 hellerajaa. Aamurutiinien j\u00e4lkeen l\u00e4hdin syysmarkkinoille ja kauppaan - vaikka en min\u00e4 tosin juuri mit\u00e4\u00e4n yhden hengen huushollissani tarvitse. Varsinkaan kun t\u00e4lle p\u00e4iv\u00e4lle oli ruokatreffit yst\u00e4v\u00e4n kanssa. Meid\u00e4n molempien miehet\u00a0 ovat m\u00f6kill\u00e4; toinen Pudasj\u00e4rvell\u00e4, toinen Hangasojalla*, joten nyt oli\u2026","rel":"","context":"Kategoriassa &quot;Oulun etniset ravintolat&quot;","block_context":{"text":"Oulun etniset ravintolat","link":"https:\/\/www.satokangas.fi\/blogi\/category\/ruoka_ja_viini\/oulun-etniset-ravintolat\/"},"img":{"alt_text":"","src":"https:\/\/i0.wp.com\/www.satokangas.fi\/blogi\/wp-content\/uploads\/2019\/09\/Fuchka-3.jpg?resize=350%2C200&ssl=1","width":350,"height":200},"classes":[]},{"id":15321,"url":"https:\/\/www.satokangas.fi\/blogi\/2012\/09\/tahan-on-tultu\/","url_meta":{"origin":34375,"position":4},"title":"T\u00e4h\u00e4n on tultu!","author":"Reija","date":"22.9.2012","format":false,"excerpt":"T\u00e4h\u00e4n on tultu: kolmekasit teryleenit ei en\u00e4\u00e4 mahdu p\u00e4\u00e4lle. Ei vaikka et hengitt\u00e4isik\u00e4\u00e4n. Mik\u00e4 neuvoksi? Aamiaiseksi vain iso kupillinen tummapaahtokahvia ja vaahdotettua rasvatonta maitoa, ihan ohut siivu apfelstruudelia ja sen kanssa nokare rahkaa. Ja sitten ulos ja lenkille. Ihan j\u00e4rjett\u00f6m\u00e4n kylm\u00e4, mutta ihan kuvauksellisen kaunis sumu. K\u00e4velin pitk\u00e4sti, hautuumaalta kanavanrantaan\u2026","rel":"","context":"Kategoriassa &quot;Niit\u00e4 n\u00e4it\u00e4&quot;","block_context":{"text":"Niit\u00e4 n\u00e4it\u00e4","link":"https:\/\/www.satokangas.fi\/blogi\/category\/aiheeton\/"},"img":{"alt_text":"","src":"https:\/\/i0.wp.com\/www.satokangas.fi\/blogi\/wp-content\/uploads\/Hautuumaalla-273x400.jpg?resize=350%2C200&ssl=1","width":350,"height":200},"classes":[]},{"id":32151,"url":"https:\/\/www.satokangas.fi\/blogi\/2017\/09\/paluu-kroatiaan\/","url_meta":{"origin":34375,"position":5},"title":"Paluu Kroatiaan","author":"Reija","date":"29.9.2017","format":false,"excerpt":"Siit\u00e4 on 37 vuotta kun oltu Splitiss\u00e4 edellisen kerran. Silloin Split ja Dubrovnik olivat Jugoslavian lomakaupunkeja, Titon vallan alla olleen Adrianmeren rantakaupunkeja, osa Kroatian maakuntaa. Sen j\u00e4lkeen Dalmatian rannikolle asti on ulottunut Balkkanin sota. Kuinkahan mones? Nyt olemme j\u00e4lleen Kroatissa, EU-maassa, jossa sosialistisen diktatuurin tai sodan j\u00e4lki\u00e4 ei ainakaan p\u00e4iv\u00e4nvalossa\u2026","rel":"","context":"Kategoriassa &quot;Niit\u00e4 n\u00e4it\u00e4&quot;","block_context":{"text":"Niit\u00e4 n\u00e4it\u00e4","link":"https:\/\/www.satokangas.fi\/blogi\/category\/aiheeton\/"},"img":{"alt_text":"","src":"https:\/\/i0.wp.com\/www.satokangas.fi\/blogi\/wp-content\/uploads\/2017\/09\/Paluu-Kroatiaan_-4.jpg?resize=350%2C200&ssl=1","width":350,"height":200,"srcset":"https:\/\/i0.wp.com\/www.satokangas.fi\/blogi\/wp-content\/uploads\/2017\/09\/Paluu-Kroatiaan_-4.jpg?resize=350%2C200&ssl=1 1x, https:\/\/i0.wp.com\/www.satokangas.fi\/blogi\/wp-content\/uploads\/2017\/09\/Paluu-Kroatiaan_-4.jpg?resize=525%2C300&ssl=1 1.5x, https:\/\/i0.wp.com\/www.satokangas.fi\/blogi\/wp-content\/uploads\/2017\/09\/Paluu-Kroatiaan_-4.jpg?resize=700%2C400&ssl=1 2x"},"classes":[]}],"_links":{"self":[{"href":"https:\/\/www.satokangas.fi\/blogi\/wp-json\/wp\/v2\/posts\/34375","targetHints":{"allow":["GET"]}}],"collection":[{"href":"https:\/\/www.satokangas.fi\/blogi\/wp-json\/wp\/v2\/posts"}],"about":[{"href":"https:\/\/www.satokangas.fi\/blogi\/wp-json\/wp\/v2\/types\/post"}],"author":[{"embeddable":true,"href":"https:\/\/www.satokangas.fi\/blogi\/wp-json\/wp\/v2\/users\/1"}],"replies":[{"embeddable":true,"href":"https:\/\/www.satokangas.fi\/blogi\/wp-json\/wp\/v2\/comments?post=34375"}],"version-history":[{"count":0,"href":"https:\/\/www.satokangas.fi\/blogi\/wp-json\/wp\/v2\/posts\/34375\/revisions"}],"wp:attachment":[{"href":"https:\/\/www.satokangas.fi\/blogi\/wp-json\/wp\/v2\/media?parent=34375"}],"wp:term":[{"taxonomy":"category","embeddable":true,"href":"https:\/\/www.satokangas.fi\/blogi\/wp-json\/wp\/v2\/categories?post=34375"},{"taxonomy":"post_tag","embeddable":true,"href":"https:\/\/www.satokangas.fi\/blogi\/wp-json\/wp\/v2\/tags?post=34375"}],"curies":[{"name":"wp","href":"https:\/\/api.w.org\/{rel}","templated":true}]}}