{"id":34369,"date":"2018-07-09T22:34:10","date_gmt":"2018-07-09T19:34:10","guid":{"rendered":"https:\/\/www.satokangas.fi\/blogi\/?p=34369"},"modified":"2018-07-09T22:57:32","modified_gmt":"2018-07-09T19:57:32","slug":"oi-juutua-tanaan-uudella-porukalla-juutuan-reitti","status":"publish","type":"post","link":"https:\/\/www.satokangas.fi\/blogi\/2018\/07\/oi-juutua-tanaan-uudella-porukalla-juutuan-reitti\/","title":{"rendered":"Oi Juutua &#8211; t\u00e4n\u00e4\u00e4n uudella porukalla Juutuan reitti"},"content":{"rendered":"<p style=\"text-align: justify;\"><a href=\"https:\/\/www.satokangas.fi\/blogi\/2018\/07\/oi-juutua-tanaan-uudella-porukalla-juutuan-reitti\/juutua-2\/#main\" rel=\"attachment wp-att-34370\"><img loading=\"lazy\" decoding=\"async\" data-attachment-id=\"34370\" data-permalink=\"https:\/\/www.satokangas.fi\/blogi\/2018\/07\/oi-juutua-tanaan-uudella-porukalla-juutuan-reitti\/juutua-2\/\" data-orig-file=\"https:\/\/www.satokangas.fi\/blogi\/wp-content\/uploads\/2018\/07\/Juutua-2.jpg\" data-orig-size=\"1000,667\" data-comments-opened=\"1\" data-image-meta=\"{&quot;aperture&quot;:&quot;3.5&quot;,&quot;credit&quot;:&quot;Reija Satokangas&quot;,&quot;camera&quot;:&quot;Canon EOS 5D Mark IV&quot;,&quot;caption&quot;:&quot;&quot;,&quot;created_timestamp&quot;:&quot;1531143038&quot;,&quot;copyright&quot;:&quot;&quot;,&quot;focal_length&quot;:&quot;100&quot;,&quot;iso&quot;:&quot;100&quot;,&quot;shutter_speed&quot;:&quot;0.002&quot;,&quot;title&quot;:&quot;&quot;,&quot;orientation&quot;:&quot;0&quot;}\" data-image-title=\"Juutua-2\" data-image-description=\"\" data-image-caption=\"\" data-large-file=\"https:\/\/www.satokangas.fi\/blogi\/wp-content\/uploads\/2018\/07\/Juutua-2.jpg\" class=\"aligncenter size-full wp-image-34370\" src=\"https:\/\/www.satokangas.fi\/blogi\/wp-content\/uploads\/2018\/07\/Juutua-2.jpg\" alt=\"\" width=\"1000\" height=\"667\" srcset=\"https:\/\/www.satokangas.fi\/blogi\/wp-content\/uploads\/2018\/07\/Juutua-2.jpg 1000w, https:\/\/www.satokangas.fi\/blogi\/wp-content\/uploads\/2018\/07\/Juutua-2-300x200.jpg 300w, https:\/\/www.satokangas.fi\/blogi\/wp-content\/uploads\/2018\/07\/Juutua-2-600x400.jpg 600w, https:\/\/www.satokangas.fi\/blogi\/wp-content\/uploads\/2018\/07\/Juutua-2-768x512.jpg 768w\" sizes=\"auto, (max-width: 1000px) 100vw, 1000px\" \/><\/a><\/p>\n<p style=\"text-align: justify;\">Lappi n\u00e4ytt\u00e4\u00e4 parhaintaan.<\/p>\n<p style=\"text-align: justify;\">Her\u00e4simme auringonpaisteeseen kahdeksan aikoihin, ja nyt (klo 21.10) istun m\u00f6kkiterassilla ja vieress\u00e4 mittari n\u00e4ytt\u00e4\u00e4 + 27 C varjossa. T\u00e4ss\u00e4 v\u00e4lill\u00e4 on ehditty nauttia pitk\u00e4 aamiainen, l\u00e4hte\u00e4 kohti Inaria. Ivalo &#8211; Inari &#8211; v\u00e4li on n\u00e4in auringonpaisteella yksi kauneimpia.<\/p>\n<p style=\"text-align: justify;\">Matkalla kohti Juutuan patikkaa pys\u00e4hdyimme My\u00f6ss\u00e4j\u00e4rvell\u00e4 Karhunpes\u00e4kiven kohdalla. Kapusimme tietysti kivelle, ja viel\u00e4 huipulle katselemaan Inarinj\u00e4rvelle. Kovasti mietittiin, mik\u00e4 se oli se v\u00e4kim\u00e4\u00e4r\u00e4, joka mahtuu Inarinj\u00e4rven j\u00e4\u00e4lle. Ja niinh\u00e4n se on, ett\u00e4 periaatteessa koko maapallon v\u00e4est\u00f6 (ainakin se v\u00e4kim\u00e4\u00e4r\u00e4, joka oli kymmenkunta vuotta sitten).<\/p>\n<p style=\"text-align: justify;\">Inarissa auto j\u00e4tettiin Sajoksen parkkiin ja sitten Juutuan polulle. Eik\u00e4 paarmoja, ei sadetta, ei s\u00e4\u00e4ski\u00e4. Leppe\u00e4\u00e4 tuulta ja kauniita maisemia.<\/p>\n<p style=\"text-align: justify;\"><a href=\"https:\/\/www.satokangas.fi\/blogi\/2018\/07\/oi-juutua-tanaan-uudella-porukalla-juutuan-reitti\/juutua-5\/#main\" rel=\"attachment wp-att-34373\"><img loading=\"lazy\" decoding=\"async\" data-attachment-id=\"34373\" data-permalink=\"https:\/\/www.satokangas.fi\/blogi\/2018\/07\/oi-juutua-tanaan-uudella-porukalla-juutuan-reitti\/juutua-5\/\" data-orig-file=\"https:\/\/www.satokangas.fi\/blogi\/wp-content\/uploads\/2018\/07\/Juutua-5.jpg\" data-orig-size=\"1000,667\" data-comments-opened=\"1\" data-image-meta=\"{&quot;aperture&quot;:&quot;32&quot;,&quot;credit&quot;:&quot;Reija Satokangas&quot;,&quot;camera&quot;:&quot;Canon EOS 5D Mark IV&quot;,&quot;caption&quot;:&quot;&quot;,&quot;created_timestamp&quot;:&quot;1531140446&quot;,&quot;copyright&quot;:&quot;&quot;,&quot;focal_length&quot;:&quot;70&quot;,&quot;iso&quot;:&quot;100&quot;,&quot;shutter_speed&quot;:&quot;0.076923076923077&quot;,&quot;title&quot;:&quot;&quot;,&quot;orientation&quot;:&quot;0&quot;}\" data-image-title=\"Juutua-5\" data-image-description=\"\" data-image-caption=\"\" data-large-file=\"https:\/\/www.satokangas.fi\/blogi\/wp-content\/uploads\/2018\/07\/Juutua-5.jpg\" class=\"aligncenter size-large wp-image-34373\" src=\"https:\/\/www.satokangas.fi\/blogi\/wp-content\/uploads\/2018\/07\/Juutua-5.jpg\" alt=\"\" width=\"1000\" height=\"667\" srcset=\"https:\/\/www.satokangas.fi\/blogi\/wp-content\/uploads\/2018\/07\/Juutua-5.jpg 1000w, https:\/\/www.satokangas.fi\/blogi\/wp-content\/uploads\/2018\/07\/Juutua-5-300x200.jpg 300w, https:\/\/www.satokangas.fi\/blogi\/wp-content\/uploads\/2018\/07\/Juutua-5-600x400.jpg 600w, https:\/\/www.satokangas.fi\/blogi\/wp-content\/uploads\/2018\/07\/Juutua-5-768x512.jpg 768w\" sizes=\"auto, (max-width: 1000px) 100vw, 1000px\" \/><\/a><\/p>\n<p style=\"text-align: justify;\">Meille <a href=\"https:\/\/www.satokangas.fi\/blogi\/2017\/09\/oi-juutua-inari-paiva-tanaan\/\" target=\"_blank\" rel=\"noopener\">tuttu reitti<\/a>, tyt\u00f6t eiv\u00e4t olleet k\u00e4yneet, mutta tykk\u00e4siv\u00e4th\u00e4n hekin. Parin tunnin j\u00e4lkeen oltiin takaisin Inarin keskustassa. Siidaan virvokkeille ja lounasleiville, ja sitten paluumatkalle. Tunnin paluumatka tuntui tavattoman pitk\u00e4lle.<\/p>\n<p style=\"text-align: justify;\">Eik\u00e4 sitten mit\u00e4\u00e4n erikoista: saunaa, runsas r\u00e4\u00e4ppi\u00e4isp\u00e4iv\u00e4llinen, lautapelej\u00e4.\u00a0Ei mit\u00e4\u00e4n erikoista, mutta minusta niin paljon.<\/p>\n<p style=\"text-align: justify;\">Tattirisotto oli muuten hyv\u00e4\u00e4&#8230;<\/p>\n<p style=\"text-align: justify;\"><a href=\"https:\/\/www.satokangas.fi\/blogi\/2018\/07\/oi-juutua-tanaan-uudella-porukalla-juutuan-reitti\/juutua-3\/#main\" rel=\"attachment wp-att-34371\"><img loading=\"lazy\" decoding=\"async\" data-attachment-id=\"34371\" data-permalink=\"https:\/\/www.satokangas.fi\/blogi\/2018\/07\/oi-juutua-tanaan-uudella-porukalla-juutuan-reitti\/juutua-3\/\" data-orig-file=\"https:\/\/www.satokangas.fi\/blogi\/wp-content\/uploads\/2018\/07\/Juutua-3.jpg\" data-orig-size=\"1000,667\" data-comments-opened=\"1\" data-image-meta=\"{&quot;aperture&quot;:&quot;7.1&quot;,&quot;credit&quot;:&quot;Reija Satokangas&quot;,&quot;camera&quot;:&quot;Canon EOS 5D Mark IV&quot;,&quot;caption&quot;:&quot;&quot;,&quot;created_timestamp&quot;:&quot;1531157593&quot;,&quot;copyright&quot;:&quot;&quot;,&quot;focal_length&quot;:&quot;50&quot;,&quot;iso&quot;:&quot;125&quot;,&quot;shutter_speed&quot;:&quot;0.02&quot;,&quot;title&quot;:&quot;&quot;,&quot;orientation&quot;:&quot;0&quot;}\" data-image-title=\"Juutua-3\" data-image-description=\"\" data-image-caption=\"\" data-large-file=\"https:\/\/www.satokangas.fi\/blogi\/wp-content\/uploads\/2018\/07\/Juutua-3.jpg\" class=\"aligncenter size-full wp-image-34371\" src=\"https:\/\/www.satokangas.fi\/blogi\/wp-content\/uploads\/2018\/07\/Juutua-3.jpg\" alt=\"\" width=\"1000\" height=\"667\" srcset=\"https:\/\/www.satokangas.fi\/blogi\/wp-content\/uploads\/2018\/07\/Juutua-3.jpg 1000w, https:\/\/www.satokangas.fi\/blogi\/wp-content\/uploads\/2018\/07\/Juutua-3-300x200.jpg 300w, https:\/\/www.satokangas.fi\/blogi\/wp-content\/uploads\/2018\/07\/Juutua-3-600x400.jpg 600w, https:\/\/www.satokangas.fi\/blogi\/wp-content\/uploads\/2018\/07\/Juutua-3-768x512.jpg 768w\" sizes=\"auto, (max-width: 1000px) 100vw, 1000px\" \/><\/a><\/p>\n<p style=\"text-align: justify;\">J<\/p>\n<p style=\"text-align: justify;\">\n<p style=\"text-align: justify;\">\n","protected":false},"excerpt":{"rendered":"<p>Lappi n\u00e4ytt\u00e4\u00e4 parhaintaan. Her\u00e4simme auringonpaisteeseen kahdeksan aikoihin, ja nyt (klo 21.10) istun m\u00f6kkiterassilla ja vieress\u00e4 mittari n\u00e4ytt\u00e4\u00e4 + 27 C varjossa. T\u00e4ss\u00e4 v\u00e4lill\u00e4 on ehditty nauttia pitk\u00e4 aamiainen, l\u00e4hte\u00e4 kohti Inaria. Ivalo &#8211; Inari &#8211; v\u00e4li on n\u00e4in auringonpaisteella yksi kauneimpia. Matkalla kohti Juutuan patikkaa pys\u00e4hdyimme My\u00f6ss\u00e4j\u00e4rvell\u00e4 Karhunpes\u00e4kiven kohdalla. Kapusimme tietysti kivelle, ja viel\u00e4 huipulle katselemaan Inarinj\u00e4rvelle. Kovasti mietittiin, mik\u00e4 &hellip; <\/p>\n","protected":false},"author":1,"featured_media":0,"comment_status":"open","ping_status":"open","sticky":false,"template":"","format":"standard","meta":{"jetpack_post_was_ever_published":false,"_jetpack_newsletter_access":"","_jetpack_dont_email_post_to_subs":false,"_jetpack_newsletter_tier_id":0,"_jetpack_memberships_contains_paywalled_content":false,"_jetpack_memberships_contains_paid_content":false,"footnotes":"","jetpack_publicize_message":"","jetpack_publicize_feature_enabled":true,"jetpack_social_post_already_shared":true,"jetpack_social_options":{"image_generator_settings":{"template":"highway","default_image_id":0,"font":"","enabled":false},"version":2}},"categories":[15,33,97],"tags":[],"class_list":["post-34369","post","type-post","status-publish","format-standard","hentry","category-lappi","category-liikkuminen","category-mokkielamaa","latest_post"],"jetpack_publicize_connections":[],"jetpack_featured_media_url":"","jetpack_shortlink":"https:\/\/wp.me\/pr4p4-8Wl","jetpack_sharing_enabled":true,"jetpack_likes_enabled":false,"jetpack-related-posts":[{"id":31815,"url":"https:\/\/www.satokangas.fi\/blogi\/2017\/09\/oi-juutua-inari-paiva-tanaan\/","url_meta":{"origin":34369,"position":0},"title":"&#8221;Oi, Juutua&#8221; &#8211; Inari-p\u00e4iv\u00e4 t\u00e4n\u00e4\u00e4n","author":"Reija","date":"2.9.2017","format":false,"excerpt":"Lauantai Lapin syyskuussa. Mit\u00e4s teht\u00e4isiin, mihin ment\u00e4isiin? - Jo se, ett\u00e4 voi esitt\u00e4\u00e4 tuollaisia kysymyksi\u00e4, on etuoikeus ja tekee m\u00f6kkeilyst\u00e4 erinomaisen mukavaa. T\u00e4n\u00e4\u00e4n olisi Inari-p\u00e4iv\u00e4, - niin p\u00e4\u00e4timme. Aamulla v\u00e4h\u00e4n \"m\u00f6kkihoidollisia\" toimenpiteit\u00e4 ja saimme sinnitelty\u00e4, ett\u00e4 starttasimme vasta kymmenen j\u00e4lkeen. Ivalon isossa kaupassa k\u00e4ytiin (onneksi oli kylm\u00e4laukku mukana) hakemassa kalaa\u2026","rel":"","context":"Kategoriassa &quot;Lappi&quot;","block_context":{"text":"Lappi","link":"https:\/\/www.satokangas.fi\/blogi\/category\/lappi\/"},"img":{"alt_text":"","src":"https:\/\/i0.wp.com\/www.satokangas.fi\/blogi\/wp-content\/uploads\/2017\/09\/Inari-paiva-21.jpg?resize=350%2C200&ssl=1","width":350,"height":200,"srcset":"https:\/\/i0.wp.com\/www.satokangas.fi\/blogi\/wp-content\/uploads\/2017\/09\/Inari-paiva-21.jpg?resize=350%2C200&ssl=1 1x, https:\/\/i0.wp.com\/www.satokangas.fi\/blogi\/wp-content\/uploads\/2017\/09\/Inari-paiva-21.jpg?resize=525%2C300&ssl=1 1.5x, https:\/\/i0.wp.com\/www.satokangas.fi\/blogi\/wp-content\/uploads\/2017\/09\/Inari-paiva-21.jpg?resize=700%2C400&ssl=1 2x"},"classes":[]},{"id":7646,"url":"https:\/\/www.satokangas.fi\/blogi\/2010\/06\/me-mokkilaiset-turistina\/","url_meta":{"origin":34369,"position":1},"title":"Me m\u00f6kkil\u00e4iset turistina","author":"Reija","date":"28.6.2010","format":false,"excerpt":"Tuulimiest\u00e4 ja maahisia\u00a0(rumpukuvia) k\u00e4vimme katsomassa. My\u00f6s hienoja luontokuvia Lapista. Ja historiaa. Saamelaisten elinkeinojen historiaa ja arkip\u00e4iv\u00e4\u00e4. Siis k\u00e4vimme Siidassa. K\u00e4vimme my\u00f6s kerrassaan huikeassa vaatekaupassa ja My\u00f6ss\u00e4j\u00e4rvell\u00e4. Ja iltap\u00e4iv\u00e4 kului patikoidessa Pielpaj\u00e4rven er\u00e4maakirkolle. Olemme olleet turisteja katselemassa n\u00e4ht\u00e4vyyksi\u00e4! Mutta aloitetaanpa alusta. Aamulla m\u00f6kin l\u00e4mp\u00f6mittari n\u00e4ytti huikeat +5C. L\u00e4mp\u00f6asteiden lis\u00e4ksi oloa riemastuttivat\u2026","rel":"","context":"Kategoriassa &quot;Historiaa&quot;","block_context":{"text":"Historiaa","link":"https:\/\/www.satokangas.fi\/blogi\/category\/historiaa\/"},"img":{"alt_text":"","src":"https:\/\/i0.wp.com\/www.satokangas.fi\/blogi\/wp-content\/uploads\/2010\/06\/kenka-asu-500x310.jpg?resize=350%2C200&ssl=1","width":350,"height":200},"classes":[]},{"id":24313,"url":"https:\/\/www.satokangas.fi\/blogi\/2015\/04\/teiden-ja-muita-viittoja\/","url_meta":{"origin":34369,"position":2},"title":"Teiden ja muita viittoja","author":"Reija","date":"9.4.2015","format":false,"excerpt":"P\u00e4\u00e4si\u00e4isen kuvia kameralta purkaessa muistan ett\u00e4 sunnuntaisella Inarin reissulla - vihdoin, sill\u00e4 olen monta kertaa aikonut - kuvasin tienviittoja ja muitakin opasteita, jotka siell\u00e4 ovat vekkuleita. Olisi mukava tiet\u00e4\u00e4 mik\u00e4 juttu n\u00e4iden teiden nimien takana on? Huutokalliontie on Inarinj\u00e4rven rannassa. Miksi kalliolla on huudettu niin paljon, ett\u00e4 siit\u00e4 riitti tien\u2026","rel":"","context":"Kategoriassa &quot;Lappi&quot;","block_context":{"text":"Lappi","link":"https:\/\/www.satokangas.fi\/blogi\/category\/lappi\/"},"img":{"alt_text":"Opastinp\u00e4iv\u00e4","src":"https:\/\/i0.wp.com\/www.satokangas.fi\/blogi\/wp-content\/uploads\/2015\/04\/Opastinp%C3%A4iv%C3%A41-600x323.jpg?resize=350%2C200&ssl=1","width":350,"height":200,"srcset":"https:\/\/i0.wp.com\/www.satokangas.fi\/blogi\/wp-content\/uploads\/2015\/04\/Opastinp%C3%A4iv%C3%A41-600x323.jpg?resize=350%2C200&ssl=1 1x, https:\/\/i0.wp.com\/www.satokangas.fi\/blogi\/wp-content\/uploads\/2015\/04\/Opastinp%C3%A4iv%C3%A41-600x323.jpg?resize=525%2C300&ssl=1 1.5x"},"classes":[]},{"id":54189,"url":"https:\/\/www.satokangas.fi\/blogi\/2026\/03\/mokilta-kylille-ja-ivaloon\/","url_meta":{"origin":34369,"position":3},"title":"M\u00f6kilt\u00e4 ladulle, kylille ja Ivaloon","author":"Reija","date":"25.3.2026","format":false,"excerpt":"Hulvattoman hieno hiihtop\u00e4iv\u00e4 - eilen. R\u00e4nt\u00e4sateinen kauppareissup\u00e4iv\u00e4 - t\u00e4n\u00e4\u00e4n. [Klikkaa video auki!] \u00a0 Hangasojalla alkaa joka m\u00f6kiss\u00e4 olla asukkaita, AirBnB- asujia tai \"alkuper\u00e4isv\u00e4est\u00f6\u00e4\". Kylill\u00e4kin melkoista vilin\u00e4\u00e4. K\u00e4vimme siell\u00e4, Saarisel\u00e4n keskustassa, toissailtana sy\u00f6m\u00e4ss\u00e4. Vanhan Riekonkiepin paikalle on noussut Wilderness Kieppi, ja sen ravintolassa me k\u00e4vimme. Wilderness-ketjulla on jo monta ravintolaa Inarin\u2026","rel":"","context":"Kategoriassa &quot;M\u00f6kkiel\u00e4m\u00e4\u00e4&quot;","block_context":{"text":"M\u00f6kkiel\u00e4m\u00e4\u00e4","link":"https:\/\/www.satokangas.fi\/blogi\/category\/mokkielamaa\/"},"img":{"alt_text":"","src":"https:\/\/i0.wp.com\/www.satokangas.fi\/blogi\/wp-content\/uploads\/2026\/03\/Rajoilla-4.jpg?resize=350%2C200&ssl=1","width":350,"height":200,"srcset":"https:\/\/i0.wp.com\/www.satokangas.fi\/blogi\/wp-content\/uploads\/2026\/03\/Rajoilla-4.jpg?resize=350%2C200&ssl=1 1x, https:\/\/i0.wp.com\/www.satokangas.fi\/blogi\/wp-content\/uploads\/2026\/03\/Rajoilla-4.jpg?resize=525%2C300&ssl=1 1.5x"},"classes":[]},{"id":41611,"url":"https:\/\/www.satokangas.fi\/blogi\/2021\/09\/paluu-otsamolle\/","url_meta":{"origin":34369,"position":4},"title":"Paluu Otsamolle","author":"Reija","date":"22.9.2021","format":false,"excerpt":"Inarin aamussa Hyvin nukuttu y\u00f6 Inarinj\u00e4rven rannalla, ja her\u00e4\u00e4minen uuteen patikointip\u00e4iv\u00e4\u00e4n ja aamiainen Hotel WIlderness Inarin isossa ravintolasalissa ikkunapaikalla. Min\u00e4 en ole niin kovin perso ole hotelliaamiaisille, mutta t\u00e4n\u00e4\u00e4n iloitsin monipuolisesta tarjonnasta. Paljon hyv\u00e4\u00e4 tarjolla, my\u00f6s minun \u201drajalliselle sietokyvylleni\u201d. Koskapa tiedossa kunnon patikka, oli tankattava proteiineja, pelkk\u00e4 kaurapuuro ei t\u00e4n\u00e4\u00e4n\u2026","rel":"","context":"Kategoriassa &quot;Lappi&quot;","block_context":{"text":"Lappi","link":"https:\/\/www.satokangas.fi\/blogi\/category\/lappi\/"},"img":{"alt_text":"","src":"https:\/\/i0.wp.com\/www.satokangas.fi\/blogi\/wp-content\/uploads\/2021\/09\/1-25-629x400.jpg?resize=350%2C200&ssl=1","width":350,"height":200,"srcset":"https:\/\/i0.wp.com\/www.satokangas.fi\/blogi\/wp-content\/uploads\/2021\/09\/1-25-629x400.jpg?resize=350%2C200&ssl=1 1x, https:\/\/i0.wp.com\/www.satokangas.fi\/blogi\/wp-content\/uploads\/2021\/09\/1-25-629x400.jpg?resize=525%2C300&ssl=1 1.5x"},"classes":[]},{"id":12139,"url":"https:\/\/www.satokangas.fi\/blogi\/2011\/08\/inarissa-ukonkivi-ja-aanaar\/","url_meta":{"origin":34369,"position":5},"title":"Inarissa: Ukonkivi ja Aanaar","author":"Reija","date":"5.8.2011","format":false,"excerpt":"Aamu aurinkoinen, mutta kylm\u00e4. Mit\u00e4s t\u00e4n\u00e4\u00e4n? T\u00e4n\u00e4\u00e4n olkoon Inari-p\u00e4iv\u00e4, koukataan systeri mukaan m\u00f6kilt\u00e4\u00e4n. Ivalossa kauppa- ja apteekkiasioita ja yhden uuden pikku puodin ihastelu ja sitten Inariin. Yhdeksi ehdimme Siidan rantaan, josta l\u00e4hti Inari III \u00a0kohti Ukonkive\u00e4. Katamariini on ihan uusi, siihen mahtuu 120 henke\u00e4. Ei meit\u00e4 ihan niin paljon ollut,\u2026","rel":"","context":"Kategoriassa &quot;Lappi&quot;","block_context":{"text":"Lappi","link":"https:\/\/www.satokangas.fi\/blogi\/category\/lappi\/"},"img":{"alt_text":"","src":"https:\/\/i0.wp.com\/www.satokangas.fi\/blogi\/wp-content\/uploads\/Aaaar-2.jpg?resize=350%2C200&ssl=1","width":350,"height":200},"classes":[]}],"_links":{"self":[{"href":"https:\/\/www.satokangas.fi\/blogi\/wp-json\/wp\/v2\/posts\/34369","targetHints":{"allow":["GET"]}}],"collection":[{"href":"https:\/\/www.satokangas.fi\/blogi\/wp-json\/wp\/v2\/posts"}],"about":[{"href":"https:\/\/www.satokangas.fi\/blogi\/wp-json\/wp\/v2\/types\/post"}],"author":[{"embeddable":true,"href":"https:\/\/www.satokangas.fi\/blogi\/wp-json\/wp\/v2\/users\/1"}],"replies":[{"embeddable":true,"href":"https:\/\/www.satokangas.fi\/blogi\/wp-json\/wp\/v2\/comments?post=34369"}],"version-history":[{"count":0,"href":"https:\/\/www.satokangas.fi\/blogi\/wp-json\/wp\/v2\/posts\/34369\/revisions"}],"wp:attachment":[{"href":"https:\/\/www.satokangas.fi\/blogi\/wp-json\/wp\/v2\/media?parent=34369"}],"wp:term":[{"taxonomy":"category","embeddable":true,"href":"https:\/\/www.satokangas.fi\/blogi\/wp-json\/wp\/v2\/categories?post=34369"},{"taxonomy":"post_tag","embeddable":true,"href":"https:\/\/www.satokangas.fi\/blogi\/wp-json\/wp\/v2\/tags?post=34369"}],"curies":[{"name":"wp","href":"https:\/\/api.w.org\/{rel}","templated":true}]}}