{"id":34203,"date":"2018-06-13T20:29:28","date_gmt":"2018-06-13T17:29:28","guid":{"rendered":"https:\/\/www.satokangas.fi\/blogi\/?p=34203"},"modified":"2018-06-13T20:29:28","modified_gmt":"2018-06-13T17:29:28","slug":"lapin-kesa-ja-mokkinaapuruus","status":"publish","type":"post","link":"https:\/\/www.satokangas.fi\/blogi\/2018\/06\/lapin-kesa-ja-mokkinaapuruus\/","title":{"rendered":"Lapin kes\u00e4 ja m\u00f6kkinaapuruus"},"content":{"rendered":"<p style=\"text-align: justify;\">Koko p\u00e4iv\u00e4 ulkona. Huolimatta siit\u00e4, ett\u00e4 l\u00e4mmint\u00e4 on ollut vain about + 4 C, ja tuntunut viel\u00e4 kymmemm\u00e4lle. Ja v\u00e4lill\u00e4 &#8211; lyhyesti tosin &#8211; on satanut rakeita. Ei vett\u00e4 kuitenkaan. Ihan vaan rakeita.<\/p>\n<p style=\"text-align: justify;\">Aamup\u00e4iv\u00e4ll\u00e4 l\u00e4hdimme Kutturantien varteen: ajatuksena t\u00e4ydent\u00e4\u00e4 korvasienisaalista. Yhden n\u00e4in, mutta samaan aikaan olin \u00e4idin kanssa puhelimessa, joten en edes sit\u00e4 poiminut. Vaihdoimme paikkaa. Aholammen tienvarteen auto, ja siit\u00e4 mets\u00e4\u00e4n. Toinen tunti kului siell\u00e4 mets\u00e4ss\u00e4 kulkiessa, miss\u00e4 siin\u00e4k\u00e4\u00e4n ei mit\u00e4\u00e4n vikaa. P\u00e4invastoin: kauniita m\u00e4ntykankaita, &#8221;er\u00e4maalampi&#8221; kuvattavana ja hyv\u00e4 hengitt\u00e4\u00e4 ja liikkua. Mutta ei korvasieni\u00e4. Ei sit\u00e4 yht\u00e4k\u00e4\u00e4n.<\/p>\n<p style=\"text-align: justify;\"><a href=\"https:\/\/www.satokangas.fi\/blogi\/2018\/06\/lapin-kesa-ja-mokkinaapuruus\/lammen-rannalla-3\/#main\" rel=\"attachment wp-att-34205\"><img loading=\"lazy\" decoding=\"async\" data-attachment-id=\"34205\" data-permalink=\"https:\/\/www.satokangas.fi\/blogi\/2018\/06\/lapin-kesa-ja-mokkinaapuruus\/lammen-rannalla-3\/\" data-orig-file=\"https:\/\/www.satokangas.fi\/blogi\/wp-content\/uploads\/2018\/06\/Lammen-rannalla-3.jpg\" data-orig-size=\"1000,591\" data-comments-opened=\"1\" data-image-meta=\"{&quot;aperture&quot;:&quot;5&quot;,&quot;credit&quot;:&quot;&quot;,&quot;camera&quot;:&quot;Canon EOS 5D Mark IV&quot;,&quot;caption&quot;:&quot;&quot;,&quot;created_timestamp&quot;:&quot;1528885639&quot;,&quot;copyright&quot;:&quot;&quot;,&quot;focal_length&quot;:&quot;16&quot;,&quot;iso&quot;:&quot;500&quot;,&quot;shutter_speed&quot;:&quot;0.0005&quot;,&quot;title&quot;:&quot;&quot;,&quot;orientation&quot;:&quot;0&quot;}\" data-image-title=\"Lammen rannalla-3\" data-image-description=\"\" data-image-caption=\"\" data-large-file=\"https:\/\/www.satokangas.fi\/blogi\/wp-content\/uploads\/2018\/06\/Lammen-rannalla-3.jpg\" class=\"aligncenter size-full wp-image-34205\" src=\"https:\/\/www.satokangas.fi\/blogi\/wp-content\/uploads\/2018\/06\/Lammen-rannalla-3.jpg\" alt=\"\" width=\"1000\" height=\"591\" srcset=\"https:\/\/www.satokangas.fi\/blogi\/wp-content\/uploads\/2018\/06\/Lammen-rannalla-3.jpg 1000w, https:\/\/www.satokangas.fi\/blogi\/wp-content\/uploads\/2018\/06\/Lammen-rannalla-3-300x177.jpg 300w, https:\/\/www.satokangas.fi\/blogi\/wp-content\/uploads\/2018\/06\/Lammen-rannalla-3-677x400.jpg 677w, https:\/\/www.satokangas.fi\/blogi\/wp-content\/uploads\/2018\/06\/Lammen-rannalla-3-768x454.jpg 768w\" sizes=\"auto, (max-width: 1000px) 100vw, 1000px\" \/><\/a><\/p>\n<p style=\"text-align: justify;\">Eik\u00e4 meill\u00e4 nyt niin pakottavaa tarvetta ollut saada niit\u00e4 sieni\u00e4k\u00e4\u00e4n en\u00e4\u00e4 lis\u00e4\u00e4. Meill\u00e4 kun oli eilen &#8221;m\u00f6killekuljetus&#8221;! Pari, kolme litraa sieni\u00e4 oli terassilla muovipussukassa ja j\u00e4lkeenp\u00e4in tuli viesti: &#8221;jos jaksat viel\u00e4 keitell\u00e4&#8230;. &#8221; &#8211; Jaksanko?<\/p>\n<p style=\"text-align: justify;\">T\u00e4llaistakin voi bloggaaminen saada aikaiseksi. Olemme &#8221;L\u00e4hes naapurin&#8221; kanssa tutustuneet blogini kautta. Molemmin puolin on oltu avuksi muutaman kerran ja tavattukin t\u00e4\u00e4ll\u00e4 My\u00f6t\u00e4tuulessa, mutta ett\u00e4 korvasieni\u00e4 kassillinen! Erinomaisen iloisia olimme t\u00e4st\u00e4 ja todellakin jaksoin t\u00e4n\u00e4\u00e4n ne ry\u00f6p\u00e4t\u00e4 ja pakastaa. Toivon mukaan nautimmekin niist\u00e4 jossain v\u00e4liss\u00e4 yhdess\u00e4.<\/p>\n<p style=\"text-align: justify;\">Iltap\u00e4iv\u00e4 sitten m\u00f6kin pihapiiriss\u00e4: haravointia, hiekkaprojektia, kaarnalaivojen tekoa \ud83d\ude09 , liiteri- ja puuhommia, katajoiden perkausta, risusavottaa (onneksi ei en\u00e4\u00e4 ole mets\u00e4palovaroitusta: yhteens\u00e4 ainakin 20 kottik\u00e4rryllist\u00e4 risuja polteltu) ja rantasaunaa. Hyv\u00e4 on kaupunkilaisen m\u00f6kkipuuhissa olla. Mietin, ett\u00e4 mit\u00e4h\u00e4n, jollei meill\u00e4 olisi t\u00e4t\u00e4 paikkaa? Paljon puuttuisi. T\u00e4rke\u00e4 t\u00e4m\u00e4 on.<\/p>\n<p><a href=\"https:\/\/www.satokangas.fi\/blogi\/2018\/06\/lapin-kesa-ja-mokkinaapuruus\/lammen-rannalla-4\/#main\" rel=\"attachment wp-att-34206\"><img loading=\"lazy\" decoding=\"async\" data-attachment-id=\"34206\" data-permalink=\"https:\/\/www.satokangas.fi\/blogi\/2018\/06\/lapin-kesa-ja-mokkinaapuruus\/lammen-rannalla-4\/\" data-orig-file=\"https:\/\/www.satokangas.fi\/blogi\/wp-content\/uploads\/2018\/06\/Lammen-rannalla-4.jpg\" data-orig-size=\"1000,878\" data-comments-opened=\"1\" data-image-meta=\"{&quot;aperture&quot;:&quot;3.2&quot;,&quot;credit&quot;:&quot;&quot;,&quot;camera&quot;:&quot;Canon EOS 5D Mark IV&quot;,&quot;caption&quot;:&quot;&quot;,&quot;created_timestamp&quot;:&quot;1528885685&quot;,&quot;copyright&quot;:&quot;&quot;,&quot;focal_length&quot;:&quot;16&quot;,&quot;iso&quot;:&quot;500&quot;,&quot;shutter_speed&quot;:&quot;0.00015625&quot;,&quot;title&quot;:&quot;&quot;,&quot;orientation&quot;:&quot;0&quot;}\" data-image-title=\"Lammen rannalla-4\" data-image-description=\"\" data-image-caption=\"\" data-large-file=\"https:\/\/www.satokangas.fi\/blogi\/wp-content\/uploads\/2018\/06\/Lammen-rannalla-4.jpg\" class=\"aligncenter size-full wp-image-34206\" src=\"https:\/\/www.satokangas.fi\/blogi\/wp-content\/uploads\/2018\/06\/Lammen-rannalla-4.jpg\" alt=\"\" width=\"1000\" height=\"878\" srcset=\"https:\/\/www.satokangas.fi\/blogi\/wp-content\/uploads\/2018\/06\/Lammen-rannalla-4.jpg 1000w, https:\/\/www.satokangas.fi\/blogi\/wp-content\/uploads\/2018\/06\/Lammen-rannalla-4-300x263.jpg 300w, https:\/\/www.satokangas.fi\/blogi\/wp-content\/uploads\/2018\/06\/Lammen-rannalla-4-456x400.jpg 456w, https:\/\/www.satokangas.fi\/blogi\/wp-content\/uploads\/2018\/06\/Lammen-rannalla-4-768x674.jpg 768w\" sizes=\"auto, (max-width: 1000px) 100vw, 1000px\" \/><\/a><\/p>\n<p style=\"text-align: justify;\">\n","protected":false},"excerpt":{"rendered":"<p>Koko p\u00e4iv\u00e4 ulkona. Huolimatta siit\u00e4, ett\u00e4 l\u00e4mmint\u00e4 on ollut vain about + 4 C, ja tuntunut viel\u00e4 kymmemm\u00e4lle. Ja v\u00e4lill\u00e4 &#8211; lyhyesti tosin &#8211; on satanut rakeita. Ei vett\u00e4 kuitenkaan. Ihan vaan rakeita. Aamup\u00e4iv\u00e4ll\u00e4 l\u00e4hdimme Kutturantien varteen: ajatuksena t\u00e4ydent\u00e4\u00e4 korvasienisaalista. Yhden n\u00e4in, mutta samaan aikaan olin \u00e4idin kanssa puhelimessa, joten en edes sit\u00e4 poiminut. Vaihdoimme paikkaa. Aholammen tienvarteen auto, ja &hellip; <\/p>\n","protected":false},"author":1,"featured_media":0,"comment_status":"open","ping_status":"open","sticky":false,"template":"","format":"standard","meta":{"jetpack_post_was_ever_published":false,"_jetpack_newsletter_access":"","_jetpack_dont_email_post_to_subs":false,"_jetpack_newsletter_tier_id":0,"_jetpack_memberships_contains_paywalled_content":false,"_jetpack_memberships_contains_paid_content":false,"footnotes":"","jetpack_publicize_message":"","jetpack_publicize_feature_enabled":true,"jetpack_social_post_already_shared":true,"jetpack_social_options":{"image_generator_settings":{"template":"highway","default_image_id":0,"font":"","enabled":false},"version":2}},"categories":[15,97],"tags":[],"class_list":["post-34203","post","type-post","status-publish","format-standard","hentry","category-lappi","category-mokkielamaa","latest_post"],"jetpack_publicize_connections":[],"jetpack_featured_media_url":"","jetpack_shortlink":"https:\/\/wp.me\/pr4p4-8TF","jetpack_sharing_enabled":true,"jetpack_likes_enabled":false,"jetpack-related-posts":[{"id":46032,"url":"https:\/\/www.satokangas.fi\/blogi\/2023\/06\/mokilla-ja-metsassa\/","url_meta":{"origin":34203,"position":0},"title":"M\u00f6kill\u00e4 ja mets\u00e4ss\u00e4","author":"Reija","date":"13.6.2023","format":false,"excerpt":"Tiistaiko? Ainakin ty\u00f6p\u00e4iv\u00e4 jos kuuntelee m\u00f6kkipihaan kantautuvia \u00e4\u00e4ni\u00e4. Jo kahdeksalta kaivinkoneen kalke ja kuorkkureiden liikenne kantautuu puron toiselta puolelta. Puron kaksi haaraa kulkee meid\u00e4n m\u00f6kkitontin l\u00e4pi; toinen etualalla leve\u00e4mpi ja matalampi, talvella j\u00e4\u00e4tyv\u00e4 uoma ja toinen pitkospuiden p\u00e4\u00e4ss\u00e4 kapea, syvempi, talvellakin sulana pysyv\u00e4 haara. Siin\u00e4 on \"uimapaikka\" ja vedenottopaikka. ja\u2026","rel":"","context":"Kategoriassa &quot;Lappi&quot;","block_context":{"text":"Lappi","link":"https:\/\/www.satokangas.fi\/blogi\/category\/lappi\/"},"img":{"alt_text":"","src":"https:\/\/i0.wp.com\/www.satokangas.fi\/blogi\/wp-content\/uploads\/2023\/06\/ti-3.jpg?resize=350%2C200&ssl=1","width":350,"height":200,"srcset":"https:\/\/i0.wp.com\/www.satokangas.fi\/blogi\/wp-content\/uploads\/2023\/06\/ti-3.jpg?resize=350%2C200&ssl=1 1x, https:\/\/i0.wp.com\/www.satokangas.fi\/blogi\/wp-content\/uploads\/2023\/06\/ti-3.jpg?resize=525%2C300&ssl=1 1.5x, https:\/\/i0.wp.com\/www.satokangas.fi\/blogi\/wp-content\/uploads\/2023\/06\/ti-3.jpg?resize=700%2C400&ssl=1 2x"},"classes":[]},{"id":34931,"url":"https:\/\/www.satokangas.fi\/blogi\/2018\/10\/ulkoillen-lokakuisessa-lapissa\/","url_meta":{"origin":34203,"position":1},"title":"Ulkoillen lokakuisessa Lapissa","author":"Reija","date":"1.10.2018","format":false,"excerpt":"M\u00f6kill\u00e4 vaan on parempi nukkua kuin miss\u00e4\u00e4n muualla. Niinp\u00e4 se humahti kymmenen tuntia viime y\u00f6n\u00e4kin; aamukahdeksalta nousimme pilviseen, tihkusateiseen aamuun. Kovin verkkaista touhuilua, ja sitten pihahommiin. Tai mie menin purohommiin: ruoppausta ja rantojen putsausta, pieni\u00e4 \"uppotukkeja\" (paksuja oksia ja muuta roinaa puron mutkissa joita nostelin yl\u00f6s. Kevytt\u00e4 sadetta mutta eip\u00e4\u2026","rel":"","context":"Kategoriassa &quot;Lappi&quot;","block_context":{"text":"Lappi","link":"https:\/\/www.satokangas.fi\/blogi\/category\/lappi\/"},"img":{"alt_text":"","src":"https:\/\/i0.wp.com\/www.satokangas.fi\/blogi\/wp-content\/uploads\/2018\/10\/Aholampi-2.jpg?resize=350%2C200&ssl=1","width":350,"height":200,"srcset":"https:\/\/i0.wp.com\/www.satokangas.fi\/blogi\/wp-content\/uploads\/2018\/10\/Aholampi-2.jpg?resize=350%2C200&ssl=1 1x, https:\/\/i0.wp.com\/www.satokangas.fi\/blogi\/wp-content\/uploads\/2018\/10\/Aholampi-2.jpg?resize=525%2C300&ssl=1 1.5x, https:\/\/i0.wp.com\/www.satokangas.fi\/blogi\/wp-content\/uploads\/2018\/10\/Aholampi-2.jpg?resize=700%2C400&ssl=1 2x"},"classes":[]},{"id":39326,"url":"https:\/\/www.satokangas.fi\/blogi\/2020\/09\/tunturien-metsien-ja-aapojen-maa\/","url_meta":{"origin":34203,"position":2},"title":"&#8221;Tunturien, metsien ja aapojen maa&#8221;","author":"Reija","date":"8.9.2020","format":false,"excerpt":"Mutta viel\u00e4 kauempaa, Nattastunturien tuolta puolen, siint\u00e4v\u00e4t mahtavat Raututunturit sek\u00e4 Saarisel\u00e4n pitk\u00e4 taivaanrannan t\u00e4yteinen juonto. Ne kumottavat pohjoisen \u00e4\u00e4rilt\u00e4 kohta kuin maanrajoilta. Siell\u00e4 onkin, valtatunturien y\u00f6puolella, jo toinen Lappi, Taka Lappi, Inarinmaa, y\u00f6puolenmaa, josta p\u00e4iv\u00e4 ensiksi pakenee. Toinen on t\u00e4\u00e4ll\u00e4 p\u00e4iv\u00e4puolella, p\u00e4iv\u00e4puolenmaa. T\u00e4m\u00e4 p\u00e4iv\u00e4puolen suuri er\u00e4maa, tunturien, metsien ja aapojen\u2026","rel":"","context":"Kategoriassa &quot;Lappi&quot;","block_context":{"text":"Lappi","link":"https:\/\/www.satokangas.fi\/blogi\/category\/lappi\/"},"img":{"alt_text":"","src":"https:\/\/i0.wp.com\/www.satokangas.fi\/blogi\/wp-content\/uploads\/2020\/09\/5-16.jpg?resize=350%2C200&ssl=1","width":350,"height":200,"srcset":"https:\/\/i0.wp.com\/www.satokangas.fi\/blogi\/wp-content\/uploads\/2020\/09\/5-16.jpg?resize=350%2C200&ssl=1 1x, https:\/\/i0.wp.com\/www.satokangas.fi\/blogi\/wp-content\/uploads\/2020\/09\/5-16.jpg?resize=525%2C300&ssl=1 1.5x"},"classes":[]},{"id":52919,"url":"https:\/\/www.satokangas.fi\/blogi\/2025\/08\/sateen-jalkeen-metsassa\/","url_meta":{"origin":34203,"position":3},"title":"Sateen j\u00e4lkeen mets\u00e4ss\u00e4","author":"Reija","date":"12.8.2025","format":false,"excerpt":"T\u00e4n\u00e4\u00e4n on Oulussa Bryan Adamsin konsertti. Minun piti olla siell\u00e4, ja sisareni my\u00f6s. H\u00e4n kysyi kaveriksi ja osti meille liput konsertiin jo marraskuussa. Ei Bryan Adamisilla niin v\u00e4li\u00e4, ei konsertillaankaan, - olin sit\u00e4 paitsi jo edellisell\u00e4 Oulun keikallaan. Aika vastahan se oli (1999!). Sisarella on v\u00e4li\u00e4. Viel\u00e4kin. Tietysti, aina. T\u00e4n\u00e4\u00e4n\u2026","rel":"","context":"Kategoriassa &quot;Lappi&quot;","block_context":{"text":"Lappi","link":"https:\/\/www.satokangas.fi\/blogi\/category\/lappi\/"},"img":{"alt_text":"","src":"https:\/\/i0.wp.com\/www.satokangas.fi\/blogi\/wp-content\/uploads\/2025\/08\/Pieniailoja-20.jpg?resize=350%2C200&ssl=1","width":350,"height":200,"srcset":"https:\/\/i0.wp.com\/www.satokangas.fi\/blogi\/wp-content\/uploads\/2025\/08\/Pieniailoja-20.jpg?resize=350%2C200&ssl=1 1x, https:\/\/i0.wp.com\/www.satokangas.fi\/blogi\/wp-content\/uploads\/2025\/08\/Pieniailoja-20.jpg?resize=525%2C300&ssl=1 1.5x, https:\/\/i0.wp.com\/www.satokangas.fi\/blogi\/wp-content\/uploads\/2025\/08\/Pieniailoja-20.jpg?resize=700%2C400&ssl=1 2x"},"classes":[]},{"id":15817,"url":"https:\/\/www.satokangas.fi\/blogi\/2012\/11\/marraskuisia-mietteita\/","url_meta":{"origin":34203,"position":4},"title":"Marraskuisia mietteit\u00e4","author":"Reija","date":"22.11.2012","format":false,"excerpt":"Vesisadetihkua, mustaa, pime\u00e4\u00e4, varjoisia uutisia, surullisia kuulumisia, pienesti alakuloa, mutta suhteellisen paljon infoamista (muiden ja omaa), seminaaria, palaveria ja hopsailuja, jotta ei ehtinyt juuri mietti\u00e4 kovin syntyj\u00e4 syvi\u00e4. Ja onhan se jotenkin hienoa n\u00e4hd\u00e4 ett\u00e4 tulosneuvotteluissakin hopsailu ja opintojenohjaus on nyt aukikirjoitettu t\u00e4rke\u00e4 teht\u00e4v\u00e4 yliopistossa. Onkin parikymment\u00e4 vuotta saanut melkoisesti\u2026","rel":"","context":"Kategoriassa &quot;Yliopistoel\u00e4m\u00e4\u00e4&quot;","block_context":{"text":"Yliopistoel\u00e4m\u00e4\u00e4","link":"https:\/\/www.satokangas.fi\/blogi\/category\/yliopistoelamaa\/"},"img":{"alt_text":"","src":"https:\/\/i0.wp.com\/www.satokangas.fi\/blogi\/wp-content\/uploads\/MG_4529-600x303.jpg?resize=350%2C200&ssl=1","width":350,"height":200,"srcset":"https:\/\/i0.wp.com\/www.satokangas.fi\/blogi\/wp-content\/uploads\/MG_4529-600x303.jpg?resize=350%2C200&ssl=1 1x, https:\/\/i0.wp.com\/www.satokangas.fi\/blogi\/wp-content\/uploads\/MG_4529-600x303.jpg?resize=525%2C300&ssl=1 1.5x"},"classes":[]},{"id":25949,"url":"https:\/\/www.satokangas.fi\/blogi\/2015\/09\/metsa-on-hyvaksi\/","url_meta":{"origin":34203,"position":5},"title":"Mets\u00e4 on hyv\u00e4ksi!","author":"Reija","date":"3.9.2015","format":false,"excerpt":"Viime viikolla (viikonloppuna?) oli lehdess\u00e4 (Hesari, Nyt-liite? YLE, - joku kuitenkin) artikkeli, jossa THL:n l\u00e4\u00e4k\u00e4ri totesi (mm.), ett\u00e4 liikunnan vaikutusta terveyteen on liioiteltu ja samalla h\u00e4n totesi, ett\u00e4 on mit\u00e4 luultavinta, ett\u00e4 yst\u00e4v\u00e4n kanssa mets\u00e4\u00e4n meneminen lenkille tai ylip\u00e4\u00e4t\u00e4\u00e4n siell\u00e4 liikkuminen takaa ne terveysvaikutukset, jotka liikunnalla ylip\u00e4\u00e4t\u00e4\u00e4n voidaan aikaansaada. Me\u2026","rel":"","context":"Kategoriassa &quot;Lappi&quot;","block_context":{"text":"Lappi","link":"https:\/\/www.satokangas.fi\/blogi\/category\/lappi\/"},"img":{"alt_text":"1-2-2","src":"https:\/\/i0.wp.com\/www.satokangas.fi\/blogi\/wp-content\/uploads\/2015\/09\/1-2-2-600x400.jpg?resize=350%2C200&ssl=1","width":350,"height":200,"srcset":"https:\/\/i0.wp.com\/www.satokangas.fi\/blogi\/wp-content\/uploads\/2015\/09\/1-2-2-600x400.jpg?resize=350%2C200&ssl=1 1x, https:\/\/i0.wp.com\/www.satokangas.fi\/blogi\/wp-content\/uploads\/2015\/09\/1-2-2-600x400.jpg?resize=525%2C300&ssl=1 1.5x"},"classes":[]}],"_links":{"self":[{"href":"https:\/\/www.satokangas.fi\/blogi\/wp-json\/wp\/v2\/posts\/34203","targetHints":{"allow":["GET"]}}],"collection":[{"href":"https:\/\/www.satokangas.fi\/blogi\/wp-json\/wp\/v2\/posts"}],"about":[{"href":"https:\/\/www.satokangas.fi\/blogi\/wp-json\/wp\/v2\/types\/post"}],"author":[{"embeddable":true,"href":"https:\/\/www.satokangas.fi\/blogi\/wp-json\/wp\/v2\/users\/1"}],"replies":[{"embeddable":true,"href":"https:\/\/www.satokangas.fi\/blogi\/wp-json\/wp\/v2\/comments?post=34203"}],"version-history":[{"count":0,"href":"https:\/\/www.satokangas.fi\/blogi\/wp-json\/wp\/v2\/posts\/34203\/revisions"}],"wp:attachment":[{"href":"https:\/\/www.satokangas.fi\/blogi\/wp-json\/wp\/v2\/media?parent=34203"}],"wp:term":[{"taxonomy":"category","embeddable":true,"href":"https:\/\/www.satokangas.fi\/blogi\/wp-json\/wp\/v2\/categories?post=34203"},{"taxonomy":"post_tag","embeddable":true,"href":"https:\/\/www.satokangas.fi\/blogi\/wp-json\/wp\/v2\/tags?post=34203"}],"curies":[{"name":"wp","href":"https:\/\/api.w.org\/{rel}","templated":true}]}}