{"id":34196,"date":"2018-06-12T20:30:48","date_gmt":"2018-06-12T17:30:48","guid":{"rendered":"https:\/\/www.satokangas.fi\/blogi\/?p=34196"},"modified":"2018-06-12T20:30:49","modified_gmt":"2018-06-12T17:30:49","slug":"mokkielamaa-nollarajalla","status":"publish","type":"post","link":"https:\/\/www.satokangas.fi\/blogi\/2018\/06\/mokkielamaa-nollarajalla\/","title":{"rendered":"M\u00f6kkiel\u00e4m\u00e4\u00e4 nollarajalla"},"content":{"rendered":"<p style=\"text-align: justify;\">On ihan perjantai olo. Ehk\u00e4p\u00e4 &#8221;tehty ty\u00f6, paras ty\u00f6&#8221; -fiilis aiheuttaa sen. T\u00e4m\u00e4n m\u00f6kkireissun suunnitellut projektit on nyt tehty. Molemmat m\u00f6kit ja rantasauna kuurnattu, perusteellisesti, pakkasessa on korvasieni\u00e4 ja poskia kuumottaa ulkona olon j\u00e4lkeen. Kuvaussaldo lauantai-iltaa lukuunottamatta kehnohko, mutta huomenna on aikaa kameran kanssa kulkemiseen. Nyt on hyv\u00e4. M\u00f6kiss\u00e4 on hyv\u00e4 olla, tuoksuu raikkaalle ja lattia on kaunis.<\/p>\n<p style=\"text-align: justify;\">Her\u00e4simme kylm\u00e4\u00e4n aamuun, toki m\u00f6kiss\u00e4 l\u00e4mmin, mutta ulkona vain + 1 C ja oli satanut lunta!<\/p>\n<p style=\"text-align: justify;\"><a href=\"https:\/\/www.satokangas.fi\/blogi\/2018\/06\/mokkielamaa-nollarajalla\/kesakuun-lumi-2\/#main\" rel=\"attachment wp-att-34199\"><img loading=\"lazy\" decoding=\"async\" data-attachment-id=\"34199\" data-permalink=\"https:\/\/www.satokangas.fi\/blogi\/2018\/06\/mokkielamaa-nollarajalla\/kesakuun-lumi-2\/\" data-orig-file=\"https:\/\/www.satokangas.fi\/blogi\/wp-content\/uploads\/2018\/06\/Kesakuun-lumi-2.jpg\" data-orig-size=\"900,600\" data-comments-opened=\"1\" data-image-meta=\"{&quot;aperture&quot;:&quot;4.5&quot;,&quot;credit&quot;:&quot;&quot;,&quot;camera&quot;:&quot;Canon EOS 5D Mark IV&quot;,&quot;caption&quot;:&quot;&quot;,&quot;created_timestamp&quot;:&quot;1528786294&quot;,&quot;copyright&quot;:&quot;&quot;,&quot;focal_length&quot;:&quot;70&quot;,&quot;iso&quot;:&quot;640&quot;,&quot;shutter_speed&quot;:&quot;0.000625&quot;,&quot;title&quot;:&quot;&quot;,&quot;orientation&quot;:&quot;0&quot;}\" data-image-title=\"Kesakuun lumi-2\" data-image-description=\"\" data-image-caption=\"\" data-large-file=\"https:\/\/www.satokangas.fi\/blogi\/wp-content\/uploads\/2018\/06\/Kesakuun-lumi-2.jpg\" class=\"aligncenter size-full wp-image-34199\" src=\"https:\/\/www.satokangas.fi\/blogi\/wp-content\/uploads\/2018\/06\/Kesakuun-lumi-2.jpg\" alt=\"\" width=\"900\" height=\"600\" srcset=\"https:\/\/www.satokangas.fi\/blogi\/wp-content\/uploads\/2018\/06\/Kesakuun-lumi-2.jpg 900w, https:\/\/www.satokangas.fi\/blogi\/wp-content\/uploads\/2018\/06\/Kesakuun-lumi-2-300x200.jpg 300w, https:\/\/www.satokangas.fi\/blogi\/wp-content\/uploads\/2018\/06\/Kesakuun-lumi-2-600x400.jpg 600w, https:\/\/www.satokangas.fi\/blogi\/wp-content\/uploads\/2018\/06\/Kesakuun-lumi-2-768x512.jpg 768w\" sizes=\"auto, (max-width: 900px) 100vw, 900px\" \/><\/a><\/p>\n<p style=\"text-align: justify;\">Siis emme nauttineet aamiaista puronrannassa kelop\u00f6yd\u00e4n \u00e4\u00e4ress\u00e4, vaan sis\u00e4ll\u00e4\u00a0 ja min\u00e4 samalla sain s\u00e4hk\u00f6postiin ilosanoman, ett\u00e4 yksi kuvaustarjoukseni on hyv\u00e4ksytty. Yesh! Hyv\u00e4 mielih\u00e4n sellaisesta tulee. Kuin my\u00f6s ett\u00e4 sain kuvaus- ja kuvanmyyntiluvan yhdelle taideteokselle (ei mik\u00e4\u00e4n itsest\u00e4\u00e4nselvyys),<\/p>\n<p style=\"text-align: justify;\">Ja hyv\u00e4 mieli siit\u00e4, ett\u00e4 ty\u00e4r jo &#8221;varasi&#8221; viikonlopun t\u00e4nne. Ja ett\u00e4 meill\u00e4 on &#8221;kysynt\u00e4\u00e4&#8221; Oulussakin. Apsu tulee y\u00f6kyl\u00e4\u00e4n viikonloppuna! Johan siin\u00e4 aamulle paljon hyvi\u00e4 uutisia.<\/p>\n<p style=\"text-align: justify;\">Ja sitten ei muuta kuin hommiin.<\/p>\n<p style=\"text-align: justify;\"><a href=\"https:\/\/www.satokangas.fi\/blogi\/2018\/06\/mokkielamaa-nollarajalla\/kesakuun-lumi-kopio\/#main\" rel=\"attachment wp-att-34200\"><img loading=\"lazy\" decoding=\"async\" data-attachment-id=\"34200\" data-permalink=\"https:\/\/www.satokangas.fi\/blogi\/2018\/06\/mokkielamaa-nollarajalla\/kesakuun-lumi-kopio\/\" data-orig-file=\"https:\/\/www.satokangas.fi\/blogi\/wp-content\/uploads\/2018\/06\/Kesakuun-lumi-\u2013-Kopio.jpg\" data-orig-size=\"900,600\" data-comments-opened=\"1\" data-image-meta=\"{&quot;aperture&quot;:&quot;4.5&quot;,&quot;credit&quot;:&quot;&quot;,&quot;camera&quot;:&quot;Canon EOS 5D Mark IV&quot;,&quot;caption&quot;:&quot;&quot;,&quot;created_timestamp&quot;:&quot;1528786205&quot;,&quot;copyright&quot;:&quot;&quot;,&quot;focal_length&quot;:&quot;200&quot;,&quot;iso&quot;:&quot;640&quot;,&quot;shutter_speed&quot;:&quot;0.002&quot;,&quot;title&quot;:&quot;&quot;,&quot;orientation&quot;:&quot;0&quot;}\" data-image-title=\"Kesakuun lumi \u2013 Kopio\" data-image-description=\"\" data-image-caption=\"\" data-large-file=\"https:\/\/www.satokangas.fi\/blogi\/wp-content\/uploads\/2018\/06\/Kesakuun-lumi-\u2013-Kopio.jpg\" class=\"aligncenter size-full wp-image-34200\" src=\"https:\/\/www.satokangas.fi\/blogi\/wp-content\/uploads\/2018\/06\/Kesakuun-lumi-\u2013-Kopio.jpg\" alt=\"\" width=\"900\" height=\"600\" srcset=\"https:\/\/www.satokangas.fi\/blogi\/wp-content\/uploads\/2018\/06\/Kesakuun-lumi-\u2013-Kopio.jpg 900w, https:\/\/www.satokangas.fi\/blogi\/wp-content\/uploads\/2018\/06\/Kesakuun-lumi-\u2013-Kopio-300x200.jpg 300w, https:\/\/www.satokangas.fi\/blogi\/wp-content\/uploads\/2018\/06\/Kesakuun-lumi-\u2013-Kopio-600x400.jpg 600w, https:\/\/www.satokangas.fi\/blogi\/wp-content\/uploads\/2018\/06\/Kesakuun-lumi-\u2013-Kopio-768x512.jpg 768w\" sizes=\"auto, (max-width: 900px) 100vw, 900px\" \/><\/a><\/p>\n<p style=\"text-align: justify;\">T\u00e4m\u00e4 uudempi m\u00f6kki, My\u00f6t\u00e4tuuli, meid\u00e4n kakkoskoti, jossa asutaan nyky\u00e4\u00e4n ainakin pari kuukautta vuodesta, oli paljon helpompi ja siistimpi siivottava kuin eilisen projektina ollut Tuulentupa. Enk\u00e4 edes pessyt ikkunoita. Niinp\u00e4 oli aikaa my\u00f6s pihahommille. Kev\u00e4ttulva on tehnyt m\u00f6kkitien p\u00e4\u00e4h\u00e4n pieni\u00e4 tuhojaan, mist\u00e4 olen tietty pahoillani, semminkin kun olen maisemoinut sit\u00e4 tienoota monta vuotta ja nyt vesi on vienyt kaiken. Argh! N\u00e4in isoja on n\u00e4m\u00e4 m\u00f6kkil\u00e4isen ongelmat.\u00a0 \ud83d\ude09<\/p>\n<p style=\"text-align: justify;\">Siis enp\u00e4 sittenk\u00e4\u00e4n valita.<\/p>\n<p><a href=\"https:\/\/www.satokangas.fi\/blogi\/2018\/06\/mokkielamaa-nollarajalla\/mustikan-kukka\/#main\" rel=\"attachment wp-att-34198\"><img loading=\"lazy\" decoding=\"async\" data-attachment-id=\"34198\" data-permalink=\"https:\/\/www.satokangas.fi\/blogi\/2018\/06\/mokkielamaa-nollarajalla\/mustikan-kukka\/\" data-orig-file=\"https:\/\/www.satokangas.fi\/blogi\/wp-content\/uploads\/2018\/06\/mustikan-kukka.jpg\" data-orig-size=\"900,900\" data-comments-opened=\"1\" data-image-meta=\"{&quot;aperture&quot;:&quot;4&quot;,&quot;credit&quot;:&quot;&quot;,&quot;camera&quot;:&quot;Canon EOS 5D Mark IV&quot;,&quot;caption&quot;:&quot;&quot;,&quot;created_timestamp&quot;:&quot;1528818443&quot;,&quot;copyright&quot;:&quot;&quot;,&quot;focal_length&quot;:&quot;100&quot;,&quot;iso&quot;:&quot;200&quot;,&quot;shutter_speed&quot;:&quot;0.0125&quot;,&quot;title&quot;:&quot;&quot;,&quot;orientation&quot;:&quot;0&quot;}\" data-image-title=\"mustikan kukka\" data-image-description=\"\" data-image-caption=\"\" data-large-file=\"https:\/\/www.satokangas.fi\/blogi\/wp-content\/uploads\/2018\/06\/mustikan-kukka.jpg\" class=\"aligncenter size-full wp-image-34198\" src=\"https:\/\/www.satokangas.fi\/blogi\/wp-content\/uploads\/2018\/06\/mustikan-kukka.jpg\" alt=\"\" width=\"900\" height=\"900\" srcset=\"https:\/\/www.satokangas.fi\/blogi\/wp-content\/uploads\/2018\/06\/mustikan-kukka.jpg 900w, https:\/\/www.satokangas.fi\/blogi\/wp-content\/uploads\/2018\/06\/mustikan-kukka-300x300.jpg 300w, https:\/\/www.satokangas.fi\/blogi\/wp-content\/uploads\/2018\/06\/mustikan-kukka-400x400.jpg 400w, https:\/\/www.satokangas.fi\/blogi\/wp-content\/uploads\/2018\/06\/mustikan-kukka-768x768.jpg 768w\" sizes=\"auto, (max-width: 900px) 100vw, 900px\" \/><\/a><\/p>\n<p>En valita, semminkin kun illalla tyveni, linnut alkoivat taas laulunsa. Ja mustikkakin kukkii, eik\u00e4 y\u00f6n pakkanen sit\u00e4 h\u00e4irinnyt. My\u00f6s hillankukkia on m\u00f6kkipihassa.<\/p>\n<p><a href=\"https:\/\/www.satokangas.fi\/blogi\/2018\/06\/mokkielamaa-nollarajalla\/hillan-kukka\/#main\" rel=\"attachment wp-att-34201\"><img loading=\"lazy\" decoding=\"async\" class=\"aligncenter size-full wp-image-34201\" src=\"https:\/\/www.satokangas.fi\/blogi\/wp-content\/uploads\/2018\/06\/Hillan-kukka.jpg\" alt=\"\" width=\"900\" height=\"600\" \/><\/a><\/p>\n<p>Huomenna jo l\u00e4mpim\u00e4mpi, eik\u00e4 pihaa enemp\u00e4\u00e4 siivottavaa. \ud83d\ude09<\/p>\n","protected":false},"excerpt":{"rendered":"<p>On ihan perjantai olo. Ehk\u00e4p\u00e4 &#8221;tehty ty\u00f6, paras ty\u00f6&#8221; -fiilis aiheuttaa sen. T\u00e4m\u00e4n m\u00f6kkireissun suunnitellut projektit on nyt tehty. Molemmat m\u00f6kit ja rantasauna kuurnattu, perusteellisesti, pakkasessa on korvasieni\u00e4 ja poskia kuumottaa ulkona olon j\u00e4lkeen. Kuvaussaldo lauantai-iltaa lukuunottamatta kehnohko, mutta huomenna on aikaa kameran kanssa kulkemiseen. Nyt on hyv\u00e4. M\u00f6kiss\u00e4 on hyv\u00e4 olla, tuoksuu raikkaalle ja lattia on kaunis. Her\u00e4simme kylm\u00e4\u00e4n &hellip; <\/p>\n","protected":false},"author":1,"featured_media":0,"comment_status":"open","ping_status":"open","sticky":false,"template":"","format":"standard","meta":{"jetpack_post_was_ever_published":false,"_jetpack_newsletter_access":"","_jetpack_dont_email_post_to_subs":false,"_jetpack_newsletter_tier_id":0,"_jetpack_memberships_contains_paywalled_content":false,"_jetpack_memberships_contains_paid_content":false,"footnotes":"","jetpack_publicize_message":"","jetpack_publicize_feature_enabled":true,"jetpack_social_post_already_shared":true,"jetpack_social_options":{"image_generator_settings":{"template":"highway","default_image_id":0,"font":"","enabled":false},"version":2}},"categories":[15,97,1],"tags":[],"class_list":["post-34196","post","type-post","status-publish","format-standard","hentry","category-lappi","category-mokkielamaa","category-aiheeton","latest_post"],"jetpack_publicize_connections":[],"jetpack_featured_media_url":"","jetpack_shortlink":"https:\/\/wp.me\/pr4p4-8Ty","jetpack_sharing_enabled":true,"jetpack_likes_enabled":false,"jetpack-related-posts":[{"id":52397,"url":"https:\/\/www.satokangas.fi\/blogi\/2025\/04\/lankalauantai-mokissa-ja-ulkona\/","url_meta":{"origin":34196,"position":0},"title":"Lankalauantai m\u00f6kiss\u00e4 &#8211; ja ulkona","author":"Reija","date":"19.4.2025","format":false,"excerpt":"Lankalauantai. Pakkasy\u00f6n j\u00e4lkeen aika varhain aamulla ulos: Pehtoori (liukastelemaan) talvik\u00e4velypoluille, mutta min\u00e4 en luopunut hiihdosta. Onneksi en. Pehtoori kohtasi ketunkin l\u00e4himets\u00e4ss\u00e4. Eilen ja toissap\u00e4iv\u00e4n\u00e4 (vesi)sade ja toisaalta l\u00e4mp\u00f6 ja auringonpaiste pehmensiv\u00e4t ladut, joten pari p\u00e4iv\u00e4\u00e4 on tepasteltu kylill\u00e4 ja pihapiiriss\u00e4 tehty kev\u00e4tt\u00e4. Pieni ajatus m\u00e4keen menemisest\u00e4 kyll\u00e4 her\u00e4si, kun kuljettiin\u2026","rel":"","context":"Kategoriassa &quot;Liikkuminen&quot;","block_context":{"text":"Liikkuminen","link":"https:\/\/www.satokangas.fi\/blogi\/category\/liikkuminen\/"},"img":{"alt_text":"","src":"https:\/\/i0.wp.com\/www.satokangas.fi\/blogi\/wp-content\/uploads\/2010\/04\/Isot-narsissit.jpg?resize=350%2C200&ssl=1","width":350,"height":200,"srcset":"https:\/\/i0.wp.com\/www.satokangas.fi\/blogi\/wp-content\/uploads\/2010\/04\/Isot-narsissit.jpg?resize=350%2C200&ssl=1 1x, https:\/\/i0.wp.com\/www.satokangas.fi\/blogi\/wp-content\/uploads\/2010\/04\/Isot-narsissit.jpg?resize=525%2C300&ssl=1 1.5x, https:\/\/i0.wp.com\/www.satokangas.fi\/blogi\/wp-content\/uploads\/2010\/04\/Isot-narsissit.jpg?resize=700%2C400&ssl=1 2x"},"classes":[]},{"id":33479,"url":"https:\/\/www.satokangas.fi\/blogi\/2018\/03\/mokkielaman-ihania-paivia\/","url_meta":{"origin":34196,"position":1},"title":"M\u00f6kkiel\u00e4m\u00e4n ihania p\u00e4ivi\u00e4","author":"Reija","date":"6.3.2018","format":false,"excerpt":"Ja Koilliskairassa vain paistaa. Paistaa siniselt\u00e4 taivaalta. Emme valita. Emme todellakaan. Ulkona monta monituista tuntia. Minulla siit\u00e4 iso osa kului lumikenk\u00e4illess\u00e4, ja poikkeuksellisen v\u00e4h\u00e4n kuvaillessa. Sitten Apsun kanssa pihan tunneleissa, saunaa l\u00e4mmitelless\u00e4. Pehtoori & poika tiputtelivat lumia katoilta. Sellaista leppoisaa oloa. Melkein R\u00f6nk\u00f6nlammelle asti tarvoin. Ja monta pienemp\u00e4\u00e4 kieppi\u00e4. Ja\u2026","rel":"","context":"Kategoriassa &quot;Isovanhemmuus&quot;","block_context":{"text":"Isovanhemmuus","link":"https:\/\/www.satokangas.fi\/blogi\/category\/isovanhemmuus\/"},"img":{"alt_text":"","src":"https:\/\/i0.wp.com\/www.satokangas.fi\/blogi\/wp-content\/uploads\/2018\/03\/tiistain-juhlaa.jpg?resize=350%2C200&ssl=1","width":350,"height":200,"srcset":"https:\/\/i0.wp.com\/www.satokangas.fi\/blogi\/wp-content\/uploads\/2018\/03\/tiistain-juhlaa.jpg?resize=350%2C200&ssl=1 1x, https:\/\/i0.wp.com\/www.satokangas.fi\/blogi\/wp-content\/uploads\/2018\/03\/tiistain-juhlaa.jpg?resize=525%2C300&ssl=1 1.5x, https:\/\/i0.wp.com\/www.satokangas.fi\/blogi\/wp-content\/uploads\/2018\/03\/tiistain-juhlaa.jpg?resize=700%2C400&ssl=1 2x"},"classes":[]},{"id":53482,"url":"https:\/\/www.satokangas.fi\/blogi\/2025\/11\/pakkasen-puremana\/","url_meta":{"origin":34196,"position":2},"title":"Pakkasen puremana","author":"Reija","date":"23.11.2025","format":false,"excerpt":"Eilisen hiihtolenkin (Laanila - R\u00f6nk\u00f6nlampi - m\u00f6kki (loppukilometrit omaa yhdyslatua pitkin!) j\u00e4lkeen oli hyv\u00e4 olo ja mieli, onnistumisen tunnetta ja mukavaa rentoutta. Mihin osaltaan vaikutti varmasti hyv\u00e4 \u00b4huoltotiimi\u00b4. Pehtoorihan se voiteli sukseni pakkaskelin peruskuntoon, kantoi sukset autoon ja vei minut Savottakahvilan pihalle, jossa on yksi latujen l\u00e4ht\u00f6piste ja l\u00e4mmitti saunan\u2026","rel":"","context":"Kategoriassa &quot;M\u00f6kkiel\u00e4m\u00e4\u00e4&quot;","block_context":{"text":"M\u00f6kkiel\u00e4m\u00e4\u00e4","link":"https:\/\/www.satokangas.fi\/blogi\/category\/mokkielamaa\/"},"img":{"alt_text":"","src":"https:\/\/i0.wp.com\/www.satokangas.fi\/blogi\/wp-content\/uploads\/2025\/11\/Ladulla-6.jpg?resize=350%2C200&ssl=1","width":350,"height":200,"srcset":"https:\/\/i0.wp.com\/www.satokangas.fi\/blogi\/wp-content\/uploads\/2025\/11\/Ladulla-6.jpg?resize=350%2C200&ssl=1 1x, https:\/\/i0.wp.com\/www.satokangas.fi\/blogi\/wp-content\/uploads\/2025\/11\/Ladulla-6.jpg?resize=525%2C300&ssl=1 1.5x, https:\/\/i0.wp.com\/www.satokangas.fi\/blogi\/wp-content\/uploads\/2025\/11\/Ladulla-6.jpg?resize=700%2C400&ssl=1 2x, https:\/\/i0.wp.com\/www.satokangas.fi\/blogi\/wp-content\/uploads\/2025\/11\/Ladulla-6.jpg?resize=1050%2C600&ssl=1 3x"},"classes":[]},{"id":48901,"url":"https:\/\/www.satokangas.fi\/blogi\/2024\/04\/mokkielon-riemu-tai-sittenkin-rauha\/","url_meta":{"origin":34196,"position":3},"title":"M\u00f6kkielon rauhassa","author":"Reija","date":"1.4.2024","format":false,"excerpt":"P\u00e4\u00e4si\u00e4ismaanantai, toinen p\u00e4\u00e4si\u00e4isp\u00e4iv\u00e4. Pyry\u00e4, paistetta, pikkupakkasta. Tuulta, tuiverrusta ja tyvent\u00e4. On asetuttu kunnolla m\u00f6kkieloon, lumity\u00f6t saunalle ja purollekin asti tehty. Otsikkokuvassa notskipaikka viel\u00e4 keskip\u00e4iv\u00e4n auringossa. Nyt (alkuilta) pyrytt\u00e4\u00e4. Ihan t\u00e4ys talvi. Ei haittaa. Viime vuosina, aika usein, juuri n\u00e4in\u00e4 m\u00f6kkiviikkojen ensimm\u00e4isin\u00e4 p\u00e4ivin\u00e4 tuntuu, ett\u00e4 ei oikeastaan olisi ollenkaan mahdotonta, ett\u00e4\u2026","rel":"","context":"Kategoriassa &quot;Lappi&quot;","block_context":{"text":"Lappi","link":"https:\/\/www.satokangas.fi\/blogi\/category\/lappi\/"},"img":{"alt_text":"","src":"https:\/\/i0.wp.com\/www.satokangas.fi\/blogi\/wp-content\/uploads\/2024\/04\/nostkipaikalla.lunta_.jpg?resize=350%2C200&ssl=1","width":350,"height":200,"srcset":"https:\/\/i0.wp.com\/www.satokangas.fi\/blogi\/wp-content\/uploads\/2024\/04\/nostkipaikalla.lunta_.jpg?resize=350%2C200&ssl=1 1x, https:\/\/i0.wp.com\/www.satokangas.fi\/blogi\/wp-content\/uploads\/2024\/04\/nostkipaikalla.lunta_.jpg?resize=525%2C300&ssl=1 1.5x, https:\/\/i0.wp.com\/www.satokangas.fi\/blogi\/wp-content\/uploads\/2024\/04\/nostkipaikalla.lunta_.jpg?resize=700%2C400&ssl=1 2x"},"classes":[]},{"id":53460,"url":"https:\/\/www.satokangas.fi\/blogi\/2025\/11\/53460\/","url_meta":{"origin":34196,"position":4},"title":"Kaunisp\u00e4\u00e4ll\u00e4 kaunista","author":"Reija","date":"18.11.2025","format":false,"excerpt":"Ilmatieteen laitoksen sivulla luki aamulla: P\u00e4iv\u00e4n pituus Auringonnousu\u00a0t\u00e4n\u00e4\u00e4n\u00a09:45. Auringonlasku t\u00e4n\u00e4\u00e4n\u00a014:04. P\u00e4iv\u00e4n pituus 4 h 19 min. M\u00f6kin ulkol\u00e4mp\u00f6mittari n\u00e4ytti\u00a0 -18 C, joten aamup\u00e4iv\u00e4n agendalle ei merkitty muuta kuin kauppareissu, latujen l\u00e4ht\u00f6pisteell\u00e4 k\u00e4ynti ja tilanteen tarkastus ja ensimm\u00e4iseksi k\u00e4ynti Kaunisp\u00e4\u00e4n huipulla katsomassa auringonnousua. Varttia vaille kymmenen siell\u00e4 olimme me ja bussilastillinen\u2026","rel":"","context":"Kategoriassa &quot;Lappi&quot;","block_context":{"text":"Lappi","link":"https:\/\/www.satokangas.fi\/blogi\/category\/lappi\/"},"img":{"alt_text":"","src":"https:\/\/i0.wp.com\/www.satokangas.fi\/blogi\/wp-content\/uploads\/2025\/11\/KP_2025_11_p-2.jpg?resize=350%2C200&ssl=1","width":350,"height":200,"srcset":"https:\/\/i0.wp.com\/www.satokangas.fi\/blogi\/wp-content\/uploads\/2025\/11\/KP_2025_11_p-2.jpg?resize=350%2C200&ssl=1 1x, https:\/\/i0.wp.com\/www.satokangas.fi\/blogi\/wp-content\/uploads\/2025\/11\/KP_2025_11_p-2.jpg?resize=525%2C300&ssl=1 1.5x, https:\/\/i0.wp.com\/www.satokangas.fi\/blogi\/wp-content\/uploads\/2025\/11\/KP_2025_11_p-2.jpg?resize=700%2C400&ssl=1 2x"},"classes":[]},{"id":14951,"url":"https:\/\/www.satokangas.fi\/blogi\/2012\/08\/miksi-palasit\/","url_meta":{"origin":34196,"position":5},"title":"Miksi palasit?","author":"Reija","date":"2.8.2012","format":false,"excerpt":"480 km ja 5\u00bd tuntia erottaa minut Linnanmaan kampuksesta. T\u00e4m\u00e4 ero ei tunnu ik\u00e4v\u00e4n\u00e4. ;) Koko tulomatkan paistoi aurinko ja minulla oli merkillisen kevyt olo, enk\u00e4 puhu fyysisest\u00e4 habituksesta. Fyysisesti p\u00e4\u00e4llimm\u00e4isen\u00e4 tuntui juiliva olkap\u00e4\u00e4, - ja kamala n\u00e4lk\u00e4. Mutta ihan sama. T\u00e4ss\u00e4 on nyt juuri se, mit\u00e4 tarkoitin, kun vastasin\u2026","rel":"","context":"Kategoriassa &quot;Lappi&quot;","block_context":{"text":"Lappi","link":"https:\/\/www.satokangas.fi\/blogi\/category\/lappi\/"},"img":{"alt_text":"","src":"https:\/\/i0.wp.com\/www.satokangas.fi\/blogi\/wp-content\/uploads\/tulomatka-261x400.jpg?resize=350%2C200&ssl=1","width":350,"height":200},"classes":[]}],"_links":{"self":[{"href":"https:\/\/www.satokangas.fi\/blogi\/wp-json\/wp\/v2\/posts\/34196","targetHints":{"allow":["GET"]}}],"collection":[{"href":"https:\/\/www.satokangas.fi\/blogi\/wp-json\/wp\/v2\/posts"}],"about":[{"href":"https:\/\/www.satokangas.fi\/blogi\/wp-json\/wp\/v2\/types\/post"}],"author":[{"embeddable":true,"href":"https:\/\/www.satokangas.fi\/blogi\/wp-json\/wp\/v2\/users\/1"}],"replies":[{"embeddable":true,"href":"https:\/\/www.satokangas.fi\/blogi\/wp-json\/wp\/v2\/comments?post=34196"}],"version-history":[{"count":0,"href":"https:\/\/www.satokangas.fi\/blogi\/wp-json\/wp\/v2\/posts\/34196\/revisions"}],"wp:attachment":[{"href":"https:\/\/www.satokangas.fi\/blogi\/wp-json\/wp\/v2\/media?parent=34196"}],"wp:term":[{"taxonomy":"category","embeddable":true,"href":"https:\/\/www.satokangas.fi\/blogi\/wp-json\/wp\/v2\/categories?post=34196"},{"taxonomy":"post_tag","embeddable":true,"href":"https:\/\/www.satokangas.fi\/blogi\/wp-json\/wp\/v2\/tags?post=34196"}],"curies":[{"name":"wp","href":"https:\/\/api.w.org\/{rel}","templated":true}]}}