{"id":34188,"date":"2018-06-11T19:27:03","date_gmt":"2018-06-11T16:27:03","guid":{"rendered":"https:\/\/www.satokangas.fi\/blogi\/?p=34188"},"modified":"2018-06-11T19:27:04","modified_gmt":"2018-06-11T16:27:04","slug":"siivouspaiva-4","status":"publish","type":"post","link":"https:\/\/www.satokangas.fi\/blogi\/2018\/06\/siivouspaiva-4\/","title":{"rendered":"Siivousp\u00e4iv\u00e4"},"content":{"rendered":"<p style=\"text-align: justify;\">Taivas n\u00e4ytt\u00e4\u00e4 silt\u00e4, ett\u00e4 min\u00e4 hetken\u00e4 hyv\u00e4ns\u00e4 voi ryhty\u00e4 satamaan lunta, tai ainakin r\u00e4nt\u00e4\u00e4. Vett\u00e4 onkin ripsinyt pikkuisen pitkin p\u00e4iv\u00e4\u00e4, eik\u00e4 l\u00e4mp\u00f6asteita ole ilmassa eik\u00e4 purossa kuutta astetta enemp\u00e4\u00e4.<\/p>\n<p style=\"text-align: justify;\"><a href=\"https:\/\/www.satokangas.fi\/blogi\/2018\/06\/siivouspaiva-4\/siivouspaiva-5-2\/#main\" rel=\"attachment wp-att-34193\"><img loading=\"lazy\" decoding=\"async\" data-attachment-id=\"34193\" data-permalink=\"https:\/\/www.satokangas.fi\/blogi\/2018\/06\/siivouspaiva-4\/siivouspaiva-5-2\/\" data-orig-file=\"https:\/\/www.satokangas.fi\/blogi\/wp-content\/uploads\/2018\/06\/siivouspaiva-5.jpg\" data-orig-size=\"600,900\" data-comments-opened=\"1\" data-image-meta=\"{&quot;aperture&quot;:&quot;5&quot;,&quot;credit&quot;:&quot;&quot;,&quot;camera&quot;:&quot;Canon EOS 5D Mark IV&quot;,&quot;caption&quot;:&quot;&quot;,&quot;created_timestamp&quot;:&quot;1528731851&quot;,&quot;copyright&quot;:&quot;&quot;,&quot;focal_length&quot;:&quot;16&quot;,&quot;iso&quot;:&quot;2500&quot;,&quot;shutter_speed&quot;:&quot;0.05&quot;,&quot;title&quot;:&quot;&quot;,&quot;orientation&quot;:&quot;0&quot;}\" data-image-title=\"siivouspaiva-5\" data-image-description=\"\" data-image-caption=\"\" data-large-file=\"https:\/\/www.satokangas.fi\/blogi\/wp-content\/uploads\/2018\/06\/siivouspaiva-5.jpg\" class=\"aligncenter size-full wp-image-34193\" src=\"https:\/\/www.satokangas.fi\/blogi\/wp-content\/uploads\/2018\/06\/siivouspaiva-5.jpg\" alt=\"\" width=\"600\" height=\"900\" srcset=\"https:\/\/www.satokangas.fi\/blogi\/wp-content\/uploads\/2018\/06\/siivouspaiva-5.jpg 600w, https:\/\/www.satokangas.fi\/blogi\/wp-content\/uploads\/2018\/06\/siivouspaiva-5-200x300.jpg 200w, https:\/\/www.satokangas.fi\/blogi\/wp-content\/uploads\/2018\/06\/siivouspaiva-5-267x400.jpg 267w\" sizes=\"auto, (max-width: 600px) 100vw, 600px\" \/><\/a><\/p>\n<p style=\"text-align: justify;\">Mutta t\u00e4m\u00e4 sopi minulle oikein hyvin. Ei ollut mit\u00e4\u00e4n syyt\u00e4 j\u00e4tt\u00e4\u00e4 aiottua Tuulentuvan siivousta tekem\u00e4tt\u00e4. Ja mie tiesin, ett\u00e4 seh\u00e4n on ihan mukava projekti ja ett\u00e4 toki siin\u00e4 koko pitk\u00e4 p\u00e4iv\u00e4 vier\u00e4ht\u00e4\u00e4.<\/p>\n<p style=\"text-align: justify;\"><a href=\"https:\/\/www.satokangas.fi\/blogi\/2018\/06\/siivouspaiva-4\/siivouspaiva-7\/#main\" rel=\"attachment wp-att-34189\"><img loading=\"lazy\" decoding=\"async\" data-attachment-id=\"34189\" data-permalink=\"https:\/\/www.satokangas.fi\/blogi\/2018\/06\/siivouspaiva-4\/siivouspaiva-7\/\" data-orig-file=\"https:\/\/www.satokangas.fi\/blogi\/wp-content\/uploads\/2018\/06\/siivouspaiva.jpg\" data-orig-size=\"900,600\" data-comments-opened=\"1\" data-image-meta=\"{&quot;aperture&quot;:&quot;11&quot;,&quot;credit&quot;:&quot;&quot;,&quot;camera&quot;:&quot;Canon EOS 5D Mark IV&quot;,&quot;caption&quot;:&quot;&quot;,&quot;created_timestamp&quot;:&quot;1528716935&quot;,&quot;copyright&quot;:&quot;&quot;,&quot;focal_length&quot;:&quot;16&quot;,&quot;iso&quot;:&quot;1600&quot;,&quot;shutter_speed&quot;:&quot;0.1&quot;,&quot;title&quot;:&quot;&quot;,&quot;orientation&quot;:&quot;0&quot;}\" data-image-title=\"siivouspaiva\" data-image-description=\"\" data-image-caption=\"\" data-large-file=\"https:\/\/www.satokangas.fi\/blogi\/wp-content\/uploads\/2018\/06\/siivouspaiva.jpg\" class=\"aligncenter size-full wp-image-34189\" src=\"https:\/\/www.satokangas.fi\/blogi\/wp-content\/uploads\/2018\/06\/siivouspaiva.jpg\" alt=\"\" width=\"900\" height=\"600\" srcset=\"https:\/\/www.satokangas.fi\/blogi\/wp-content\/uploads\/2018\/06\/siivouspaiva.jpg 900w, https:\/\/www.satokangas.fi\/blogi\/wp-content\/uploads\/2018\/06\/siivouspaiva-300x200.jpg 300w, https:\/\/www.satokangas.fi\/blogi\/wp-content\/uploads\/2018\/06\/siivouspaiva-600x400.jpg 600w, https:\/\/www.satokangas.fi\/blogi\/wp-content\/uploads\/2018\/06\/siivouspaiva-768x512.jpg 768w\" sizes=\"auto, (max-width: 900px) 100vw, 900px\" \/><\/a><\/p>\n<p style=\"text-align: justify;\">Siivosin kaiken, kaiken! Ikkunat, lattiat, sein\u00e4t, kaapit, ovet, suihkukaapin, varaston. Kaiken. Edellisest\u00e4 suursiivouksesta onkin jo kolme vuotta, joten oli korkea aika. Ja nyt on hyv\u00e4 mieli, eik\u00e4 tietoakaan mist\u00e4\u00e4n j\u00e4nnetupentulehduksesta.<\/p>\n<p style=\"text-align: justify;\">Kyll\u00e4 kelpaa pikkuperheen, tytt\u00e4ren kavereineen ja Team PP:n taas asustella pikkum\u00f6kin puolella. Ja koirien. Pikkuperheell\u00e4 on parhaimmillaan\/pahimmoillaan ollut kolme koiraa t\u00e4\u00e4ll\u00e4 mukana, ja se kyll\u00e4 tuntui ja tuoksui huushollissa.<\/p>\n<p style=\"text-align: justify;\"><a href=\"https:\/\/www.satokangas.fi\/blogi\/2018\/06\/siivouspaiva-4\/siivouspaiva-4-2\/#main\" rel=\"attachment wp-att-34192\"><img loading=\"lazy\" decoding=\"async\" data-attachment-id=\"34192\" data-permalink=\"https:\/\/www.satokangas.fi\/blogi\/2018\/06\/siivouspaiva-4\/siivouspaiva-4-2\/\" data-orig-file=\"https:\/\/www.satokangas.fi\/blogi\/wp-content\/uploads\/2018\/06\/siivouspaiva-4.jpg\" data-orig-size=\"900,600\" data-comments-opened=\"1\" data-image-meta=\"{&quot;aperture&quot;:&quot;5&quot;,&quot;credit&quot;:&quot;&quot;,&quot;camera&quot;:&quot;Canon EOS 5D Mark IV&quot;,&quot;caption&quot;:&quot;&quot;,&quot;created_timestamp&quot;:&quot;1528731812&quot;,&quot;copyright&quot;:&quot;&quot;,&quot;focal_length&quot;:&quot;16&quot;,&quot;iso&quot;:&quot;2500&quot;,&quot;shutter_speed&quot;:&quot;0.2&quot;,&quot;title&quot;:&quot;&quot;,&quot;orientation&quot;:&quot;0&quot;}\" data-image-title=\"siivouspaiva-4\" data-image-description=\"\" data-image-caption=\"\" data-large-file=\"https:\/\/www.satokangas.fi\/blogi\/wp-content\/uploads\/2018\/06\/siivouspaiva-4.jpg\" class=\"aligncenter size-full wp-image-34192\" src=\"https:\/\/www.satokangas.fi\/blogi\/wp-content\/uploads\/2018\/06\/siivouspaiva-4.jpg\" alt=\"\" width=\"900\" height=\"600\" srcset=\"https:\/\/www.satokangas.fi\/blogi\/wp-content\/uploads\/2018\/06\/siivouspaiva-4.jpg 900w, https:\/\/www.satokangas.fi\/blogi\/wp-content\/uploads\/2018\/06\/siivouspaiva-4-300x200.jpg 300w, https:\/\/www.satokangas.fi\/blogi\/wp-content\/uploads\/2018\/06\/siivouspaiva-4-600x400.jpg 600w, https:\/\/www.satokangas.fi\/blogi\/wp-content\/uploads\/2018\/06\/siivouspaiva-4-768x512.jpg 768w\" sizes=\"auto, (max-width: 900px) 100vw, 900px\" \/><\/a> <a href=\"https:\/\/www.satokangas.fi\/blogi\/2018\/06\/siivouspaiva-4\/siivouspaiva-2-3\/#main\" rel=\"attachment wp-att-34190\"><img loading=\"lazy\" decoding=\"async\" data-attachment-id=\"34190\" data-permalink=\"https:\/\/www.satokangas.fi\/blogi\/2018\/06\/siivouspaiva-4\/siivouspaiva-2-3\/\" data-orig-file=\"https:\/\/www.satokangas.fi\/blogi\/wp-content\/uploads\/2018\/06\/siivouspaiva-2.jpg\" data-orig-size=\"900,600\" data-comments-opened=\"1\" data-image-meta=\"{&quot;aperture&quot;:&quot;9&quot;,&quot;credit&quot;:&quot;&quot;,&quot;camera&quot;:&quot;Canon EOS 5D Mark IV&quot;,&quot;caption&quot;:&quot;&quot;,&quot;created_timestamp&quot;:&quot;1528731709&quot;,&quot;copyright&quot;:&quot;&quot;,&quot;focal_length&quot;:&quot;16&quot;,&quot;iso&quot;:&quot;1600&quot;,&quot;shutter_speed&quot;:&quot;0.125&quot;,&quot;title&quot;:&quot;&quot;,&quot;orientation&quot;:&quot;0&quot;}\" data-image-title=\"siivouspaiva-2\" data-image-description=\"\" data-image-caption=\"\" data-large-file=\"https:\/\/www.satokangas.fi\/blogi\/wp-content\/uploads\/2018\/06\/siivouspaiva-2.jpg\" class=\"aligncenter size-full wp-image-34190\" src=\"https:\/\/www.satokangas.fi\/blogi\/wp-content\/uploads\/2018\/06\/siivouspaiva-2.jpg\" alt=\"\" width=\"900\" height=\"600\" srcset=\"https:\/\/www.satokangas.fi\/blogi\/wp-content\/uploads\/2018\/06\/siivouspaiva-2.jpg 900w, https:\/\/www.satokangas.fi\/blogi\/wp-content\/uploads\/2018\/06\/siivouspaiva-2-300x200.jpg 300w, https:\/\/www.satokangas.fi\/blogi\/wp-content\/uploads\/2018\/06\/siivouspaiva-2-600x400.jpg 600w, https:\/\/www.satokangas.fi\/blogi\/wp-content\/uploads\/2018\/06\/siivouspaiva-2-768x512.jpg 768w\" sizes=\"auto, (max-width: 900px) 100vw, 900px\" \/><\/a><\/p>\n<p style=\"text-align: justify;\">Pehtoori jelppasi ja hakkasi matot ja petivaatteet, teki safkan ja l\u00e4mmitti saunan. Ja k\u00e4vi Ivalosta hakemassa lavuaariin jonkun uuden osan, jonka asensikin. Nyt ei en\u00e4\u00e4 vuoda.<\/p>\n<p style=\"text-align: justify;\"><a href=\"https:\/\/www.satokangas.fi\/blogi\/2018\/06\/siivouspaiva-4\/siivouspaiva-3-3\/#main\" rel=\"attachment wp-att-34191\"><img loading=\"lazy\" decoding=\"async\" data-attachment-id=\"34191\" data-permalink=\"https:\/\/www.satokangas.fi\/blogi\/2018\/06\/siivouspaiva-4\/siivouspaiva-3-3\/\" data-orig-file=\"https:\/\/www.satokangas.fi\/blogi\/wp-content\/uploads\/2018\/06\/siivouspaiva-3.jpg\" data-orig-size=\"600,900\" data-comments-opened=\"1\" data-image-meta=\"{&quot;aperture&quot;:&quot;9&quot;,&quot;credit&quot;:&quot;&quot;,&quot;camera&quot;:&quot;Canon EOS 5D Mark IV&quot;,&quot;caption&quot;:&quot;&quot;,&quot;created_timestamp&quot;:&quot;1528731756&quot;,&quot;copyright&quot;:&quot;&quot;,&quot;focal_length&quot;:&quot;21&quot;,&quot;iso&quot;:&quot;1600&quot;,&quot;shutter_speed&quot;:&quot;0.125&quot;,&quot;title&quot;:&quot;&quot;,&quot;orientation&quot;:&quot;0&quot;}\" data-image-title=\"siivouspaiva-3\" data-image-description=\"\" data-image-caption=\"\" data-large-file=\"https:\/\/www.satokangas.fi\/blogi\/wp-content\/uploads\/2018\/06\/siivouspaiva-3.jpg\" class=\"aligncenter size-full wp-image-34191\" src=\"https:\/\/www.satokangas.fi\/blogi\/wp-content\/uploads\/2018\/06\/siivouspaiva-3.jpg\" alt=\"\" width=\"600\" height=\"900\" srcset=\"https:\/\/www.satokangas.fi\/blogi\/wp-content\/uploads\/2018\/06\/siivouspaiva-3.jpg 600w, https:\/\/www.satokangas.fi\/blogi\/wp-content\/uploads\/2018\/06\/siivouspaiva-3-200x300.jpg 200w, https:\/\/www.satokangas.fi\/blogi\/wp-content\/uploads\/2018\/06\/siivouspaiva-3-267x400.jpg 267w\" sizes=\"auto, (max-width: 600px) 100vw, 600px\" \/><\/a><\/p>\n<p style=\"text-align: justify;\">Eik\u00e4 t\u00e4m\u00e4 Lapin kes\u00e4 t\u00e4st\u00e4 nyt n\u00e4yt\u00e4 kummemmaksi muuttuvan, joten olisiko se huomenna sitten My\u00f6t\u00e4tuulen vuoro? \ud83d\ude00<\/p>\n","protected":false},"excerpt":{"rendered":"<p>Taivas n\u00e4ytt\u00e4\u00e4 silt\u00e4, ett\u00e4 min\u00e4 hetken\u00e4 hyv\u00e4ns\u00e4 voi ryhty\u00e4 satamaan lunta, tai ainakin r\u00e4nt\u00e4\u00e4. Vett\u00e4 onkin ripsinyt pikkuisen pitkin p\u00e4iv\u00e4\u00e4, eik\u00e4 l\u00e4mp\u00f6asteita ole ilmassa eik\u00e4 purossa kuutta astetta enemp\u00e4\u00e4. Mutta t\u00e4m\u00e4 sopi minulle oikein hyvin. Ei ollut mit\u00e4\u00e4n syyt\u00e4 j\u00e4tt\u00e4\u00e4 aiottua Tuulentuvan siivousta tekem\u00e4tt\u00e4. Ja mie tiesin, ett\u00e4 seh\u00e4n on ihan mukava projekti ja ett\u00e4 toki siin\u00e4 koko pitk\u00e4 p\u00e4iv\u00e4 &hellip; <\/p>\n","protected":false},"author":1,"featured_media":0,"comment_status":"open","ping_status":"open","sticky":false,"template":"","format":"standard","meta":{"jetpack_post_was_ever_published":false,"_jetpack_newsletter_access":"","_jetpack_dont_email_post_to_subs":false,"_jetpack_newsletter_tier_id":0,"_jetpack_memberships_contains_paywalled_content":false,"_jetpack_memberships_contains_paid_content":false,"footnotes":"","jetpack_publicize_message":"","jetpack_publicize_feature_enabled":true,"jetpack_social_post_already_shared":true,"jetpack_social_options":{"image_generator_settings":{"template":"highway","default_image_id":0,"font":"","enabled":false},"version":2}},"categories":[97],"tags":[],"class_list":["post-34188","post","type-post","status-publish","format-standard","hentry","category-mokkielamaa","latest_post"],"jetpack_publicize_connections":[],"jetpack_featured_media_url":"","jetpack_shortlink":"https:\/\/wp.me\/pr4p4-8Tq","jetpack_sharing_enabled":true,"jetpack_likes_enabled":false,"jetpack-related-posts":[{"id":28420,"url":"https:\/\/www.satokangas.fi\/blogi\/2016\/06\/rohkeasti-kuvaamaan\/","url_meta":{"origin":34188,"position":0},"title":"Rohkeasti kuvaamaan!","author":"Reija","date":"11.6.2016","format":false,"excerpt":"Johan oli p\u00e4iv\u00e4! T\u00e4m\u00e4n VAT-koulutuksen l\u00e4hiopetusjakson nimi on \"Kontaktiviikonloppu\". Eilinen p\u00e4iv\u00e4 meni viimeisen kuukauden et\u00e4teht\u00e4vien palautteenannossa, keskustelussa kuvista. T\u00e4n\u00e4\u00e4n oli sitten kuvaamisen p\u00e4iv\u00e4! Teimme kolme harjoitusta t\u00e4n\u00e4\u00e4n. Kolme! Aamuyhdeks\u00e4lt\u00e4 aloitettiin, \u00e4sken lopetettiin. Eik\u00e4 mit\u00e4 tahansa dokumentoivaa kuvaamista, vaan kontaktin ottoa. Vaikeusaste kasvoi p\u00e4iv\u00e4n edetess\u00e4 ja kyll\u00e4 minulle - ja monelle\u2026","rel":"","context":"Kategoriassa &quot;Niit\u00e4 n\u00e4it\u00e4&quot;","block_context":{"text":"Niit\u00e4 n\u00e4it\u00e4","link":"https:\/\/www.satokangas.fi\/blogi\/category\/aiheeton\/"},"img":{"alt_text":"1-10","src":"https:\/\/i0.wp.com\/www.satokangas.fi\/blogi\/wp-content\/uploads\/2016\/06\/1-10-600x315.jpg?resize=350%2C200&ssl=1","width":350,"height":200,"srcset":"https:\/\/i0.wp.com\/www.satokangas.fi\/blogi\/wp-content\/uploads\/2016\/06\/1-10-600x315.jpg?resize=350%2C200&ssl=1 1x, https:\/\/i0.wp.com\/www.satokangas.fi\/blogi\/wp-content\/uploads\/2016\/06\/1-10-600x315.jpg?resize=525%2C300&ssl=1 1.5x"},"classes":[]},{"id":43132,"url":"https:\/\/www.satokangas.fi\/blogi\/2022\/06\/melko-tekematon-paiva\/","url_meta":{"origin":34188,"position":1},"title":"Melko tekem\u00e4t\u00f6n p\u00e4iv\u00e4","author":"Reija","date":"17.6.2022","format":false,"excerpt":"Ikkunasta kuuluu linnunlaulu ja autonkin \u00e4\u00e4ni, ja huoneessa tuntuu raikas henk\u00e4ys -ajattelen her\u00e4tess\u00e4, ett\u00e4 t\u00e4ytyy olla kes\u00e4, sill\u00e4 muulloin meill\u00e4 ei ole ikkuna auki, eik\u00e4 sis\u00e4lle juuri kuulu \u00e4\u00e4ni. Kes\u00e4h\u00e4n se. Kaikki jo kyll\u00e4isen vihre\u00e4\u00e4, tiuhaa, valoisaa. Keltaista valoa, ei sinisen kylm\u00e4\u00e4... Kalenterissa ei mit\u00e4\u00e4n merkint\u00f6j\u00e4, ei mit\u00e4\u00e4n t\u00e4hdellist\u00e4, jota\u2026","rel":"","context":"Kategoriassa &quot;Niit\u00e4 n\u00e4it\u00e4&quot;","block_context":{"text":"Niit\u00e4 n\u00e4it\u00e4","link":"https:\/\/www.satokangas.fi\/blogi\/category\/aiheeton\/"},"img":{"alt_text":"","src":"https:\/\/i0.wp.com\/www.satokangas.fi\/blogi\/wp-content\/uploads\/2022\/06\/kesaruokaa-2.jpg?resize=350%2C200&ssl=1","width":350,"height":200,"srcset":"https:\/\/i0.wp.com\/www.satokangas.fi\/blogi\/wp-content\/uploads\/2022\/06\/kesaruokaa-2.jpg?resize=350%2C200&ssl=1 1x, https:\/\/i0.wp.com\/www.satokangas.fi\/blogi\/wp-content\/uploads\/2022\/06\/kesaruokaa-2.jpg?resize=525%2C300&ssl=1 1.5x, https:\/\/i0.wp.com\/www.satokangas.fi\/blogi\/wp-content\/uploads\/2022\/06\/kesaruokaa-2.jpg?resize=700%2C400&ssl=1 2x"},"classes":[]},{"id":51720,"url":"https:\/\/www.satokangas.fi\/blogi\/2025\/01\/yhden-jutun-paiva\/","url_meta":{"origin":34188,"position":2},"title":"Yhden jutun p\u00e4iv\u00e4","author":"Reija","date":"9.1.2025","format":false,"excerpt":"Rohkeasti ladulle heti kun mittarilukema m\u00f6kkiterassilla putosi alle -15 C. \u00a0Oli ihan mahdottoman kaunista, joten ei haitannut, ett\u00e4 luisto oli ties miss\u00e4. Alam\u00e4etkin oli hiihdett\u00e4v\u00e4. Noh, hiiht\u00e4m\u00e4\u00e4n, enk\u00e4 laskemaan, olin l\u00e4htenytkin. \ud83d\ude0a Eik\u00e4 ollut ruuhkaa. Pikkuisen reilun kympin lenkill\u00e4 n\u00e4in tasan yhden hiiht\u00e4j\u00e4n. Pehtoori oli omallaan n\u00e4hnyt kaksi. Kuu ei\u2026","rel":"","context":"Kategoriassa &quot;Lappi&quot;","block_context":{"text":"Lappi","link":"https:\/\/www.satokangas.fi\/blogi\/category\/lappi\/"},"img":{"alt_text":"","src":"https:\/\/i0.wp.com\/www.satokangas.fi\/blogi\/wp-content\/uploads\/2025\/01\/Auringonnoustessa_2025-6.jpg?resize=350%2C200&ssl=1","width":350,"height":200,"srcset":"https:\/\/i0.wp.com\/www.satokangas.fi\/blogi\/wp-content\/uploads\/2025\/01\/Auringonnoustessa_2025-6.jpg?resize=350%2C200&ssl=1 1x, https:\/\/i0.wp.com\/www.satokangas.fi\/blogi\/wp-content\/uploads\/2025\/01\/Auringonnoustessa_2025-6.jpg?resize=525%2C300&ssl=1 1.5x, https:\/\/i0.wp.com\/www.satokangas.fi\/blogi\/wp-content\/uploads\/2025\/01\/Auringonnoustessa_2025-6.jpg?resize=700%2C400&ssl=1 2x"},"classes":[]},{"id":29967,"url":"https:\/\/www.satokangas.fi\/blogi\/2016\/12\/enempia-pysahtelematta\/","url_meta":{"origin":34188,"position":3},"title":"Enempi\u00e4 pys\u00e4htelem\u00e4tt\u00e4","author":"Reija","date":"22.12.2016","format":false,"excerpt":"Toimen p\u00e4iv\u00e4. Eik\u00e4 tunnu loppua tulevan. Joulubrunssia \u00e4idille ja \u00e4idin kanssa, studion\u00e4ytt\u00f6\u00f6n kuvia, kauppareissuja Pehtoorin kanssa ja yksin, kirjeit\u00e4, Aapelia, leivontaa, lahjapuuhia. Mukavaa touhuamista. Kalenterikuvassa on koko Hangasojan tonttuarmeija. Ei siell\u00e4 tuolloin lunta satanut, eik\u00e4 se Tuulentuvan terassilla edes sataisi, mutta tein sateen. ;) En\u00e4\u00e4 muutama p\u00e4iv\u00e4 mahdollisuus kommentoida kalenterikuvia,\u2026","rel":"","context":"Kategoriassa &quot;Niit\u00e4 n\u00e4it\u00e4&quot;","block_context":{"text":"Niit\u00e4 n\u00e4it\u00e4","link":"https:\/\/www.satokangas.fi\/blogi\/category\/aiheeton\/"},"img":{"alt_text":"","src":"https:\/\/i0.wp.com\/www.satokangas.fi\/blogi\/wp-content\/uploads\/2016\/12\/22-2-445x400.jpg?resize=350%2C200&ssl=1","width":350,"height":200},"classes":[]},{"id":30291,"url":"https:\/\/www.satokangas.fi\/blogi\/2017\/02\/matkalle-lahtiessa\/","url_meta":{"origin":34188,"position":4},"title":"Matkalle l\u00e4htiess\u00e4","author":"Reija","date":"17.2.2017","format":false,"excerpt":"Joskus oli tapana loman aluksi ja ennen reissuun l\u00e4ht\u00f6\u00e4 k\u00e4yd\u00e4 verenluovutuksessa, mutta kun sellainen aiheutti py\u00f6rtyily\u00e4 lentokoneessa, olen luopunut. Muistan kuinka vuosikymmenen ajan k\u00e4vin aina l\u00e4ht\u00f6\u00e4 edelt\u00e4v\u00e4n\u00e4 p\u00e4iv\u00e4n\u00e4 viem\u00e4ss\u00e4 is\u00e4n haudalle kynttil\u00e4n, kertomassa, mihin ollaan menossa. T\u00e4n\u00e4\u00e4n\u00a0olen viett\u00e4nyt koko p\u00e4iv\u00e4n pojanpojan kanssa. Usein oli tapana siin\u00e4, v\u00e4h\u00e4n kuin ohi mennen,\u2026","rel":"","context":"Kategoriassa &quot;Niit\u00e4 n\u00e4it\u00e4&quot;","block_context":{"text":"Niit\u00e4 n\u00e4it\u00e4","link":"https:\/\/www.satokangas.fi\/blogi\/category\/aiheeton\/"},"img":{"alt_text":"","src":"https:\/\/i0.wp.com\/www.satokangas.fi\/blogi\/wp-content\/uploads\/2017\/02\/Vedoksia-2-5-600x400.jpg?resize=350%2C200&ssl=1","width":350,"height":200,"srcset":"https:\/\/i0.wp.com\/www.satokangas.fi\/blogi\/wp-content\/uploads\/2017\/02\/Vedoksia-2-5-600x400.jpg?resize=350%2C200&ssl=1 1x, https:\/\/i0.wp.com\/www.satokangas.fi\/blogi\/wp-content\/uploads\/2017\/02\/Vedoksia-2-5-600x400.jpg?resize=525%2C300&ssl=1 1.5x"},"classes":[]},{"id":30739,"url":"https:\/\/www.satokangas.fi\/blogi\/2017\/05\/luuriton-paiva\/","url_meta":{"origin":34188,"position":5},"title":"Luuriton p\u00e4iv\u00e4?","author":"Reija","date":"11.5.2017","format":false,"excerpt":"Kalevassa oli t\u00e4n\u00e4\u00e4n juttu siit\u00e4, kuinka oulunsalolaisessa koulussa on meneill\u00e4\u00e4n kokeilu, jossa oppilaat laittavat aamulla kouluun tullessaan k\u00e4nnyk\u00e4t jemmaan, pois k\u00e4sist\u00e4 ja ulottuvilta, ja he saavat puhelimet takaisin vasta koulup\u00e4iv\u00e4n j\u00e4lkeen. Juttua lukiessa ajattelin, kuinka min\u00e4 olen riippuvainen, pahasti addiktoitunut luuriini. Kyll\u00e4 koulussa pysyin tunnit ilman puhelinta - useimmiten. Mutta\u2026","rel":"","context":"Kategoriassa &quot;Niit\u00e4 n\u00e4it\u00e4&quot;","block_context":{"text":"Niit\u00e4 n\u00e4it\u00e4","link":"https:\/\/www.satokangas.fi\/blogi\/category\/aiheeton\/"},"img":{"alt_text":"","src":"https:\/\/i0.wp.com\/www.tuulestatemmattua.fi\/wp-content\/uploads\/2017\/05\/1-6-1-1024x424.jpg?resize=350%2C200","width":350,"height":200,"srcset":"https:\/\/i0.wp.com\/www.tuulestatemmattua.fi\/wp-content\/uploads\/2017\/05\/1-6-1-1024x424.jpg?resize=350%2C200 1x, https:\/\/i0.wp.com\/www.tuulestatemmattua.fi\/wp-content\/uploads\/2017\/05\/1-6-1-1024x424.jpg?resize=525%2C300 1.5x, https:\/\/i0.wp.com\/www.tuulestatemmattua.fi\/wp-content\/uploads\/2017\/05\/1-6-1-1024x424.jpg?resize=700%2C400 2x"},"classes":[]}],"_links":{"self":[{"href":"https:\/\/www.satokangas.fi\/blogi\/wp-json\/wp\/v2\/posts\/34188","targetHints":{"allow":["GET"]}}],"collection":[{"href":"https:\/\/www.satokangas.fi\/blogi\/wp-json\/wp\/v2\/posts"}],"about":[{"href":"https:\/\/www.satokangas.fi\/blogi\/wp-json\/wp\/v2\/types\/post"}],"author":[{"embeddable":true,"href":"https:\/\/www.satokangas.fi\/blogi\/wp-json\/wp\/v2\/users\/1"}],"replies":[{"embeddable":true,"href":"https:\/\/www.satokangas.fi\/blogi\/wp-json\/wp\/v2\/comments?post=34188"}],"version-history":[{"count":0,"href":"https:\/\/www.satokangas.fi\/blogi\/wp-json\/wp\/v2\/posts\/34188\/revisions"}],"wp:attachment":[{"href":"https:\/\/www.satokangas.fi\/blogi\/wp-json\/wp\/v2\/media?parent=34188"}],"wp:term":[{"taxonomy":"category","embeddable":true,"href":"https:\/\/www.satokangas.fi\/blogi\/wp-json\/wp\/v2\/categories?post=34188"},{"taxonomy":"post_tag","embeddable":true,"href":"https:\/\/www.satokangas.fi\/blogi\/wp-json\/wp\/v2\/tags?post=34188"}],"curies":[{"name":"wp","href":"https:\/\/api.w.org\/{rel}","templated":true}]}}