{"id":34181,"date":"2018-06-10T20:24:27","date_gmt":"2018-06-10T17:24:27","guid":{"rendered":"https:\/\/www.satokangas.fi\/blogi\/?p=34181"},"modified":"2018-06-10T22:14:26","modified_gmt":"2018-06-10T19:14:26","slug":"kulleroiden-ja-korvasienten-aikaan","status":"publish","type":"post","link":"https:\/\/www.satokangas.fi\/blogi\/2018\/06\/kulleroiden-ja-korvasienten-aikaan\/","title":{"rendered":"Kulleroiden ja korvasienten aikaan"},"content":{"rendered":"<p style=\"text-align: justify;\"><a href=\"https:\/\/www.satokangas.fi\/blogi\/2018\/06\/kulleroiden-ja-korvasienten-aikaan\/kullero-2-3\/#main\" rel=\"attachment wp-att-34182\"><img loading=\"lazy\" decoding=\"async\" data-attachment-id=\"34182\" data-permalink=\"https:\/\/www.satokangas.fi\/blogi\/2018\/06\/kulleroiden-ja-korvasienten-aikaan\/kullero-2-3\/\" data-orig-file=\"https:\/\/www.satokangas.fi\/blogi\/wp-content\/uploads\/2018\/06\/Kullero-2.jpg\" data-orig-size=\"1000,667\" data-comments-opened=\"1\" data-image-meta=\"{&quot;aperture&quot;:&quot;3.2&quot;,&quot;credit&quot;:&quot;&quot;,&quot;camera&quot;:&quot;Canon EOS 5D Mark IV&quot;,&quot;caption&quot;:&quot;&quot;,&quot;created_timestamp&quot;:&quot;1528558125&quot;,&quot;copyright&quot;:&quot;&quot;,&quot;focal_length&quot;:&quot;100&quot;,&quot;iso&quot;:&quot;800&quot;,&quot;shutter_speed&quot;:&quot;0.0015625&quot;,&quot;title&quot;:&quot;&quot;,&quot;orientation&quot;:&quot;0&quot;}\" data-image-title=\"Kullero-2\" data-image-description=\"\" data-image-caption=\"\" data-large-file=\"https:\/\/www.satokangas.fi\/blogi\/wp-content\/uploads\/2018\/06\/Kullero-2.jpg\" class=\"aligncenter size-full wp-image-34182\" src=\"https:\/\/www.satokangas.fi\/blogi\/wp-content\/uploads\/2018\/06\/Kullero-2.jpg\" alt=\"\" width=\"1000\" height=\"667\" srcset=\"https:\/\/www.satokangas.fi\/blogi\/wp-content\/uploads\/2018\/06\/Kullero-2.jpg 1000w, https:\/\/www.satokangas.fi\/blogi\/wp-content\/uploads\/2018\/06\/Kullero-2-300x200.jpg 300w, https:\/\/www.satokangas.fi\/blogi\/wp-content\/uploads\/2018\/06\/Kullero-2-600x400.jpg 600w, https:\/\/www.satokangas.fi\/blogi\/wp-content\/uploads\/2018\/06\/Kullero-2-768x512.jpg 768w\" sizes=\"auto, (max-width: 1000px) 100vw, 1000px\" \/><\/a><\/p>\n<p style=\"text-align: justify;\">Kullerot. Nuo pohjoisen ihanat tienvarsikukat.<\/p>\n<p style=\"text-align: justify;\">Ja min\u00e4h\u00e4n en keltaisista kukista pid\u00e4. Paitsi auringonkukista, narsisseista, tulilatvoista, ties mist\u00e4 kaikista &#8230; ja kulleroista!<\/p>\n<p style=\"text-align: justify;\">Eilen kotoa l\u00e4htiess\u00e4 tienvarret olivat keltaisenaan voikukkia, sitten tupasvilloja, Simossa jo kulleroita, joita jatkui Sodankyl\u00e4n pohjoispuolelle asti, &#8211; enemm\u00e4n kuin koskaan, ja sitten my\u00f6s punaisia apiloita ja siank\u00e4rs\u00e4m\u00f6it\u00e4. Jossain v\u00e4liss\u00e4 jo v\u00e4h\u00e4n koiranputkiakin. Kaikki etuajassa. Ja ainakin kulleroita enemm\u00e4n kuin ikin\u00e4 olen n\u00e4hnyt. Ihan keltaisenaan tienpientareet varsinkin vesien l\u00e4hell\u00e4.<\/p>\n<p style=\"text-align: justify;\">Kulleroita poimin m\u00f6kille tuotavaksi jo Peuran kahvitauon yhteydess\u00e4. V\u00e4h\u00e4n ovat jo yli.<\/p>\n<p style=\"text-align: justify;\"><a href=\"https:\/\/www.satokangas.fi\/blogi\/2018\/06\/kulleroiden-ja-korvasienten-aikaan\/kullerot\/#main\" rel=\"attachment wp-att-34183\"><img loading=\"lazy\" decoding=\"async\" data-attachment-id=\"34183\" data-permalink=\"https:\/\/www.satokangas.fi\/blogi\/2018\/06\/kulleroiden-ja-korvasienten-aikaan\/kullerot\/\" data-orig-file=\"https:\/\/www.satokangas.fi\/blogi\/wp-content\/uploads\/2018\/06\/Kullerot.jpg\" data-orig-size=\"2048,2048\" data-comments-opened=\"1\" data-image-meta=\"{&quot;aperture&quot;:&quot;4.5&quot;,&quot;credit&quot;:&quot;&quot;,&quot;camera&quot;:&quot;Canon EOS 5D Mark IV&quot;,&quot;caption&quot;:&quot;&quot;,&quot;created_timestamp&quot;:&quot;1528644178&quot;,&quot;copyright&quot;:&quot;&quot;,&quot;focal_length&quot;:&quot;125&quot;,&quot;iso&quot;:&quot;1000&quot;,&quot;shutter_speed&quot;:&quot;0.0015625&quot;,&quot;title&quot;:&quot;&quot;,&quot;orientation&quot;:&quot;0&quot;}\" data-image-title=\"Kullerot\" data-image-description=\"\" data-image-caption=\"\" data-large-file=\"https:\/\/www.satokangas.fi\/blogi\/wp-content\/uploads\/2018\/06\/Kullerot-1024x1024.jpg\" class=\"aligncenter wp-image-34183 size-large\" src=\"https:\/\/www.satokangas.fi\/blogi\/wp-content\/uploads\/2018\/06\/Kullerot-1024x1024.jpg\" alt=\"\" width=\"1024\" height=\"1024\" srcset=\"https:\/\/www.satokangas.fi\/blogi\/wp-content\/uploads\/2018\/06\/Kullerot-1024x1024.jpg 1024w, https:\/\/www.satokangas.fi\/blogi\/wp-content\/uploads\/2018\/06\/Kullerot-300x300.jpg 300w, https:\/\/www.satokangas.fi\/blogi\/wp-content\/uploads\/2018\/06\/Kullerot-400x400.jpg 400w, https:\/\/www.satokangas.fi\/blogi\/wp-content\/uploads\/2018\/06\/Kullerot-768x768.jpg 768w, https:\/\/www.satokangas.fi\/blogi\/wp-content\/uploads\/2018\/06\/Kullerot.jpg 2048w\" sizes=\"auto, (max-width: 1024px) 100vw, 1024px\" \/><\/a><\/p>\n<p style=\"text-align: justify;\">M\u00f6kkisunnuntaiaamuna kaurapuurokipposten \u00e4\u00e4rell\u00e4 pohdimme minne t\u00e4n\u00e4\u00e4n suunnataan, mit\u00e4 tehd\u00e4\u00e4n? &#8211; Juuri t\u00e4m\u00e4 on el\u00e4m\u00e4ss\u00e4ni nyky\u00e4\u00e4n, ja varsinkin t\u00e4\u00e4ll\u00e4 pohjoisessa, niin mukavaa, ett\u00e4 aamulla voi p\u00e4\u00e4tt\u00e4\u00e4 mit\u00e4 tehd\u00e4\u00e4n. Noh, kun kerran oli luvannut t\u00e4lle p\u00e4iv\u00e4lle viel\u00e4 aika sateetonta ja suhteellisen l\u00e4mmint\u00e4 (+ 10 &#8211; 15 C) s\u00e4\u00e4t\u00e4, niin p\u00e4\u00e4timme yhdist\u00e4\u00e4 korvasienten etsinn\u00e4n ja pienen patikoinnin. Siin\u00e4 se aamup\u00e4iv\u00e4 meni.<\/p>\n<p style=\"text-align: justify;\">Melkein kolmetuntinen tunturissa ja tuomisina muutama litra korvasieni\u00e4. Juuri niin kuin oli toivottukin. Jossain v\u00e4liss\u00e4 satoi puolisen tuntia vett\u00e4kin, mutta minulla repusta viitta ja Pehtoorilla &#8221;tarpeen mukaan vedenpit\u00e4v\u00e4t kamppeet&#8221;.\u00a0 Siis ei isompaa huolta sateesta. Mik\u00e4 kylll\u00e4 oli mets\u00e4llekin ihan hyv\u00e4ksi. Kovin on t\u00e4\u00e4ll\u00e4kin kuivaa. Mutta ei niin kuivaa, etteik\u00f6 sieni\u00e4 olisi, \ud83d\ude09 .<\/p>\n<p style=\"text-align: justify;\">Iltap\u00e4iv\u00e4n aluksi p\u00e4\u00e4timme ajella Kaunisp\u00e4\u00e4lle lounaskahville ja -kaakaolle. V\u00e4h\u00e4n oli minulla kuvausodotuksia, mutta ainoa kelvollinen otos on pilvest\u00e4, joka n\u00e4ytti makaavan juuri meid\u00e4n m\u00f6kin p\u00e4\u00e4ll\u00e4. No siin\u00e4 se p\u00e4iv\u00e4n makasi, satamatta.<\/p>\n<p><a href=\"https:\/\/www.satokangas.fi\/blogi\/2018\/06\/kulleroiden-ja-korvasienten-aikaan\/mokkielamaa-4-5\/#main\" rel=\"attachment wp-att-34184\"><img loading=\"lazy\" decoding=\"async\" data-attachment-id=\"34184\" data-permalink=\"https:\/\/www.satokangas.fi\/blogi\/2018\/06\/kulleroiden-ja-korvasienten-aikaan\/mokkielamaa-4-5\/\" data-orig-file=\"https:\/\/www.satokangas.fi\/blogi\/wp-content\/uploads\/2018\/06\/Mokkielamaa-4.jpg\" data-orig-size=\"1000,848\" data-comments-opened=\"1\" data-image-meta=\"{&quot;aperture&quot;:&quot;5.6&quot;,&quot;credit&quot;:&quot;&quot;,&quot;camera&quot;:&quot;Canon EOS 5D Mark IV&quot;,&quot;caption&quot;:&quot;&quot;,&quot;created_timestamp&quot;:&quot;1528628416&quot;,&quot;copyright&quot;:&quot;&quot;,&quot;focal_length&quot;:&quot;16&quot;,&quot;iso&quot;:&quot;640&quot;,&quot;shutter_speed&quot;:&quot;0.000125&quot;,&quot;title&quot;:&quot;&quot;,&quot;orientation&quot;:&quot;0&quot;}\" data-image-title=\"Mokkielamaa-4\" data-image-description=\"\" data-image-caption=\"\" data-large-file=\"https:\/\/www.satokangas.fi\/blogi\/wp-content\/uploads\/2018\/06\/Mokkielamaa-4.jpg\" class=\"aligncenter size-full wp-image-34184\" src=\"https:\/\/www.satokangas.fi\/blogi\/wp-content\/uploads\/2018\/06\/Mokkielamaa-4.jpg\" alt=\"\" width=\"1000\" height=\"848\" srcset=\"https:\/\/www.satokangas.fi\/blogi\/wp-content\/uploads\/2018\/06\/Mokkielamaa-4.jpg 1000w, https:\/\/www.satokangas.fi\/blogi\/wp-content\/uploads\/2018\/06\/Mokkielamaa-4-300x254.jpg 300w, https:\/\/www.satokangas.fi\/blogi\/wp-content\/uploads\/2018\/06\/Mokkielamaa-4-472x400.jpg 472w, https:\/\/www.satokangas.fi\/blogi\/wp-content\/uploads\/2018\/06\/Mokkielamaa-4-768x651.jpg 768w\" sizes=\"auto, (max-width: 1000px) 100vw, 1000px\" \/><\/a><\/p>\n<p style=\"text-align: justify;\">Pihapiiriss\u00e4 ja vanhan m\u00f6kin, Tuulentuvan, hyvin alustavassa siivouksessa (huomenna jatkuu), sek\u00e4 sienien ry\u00f6pp\u00e4yksessa kului iltap\u00e4iv\u00e4. Korvasienten k\u00e4sittelyss\u00e4 menee enemm\u00e4n aikaa kuin etsimisess\u00e4 ja poimisessa. Mutta on se sen v\u00e4\u00e4rti.<\/p>\n<p style=\"text-align: justify;\">Ja nuorison kanssa viesteilless\u00e4. Heit\u00e4h\u00e4n tietysti ik\u00e4v\u00e4, ja hassu tunne oli se, kun Pieravaaran juurella mets\u00e4ss\u00e4 yht\u00e4kki\u00e4 kaipasin <a href=\"https:\/\/www.satokangas.fi\/blogi\/2018\/04\/maisa-in-memoriam\/\" target=\"_blank\" rel=\"noopener\">Maisaa<\/a>. Maisasta oli nuoruusvuosinaan hyv\u00e4\u00e4 vauhtia tulossa erinomainen korvasienikoira ja h\u00e4n piti minustakin aina huolta: haki mukaan laumaan. T\u00e4n\u00e4\u00e4n ei kukaan hakenut, ja niinh\u00e4n <a href=\"https:\/\/www.satokangas.fi\/blogi\/2016\/08\/tunturissa-sienien-ja-kuvien-metsastyksessa\/\" target=\"_blank\" rel=\"noopener\">taas kerran<\/a> olin hieman &#8221;sivussa&#8221;. No mutta suunnilleeen kartalla. Ja yht\u00e4matkaa sitten palasimme m\u00f6ks\u00e4lle.<\/p>\n<p>Pitk\u00e4n kaavan mukaan tein meille safkaa, punaviinipullonkin avasimme (uusi <a href=\"https:\/\/viinilehti.fi\/viinit\/giuseppe-campagnola-valpolicella-ripasso-2015\/\" target=\"_blank\" rel=\"noopener\">Valpolicella<\/a>\u00a0oli kyll\u00e4 ihan erinomaisen hyv\u00e4\u00e4. Sopi Agnus-fileiden ja korvasienikastikkkeen kanssa v\u00e4hint\u00e4\u00e4nkin erinomaisesti). Ja voin kyll\u00e4 suositella melkein mille tahansa kes\u00e4n (grilli)ruoalle. Juhannusviiniksi?<\/p>\n<p>&nbsp;<\/p>\n<p><a href=\"https:\/\/www.satokangas.fi\/blogi\/2018\/06\/kulleroiden-ja-korvasienten-aikaan\/mokkielamaa-21\/#main\" rel=\"attachment wp-att-34185\"><img loading=\"lazy\" decoding=\"async\" data-attachment-id=\"34185\" data-permalink=\"https:\/\/www.satokangas.fi\/blogi\/2018\/06\/kulleroiden-ja-korvasienten-aikaan\/mokkielamaa-21\/\" data-orig-file=\"https:\/\/www.satokangas.fi\/blogi\/wp-content\/uploads\/2018\/06\/Mokkielamaa.jpg\" data-orig-size=\"1000,356\" data-comments-opened=\"1\" data-image-meta=\"{&quot;aperture&quot;:&quot;16&quot;,&quot;credit&quot;:&quot;&quot;,&quot;camera&quot;:&quot;Canon EOS 5D Mark IV&quot;,&quot;caption&quot;:&quot;&quot;,&quot;created_timestamp&quot;:&quot;1528628348&quot;,&quot;copyright&quot;:&quot;&quot;,&quot;focal_length&quot;:&quot;23&quot;,&quot;iso&quot;:&quot;400&quot;,&quot;shutter_speed&quot;:&quot;0.0025&quot;,&quot;title&quot;:&quot;&quot;,&quot;orientation&quot;:&quot;0&quot;}\" data-image-title=\"Mokkielamaa\" data-image-description=\"\" data-image-caption=\"\" data-large-file=\"https:\/\/www.satokangas.fi\/blogi\/wp-content\/uploads\/2018\/06\/Mokkielamaa.jpg\" class=\"aligncenter size-full wp-image-34185\" src=\"https:\/\/www.satokangas.fi\/blogi\/wp-content\/uploads\/2018\/06\/Mokkielamaa.jpg\" alt=\"\" width=\"1000\" height=\"356\" srcset=\"https:\/\/www.satokangas.fi\/blogi\/wp-content\/uploads\/2018\/06\/Mokkielamaa.jpg 1000w, https:\/\/www.satokangas.fi\/blogi\/wp-content\/uploads\/2018\/06\/Mokkielamaa-300x107.jpg 300w, https:\/\/www.satokangas.fi\/blogi\/wp-content\/uploads\/2018\/06\/Mokkielamaa-800x285.jpg 800w, https:\/\/www.satokangas.fi\/blogi\/wp-content\/uploads\/2018\/06\/Mokkielamaa-768x273.jpg 768w\" sizes=\"auto, (max-width: 1000px) 100vw, 1000px\" \/><\/a><\/p>\n<p style=\"text-align: justify;\">Tunturiin en t\u00e4n\u00e4\u00e4n ottanut kameraa, ja kyll\u00e4p\u00e4 oli vaikeaa kulkea. Niinp\u00e4 sitten puhelimen kameralla koetin ottaa kuvia (kaikki t\u00e4m\u00e4n postauksen kuvat j\u00e4rkk\u00e4rill\u00e4, ei puhelimella) . Ja tein eka kertaa el\u00e4m\u00e4ss\u00e4ni (surkean) videon yhdistellen monia k\u00e4nnykuvia Ja l\u00e4hetinp\u00e4 sen sitten Instagram-tililleni. Ei ole mun juttu tuo,&#8230; Huomenna taas oikean kameran kanssa touhuissa, vasen k\u00e4si on jo liki s\u00e4ryt\u00f6n! Nyt purolle! Siell\u00e4 paistaa aurinko!<\/p>\n","protected":false},"excerpt":{"rendered":"<p>Kullerot. Nuo pohjoisen ihanat tienvarsikukat. Ja min\u00e4h\u00e4n en keltaisista kukista pid\u00e4. Paitsi auringonkukista, narsisseista, tulilatvoista, ties mist\u00e4 kaikista &#8230; ja kulleroista! Eilen kotoa l\u00e4htiess\u00e4 tienvarret olivat keltaisenaan voikukkia, sitten tupasvilloja, Simossa jo kulleroita, joita jatkui Sodankyl\u00e4n pohjoispuolelle asti, &#8211; enemm\u00e4n kuin koskaan, ja sitten my\u00f6s punaisia apiloita ja siank\u00e4rs\u00e4m\u00f6it\u00e4. Jossain v\u00e4liss\u00e4 jo v\u00e4h\u00e4n koiranputkiakin. Kaikki etuajassa. Ja ainakin kulleroita enemm\u00e4n &hellip; <\/p>\n","protected":false},"author":1,"featured_media":0,"comment_status":"open","ping_status":"open","sticky":false,"template":"","format":"standard","meta":{"jetpack_post_was_ever_published":false,"_jetpack_newsletter_access":"","_jetpack_dont_email_post_to_subs":false,"_jetpack_newsletter_tier_id":0,"_jetpack_memberships_contains_paywalled_content":false,"_jetpack_memberships_contains_paid_content":false,"footnotes":"","jetpack_publicize_message":"","jetpack_publicize_feature_enabled":true,"jetpack_social_post_already_shared":true,"jetpack_social_options":{"image_generator_settings":{"template":"highway","default_image_id":0,"font":"","enabled":false},"version":2}},"categories":[15,97,93],"tags":[],"class_list":["post-34181","post","type-post","status-publish","format-standard","hentry","category-lappi","category-mokkielamaa","category-viini","latest_post"],"jetpack_publicize_connections":[],"jetpack_featured_media_url":"","jetpack_shortlink":"https:\/\/wp.me\/pr4p4-8Tj","jetpack_sharing_enabled":true,"jetpack_likes_enabled":false,"jetpack-related-posts":[{"id":43085,"url":"https:\/\/www.satokangas.fi\/blogi\/2022\/06\/kulleroiden-aikaan\/","url_meta":{"origin":34181,"position":0},"title":"Kulleroiden aikaan","author":"Reija","date":"9.6.2022","format":false,"excerpt":"En ole koskaan n\u00e4hnyt niin paljon kulleroita kuin t\u00e4n\u00e4\u00e4n kotimatkalla m\u00f6kilt\u00e4 Ouluun. Rovaniemen ja Kemin v\u00e4lill\u00e4, varsinkin Tervolassa, tienvarrella kulki keltainen kymmenien kilometrien mittainen nauha ... Voikukkiakin toki joukossa, mutta kulleroita! Paljon ihania kulleroita. Pys\u00e4hdyin poimimaan niit\u00e4 maljakollisen kotiinkin.","rel":"","context":"Kategoriassa &quot;Niit\u00e4 n\u00e4it\u00e4&quot;","block_context":{"text":"Niit\u00e4 n\u00e4it\u00e4","link":"https:\/\/www.satokangas.fi\/blogi\/category\/aiheeton\/"},"img":{"alt_text":"","src":"https:\/\/i0.wp.com\/www.satokangas.fi\/blogi\/wp-content\/uploads\/2022\/06\/kullervo-2.jpg?resize=350%2C200&ssl=1","width":350,"height":200,"srcset":"https:\/\/i0.wp.com\/www.satokangas.fi\/blogi\/wp-content\/uploads\/2022\/06\/kullervo-2.jpg?resize=350%2C200&ssl=1 1x, https:\/\/i0.wp.com\/www.satokangas.fi\/blogi\/wp-content\/uploads\/2022\/06\/kullervo-2.jpg?resize=525%2C300&ssl=1 1.5x"},"classes":[]},{"id":52574,"url":"https:\/\/www.satokangas.fi\/blogi\/2025\/06\/kukkia-kaikkialla\/","url_meta":{"origin":34181,"position":1},"title":"Kukkia kaikkialla","author":"Reija","date":"9.6.2025","format":false,"excerpt":"Kukkia t\u00e4n\u00e4\u00e4n - joka paikassa. Tuomet tuoksuvat, omppupuut kukkivat, pientareet ovat keltaisena voikukista, vihdoin valkovuokkoja kotipihassa. Kukkia hautausmaalla, kukkia py\u00f6r\u00e4lenkin varrella, kukkia kuvissa, joita siskon miehen kanssa t\u00e4n\u00e4\u00e4n katseltiin kun tyhjenneltiin mappeja ja kansioita, samalla s\u00e4\u00e4steltiin albumeita. Ik\u00e4v\u00e4kin kukki, - kyynelein\u00e4 silm\u00e4nurkkiin. Kodin seinustalla arovuokot \"rikkaruohoina\". Ei tarvetta kitke\u00e4. Kukkia\u2026","rel":"","context":"Kategoriassa &quot;Niit\u00e4 n\u00e4it\u00e4&quot;","block_context":{"text":"Niit\u00e4 n\u00e4it\u00e4","link":"https:\/\/www.satokangas.fi\/blogi\/category\/aiheeton\/"},"img":{"alt_text":"","src":"https:\/\/i0.wp.com\/www.satokangas.fi\/blogi\/wp-content\/uploads\/2025\/06\/kesa-4.jpg?resize=350%2C200&ssl=1","width":350,"height":200,"srcset":"https:\/\/i0.wp.com\/www.satokangas.fi\/blogi\/wp-content\/uploads\/2025\/06\/kesa-4.jpg?resize=350%2C200&ssl=1 1x, https:\/\/i0.wp.com\/www.satokangas.fi\/blogi\/wp-content\/uploads\/2025\/06\/kesa-4.jpg?resize=525%2C300&ssl=1 1.5x, https:\/\/i0.wp.com\/www.satokangas.fi\/blogi\/wp-content\/uploads\/2025\/06\/kesa-4.jpg?resize=700%2C400&ssl=1 2x"},"classes":[]},{"id":28462,"url":"https:\/\/www.satokangas.fi\/blogi\/2016\/06\/mokkipaiva-minun-mieleeni\/","url_meta":{"origin":34181,"position":2},"title":"M\u00f6kkip\u00e4iv\u00e4 minun mieleeni","author":"Reija","date":"16.6.2016","format":false,"excerpt":"Aamusella - aika varhain - ajelimme Ivaloon (40 km). Maalikauppaan, rautakauppaan ja ruokakauppaankin. T\u00e4n\u00e4\u00e4n vain Pehtoorilla maalausp\u00e4iv\u00e4. Nyt on My\u00f6t\u00e4tuulenkin terassi maalattu. Minulla eilisen korvasienisaaliin ry\u00f6pp\u00e4ys. Parituntinen siin\u00e4 touhussa humahti. 20 pussillista (3 - 4 hengen muhennos tai keitto) on nyt m\u00f6kkipakastimessa. Juhannus- ja joulup\u00f6yd\u00e4n vakioherkku on taattu. Kulleroita poimin\u2026","rel":"","context":"Kategoriassa &quot;Lappi&quot;","block_context":{"text":"Lappi","link":"https:\/\/www.satokangas.fi\/blogi\/category\/lappi\/"},"img":{"alt_text":"M\u00f6kill\u00e4_-2-2","src":"https:\/\/i0.wp.com\/www.satokangas.fi\/blogi\/wp-content\/uploads\/2016\/06\/M%C3%B6kill%C3%A4_-2-2-600x387.jpg?resize=350%2C200&ssl=1","width":350,"height":200,"srcset":"https:\/\/i0.wp.com\/www.satokangas.fi\/blogi\/wp-content\/uploads\/2016\/06\/M%C3%B6kill%C3%A4_-2-2-600x387.jpg?resize=350%2C200&ssl=1 1x, https:\/\/i0.wp.com\/www.satokangas.fi\/blogi\/wp-content\/uploads\/2016\/06\/M%C3%B6kill%C3%A4_-2-2-600x387.jpg?resize=525%2C300&ssl=1 1.5x"},"classes":[]},{"id":28447,"url":"https:\/\/www.satokangas.fi\/blogi\/2016\/06\/hangasojalla-haasteita\/","url_meta":{"origin":34181,"position":3},"title":"Hangasojalla haasteita ;)","author":"Reija","date":"14.6.2016","format":false,"excerpt":"H\u00e4m\u00e4r\u00e4sti muistan,\u00a0ett\u00e4 n\u00e4ihin aikoihin viime vuonna kun olin lopettelemassa t\u00f6it\u00e4, j\u00e4\u00e4m\u00e4ss\u00e4 kes\u00e4lomalle, l\u00e4htem\u00e4ss\u00e4 pois, mietin, ett\u00e4 ensi vuonna n\u00e4ihin aikoihin ollaan Sisiliassa patikoimassa tai juuri saavuttu Reykjavikiin tai ehk\u00e4 sittenkin Irlannin nummilla ja Dublinissa. Sellaista ajattelin. Asia on kuitenkin n\u00e4in.\u00a0Olemma m\u00f6kill\u00e4. Tulimma maalaushommiin, korvasienijahtiin, patikoimaan, viett\u00e4m\u00e4\u00e4n pikkujuhannusta. Tuulentuvan terassi ja\u2026","rel":"","context":"Kategoriassa &quot;Lappi&quot;","block_context":{"text":"Lappi","link":"https:\/\/www.satokangas.fi\/blogi\/category\/lappi\/"},"img":{"alt_text":"Paluu Hangasojalle_-3","src":"https:\/\/i0.wp.com\/www.satokangas.fi\/blogi\/wp-content\/uploads\/2016\/06\/Paluu-Hangasojalle_-3-517x400.jpg?resize=350%2C200&ssl=1","width":350,"height":200},"classes":[]},{"id":24833,"url":"https:\/\/www.satokangas.fi\/blogi\/2015\/06\/juhannuksen-paluuliikenne\/","url_meta":{"origin":34181,"position":4},"title":"Juhannuksen paluuliikenne","author":"Reija","date":"21.6.2015","format":false,"excerpt":"Tai oikeastaan menoliikenne. :) Kun juhannusvieraamme (lue: lapset (perheineen)) hajaantuivat eilen Pateniemeen ja t\u00e4n\u00e4\u00e4n Helsinkiin, me l\u00e4hdimme jo t\u00e4n\u00e4\u00e4n aamup\u00e4iv\u00e4ll\u00e4 ajelemaan pohjoiseen. Kemiin asti liikennett\u00e4 aika paljon, satoikin. Rovaniemelle jo harveni, sek\u00e4 sade ett\u00e4 liikenne. Rekkoja yll\u00e4tt\u00e4v\u00e4n paljon. Napapiirin j\u00e4lkeen meill\u00e4 oli lounasaika, kaikesta kahden p\u00e4iv\u00e4n runsaahkosta sy\u00f6misest\u00e4 huolimatta n\u00e4lk\u00e4\u2026","rel":"","context":"Kategoriassa &quot;Lappi&quot;","block_context":{"text":"Lappi","link":"https:\/\/www.satokangas.fi\/blogi\/category\/lappi\/"},"img":{"alt_text":"Juhannuksen paluuliikenne","src":"https:\/\/i0.wp.com\/www.satokangas.fi\/blogi\/wp-content\/uploads\/2015\/06\/Juhannuksen-paluuliikenne-267x400.jpg?resize=350%2C200&ssl=1","width":350,"height":200},"classes":[]},{"id":45945,"url":"https:\/\/www.satokangas.fi\/blogi\/2023\/06\/kulleroiden-aikaan-2\/","url_meta":{"origin":34181,"position":5},"title":"Kulleroiden aikaan","author":"Reija","date":"6.6.2023","format":false,"excerpt":"Jo aika monena vuonna - kun on ollut mahdollisuus valita, kun on ollut mahdollista, ollaan oltu kes\u00e4kuun alussa m\u00f6kill\u00e4. Kulleroiden aikaan, korvasienten aikaan, itikattomaan aikaan, valoisan aikaan ollaan t\u00e4\u00e4ll\u00e4 viihdytty. Niinp\u00e4 nytkin pyrimme ja saimme j\u00e4rk\u00e4tyksi siten, ett\u00e4 saatoimme m\u00f6kkimaisemiin t\u00e4n\u00e4\u00e4n ajella. Niin t\u00e4pin\u00f6iss\u00e4\u00e4n olimme molemmat, ett\u00e4 jo aamuviidelt\u00e4 oltiin\u2026","rel":"","context":"Kategoriassa &quot;M\u00f6kkiel\u00e4m\u00e4\u00e4&quot;","block_context":{"text":"M\u00f6kkiel\u00e4m\u00e4\u00e4","link":"https:\/\/www.satokangas.fi\/blogi\/category\/mokkielamaa\/"},"img":{"alt_text":"","src":"https:\/\/i0.wp.com\/www.satokangas.fi\/blogi\/wp-content\/uploads\/2023\/06\/1-9.jpg?resize=350%2C200&ssl=1","width":350,"height":200,"srcset":"https:\/\/i0.wp.com\/www.satokangas.fi\/blogi\/wp-content\/uploads\/2023\/06\/1-9.jpg?resize=350%2C200&ssl=1 1x, https:\/\/i0.wp.com\/www.satokangas.fi\/blogi\/wp-content\/uploads\/2023\/06\/1-9.jpg?resize=525%2C300&ssl=1 1.5x, https:\/\/i0.wp.com\/www.satokangas.fi\/blogi\/wp-content\/uploads\/2023\/06\/1-9.jpg?resize=700%2C400&ssl=1 2x, https:\/\/i0.wp.com\/www.satokangas.fi\/blogi\/wp-content\/uploads\/2023\/06\/1-9.jpg?resize=1050%2C600&ssl=1 3x"},"classes":[]}],"_links":{"self":[{"href":"https:\/\/www.satokangas.fi\/blogi\/wp-json\/wp\/v2\/posts\/34181","targetHints":{"allow":["GET"]}}],"collection":[{"href":"https:\/\/www.satokangas.fi\/blogi\/wp-json\/wp\/v2\/posts"}],"about":[{"href":"https:\/\/www.satokangas.fi\/blogi\/wp-json\/wp\/v2\/types\/post"}],"author":[{"embeddable":true,"href":"https:\/\/www.satokangas.fi\/blogi\/wp-json\/wp\/v2\/users\/1"}],"replies":[{"embeddable":true,"href":"https:\/\/www.satokangas.fi\/blogi\/wp-json\/wp\/v2\/comments?post=34181"}],"version-history":[{"count":0,"href":"https:\/\/www.satokangas.fi\/blogi\/wp-json\/wp\/v2\/posts\/34181\/revisions"}],"wp:attachment":[{"href":"https:\/\/www.satokangas.fi\/blogi\/wp-json\/wp\/v2\/media?parent=34181"}],"wp:term":[{"taxonomy":"category","embeddable":true,"href":"https:\/\/www.satokangas.fi\/blogi\/wp-json\/wp\/v2\/categories?post=34181"},{"taxonomy":"post_tag","embeddable":true,"href":"https:\/\/www.satokangas.fi\/blogi\/wp-json\/wp\/v2\/tags?post=34181"}],"curies":[{"name":"wp","href":"https:\/\/api.w.org\/{rel}","templated":true}]}}