{"id":34173,"date":"2018-06-09T22:35:20","date_gmt":"2018-06-09T19:35:20","guid":{"rendered":"https:\/\/www.satokangas.fi\/blogi\/?p=34173"},"modified":"2018-06-10T07:44:54","modified_gmt":"2018-06-10T04:44:54","slug":"mokkilomalle-tupsahdettiin","status":"publish","type":"post","link":"https:\/\/www.satokangas.fi\/blogi\/2018\/06\/mokkilomalle-tupsahdettiin\/","title":{"rendered":"M\u00f6kkilomalle tupsahdettiin"},"content":{"rendered":"<div class=\"msgfullread\" style=\"text-align: justify;\">\n<div class=\"messageBody allowTextSelection\">\n<div class=\"mimePartBase\">\n<div class=\"mimePartData\">\n<div class=\"fixed leftAlign\">\n<div class=\"msgfullread\" style=\"text-align: justify;\">\n<div class=\"messageBody allowTextSelection\">\n<div class=\"mimePartBase\">\n<div class=\"mimePartInfo\">\n<p>&#8211;\u00a0 Min\u00e4h\u00e4n en m\u00f6kille l\u00e4hde jos sinne lupaa kylm\u00e4\u00e4 ja vett\u00e4!<\/p>\n<\/div>\n<p class=\"mimePartData\">\n<div class=\"fixed leftAlign\">Niinh\u00e4n min\u00e4 sanoin, ja Pehtoori oli ihan samaa mielt\u00e4.<\/div>\n<div class=\"fixed leftAlign\">Ja mit\u00e4 n\u00e4ytt\u00e4\u00e4 s\u00e4\u00e4tiedotus?<\/div>\n<div class=\"fixed leftAlign\"><\/div>\n<\/div>\n<\/div>\n<\/div>\n<p><a href=\"https:\/\/www.satokangas.fi\/blogi\/2018\/06\/mokkilomalle-tupsahdettiin\/2018_6\/#main\" rel=\"attachment wp-att-34174\"><img loading=\"lazy\" decoding=\"async\" data-attachment-id=\"34174\" data-permalink=\"https:\/\/www.satokangas.fi\/blogi\/2018\/06\/mokkilomalle-tupsahdettiin\/2018_6\/\" data-orig-file=\"https:\/\/www.satokangas.fi\/blogi\/wp-content\/uploads\/2018\/06\/2018_6.jpg\" data-orig-size=\"935,217\" data-comments-opened=\"1\" data-image-meta=\"{&quot;aperture&quot;:&quot;0&quot;,&quot;credit&quot;:&quot;Reija&quot;,&quot;camera&quot;:&quot;&quot;,&quot;caption&quot;:&quot;&quot;,&quot;created_timestamp&quot;:&quot;1528570286&quot;,&quot;copyright&quot;:&quot;&quot;,&quot;focal_length&quot;:&quot;0&quot;,&quot;iso&quot;:&quot;0&quot;,&quot;shutter_speed&quot;:&quot;0&quot;,&quot;title&quot;:&quot;&quot;,&quot;orientation&quot;:&quot;0&quot;}\" data-image-title=\"2018_6\" data-image-description=\"\" data-image-caption=\"\" data-large-file=\"https:\/\/www.satokangas.fi\/blogi\/wp-content\/uploads\/2018\/06\/2018_6.jpg\" class=\"aligncenter size-full wp-image-34174\" src=\"https:\/\/www.satokangas.fi\/blogi\/wp-content\/uploads\/2018\/06\/2018_6.jpg\" alt=\"\" width=\"935\" height=\"217\" srcset=\"https:\/\/www.satokangas.fi\/blogi\/wp-content\/uploads\/2018\/06\/2018_6.jpg 935w, https:\/\/www.satokangas.fi\/blogi\/wp-content\/uploads\/2018\/06\/2018_6-300x70.jpg 300w, https:\/\/www.satokangas.fi\/blogi\/wp-content\/uploads\/2018\/06\/2018_6-800x186.jpg 800w, https:\/\/www.satokangas.fi\/blogi\/wp-content\/uploads\/2018\/06\/2018_6-768x178.jpg 768w\" sizes=\"auto, (max-width: 935px) 100vw, 935px\" \/><\/a><\/p>\n<\/div>\n<p class=\"fixed leftAlign\">\n<p>&nbsp;<\/p>\n<p>T\u00e4nne me t\u00e4n\u00e4\u00e4n kuitenkin hurautettiin. Kertoo mist\u00e4? &#8211; Oli vain jo p\u00e4\u00e4st\u00e4v\u00e4 t\u00e4nne. Olemaan, liikkumaan ja tekem\u00e4\u00e4n.Ja t\u00e4ytyy nyt sitten vain ajatella, ett\u00e4\u00a0 \u201ds\u00e4\u00e4 on asenne- ja pukeutumiskysymys\u201d. Eik\u00e4 n\u00e4iss\u00e4 arktisissa oloissa ole huolta itikoista, eik\u00e4 harmita olla sis\u00e4ll\u00e4 ikkunoiden ja sein\u00e4hirsien pesupuuhissa. Sit\u00e4 paitsi t\u00e4n\u00e4\u00e4n on ollut mit\u00e4 mukavin keli. Olimme perill\u00e4 kolmen tienoilla, ja siit\u00e4 saunaan asti (joskus yhdeks\u00e4n aikoihin) on oltu ulkona.T\u00e4n\u00e4\u00e4n on kansallinen saunap\u00e4iv\u00e4 ja kansainv\u00e4linen ginip\u00e4iv\u00e4. Ihan vaan n\u00e4iden teemap\u00e4ivien vuoksi oli sauna l\u00e4mmitelt\u00e4v\u00e4 ja Napue-drinksut teht\u00e4v\u00e4. Ja satsattava my\u00f6s kuvaamiseen: niist\u00e4 ja monesta muusta t\u00e4n\u00e4\u00e4n monta myyntikuvaa olen saanut aikaiseksi (t\u00e4ss\u00e4 viel\u00e4 viimeistelem\u00e4tt\u00f6min\u00e4).<\/p>\n<p>&nbsp;<\/p>\n<\/div>\n<p><a href=\"https:\/\/www.satokangas.fi\/blogi\/2018\/06\/mokkilomalle-tupsahdettiin\/gin-tonic-day\/#main\" rel=\"attachment wp-att-34175\"><img loading=\"lazy\" decoding=\"async\" data-attachment-id=\"34175\" data-permalink=\"https:\/\/www.satokangas.fi\/blogi\/2018\/06\/mokkilomalle-tupsahdettiin\/gin-tonic-day\/\" data-orig-file=\"https:\/\/www.satokangas.fi\/blogi\/wp-content\/uploads\/2018\/06\/Gin-tonic-day.jpg\" data-orig-size=\"571,800\" data-comments-opened=\"1\" data-image-meta=\"{&quot;aperture&quot;:&quot;9&quot;,&quot;credit&quot;:&quot;&quot;,&quot;camera&quot;:&quot;Canon EOS 5D Mark IV&quot;,&quot;caption&quot;:&quot;&quot;,&quot;created_timestamp&quot;:&quot;1528563139&quot;,&quot;copyright&quot;:&quot;&quot;,&quot;focal_length&quot;:&quot;50&quot;,&quot;iso&quot;:&quot;160&quot;,&quot;shutter_speed&quot;:&quot;1.3&quot;,&quot;title&quot;:&quot;&quot;,&quot;orientation&quot;:&quot;1&quot;}\" data-image-title=\"Gin tonic day\" data-image-description=\"\" data-image-caption=\"\" data-large-file=\"https:\/\/www.satokangas.fi\/blogi\/wp-content\/uploads\/2018\/06\/Gin-tonic-day.jpg\" class=\"aligncenter size-full wp-image-34175\" src=\"https:\/\/www.satokangas.fi\/blogi\/wp-content\/uploads\/2018\/06\/Gin-tonic-day.jpg\" alt=\"\" width=\"571\" height=\"800\" srcset=\"https:\/\/www.satokangas.fi\/blogi\/wp-content\/uploads\/2018\/06\/Gin-tonic-day.jpg 571w, https:\/\/www.satokangas.fi\/blogi\/wp-content\/uploads\/2018\/06\/Gin-tonic-day-214x300.jpg 214w, https:\/\/www.satokangas.fi\/blogi\/wp-content\/uploads\/2018\/06\/Gin-tonic-day-286x400.jpg 286w\" sizes=\"auto, (max-width: 571px) 100vw, 571px\" \/><\/a><\/p>\n<\/div>\n<p><a href=\"https:\/\/www.satokangas.fi\/blogi\/2018\/06\/mokkilomalle-tupsahdettiin\/kansallinen-saunapaiva-2\/#main\" rel=\"attachment wp-att-34176\"><img loading=\"lazy\" decoding=\"async\" data-attachment-id=\"34176\" data-permalink=\"https:\/\/www.satokangas.fi\/blogi\/2018\/06\/mokkilomalle-tupsahdettiin\/kansallinen-saunapaiva-2\/\" data-orig-file=\"https:\/\/www.satokangas.fi\/blogi\/wp-content\/uploads\/2018\/06\/Kansallinen-saunap\u00e4iv\u00e4-2.jpg\" data-orig-size=\"612,850\" data-comments-opened=\"1\" data-image-meta=\"{&quot;aperture&quot;:&quot;5.6&quot;,&quot;credit&quot;:&quot;&quot;,&quot;camera&quot;:&quot;Canon EOS 5D Mark IV&quot;,&quot;caption&quot;:&quot;&quot;,&quot;created_timestamp&quot;:&quot;1528569929&quot;,&quot;copyright&quot;:&quot;&quot;,&quot;focal_length&quot;:&quot;70&quot;,&quot;iso&quot;:&quot;160&quot;,&quot;shutter_speed&quot;:&quot;0.01&quot;,&quot;title&quot;:&quot;&quot;,&quot;orientation&quot;:&quot;0&quot;}\" data-image-title=\"Kansallinen saunap\u00e4iv\u00e4-2\" data-image-description=\"\" data-image-caption=\"\" data-large-file=\"https:\/\/www.satokangas.fi\/blogi\/wp-content\/uploads\/2018\/06\/Kansallinen-saunap\u00e4iv\u00e4-2.jpg\" class=\"aligncenter size-full wp-image-34176\" src=\"https:\/\/www.satokangas.fi\/blogi\/wp-content\/uploads\/2018\/06\/Kansallinen-saunap\u00e4iv\u00e4-2.jpg\" alt=\"\" width=\"612\" height=\"850\" srcset=\"https:\/\/www.satokangas.fi\/blogi\/wp-content\/uploads\/2018\/06\/Kansallinen-saunap\u00e4iv\u00e4-2.jpg 612w, https:\/\/www.satokangas.fi\/blogi\/wp-content\/uploads\/2018\/06\/Kansallinen-saunap\u00e4iv\u00e4-2-216x300.jpg 216w, https:\/\/www.satokangas.fi\/blogi\/wp-content\/uploads\/2018\/06\/Kansallinen-saunap\u00e4iv\u00e4-2-288x400.jpg 288w\" sizes=\"auto, (max-width: 612px) 100vw, 612px\" \/><\/a><\/p>\n<p>Kovasti koetin olla k\u00e4ytt\u00e4m\u00e4tt\u00e4 vasenta k\u00e4tt\u00e4 ja aika paljon pystyy tekem\u00e4\u00e4n sitenkin. Min\u00e4 j\u00e4in pihapiiriin ja l\u00e4himets\u00e4\u00e4n kun Pehtoori halusi l\u00e4hte\u00e4 iltalenkille, ja otti &#8211; onneksi &#8211; pussin ja puukon mukaan. Palasi parin tunnin p\u00e4\u00e4st\u00e4 muutama korvasienikilo mukanaan. Jihuu. Juhannus ja joulu sek\u00e4 kalaasit t\u00e4lt\u00e4 osin turvattu!<\/p>\n<\/div>\n<\/div>\n<p style=\"text-align: justify;\">Samaan aikaan toisaalta: min\u00e4 &#8221;koristelin&#8221; saunaa, ja muutakin kuvausrekvisiittaa (tulette viel\u00e4 n\u00e4kem\u00e4\u00e4n) ja niit\u00e4 sieni\u00e4kin (l\u00f6yt\u00e4m\u00e4tt\u00e4) hain mets\u00e4st\u00e4. Saunakuvaa mietin jo eilen Oulun torilla ja etsin vihtoja, mutta ei niit\u00e4 ollut.<\/p>\n<p style=\"text-align: justify;\"><a href=\"https:\/\/www.satokangas.fi\/blogi\/2018\/06\/mokkilomalle-tupsahdettiin\/lapin-kesa-5\/#main\" rel=\"attachment wp-att-34177\"><img loading=\"lazy\" decoding=\"async\" class=\"aligncenter size-full wp-image-34177\" src=\"https:\/\/www.satokangas.fi\/blogi\/wp-content\/uploads\/2018\/06\/Lapin-kes\u00e4.jpg\" alt=\"\" width=\"1000\" height=\"667\" \/><\/a><\/p>\n<p style=\"text-align: justify;\">T\u00e4\u00e4ll\u00e4 ei ole koivussa viel\u00e4 lehti ihan t\u00e4ysikokoinen, ja totta puhuen, en osaisi kunnon vihtaa tehd\u00e4k\u00e4\u00e4n. Yli puolivuosisataa sitten Perni\u00f6n pappa yirtti minulle opettaa sen tekemist\u00e4 <a href=\"https:\/\/www.satokangas.fi\/blogi\/2013\/06\/kesa-ja-kesamuistoja\/\" target=\"_blank\" rel=\"noopener\">Nurmij\u00e4rven m\u00f6kill\u00e4<\/a>, ja my\u00f6hemmin is\u00e4kin, mutta enp\u00e4 ole koskaan itse tehnyt. Osaatkos sin\u00e4? Kuinka moni Tuulestatemmatun tekij\u00f6ist\u00e4 osaa tehd\u00e4 hyv\u00e4n vihdan, jossa on kunnon vittaksista punottu varsi?<\/p>\n<p style=\"text-align: justify;\">Tyydyin siis koristelemaan saunan muutoin.<\/p>\n<p>Ja kuinka hyv\u00e4lle se sauna t\u00e4n\u00e4\u00e4nkin tuntui. Ja kuinka hyv\u00e4lle notskimakkara maistui. Ja puron solina kuulosti. Ihan on lomafiilis.<\/p>\n","protected":false},"excerpt":{"rendered":"<p>&#8211;\u00a0 Min\u00e4h\u00e4n en m\u00f6kille l\u00e4hde jos sinne lupaa kylm\u00e4\u00e4 ja vett\u00e4! Niinh\u00e4n min\u00e4 sanoin, ja Pehtoori oli ihan samaa mielt\u00e4. Ja mit\u00e4 n\u00e4ytt\u00e4\u00e4 s\u00e4\u00e4tiedotus? &nbsp; T\u00e4nne me t\u00e4n\u00e4\u00e4n kuitenkin hurautettiin. Kertoo mist\u00e4? &#8211; Oli vain jo p\u00e4\u00e4st\u00e4v\u00e4 t\u00e4nne. Olemaan, liikkumaan ja tekem\u00e4\u00e4n.Ja t\u00e4ytyy nyt sitten vain ajatella, ett\u00e4\u00a0 \u201ds\u00e4\u00e4 on asenne- ja pukeutumiskysymys\u201d. Eik\u00e4 n\u00e4iss\u00e4 arktisissa oloissa ole huolta itikoista, &hellip; <\/p>\n","protected":false},"author":1,"featured_media":0,"comment_status":"open","ping_status":"open","sticky":false,"template":"","format":"standard","meta":{"jetpack_post_was_ever_published":false,"_jetpack_newsletter_access":"","_jetpack_dont_email_post_to_subs":false,"_jetpack_newsletter_tier_id":0,"_jetpack_memberships_contains_paywalled_content":false,"_jetpack_memberships_contains_paid_content":false,"footnotes":"","jetpack_publicize_message":"","jetpack_publicize_feature_enabled":true,"jetpack_social_post_already_shared":true,"jetpack_social_options":{"image_generator_settings":{"template":"highway","default_image_id":0,"font":"","enabled":false},"version":2}},"categories":[15,97,37],"tags":[],"class_list":["post-34173","post","type-post","status-publish","format-standard","hentry","category-lappi","category-mokkielamaa","category-valokuvaus","latest_post"],"jetpack_publicize_connections":[],"jetpack_featured_media_url":"","jetpack_shortlink":"https:\/\/wp.me\/pr4p4-8Tb","jetpack_sharing_enabled":true,"jetpack_likes_enabled":false,"jetpack-related-posts":[{"id":15369,"url":"https:\/\/www.satokangas.fi\/blogi\/2012\/09\/mina-olen-muistanut\/","url_meta":{"origin":34173,"position":0},"title":"Min\u00e4 olen muistanut","author":"Reija","date":"26.9.2012","format":false,"excerpt":"\u00a0 \u00a0 Syksyll\u00e4 1989 soi radiossa usein Kim L\u00f6nnholmin \"Min\u00e4 olen muistanut\". Min\u00e4 muistin sen t\u00e4n\u00e4\u00e4n. \u00a0 Biisi on t\u00e4\u00e4ll\u00e4. Se on viel\u00e4kin niin kaunis. Kyll\u00e4, kyll\u00e4 min\u00e4 t\u00e4\u00e4ll\u00e4 nieleksin.","rel":"","context":"Kategoriassa &quot;Niit\u00e4 n\u00e4it\u00e4&quot;","block_context":{"text":"Niit\u00e4 n\u00e4it\u00e4","link":"https:\/\/www.satokangas.fi\/blogi\/category\/aiheeton\/"},"img":{"alt_text":"","src":"https:\/\/i0.wp.com\/www.satokangas.fi\/blogi\/wp-content\/uploads\/233-451x400.jpg?resize=350%2C200&ssl=1","width":350,"height":200},"classes":[]},{"id":326,"url":"https:\/\/www.satokangas.fi\/blogi\/2008\/01\/osallistunpa-minakin-ekakertalainen\/","url_meta":{"origin":34173,"position":1},"title":"Osallistunpa min\u00e4kin, ekakertalainen","author":"Reija","date":"4.1.2008","format":false,"excerpt":"Ilmaston muutos: uudenvuodenp\u00e4iv\u00e4n\u00e4 t\u00e4ss\u00e4 lapsuudessa luisteltiin. Ei luistella en\u00e4\u00e4. Osallistunpa t\u00e4ll\u00e4 kuvalla nyt eka kertaa Valokuvatorstain haasteeseen.","rel":"","context":"Kategoriassa &quot;Valokuvatorstai&quot;","block_context":{"text":"Valokuvatorstai","link":"https:\/\/www.satokangas.fi\/blogi\/category\/valokuvaus\/valokuvatorstai\/"},"img":{"alt_text":"","src":"","width":0,"height":0},"classes":[]},{"id":16748,"url":"https:\/\/www.satokangas.fi\/blogi\/2013\/03\/etsiva-loytaa\/","url_meta":{"origin":34173,"position":2},"title":"Etsiv\u00e4 l\u00f6yt\u00e4\u00e4","author":"Reija","date":"14.3.2013","format":false,"excerpt":"T\u00f6iss\u00e4: Miss\u00e4 on se eilen aloittamani tiedosto, mill\u00e4 nimell\u00e4 se on tallennettu? Miss\u00e4 on se muuttoliikett\u00e4 k\u00e4sittelev\u00e4 kirja ja j\u00e4tink\u00f6 min\u00e4 oikeasti taas ev\u00e4\u00e4t kotiin? Kotona: Miss\u00e4 on ne valkoiset creme br\u00fblee vuoat? Miss\u00e4 on se toinen vispil\u00e4? Min\u00e4 voisin vannoa ostaneeni tulppaanilautasliinoja! Juuri \u00e4sken n\u00e4in sen limen v\u00e4risen mariskoolin\u2026","rel":"","context":"Kategoriassa &quot;Niit\u00e4 n\u00e4it\u00e4&quot;","block_context":{"text":"Niit\u00e4 n\u00e4it\u00e4","link":"https:\/\/www.satokangas.fi\/blogi\/category\/aiheeton\/"},"img":{"alt_text":"Oulu by night","src":"https:\/\/i0.wp.com\/www.satokangas.fi\/blogi\/wp-content\/uploads\/2013\/03\/Oulu-by-night-600x387.jpg?resize=350%2C200&ssl=1","width":350,"height":200,"srcset":"https:\/\/i0.wp.com\/www.satokangas.fi\/blogi\/wp-content\/uploads\/2013\/03\/Oulu-by-night-600x387.jpg?resize=350%2C200&ssl=1 1x, https:\/\/i0.wp.com\/www.satokangas.fi\/blogi\/wp-content\/uploads\/2013\/03\/Oulu-by-night-600x387.jpg?resize=525%2C300&ssl=1 1.5x"},"classes":[]},{"id":45019,"url":"https:\/\/www.satokangas.fi\/blogi\/2023\/03\/naistenpaivana-kukkia\/","url_meta":{"origin":34173,"position":3},"title":"Naistenp\u00e4iv\u00e4n\u00e4 kukkia","author":"Reija","date":"8.3.2023","format":false,"excerpt":"Naistenp\u00e4iv\u00e4. Nelj\u00e4 vuotta sitten kirjoittelin sen historiallisista juurista jotain.* Kuten ehk\u00e4 aiemminkin olen maininnut, minua hieman \u00e4rsytt\u00e4v\u00e4t mainokset tyyliin: \"Mies! Osta naisellesi kukkia naistenp\u00e4iv\u00e4n kunniaksi ja ker\u00e4\u00e4 pisteet\" tai \"Arvosta vaimoasi muistamalla ruusuilla naistenp\u00e4iv\u00e4n\u00e4...\" Etc. Kyll\u00e4 Pehtoori toi minulle t\u00e4n\u00e4\u00e4n oikein kauniin kimpun, eik\u00e4 minua todellakaan \u00e4rsytt\u00e4nyt. H\u00e4n on tuonut\u2026","rel":"","context":"Kategoriassa &quot;Niit\u00e4 n\u00e4it\u00e4&quot;","block_context":{"text":"Niit\u00e4 n\u00e4it\u00e4","link":"https:\/\/www.satokangas.fi\/blogi\/category\/aiheeton\/"},"img":{"alt_text":"","src":"https:\/\/i0.wp.com\/www.satokangas.fi\/blogi\/wp-content\/uploads\/2012\/12\/jouluruusu.jpg?resize=350%2C200&ssl=1","width":350,"height":200,"srcset":"https:\/\/i0.wp.com\/www.satokangas.fi\/blogi\/wp-content\/uploads\/2012\/12\/jouluruusu.jpg?resize=350%2C200&ssl=1 1x, https:\/\/i0.wp.com\/www.satokangas.fi\/blogi\/wp-content\/uploads\/2012\/12\/jouluruusu.jpg?resize=525%2C300&ssl=1 1.5x, https:\/\/i0.wp.com\/www.satokangas.fi\/blogi\/wp-content\/uploads\/2012\/12\/jouluruusu.jpg?resize=700%2C400&ssl=1 2x, https:\/\/i0.wp.com\/www.satokangas.fi\/blogi\/wp-content\/uploads\/2012\/12\/jouluruusu.jpg?resize=1050%2C600&ssl=1 3x"},"classes":[]},{"id":12979,"url":"https:\/\/www.satokangas.fi\/blogi\/2011\/12\/kaamoksessa\/","url_meta":{"origin":34173,"position":4},"title":"Kaamoksessa","author":"Reija","date":"3.12.2011","format":false,"excerpt":"Joulukuuko? Kaamosko? Lenkill\u00e4 sit\u00e4 oli vaikea uskoa. .. Ja l\u00f6ysinh\u00e4n min\u00e4 ne lukot, joista Katri toissa p\u00e4iv\u00e4n\u00e4 kommentissaan sanoi... Muutoin t\u00e4n\u00e4\u00e4n joululahjapuuhissa. Ihan itse tehden, tiet\u00e4isittep\u00e4! Ja sitten kaksistaan \u00a0kynttil\u00e4p\u00e4iv\u00e4llist\u00e4. :) Niinkin suurta herkkua kuin jauhelihapihvej\u00e4 (savupaprika, maistuihan se, hyv\u00e4lle)\u00a0 ja sieni-tomaattilisuketta. Ei valittamista, vaikka itse sanonkin. Radiossa (el\u00e4k\u00f6\u00f6n Groove)\u2026","rel":"","context":"Kategoriassa &quot;Niit\u00e4 n\u00e4it\u00e4&quot;","block_context":{"text":"Niit\u00e4 n\u00e4it\u00e4","link":"https:\/\/www.satokangas.fi\/blogi\/category\/aiheeton\/"},"img":{"alt_text":"","src":"https:\/\/i0.wp.com\/www.satokangas.fi\/blogi\/wp-content\/uploads\/MG_4803-Large-600x400.jpg?resize=350%2C200&ssl=1","width":350,"height":200,"srcset":"https:\/\/i0.wp.com\/www.satokangas.fi\/blogi\/wp-content\/uploads\/MG_4803-Large-600x400.jpg?resize=350%2C200&ssl=1 1x, https:\/\/i0.wp.com\/www.satokangas.fi\/blogi\/wp-content\/uploads\/MG_4803-Large-600x400.jpg?resize=525%2C300&ssl=1 1.5x"},"classes":[]},{"id":2570,"url":"https:\/\/www.satokangas.fi\/blogi\/2009\/02\/enka-mina-ikina-opi\/","url_meta":{"origin":34173,"position":5},"title":"Enk\u00f6 min\u00e4 ikin\u00e4 opi!","author":"Reija","date":"23.2.2009","format":false,"excerpt":"Olisi osattava olla enemm\u00e4n hiljaa, olisi osattava olla enemm\u00e4n vakavasti otettava opettaja, olisi osattava pysy\u00e4 enemm\u00e4n asiassa, olisi pit\u00e4ydytt\u00e4v\u00e4 tiukasti tieteen tekemisen perusteiden opettamisessa, olisi ennen kaikkea mietitt\u00e4v\u00e4 mit\u00e4 kaikkea sanoo. Olisiko? Luulen niin. Siit\u00e4 huolimatta t\u00e4n\u00e4\u00e4n oli hyv\u00e4 proseminaari-istunto. Minun mielest\u00e4ni. Ja pitk\u00e4st\u00e4 aikaa oli pitk\u00e4 ty\u00f6p\u00e4iv\u00e4. Ja nyt\u2026","rel":"","context":"Kategoriassa &quot;Niit\u00e4 n\u00e4it\u00e4&quot;","block_context":{"text":"Niit\u00e4 n\u00e4it\u00e4","link":"https:\/\/www.satokangas.fi\/blogi\/category\/aiheeton\/"},"img":{"alt_text":"","src":"","width":0,"height":0},"classes":[]}],"_links":{"self":[{"href":"https:\/\/www.satokangas.fi\/blogi\/wp-json\/wp\/v2\/posts\/34173","targetHints":{"allow":["GET"]}}],"collection":[{"href":"https:\/\/www.satokangas.fi\/blogi\/wp-json\/wp\/v2\/posts"}],"about":[{"href":"https:\/\/www.satokangas.fi\/blogi\/wp-json\/wp\/v2\/types\/post"}],"author":[{"embeddable":true,"href":"https:\/\/www.satokangas.fi\/blogi\/wp-json\/wp\/v2\/users\/1"}],"replies":[{"embeddable":true,"href":"https:\/\/www.satokangas.fi\/blogi\/wp-json\/wp\/v2\/comments?post=34173"}],"version-history":[{"count":0,"href":"https:\/\/www.satokangas.fi\/blogi\/wp-json\/wp\/v2\/posts\/34173\/revisions"}],"wp:attachment":[{"href":"https:\/\/www.satokangas.fi\/blogi\/wp-json\/wp\/v2\/media?parent=34173"}],"wp:term":[{"taxonomy":"category","embeddable":true,"href":"https:\/\/www.satokangas.fi\/blogi\/wp-json\/wp\/v2\/categories?post=34173"},{"taxonomy":"post_tag","embeddable":true,"href":"https:\/\/www.satokangas.fi\/blogi\/wp-json\/wp\/v2\/tags?post=34173"}],"curies":[{"name":"wp","href":"https:\/\/api.w.org\/{rel}","templated":true}]}}