{"id":34152,"date":"2018-06-08T20:00:15","date_gmt":"2018-06-08T17:00:15","guid":{"rendered":"https:\/\/www.satokangas.fi\/blogi\/?p=34152"},"modified":"2018-06-09T13:29:21","modified_gmt":"2018-06-09T10:29:21","slug":"kasityotori-ja-perameren-lohi","status":"publish","type":"post","link":"https:\/\/www.satokangas.fi\/blogi\/2018\/06\/kasityotori-ja-perameren-lohi\/","title":{"rendered":"K\u00e4sity\u00f6kortteli ja Per\u00e4meren lohi"},"content":{"rendered":"<p style=\"text-align: justify;\">Vuosi sitten olin Torniossa <a href=\"https:\/\/www.satokangas.fi\/blogi\/2017\/06\/torniossa-tiskaamassa\/\" target=\"_blank\" rel=\"noopener\">kuvaamassa tiskiharjoja<\/a>. Ja eih\u00e4n se mennyt ihan kuten toivoin.<\/p>\n<p style=\"text-align: justify;\">T\u00e4n\u00e4\u00e4n sain tehd\u00e4 mit\u00e4 halusin, tai ainakin melkein. Ja niin tein.<\/p>\n<p style=\"text-align: justify;\">Aamup\u00e4iv\u00e4n kaupunkikierroksella k\u00e4vin my\u00f6s <a href=\"http:\/\/kasityokortteli.fi\/skyt-info\/\" target=\"_blank\" rel=\"noopener\">K\u00e4sity\u00f6torilla<\/a>. Kyll\u00e4 kannatti: kauniita k\u00e4sit\u00f6it\u00e4, hymyilevi\u00e4 naisia tuotteidensa takana, halua jutella ja kertoa k\u00e4sity\u00f6st\u00e4, ja ihan mukavasti asiakkaitakin.<\/p>\n<p style=\"text-align: justify;\"><a href=\"https:\/\/www.satokangas.fi\/blogi\/2018\/06\/kasityotori-ja-perameren-lohi\/kasityotori-ja-kauppahalli-17\/#main\" rel=\"attachment wp-att-34169\"><img loading=\"lazy\" decoding=\"async\" data-attachment-id=\"34169\" data-permalink=\"https:\/\/www.satokangas.fi\/blogi\/2018\/06\/kasityotori-ja-perameren-lohi\/kasityotori-ja-kauppahalli-17\/\" data-orig-file=\"https:\/\/www.satokangas.fi\/blogi\/wp-content\/uploads\/2018\/06\/Kasityotori-ja-Kauppahalli-17.jpg\" data-orig-size=\"1000,681\" data-comments-opened=\"1\" data-image-meta=\"{&quot;aperture&quot;:&quot;5&quot;,&quot;credit&quot;:&quot;&quot;,&quot;camera&quot;:&quot;Canon EOS 5D Mark IV&quot;,&quot;caption&quot;:&quot;&quot;,&quot;created_timestamp&quot;:&quot;1528455245&quot;,&quot;copyright&quot;:&quot;Reija Satokangas&quot;,&quot;focal_length&quot;:&quot;24&quot;,&quot;iso&quot;:&quot;400&quot;,&quot;shutter_speed&quot;:&quot;0.0004&quot;,&quot;title&quot;:&quot;&quot;,&quot;orientation&quot;:&quot;0&quot;}\" data-image-title=\"Kasityotori ja Kauppahalli-17\" data-image-description=\"\" data-image-caption=\"\" data-large-file=\"https:\/\/www.satokangas.fi\/blogi\/wp-content\/uploads\/2018\/06\/Kasityotori-ja-Kauppahalli-17.jpg\" class=\"aligncenter size-large wp-image-34169\" src=\"https:\/\/www.satokangas.fi\/blogi\/wp-content\/uploads\/2018\/06\/Kasityotori-ja-Kauppahalli-17.jpg\" alt=\"\" width=\"1000\" height=\"681\" srcset=\"https:\/\/www.satokangas.fi\/blogi\/wp-content\/uploads\/2018\/06\/Kasityotori-ja-Kauppahalli-17.jpg 1000w, https:\/\/www.satokangas.fi\/blogi\/wp-content\/uploads\/2018\/06\/Kasityotori-ja-Kauppahalli-17-300x204.jpg 300w, https:\/\/www.satokangas.fi\/blogi\/wp-content\/uploads\/2018\/06\/Kasityotori-ja-Kauppahalli-17-587x400.jpg 587w, https:\/\/www.satokangas.fi\/blogi\/wp-content\/uploads\/2018\/06\/Kasityotori-ja-Kauppahalli-17-768x523.jpg 768w\" sizes=\"auto, (max-width: 1000px) 100vw, 1000px\" \/><\/a><\/p>\n<p style=\"text-align: justify;\">Oli vaikea sinnitell\u00e4 ja olla ostamatta yht\u00e4 sun toista, ja kuitenkin mukaan tarttui m\u00f6kille tuliainen <a href=\"http:\/\/www.spirraali.fi\/fi\/\">Spiraalista<\/a> ja kuvausrekvisiitaksi ihania Hannele Rusilan pellavapyyhkeit\u00e4, jotka aikanaan p\u00e4\u00e4ssenev\u00e4t &#8221;oikeaan&#8221; tarkoitukseensakin.<\/p>\n<p style=\"text-align: justify;\"><a href=\"https:\/\/www.satokangas.fi\/blogi\/2018\/06\/kasityotori-ja-perameren-lohi\/kasityotori-ja-kauppahalli-7\/#main\" rel=\"attachment wp-att-34159\"><img loading=\"lazy\" decoding=\"async\" data-attachment-id=\"34159\" data-permalink=\"https:\/\/www.satokangas.fi\/blogi\/2018\/06\/kasityotori-ja-perameren-lohi\/kasityotori-ja-kauppahalli-7\/\" data-orig-file=\"https:\/\/www.satokangas.fi\/blogi\/wp-content\/uploads\/2018\/06\/Kasityotori-ja-Kauppahalli-7.jpg\" data-orig-size=\"756,1000\" data-comments-opened=\"1\" data-image-meta=\"{&quot;aperture&quot;:&quot;5.6&quot;,&quot;credit&quot;:&quot;&quot;,&quot;camera&quot;:&quot;Canon EOS 5D Mark IV&quot;,&quot;caption&quot;:&quot;&quot;,&quot;created_timestamp&quot;:&quot;1528453502&quot;,&quot;copyright&quot;:&quot;Reija Satokangas&quot;,&quot;focal_length&quot;:&quot;82&quot;,&quot;iso&quot;:&quot;640&quot;,&quot;shutter_speed&quot;:&quot;0.001&quot;,&quot;title&quot;:&quot;&quot;,&quot;orientation&quot;:&quot;0&quot;}\" data-image-title=\"Kasityotori ja Kauppahalli-7\" data-image-description=\"\" data-image-caption=\"\" data-large-file=\"https:\/\/www.satokangas.fi\/blogi\/wp-content\/uploads\/2018\/06\/Kasityotori-ja-Kauppahalli-7.jpg\" class=\"aligncenter size-large wp-image-34159\" src=\"https:\/\/www.satokangas.fi\/blogi\/wp-content\/uploads\/2018\/06\/Kasityotori-ja-Kauppahalli-7.jpg\" alt=\"\" width=\"756\" height=\"1000\" srcset=\"https:\/\/www.satokangas.fi\/blogi\/wp-content\/uploads\/2018\/06\/Kasityotori-ja-Kauppahalli-7.jpg 756w, https:\/\/www.satokangas.fi\/blogi\/wp-content\/uploads\/2018\/06\/Kasityotori-ja-Kauppahalli-7-227x300.jpg 227w, https:\/\/www.satokangas.fi\/blogi\/wp-content\/uploads\/2018\/06\/Kasityotori-ja-Kauppahalli-7-302x400.jpg 302w\" sizes=\"auto, (max-width: 756px) 100vw, 756px\" \/><\/a><\/p>\n<p style=\"text-align: center;\">M\u00f6kkituliainen l\u00f6ytyi t\u00e4\u00e4lt\u00e4. Laitan kuvan perilt\u00e4 ensi viikolla&#8230;<\/p>\n<p style=\"text-align: justify;\"><a href=\"https:\/\/www.satokangas.fi\/blogi\/2018\/06\/kasityotori-ja-perameren-lohi\/kasityotori-ja-kauppahalli\/#main\" rel=\"attachment wp-att-34153\"><img loading=\"lazy\" decoding=\"async\" data-attachment-id=\"34153\" data-permalink=\"https:\/\/www.satokangas.fi\/blogi\/2018\/06\/kasityotori-ja-perameren-lohi\/kasityotori-ja-kauppahalli\/\" data-orig-file=\"https:\/\/www.satokangas.fi\/blogi\/wp-content\/uploads\/2018\/06\/Kasityotori-ja-Kauppahalli.jpg\" data-orig-size=\"714,1000\" data-comments-opened=\"1\" data-image-meta=\"{&quot;aperture&quot;:&quot;5&quot;,&quot;credit&quot;:&quot;&quot;,&quot;camera&quot;:&quot;Canon EOS 5D Mark IV&quot;,&quot;caption&quot;:&quot;&quot;,&quot;created_timestamp&quot;:&quot;1528452797&quot;,&quot;copyright&quot;:&quot;Reija Satokangas&quot;,&quot;focal_length&quot;:&quot;32&quot;,&quot;iso&quot;:&quot;400&quot;,&quot;shutter_speed&quot;:&quot;0.0003125&quot;,&quot;title&quot;:&quot;&quot;,&quot;orientation&quot;:&quot;0&quot;}\" data-image-title=\"Kasityotori ja Kauppahalli\" data-image-description=\"\" data-image-caption=\"\" data-large-file=\"https:\/\/www.satokangas.fi\/blogi\/wp-content\/uploads\/2018\/06\/Kasityotori-ja-Kauppahalli.jpg\" class=\"aligncenter size-full wp-image-34153\" src=\"https:\/\/www.satokangas.fi\/blogi\/wp-content\/uploads\/2018\/06\/Kasityotori-ja-Kauppahalli.jpg\" alt=\"\" width=\"714\" height=\"1000\" srcset=\"https:\/\/www.satokangas.fi\/blogi\/wp-content\/uploads\/2018\/06\/Kasityotori-ja-Kauppahalli.jpg 714w, https:\/\/www.satokangas.fi\/blogi\/wp-content\/uploads\/2018\/06\/Kasityotori-ja-Kauppahalli-214x300.jpg 214w, https:\/\/www.satokangas.fi\/blogi\/wp-content\/uploads\/2018\/06\/Kasityotori-ja-Kauppahalli-286x400.jpg 286w\" sizes=\"auto, (max-width: 714px) 100vw, 714px\" \/><\/a><\/p>\n<p style=\"text-align: justify;\"><a href=\"https:\/\/www.satokangas.fi\/blogi\/2018\/06\/kasityotori-ja-perameren-lohi\/kasityotori-ja-kauppahalli-2\/#main\" rel=\"attachment wp-att-34154\"><img loading=\"lazy\" decoding=\"async\" data-attachment-id=\"34154\" data-permalink=\"https:\/\/www.satokangas.fi\/blogi\/2018\/06\/kasityotori-ja-perameren-lohi\/kasityotori-ja-kauppahalli-2\/\" data-orig-file=\"https:\/\/www.satokangas.fi\/blogi\/wp-content\/uploads\/2018\/06\/Kasityotori-ja-Kauppahalli-2.jpg\" data-orig-size=\"1000,873\" data-comments-opened=\"1\" data-image-meta=\"{&quot;aperture&quot;:&quot;5&quot;,&quot;credit&quot;:&quot;&quot;,&quot;camera&quot;:&quot;Canon EOS 5D Mark IV&quot;,&quot;caption&quot;:&quot;&quot;,&quot;created_timestamp&quot;:&quot;1528452811&quot;,&quot;copyright&quot;:&quot;Reija Satokangas&quot;,&quot;focal_length&quot;:&quot;32&quot;,&quot;iso&quot;:&quot;400&quot;,&quot;shutter_speed&quot;:&quot;0.0005&quot;,&quot;title&quot;:&quot;&quot;,&quot;orientation&quot;:&quot;0&quot;}\" data-image-title=\"Kasityotori ja Kauppahalli-2\" data-image-description=\"\" data-image-caption=\"\" data-large-file=\"https:\/\/www.satokangas.fi\/blogi\/wp-content\/uploads\/2018\/06\/Kasityotori-ja-Kauppahalli-2.jpg\" class=\"aligncenter size-large wp-image-34154\" src=\"https:\/\/www.satokangas.fi\/blogi\/wp-content\/uploads\/2018\/06\/Kasityotori-ja-Kauppahalli-2.jpg\" alt=\"\" width=\"1000\" height=\"873\" srcset=\"https:\/\/www.satokangas.fi\/blogi\/wp-content\/uploads\/2018\/06\/Kasityotori-ja-Kauppahalli-2.jpg 1000w, https:\/\/www.satokangas.fi\/blogi\/wp-content\/uploads\/2018\/06\/Kasityotori-ja-Kauppahalli-2-300x262.jpg 300w, https:\/\/www.satokangas.fi\/blogi\/wp-content\/uploads\/2018\/06\/Kasityotori-ja-Kauppahalli-2-458x400.jpg 458w, https:\/\/www.satokangas.fi\/blogi\/wp-content\/uploads\/2018\/06\/Kasityotori-ja-Kauppahalli-2-768x670.jpg 768w\" sizes=\"auto, (max-width: 1000px) 100vw, 1000px\" \/><\/a><\/p>\n<p style=\"text-align: justify;\"><a href=\"https:\/\/www.satokangas.fi\/blogi\/2018\/06\/kasityotori-ja-perameren-lohi\/kasityotori-ja-kauppahalli-3\/#main\" rel=\"attachment wp-att-34155\"><img loading=\"lazy\" decoding=\"async\" data-attachment-id=\"34155\" data-permalink=\"https:\/\/www.satokangas.fi\/blogi\/2018\/06\/kasityotori-ja-perameren-lohi\/kasityotori-ja-kauppahalli-3\/\" data-orig-file=\"https:\/\/www.satokangas.fi\/blogi\/wp-content\/uploads\/2018\/06\/Kasityotori-ja-Kauppahalli-3.jpg\" data-orig-size=\"1000,830\" data-comments-opened=\"1\" data-image-meta=\"{&quot;aperture&quot;:&quot;5&quot;,&quot;credit&quot;:&quot;&quot;,&quot;camera&quot;:&quot;Canon EOS 5D Mark IV&quot;,&quot;caption&quot;:&quot;&quot;,&quot;created_timestamp&quot;:&quot;1528452817&quot;,&quot;copyright&quot;:&quot;Reija Satokangas&quot;,&quot;focal_length&quot;:&quot;24&quot;,&quot;iso&quot;:&quot;400&quot;,&quot;shutter_speed&quot;:&quot;0.000625&quot;,&quot;title&quot;:&quot;&quot;,&quot;orientation&quot;:&quot;0&quot;}\" data-image-title=\"Kasityotori ja Kauppahalli-3\" data-image-description=\"\" data-image-caption=\"\" data-large-file=\"https:\/\/www.satokangas.fi\/blogi\/wp-content\/uploads\/2018\/06\/Kasityotori-ja-Kauppahalli-3.jpg\" class=\"aligncenter size-large wp-image-34155\" src=\"https:\/\/www.satokangas.fi\/blogi\/wp-content\/uploads\/2018\/06\/Kasityotori-ja-Kauppahalli-3.jpg\" alt=\"\" width=\"1000\" height=\"830\" srcset=\"https:\/\/www.satokangas.fi\/blogi\/wp-content\/uploads\/2018\/06\/Kasityotori-ja-Kauppahalli-3.jpg 1000w, https:\/\/www.satokangas.fi\/blogi\/wp-content\/uploads\/2018\/06\/Kasityotori-ja-Kauppahalli-3-300x249.jpg 300w, https:\/\/www.satokangas.fi\/blogi\/wp-content\/uploads\/2018\/06\/Kasityotori-ja-Kauppahalli-3-482x400.jpg 482w, https:\/\/www.satokangas.fi\/blogi\/wp-content\/uploads\/2018\/06\/Kasityotori-ja-Kauppahalli-3-768x637.jpg 768w\" sizes=\"auto, (max-width: 1000px) 100vw, 1000px\" \/><\/a><\/p>\n<p style=\"text-align: center;\">T\u00e4m\u00e4n vuoden Kalaasien teemana on keskiaika (viime kes\u00e4n Visbyn keskiaikamarkkinoiden seurauksena) ja kyll\u00e4 t\u00e4m\u00e4 p\u00f6yt\u00e4 houkutti &#8230;<\/p>\n<p style=\"text-align: justify;\"><a href=\"https:\/\/www.satokangas.fi\/blogi\/2018\/06\/kasityotori-ja-perameren-lohi\/kasityotori-ja-kauppahalli-4\/#main\" rel=\"attachment wp-att-34156\"><img loading=\"lazy\" decoding=\"async\" data-attachment-id=\"34156\" data-permalink=\"https:\/\/www.satokangas.fi\/blogi\/2018\/06\/kasityotori-ja-perameren-lohi\/kasityotori-ja-kauppahalli-4\/\" data-orig-file=\"https:\/\/www.satokangas.fi\/blogi\/wp-content\/uploads\/2018\/06\/Kasityotori-ja-Kauppahalli-4.jpg\" data-orig-size=\"821,1000\" data-comments-opened=\"1\" data-image-meta=\"{&quot;aperture&quot;:&quot;5&quot;,&quot;credit&quot;:&quot;&quot;,&quot;camera&quot;:&quot;Canon EOS 5D Mark IV&quot;,&quot;caption&quot;:&quot;&quot;,&quot;created_timestamp&quot;:&quot;1528452876&quot;,&quot;copyright&quot;:&quot;Reija Satokangas&quot;,&quot;focal_length&quot;:&quot;47&quot;,&quot;iso&quot;:&quot;400&quot;,&quot;shutter_speed&quot;:&quot;0.0015625&quot;,&quot;title&quot;:&quot;&quot;,&quot;orientation&quot;:&quot;0&quot;}\" data-image-title=\"Kasityotori ja Kauppahalli-4\" data-image-description=\"\" data-image-caption=\"\" data-large-file=\"https:\/\/www.satokangas.fi\/blogi\/wp-content\/uploads\/2018\/06\/Kasityotori-ja-Kauppahalli-4.jpg\" class=\"aligncenter size-large wp-image-34156\" src=\"https:\/\/www.satokangas.fi\/blogi\/wp-content\/uploads\/2018\/06\/Kasityotori-ja-Kauppahalli-4.jpg\" alt=\"\" width=\"821\" height=\"1000\" srcset=\"https:\/\/www.satokangas.fi\/blogi\/wp-content\/uploads\/2018\/06\/Kasityotori-ja-Kauppahalli-4.jpg 821w, https:\/\/www.satokangas.fi\/blogi\/wp-content\/uploads\/2018\/06\/Kasityotori-ja-Kauppahalli-4-246x300.jpg 246w, https:\/\/www.satokangas.fi\/blogi\/wp-content\/uploads\/2018\/06\/Kasityotori-ja-Kauppahalli-4-328x400.jpg 328w, https:\/\/www.satokangas.fi\/blogi\/wp-content\/uploads\/2018\/06\/Kasityotori-ja-Kauppahalli-4-768x935.jpg 768w\" sizes=\"auto, (max-width: 821px) 100vw, 821px\" \/><\/a><\/p>\n<p style=\"text-align: center;\">Koruja, v\u00e4reist\u00e4 ja kierr\u00e4tysmateriaaleista,\u00a0 oli vaikka ja kuinka paljon.<\/p>\n<p style=\"text-align: justify;\"><a href=\"https:\/\/www.satokangas.fi\/blogi\/2018\/06\/kasityotori-ja-perameren-lohi\/kasityotori-ja-kauppahalli-5\/#main\" rel=\"attachment wp-att-34157\"><img loading=\"lazy\" decoding=\"async\" data-attachment-id=\"34157\" data-permalink=\"https:\/\/www.satokangas.fi\/blogi\/2018\/06\/kasityotori-ja-perameren-lohi\/kasityotori-ja-kauppahalli-5\/\" data-orig-file=\"https:\/\/www.satokangas.fi\/blogi\/wp-content\/uploads\/2018\/06\/Kasityotori-ja-Kauppahalli-5.jpg\" data-orig-size=\"1000,579\" data-comments-opened=\"1\" data-image-meta=\"{&quot;aperture&quot;:&quot;5&quot;,&quot;credit&quot;:&quot;&quot;,&quot;camera&quot;:&quot;Canon EOS 5D Mark IV&quot;,&quot;caption&quot;:&quot;&quot;,&quot;created_timestamp&quot;:&quot;1528452914&quot;,&quot;copyright&quot;:&quot;Reija Satokangas&quot;,&quot;focal_length&quot;:&quot;35&quot;,&quot;iso&quot;:&quot;400&quot;,&quot;shutter_speed&quot;:&quot;0.002&quot;,&quot;title&quot;:&quot;&quot;,&quot;orientation&quot;:&quot;0&quot;}\" data-image-title=\"Kasityotori ja Kauppahalli-5\" data-image-description=\"\" data-image-caption=\"\" data-large-file=\"https:\/\/www.satokangas.fi\/blogi\/wp-content\/uploads\/2018\/06\/Kasityotori-ja-Kauppahalli-5.jpg\" class=\"aligncenter size-large wp-image-34157\" src=\"https:\/\/www.satokangas.fi\/blogi\/wp-content\/uploads\/2018\/06\/Kasityotori-ja-Kauppahalli-5.jpg\" alt=\"\" width=\"1000\" height=\"579\" srcset=\"https:\/\/www.satokangas.fi\/blogi\/wp-content\/uploads\/2018\/06\/Kasityotori-ja-Kauppahalli-5.jpg 1000w, https:\/\/www.satokangas.fi\/blogi\/wp-content\/uploads\/2018\/06\/Kasityotori-ja-Kauppahalli-5-300x174.jpg 300w, https:\/\/www.satokangas.fi\/blogi\/wp-content\/uploads\/2018\/06\/Kasityotori-ja-Kauppahalli-5-691x400.jpg 691w, https:\/\/www.satokangas.fi\/blogi\/wp-content\/uploads\/2018\/06\/Kasityotori-ja-Kauppahalli-5-768x445.jpg 768w\" sizes=\"auto, (max-width: 1000px) 100vw, 1000px\" \/><\/a><\/p>\n<p style=\"text-align: justify;\"><a href=\"https:\/\/www.satokangas.fi\/blogi\/2018\/06\/kasityotori-ja-perameren-lohi\/kasityotori-ja-kauppahalli-6\/#main\" rel=\"attachment wp-att-34158\"><img loading=\"lazy\" decoding=\"async\" data-attachment-id=\"34158\" data-permalink=\"https:\/\/www.satokangas.fi\/blogi\/2018\/06\/kasityotori-ja-perameren-lohi\/kasityotori-ja-kauppahalli-6\/\" data-orig-file=\"https:\/\/www.satokangas.fi\/blogi\/wp-content\/uploads\/2018\/06\/Kasityotori-ja-Kauppahalli-6.jpg\" data-orig-size=\"1000,707\" data-comments-opened=\"1\" data-image-meta=\"{&quot;aperture&quot;:&quot;5&quot;,&quot;credit&quot;:&quot;&quot;,&quot;camera&quot;:&quot;Canon EOS 5D Mark IV&quot;,&quot;caption&quot;:&quot;&quot;,&quot;created_timestamp&quot;:&quot;1528453037&quot;,&quot;copyright&quot;:&quot;Reija Satokangas&quot;,&quot;focal_length&quot;:&quot;24&quot;,&quot;iso&quot;:&quot;400&quot;,&quot;shutter_speed&quot;:&quot;0.0002&quot;,&quot;title&quot;:&quot;&quot;,&quot;orientation&quot;:&quot;0&quot;}\" data-image-title=\"Kasityotori ja Kauppahalli-6\" data-image-description=\"\" data-image-caption=\"\" data-large-file=\"https:\/\/www.satokangas.fi\/blogi\/wp-content\/uploads\/2018\/06\/Kasityotori-ja-Kauppahalli-6.jpg\" class=\"aligncenter size-large wp-image-34158\" src=\"https:\/\/www.satokangas.fi\/blogi\/wp-content\/uploads\/2018\/06\/Kasityotori-ja-Kauppahalli-6.jpg\" alt=\"\" width=\"1000\" height=\"707\" srcset=\"https:\/\/www.satokangas.fi\/blogi\/wp-content\/uploads\/2018\/06\/Kasityotori-ja-Kauppahalli-6.jpg 1000w, https:\/\/www.satokangas.fi\/blogi\/wp-content\/uploads\/2018\/06\/Kasityotori-ja-Kauppahalli-6-300x212.jpg 300w, https:\/\/www.satokangas.fi\/blogi\/wp-content\/uploads\/2018\/06\/Kasityotori-ja-Kauppahalli-6-566x400.jpg 566w, https:\/\/www.satokangas.fi\/blogi\/wp-content\/uploads\/2018\/06\/Kasityotori-ja-Kauppahalli-6-768x543.jpg 768w\" sizes=\"auto, (max-width: 1000px) 100vw, 1000px\" \/><\/a><\/p>\n<p style=\"text-align: center;\">Minusta kun ei kuitenkaan kukkahattut\u00e4diksi ole, niin olkihattu voisi olla kiva.\u00a0 \ud83d\ude42<\/p>\n<p style=\"text-align: justify;\"><a href=\"https:\/\/www.satokangas.fi\/blogi\/2018\/06\/kasityotori-ja-perameren-lohi\/kasityotori-ja-kauppahalli-8\/#main\" rel=\"attachment wp-att-34160\"><img loading=\"lazy\" decoding=\"async\" data-attachment-id=\"34160\" data-permalink=\"https:\/\/www.satokangas.fi\/blogi\/2018\/06\/kasityotori-ja-perameren-lohi\/kasityotori-ja-kauppahalli-8\/\" data-orig-file=\"https:\/\/www.satokangas.fi\/blogi\/wp-content\/uploads\/2018\/06\/Kasityotori-ja-Kauppahalli-8.jpg\" data-orig-size=\"1000,594\" data-comments-opened=\"1\" data-image-meta=\"{&quot;aperture&quot;:&quot;5.6&quot;,&quot;credit&quot;:&quot;&quot;,&quot;camera&quot;:&quot;Canon EOS 5D Mark IV&quot;,&quot;caption&quot;:&quot;&quot;,&quot;created_timestamp&quot;:&quot;1528453541&quot;,&quot;copyright&quot;:&quot;Reija Satokangas&quot;,&quot;focal_length&quot;:&quot;28&quot;,&quot;iso&quot;:&quot;1000&quot;,&quot;shutter_speed&quot;:&quot;0.000125&quot;,&quot;title&quot;:&quot;&quot;,&quot;orientation&quot;:&quot;0&quot;}\" data-image-title=\"Kasityotori ja Kauppahalli-8\" data-image-description=\"\" data-image-caption=\"\" data-large-file=\"https:\/\/www.satokangas.fi\/blogi\/wp-content\/uploads\/2018\/06\/Kasityotori-ja-Kauppahalli-8.jpg\" class=\"aligncenter size-large wp-image-34160\" src=\"https:\/\/www.satokangas.fi\/blogi\/wp-content\/uploads\/2018\/06\/Kasityotori-ja-Kauppahalli-8.jpg\" alt=\"\" width=\"1000\" height=\"594\" srcset=\"https:\/\/www.satokangas.fi\/blogi\/wp-content\/uploads\/2018\/06\/Kasityotori-ja-Kauppahalli-8.jpg 1000w, https:\/\/www.satokangas.fi\/blogi\/wp-content\/uploads\/2018\/06\/Kasityotori-ja-Kauppahalli-8-300x178.jpg 300w, https:\/\/www.satokangas.fi\/blogi\/wp-content\/uploads\/2018\/06\/Kasityotori-ja-Kauppahalli-8-673x400.jpg 673w, https:\/\/www.satokangas.fi\/blogi\/wp-content\/uploads\/2018\/06\/Kasityotori-ja-Kauppahalli-8-768x456.jpg 768w\" sizes=\"auto, (max-width: 1000px) 100vw, 1000px\" \/><\/a><\/p>\n<p style=\"text-align: justify;\">V\u00e4riterapiaa pellavasta ja retrohengess\u00e4, vaikka ja miten paljon oli tarjolla.<\/p>\n<p style=\"text-align: justify;\"><a href=\"https:\/\/www.satokangas.fi\/blogi\/2018\/06\/kasityotori-ja-perameren-lohi\/kasityotori-ja-kauppahalli-9\/#main\" rel=\"attachment wp-att-34161\"><img loading=\"lazy\" decoding=\"async\" data-attachment-id=\"34161\" data-permalink=\"https:\/\/www.satokangas.fi\/blogi\/2018\/06\/kasityotori-ja-perameren-lohi\/kasityotori-ja-kauppahalli-9\/\" data-orig-file=\"https:\/\/www.satokangas.fi\/blogi\/wp-content\/uploads\/2018\/06\/Kasityotori-ja-Kauppahalli-9.jpg\" data-orig-size=\"1000,672\" data-comments-opened=\"1\" data-image-meta=\"{&quot;aperture&quot;:&quot;5.6&quot;,&quot;credit&quot;:&quot;&quot;,&quot;camera&quot;:&quot;Canon EOS 5D Mark IV&quot;,&quot;caption&quot;:&quot;&quot;,&quot;created_timestamp&quot;:&quot;1528453575&quot;,&quot;copyright&quot;:&quot;Reija Satokangas&quot;,&quot;focal_length&quot;:&quot;24&quot;,&quot;iso&quot;:&quot;1000&quot;,&quot;shutter_speed&quot;:&quot;0.00025&quot;,&quot;title&quot;:&quot;&quot;,&quot;orientation&quot;:&quot;0&quot;}\" data-image-title=\"Kasityotori ja Kauppahalli-9\" data-image-description=\"\" data-image-caption=\"\" data-large-file=\"https:\/\/www.satokangas.fi\/blogi\/wp-content\/uploads\/2018\/06\/Kasityotori-ja-Kauppahalli-9.jpg\" class=\"aligncenter size-large wp-image-34161\" src=\"https:\/\/www.satokangas.fi\/blogi\/wp-content\/uploads\/2018\/06\/Kasityotori-ja-Kauppahalli-9.jpg\" alt=\"\" width=\"1000\" height=\"672\" srcset=\"https:\/\/www.satokangas.fi\/blogi\/wp-content\/uploads\/2018\/06\/Kasityotori-ja-Kauppahalli-9.jpg 1000w, https:\/\/www.satokangas.fi\/blogi\/wp-content\/uploads\/2018\/06\/Kasityotori-ja-Kauppahalli-9-300x202.jpg 300w, https:\/\/www.satokangas.fi\/blogi\/wp-content\/uploads\/2018\/06\/Kasityotori-ja-Kauppahalli-9-595x400.jpg 595w, https:\/\/www.satokangas.fi\/blogi\/wp-content\/uploads\/2018\/06\/Kasityotori-ja-Kauppahalli-9-768x516.jpg 768w\" sizes=\"auto, (max-width: 1000px) 100vw, 1000px\" \/><\/a><\/p>\n<p style=\"text-align: justify;\"><a href=\"https:\/\/www.satokangas.fi\/blogi\/2018\/06\/kasityotori-ja-perameren-lohi\/kasityotori-ja-kauppahalli-10\/#main\" rel=\"attachment wp-att-34162\"><img loading=\"lazy\" decoding=\"async\" data-attachment-id=\"34162\" data-permalink=\"https:\/\/www.satokangas.fi\/blogi\/2018\/06\/kasityotori-ja-perameren-lohi\/kasityotori-ja-kauppahalli-10\/\" data-orig-file=\"https:\/\/www.satokangas.fi\/blogi\/wp-content\/uploads\/2018\/06\/Kasityotori-ja-Kauppahalli-10.jpg\" data-orig-size=\"1000,731\" data-comments-opened=\"1\" data-image-meta=\"{&quot;aperture&quot;:&quot;5.6&quot;,&quot;credit&quot;:&quot;&quot;,&quot;camera&quot;:&quot;Canon EOS 5D Mark IV&quot;,&quot;caption&quot;:&quot;&quot;,&quot;created_timestamp&quot;:&quot;1528453621&quot;,&quot;copyright&quot;:&quot;Reija Satokangas&quot;,&quot;focal_length&quot;:&quot;60&quot;,&quot;iso&quot;:&quot;640&quot;,&quot;shutter_speed&quot;:&quot;0.001&quot;,&quot;title&quot;:&quot;&quot;,&quot;orientation&quot;:&quot;0&quot;}\" data-image-title=\"Kasityotori ja Kauppahalli-10\" data-image-description=\"\" data-image-caption=\"\" data-large-file=\"https:\/\/www.satokangas.fi\/blogi\/wp-content\/uploads\/2018\/06\/Kasityotori-ja-Kauppahalli-10.jpg\" class=\"aligncenter size-large wp-image-34162\" src=\"https:\/\/www.satokangas.fi\/blogi\/wp-content\/uploads\/2018\/06\/Kasityotori-ja-Kauppahalli-10.jpg\" alt=\"\" width=\"1000\" height=\"731\" srcset=\"https:\/\/www.satokangas.fi\/blogi\/wp-content\/uploads\/2018\/06\/Kasityotori-ja-Kauppahalli-10.jpg 1000w, https:\/\/www.satokangas.fi\/blogi\/wp-content\/uploads\/2018\/06\/Kasityotori-ja-Kauppahalli-10-300x219.jpg 300w, https:\/\/www.satokangas.fi\/blogi\/wp-content\/uploads\/2018\/06\/Kasityotori-ja-Kauppahalli-10-547x400.jpg 547w, https:\/\/www.satokangas.fi\/blogi\/wp-content\/uploads\/2018\/06\/Kasityotori-ja-Kauppahalli-10-768x561.jpg 768w\" sizes=\"auto, (max-width: 1000px) 100vw, 1000px\" \/><\/a><\/p>\n<p style=\"text-align: justify;\"><a href=\"https:\/\/www.satokangas.fi\/blogi\/2018\/06\/kasityotori-ja-perameren-lohi\/kasityotori-ja-kauppahalli-11\/#main\" rel=\"attachment wp-att-34163\"><img loading=\"lazy\" decoding=\"async\" data-attachment-id=\"34163\" data-permalink=\"https:\/\/www.satokangas.fi\/blogi\/2018\/06\/kasityotori-ja-perameren-lohi\/kasityotori-ja-kauppahalli-11\/\" data-orig-file=\"https:\/\/www.satokangas.fi\/blogi\/wp-content\/uploads\/2018\/06\/Kasityotori-ja-Kauppahalli-11.jpg\" data-orig-size=\"1000,478\" data-comments-opened=\"1\" data-image-meta=\"{&quot;aperture&quot;:&quot;7.1&quot;,&quot;credit&quot;:&quot;&quot;,&quot;camera&quot;:&quot;Canon EOS 5D Mark IV&quot;,&quot;caption&quot;:&quot;&quot;,&quot;created_timestamp&quot;:&quot;1528453676&quot;,&quot;copyright&quot;:&quot;Reija Satokangas&quot;,&quot;focal_length&quot;:&quot;24&quot;,&quot;iso&quot;:&quot;500&quot;,&quot;shutter_speed&quot;:&quot;0.000625&quot;,&quot;title&quot;:&quot;&quot;,&quot;orientation&quot;:&quot;0&quot;}\" data-image-title=\"Kasityotori ja Kauppahalli-11\" data-image-description=\"\" data-image-caption=\"\" data-large-file=\"https:\/\/www.satokangas.fi\/blogi\/wp-content\/uploads\/2018\/06\/Kasityotori-ja-Kauppahalli-11.jpg\" class=\"aligncenter size-large wp-image-34163\" src=\"https:\/\/www.satokangas.fi\/blogi\/wp-content\/uploads\/2018\/06\/Kasityotori-ja-Kauppahalli-11.jpg\" alt=\"\" width=\"1000\" height=\"478\" srcset=\"https:\/\/www.satokangas.fi\/blogi\/wp-content\/uploads\/2018\/06\/Kasityotori-ja-Kauppahalli-11.jpg 1000w, https:\/\/www.satokangas.fi\/blogi\/wp-content\/uploads\/2018\/06\/Kasityotori-ja-Kauppahalli-11-300x143.jpg 300w, https:\/\/www.satokangas.fi\/blogi\/wp-content\/uploads\/2018\/06\/Kasityotori-ja-Kauppahalli-11-800x382.jpg 800w, https:\/\/www.satokangas.fi\/blogi\/wp-content\/uploads\/2018\/06\/Kasityotori-ja-Kauppahalli-11-768x367.jpg 768w\" sizes=\"auto, (max-width: 1000px) 100vw, 1000px\" \/><\/a><\/p>\n<p style=\"text-align: justify;\">Kunhan tovin olin tuolla kierrellyt kuvailemassa ja rupattelemassa, oli aika siirty\u00e4 asiaan. \ud83d\ude09\u00a0 Tai siis ruoanhankintaan. Ja mihink\u00e4s muualle kuin Kauppahalliin.<\/p>\n<p style=\"text-align: justify;\"><a href=\"https:\/\/www.satokangas.fi\/blogi\/2018\/06\/kasityotori-ja-perameren-lohi\/kasityotori-ja-kauppahalli-16\/#main\" rel=\"attachment wp-att-34168\"><img loading=\"lazy\" decoding=\"async\" data-attachment-id=\"34168\" data-permalink=\"https:\/\/www.satokangas.fi\/blogi\/2018\/06\/kasityotori-ja-perameren-lohi\/kasityotori-ja-kauppahalli-16\/\" data-orig-file=\"https:\/\/www.satokangas.fi\/blogi\/wp-content\/uploads\/2018\/06\/Kasityotori-ja-Kauppahalli-16.jpg\" data-orig-size=\"1000,691\" data-comments-opened=\"1\" data-image-meta=\"{&quot;aperture&quot;:&quot;7.1&quot;,&quot;credit&quot;:&quot;&quot;,&quot;camera&quot;:&quot;Canon EOS 5D Mark IV&quot;,&quot;caption&quot;:&quot;&quot;,&quot;created_timestamp&quot;:&quot;1528455092&quot;,&quot;copyright&quot;:&quot;Reija Satokangas&quot;,&quot;focal_length&quot;:&quot;24&quot;,&quot;iso&quot;:&quot;640&quot;,&quot;shutter_speed&quot;:&quot;0.001&quot;,&quot;title&quot;:&quot;&quot;,&quot;orientation&quot;:&quot;0&quot;}\" data-image-title=\"Kasityotori ja Kauppahalli-16\" data-image-description=\"\" data-image-caption=\"\" data-large-file=\"https:\/\/www.satokangas.fi\/blogi\/wp-content\/uploads\/2018\/06\/Kasityotori-ja-Kauppahalli-16.jpg\" class=\"aligncenter size-full wp-image-34168\" src=\"https:\/\/www.satokangas.fi\/blogi\/wp-content\/uploads\/2018\/06\/Kasityotori-ja-Kauppahalli-16.jpg\" alt=\"\" width=\"1000\" height=\"691\" srcset=\"https:\/\/www.satokangas.fi\/blogi\/wp-content\/uploads\/2018\/06\/Kasityotori-ja-Kauppahalli-16.jpg 1000w, https:\/\/www.satokangas.fi\/blogi\/wp-content\/uploads\/2018\/06\/Kasityotori-ja-Kauppahalli-16-300x207.jpg 300w, https:\/\/www.satokangas.fi\/blogi\/wp-content\/uploads\/2018\/06\/Kasityotori-ja-Kauppahalli-16-579x400.jpg 579w, https:\/\/www.satokangas.fi\/blogi\/wp-content\/uploads\/2018\/06\/Kasityotori-ja-Kauppahalli-16-768x531.jpg 768w\" sizes=\"auto, (max-width: 1000px) 100vw, 1000px\" \/><\/a><\/p>\n<p style=\"text-align: justify;\">Toki siell\u00e4 k\u00e4yn (nykyisin) ymp\u00e4ri vuoden, Pehtoori viel\u00e4 useammin, mutta kyll\u00e4 se on ainakin kes\u00e4-viikonloppu-ruoka-ostospaikka. Ja tuntuu, kun sen remontti on syksyll\u00e4 tulossa, ja vuoden kest\u00e4v\u00e4n remontin j\u00e4lkeinen tulevaisuus ihan pimennossa, ett\u00e4 nyt on entist\u00e4kin t\u00e4rke\u00e4mp\u00e4\u00e4 k\u00e4yd\u00e4. On oululaisten ja turistien aika osoittaa hallin toiminnan tja jatkuvuuden yll\u00e4pidon t\u00e4rkeys<\/p>\n<p style=\"text-align: justify;\">Ihan heti alkuun Pekurilta Per\u00e4meren lohta. Sit\u00e4 saa jo, mutta ei en\u00e4\u00e4 kovin kauaa. Tai siis sen pyynti ja saanti loppuu joinakin vuosina hein\u00e4kuussa, joinakin elokuussa. Seh\u00e4n on ihan grillattuna hyv\u00e4\u00e4, enk\u00e4 voi olla mainostamassa viime kes\u00e4n omaa sovellustani. Muistattekos, &#8221;Jokaviikkoinen soppamme&#8221;- projektissa <a href=\"https:\/\/www.satokangas.fi\/blogi\/2017\/06\/perameren-lohesta-jokaviikkoinen-soppa\/\" target=\"_blank\" rel=\"noopener\">lohi-kes\u00e4keitto<\/a>-yhdistelm\u00e4n? Kyll\u00e4 viel\u00e4kin voin sit\u00e4 suositella.<\/p>\n<p style=\"text-align: justify;\">Kalaostosten j\u00e4lkeen Jaanan leip\u00e4puodista kolme t\u00e4rkeint\u00e4: oululainen ohrarieska, k\u00e4sintehdyt karjalanpiirakat ja ruisleip\u00e4. N\u00e4it\u00e4 kaikkia olen <a href=\"https:\/\/www.satokangas.fi\/blogi\/2017\/02\/madekeitto-jokaviikkoinen-soppamme-on-hyvaksi\/\" target=\"_blank\" rel=\"noopener\">ennenkin kehustellut.<\/a> Ei mit\u00e4\u00e4n syyt\u00e4, miksen niit\u00e4 nytkin voisi kehua. Rieska on jo sy\u00f6ty, ruisleip\u00e4 ja piirakat pakattu m\u00f6kkiev\u00e4isiin. Samoin kuin <a href=\"http:\/\/www.torinlihamestari.net\/\" target=\"_blank\" rel=\"noopener\">Torin lihamestarilta<\/a> ostettu Aurajuustomakkara ja pienet Agnus-h\u00e4r\u00e4n fileet. Kalaa, leip\u00e4\u00e4, lihaa. Toki Kauppahallista tulee ostetuksi muutakin, tosin ei t\u00e4n\u00e4\u00e4n.<\/p>\n<p style=\"text-align: justify;\"><a href=\"https:\/\/www.satokangas.fi\/blogi\/2018\/06\/kasityotori-ja-perameren-lohi\/kasityotori-ja-kauppahalli-12\/#main\" rel=\"attachment wp-att-34164\"><img loading=\"lazy\" decoding=\"async\" data-attachment-id=\"34164\" data-permalink=\"https:\/\/www.satokangas.fi\/blogi\/2018\/06\/kasityotori-ja-perameren-lohi\/kasityotori-ja-kauppahalli-12\/\" data-orig-file=\"https:\/\/www.satokangas.fi\/blogi\/wp-content\/uploads\/2018\/06\/Kasityotori-ja-Kauppahalli-12.jpg\" data-orig-size=\"1000,682\" data-comments-opened=\"1\" data-image-meta=\"{&quot;aperture&quot;:&quot;8&quot;,&quot;credit&quot;:&quot;&quot;,&quot;camera&quot;:&quot;Canon EOS 5D Mark IV&quot;,&quot;caption&quot;:&quot;&quot;,&quot;created_timestamp&quot;:&quot;1528454187&quot;,&quot;copyright&quot;:&quot;Reija Satokangas&quot;,&quot;focal_length&quot;:&quot;88&quot;,&quot;iso&quot;:&quot;800&quot;,&quot;shutter_speed&quot;:&quot;0.025&quot;,&quot;title&quot;:&quot;&quot;,&quot;orientation&quot;:&quot;0&quot;}\" data-image-title=\"Kasityotori ja Kauppahalli-12\" data-image-description=\"\" data-image-caption=\"\" data-large-file=\"https:\/\/www.satokangas.fi\/blogi\/wp-content\/uploads\/2018\/06\/Kasityotori-ja-Kauppahalli-12.jpg\" class=\"aligncenter size-full wp-image-34164\" src=\"https:\/\/www.satokangas.fi\/blogi\/wp-content\/uploads\/2018\/06\/Kasityotori-ja-Kauppahalli-12.jpg\" alt=\"\" width=\"1000\" height=\"682\" srcset=\"https:\/\/www.satokangas.fi\/blogi\/wp-content\/uploads\/2018\/06\/Kasityotori-ja-Kauppahalli-12.jpg 1000w, https:\/\/www.satokangas.fi\/blogi\/wp-content\/uploads\/2018\/06\/Kasityotori-ja-Kauppahalli-12-300x205.jpg 300w, https:\/\/www.satokangas.fi\/blogi\/wp-content\/uploads\/2018\/06\/Kasityotori-ja-Kauppahalli-12-587x400.jpg 587w, https:\/\/www.satokangas.fi\/blogi\/wp-content\/uploads\/2018\/06\/Kasityotori-ja-Kauppahalli-12-768x524.jpg 768w\" sizes=\"auto, (max-width: 1000px) 100vw, 1000px\" \/><\/a><\/p>\n<p style=\"text-align: justify;\"><a href=\"https:\/\/www.satokangas.fi\/blogi\/2018\/06\/kasityotori-ja-perameren-lohi\/kasityotori-ja-kauppahalli-13\/#main\" rel=\"attachment wp-att-34165\"><img loading=\"lazy\" decoding=\"async\" data-attachment-id=\"34165\" data-permalink=\"https:\/\/www.satokangas.fi\/blogi\/2018\/06\/kasityotori-ja-perameren-lohi\/kasityotori-ja-kauppahalli-13\/\" data-orig-file=\"https:\/\/www.satokangas.fi\/blogi\/wp-content\/uploads\/2018\/06\/Kasityotori-ja-Kauppahalli-13.jpg\" data-orig-size=\"1000,667\" data-comments-opened=\"1\" data-image-meta=\"{&quot;aperture&quot;:&quot;8&quot;,&quot;credit&quot;:&quot;&quot;,&quot;camera&quot;:&quot;Canon EOS 5D Mark IV&quot;,&quot;caption&quot;:&quot;&quot;,&quot;created_timestamp&quot;:&quot;1528454385&quot;,&quot;copyright&quot;:&quot;Reija Satokangas&quot;,&quot;focal_length&quot;:&quot;24&quot;,&quot;iso&quot;:&quot;1000&quot;,&quot;shutter_speed&quot;:&quot;0.02&quot;,&quot;title&quot;:&quot;&quot;,&quot;orientation&quot;:&quot;0&quot;}\" data-image-title=\"Kasityotori ja Kauppahalli-13\" data-image-description=\"\" data-image-caption=\"\" data-large-file=\"https:\/\/www.satokangas.fi\/blogi\/wp-content\/uploads\/2018\/06\/Kasityotori-ja-Kauppahalli-13.jpg\" class=\"aligncenter size-full wp-image-34165\" src=\"https:\/\/www.satokangas.fi\/blogi\/wp-content\/uploads\/2018\/06\/Kasityotori-ja-Kauppahalli-13.jpg\" alt=\"\" width=\"1000\" height=\"667\" srcset=\"https:\/\/www.satokangas.fi\/blogi\/wp-content\/uploads\/2018\/06\/Kasityotori-ja-Kauppahalli-13.jpg 1000w, https:\/\/www.satokangas.fi\/blogi\/wp-content\/uploads\/2018\/06\/Kasityotori-ja-Kauppahalli-13-300x200.jpg 300w, https:\/\/www.satokangas.fi\/blogi\/wp-content\/uploads\/2018\/06\/Kasityotori-ja-Kauppahalli-13-600x400.jpg 600w, https:\/\/www.satokangas.fi\/blogi\/wp-content\/uploads\/2018\/06\/Kasityotori-ja-Kauppahalli-13-768x512.jpg 768w\" sizes=\"auto, (max-width: 1000px) 100vw, 1000px\" \/><\/a><\/p>\n<p style=\"text-align: justify;\"><a href=\"https:\/\/www.satokangas.fi\/blogi\/2018\/06\/kasityotori-ja-perameren-lohi\/kasityotori-ja-kauppahalli-14\/#main\" rel=\"attachment wp-att-34166\"><img loading=\"lazy\" decoding=\"async\" data-attachment-id=\"34166\" data-permalink=\"https:\/\/www.satokangas.fi\/blogi\/2018\/06\/kasityotori-ja-perameren-lohi\/kasityotori-ja-kauppahalli-14\/\" data-orig-file=\"https:\/\/www.satokangas.fi\/blogi\/wp-content\/uploads\/2018\/06\/Kasityotori-ja-Kauppahalli-14.jpg\" data-orig-size=\"768,1000\" data-comments-opened=\"1\" data-image-meta=\"{&quot;aperture&quot;:&quot;8&quot;,&quot;credit&quot;:&quot;&quot;,&quot;camera&quot;:&quot;Canon EOS 5D Mark IV&quot;,&quot;caption&quot;:&quot;&quot;,&quot;created_timestamp&quot;:&quot;1528454417&quot;,&quot;copyright&quot;:&quot;Reija Satokangas&quot;,&quot;focal_length&quot;:&quot;28&quot;,&quot;iso&quot;:&quot;1000&quot;,&quot;shutter_speed&quot;:&quot;0.033333333333333&quot;,&quot;title&quot;:&quot;&quot;,&quot;orientation&quot;:&quot;0&quot;}\" data-image-title=\"Kasityotori ja Kauppahalli-14\" data-image-description=\"\" data-image-caption=\"\" data-large-file=\"https:\/\/www.satokangas.fi\/blogi\/wp-content\/uploads\/2018\/06\/Kasityotori-ja-Kauppahalli-14.jpg\" class=\"aligncenter size-full wp-image-34166\" src=\"https:\/\/www.satokangas.fi\/blogi\/wp-content\/uploads\/2018\/06\/Kasityotori-ja-Kauppahalli-14.jpg\" alt=\"\" width=\"768\" height=\"1000\" srcset=\"https:\/\/www.satokangas.fi\/blogi\/wp-content\/uploads\/2018\/06\/Kasityotori-ja-Kauppahalli-14.jpg 768w, https:\/\/www.satokangas.fi\/blogi\/wp-content\/uploads\/2018\/06\/Kasityotori-ja-Kauppahalli-14-230x300.jpg 230w, https:\/\/www.satokangas.fi\/blogi\/wp-content\/uploads\/2018\/06\/Kasityotori-ja-Kauppahalli-14-307x400.jpg 307w\" sizes=\"auto, (max-width: 768px) 100vw, 768px\" \/><\/a><\/p>\n<p><a href=\"https:\/\/www.satokangas.fi\/blogi\/2018\/06\/kasityotori-ja-perameren-lohi\/jaanan-puoti\/#main\" rel=\"attachment wp-att-34172\"><img loading=\"lazy\" decoding=\"async\" data-attachment-id=\"34172\" data-permalink=\"https:\/\/www.satokangas.fi\/blogi\/2018\/06\/kasityotori-ja-perameren-lohi\/jaanan-puoti\/\" data-orig-file=\"https:\/\/www.satokangas.fi\/blogi\/wp-content\/uploads\/2018\/06\/Jaanan-puoti.jpg\" data-orig-size=\"1000,776\" data-comments-opened=\"1\" data-image-meta=\"{&quot;aperture&quot;:&quot;5&quot;,&quot;credit&quot;:&quot;&quot;,&quot;camera&quot;:&quot;Canon EOS 5D Mark IV&quot;,&quot;caption&quot;:&quot;&quot;,&quot;created_timestamp&quot;:&quot;1528459145&quot;,&quot;copyright&quot;:&quot;Reija Satokangas&quot;,&quot;focal_length&quot;:&quot;105&quot;,&quot;iso&quot;:&quot;125&quot;,&quot;shutter_speed&quot;:&quot;0.025&quot;,&quot;title&quot;:&quot;&quot;,&quot;orientation&quot;:&quot;0&quot;}\" data-image-title=\"Jaanan puoti\" data-image-description=\"\" data-image-caption=\"\" data-large-file=\"https:\/\/www.satokangas.fi\/blogi\/wp-content\/uploads\/2018\/06\/Jaanan-puoti.jpg\" class=\"aligncenter size-full wp-image-34172\" src=\"https:\/\/www.satokangas.fi\/blogi\/wp-content\/uploads\/2018\/06\/Jaanan-puoti.jpg\" alt=\"\" width=\"1000\" height=\"776\" srcset=\"https:\/\/www.satokangas.fi\/blogi\/wp-content\/uploads\/2018\/06\/Jaanan-puoti.jpg 1000w, https:\/\/www.satokangas.fi\/blogi\/wp-content\/uploads\/2018\/06\/Jaanan-puoti-300x233.jpg 300w, https:\/\/www.satokangas.fi\/blogi\/wp-content\/uploads\/2018\/06\/Jaanan-puoti-515x400.jpg 515w, https:\/\/www.satokangas.fi\/blogi\/wp-content\/uploads\/2018\/06\/Jaanan-puoti-768x596.jpg 768w\" sizes=\"auto, (max-width: 1000px) 100vw, 1000px\" \/><\/a><\/p>\n<p style=\"text-align: justify;\"><a href=\"https:\/\/www.satokangas.fi\/blogi\/2018\/06\/kasityotori-ja-perameren-lohi\/kasityotori-ja-kauppahalli-15\/#main\" rel=\"attachment wp-att-34167\"><img loading=\"lazy\" decoding=\"async\" data-attachment-id=\"34167\" data-permalink=\"https:\/\/www.satokangas.fi\/blogi\/2018\/06\/kasityotori-ja-perameren-lohi\/kasityotori-ja-kauppahalli-15\/\" data-orig-file=\"https:\/\/www.satokangas.fi\/blogi\/wp-content\/uploads\/2018\/06\/Kasityotori-ja-Kauppahalli-15.jpg\" data-orig-size=\"1000,667\" data-comments-opened=\"1\" data-image-meta=\"{&quot;aperture&quot;:&quot;8&quot;,&quot;credit&quot;:&quot;&quot;,&quot;camera&quot;:&quot;Canon EOS 5D Mark IV&quot;,&quot;caption&quot;:&quot;&quot;,&quot;created_timestamp&quot;:&quot;1528454778&quot;,&quot;copyright&quot;:&quot;Reija Satokangas&quot;,&quot;focal_length&quot;:&quot;24&quot;,&quot;iso&quot;:&quot;1000&quot;,&quot;shutter_speed&quot;:&quot;0.0125&quot;,&quot;title&quot;:&quot;&quot;,&quot;orientation&quot;:&quot;0&quot;}\" data-image-title=\"Kasityotori ja Kauppahalli-15\" data-image-description=\"\" data-image-caption=\"\" data-large-file=\"https:\/\/www.satokangas.fi\/blogi\/wp-content\/uploads\/2018\/06\/Kasityotori-ja-Kauppahalli-15.jpg\" class=\"aligncenter size-full wp-image-34167\" src=\"https:\/\/www.satokangas.fi\/blogi\/wp-content\/uploads\/2018\/06\/Kasityotori-ja-Kauppahalli-15.jpg\" alt=\"\" width=\"1000\" height=\"667\" srcset=\"https:\/\/www.satokangas.fi\/blogi\/wp-content\/uploads\/2018\/06\/Kasityotori-ja-Kauppahalli-15.jpg 1000w, https:\/\/www.satokangas.fi\/blogi\/wp-content\/uploads\/2018\/06\/Kasityotori-ja-Kauppahalli-15-300x200.jpg 300w, https:\/\/www.satokangas.fi\/blogi\/wp-content\/uploads\/2018\/06\/Kasityotori-ja-Kauppahalli-15-600x400.jpg 600w, https:\/\/www.satokangas.fi\/blogi\/wp-content\/uploads\/2018\/06\/Kasityotori-ja-Kauppahalli-15-768x512.jpg 768w\" sizes=\"auto, (max-width: 1000px) 100vw, 1000px\" \/><\/a><\/p>\n<p style=\"text-align: justify;\">Ja tied\u00e4ttek\u00f6s mik\u00e4 hallikaupassa on ihan erityisen mukavaa: siell\u00e4 on kauppiaita joista tulee tuttuja, joiden kanssa vaihdetaan muutama sana, jotka osaavat suositella. Mutta t\u00e4m\u00e4nh\u00e4n te tiesittekin, olen niin monta kertaa hallin puolesta t\u00e4\u00e4ll\u00e4 puhunut. Ja todella toivon, ett\u00e4 remontin aikaiset v\u00e4ist\u00f6tilat l\u00f6ytyv\u00e4t ja ett\u00e4 kauppa jatkuu remontin j\u00e4lkeen n\u00e4iden samojen luottokauppiaiden kanssa.<\/p>\n<p><a href=\"https:\/\/www.satokangas.fi\/blogi\/2018\/06\/kasityotori-ja-perameren-lohi\/juhannusruoka\/#main\" rel=\"attachment wp-att-34171\"><img loading=\"lazy\" decoding=\"async\" data-attachment-id=\"34171\" data-permalink=\"https:\/\/www.satokangas.fi\/blogi\/2018\/06\/kasityotori-ja-perameren-lohi\/juhannusruoka\/\" data-orig-file=\"https:\/\/www.satokangas.fi\/blogi\/wp-content\/uploads\/2018\/06\/Juhannusruoka.jpg\" data-orig-size=\"1000,899\" data-comments-opened=\"1\" data-image-meta=\"{&quot;aperture&quot;:&quot;5.6&quot;,&quot;credit&quot;:&quot;&quot;,&quot;camera&quot;:&quot;Canon EOS 5D Mark IV&quot;,&quot;caption&quot;:&quot;&quot;,&quot;created_timestamp&quot;:&quot;1527266720&quot;,&quot;copyright&quot;:&quot;Reija Satokangas&quot;,&quot;focal_length&quot;:&quot;100&quot;,&quot;iso&quot;:&quot;100&quot;,&quot;shutter_speed&quot;:&quot;0.0015625&quot;,&quot;title&quot;:&quot;&quot;,&quot;orientation&quot;:&quot;1&quot;}\" data-image-title=\"Juhannusruoka\" data-image-description=\"\" data-image-caption=\"\" data-large-file=\"https:\/\/www.satokangas.fi\/blogi\/wp-content\/uploads\/2018\/06\/Juhannusruoka.jpg\" class=\"aligncenter size-full wp-image-34171\" src=\"https:\/\/www.satokangas.fi\/blogi\/wp-content\/uploads\/2018\/06\/Juhannusruoka.jpg\" alt=\"\" width=\"1000\" height=\"899\" srcset=\"https:\/\/www.satokangas.fi\/blogi\/wp-content\/uploads\/2018\/06\/Juhannusruoka.jpg 1000w, https:\/\/www.satokangas.fi\/blogi\/wp-content\/uploads\/2018\/06\/Juhannusruoka-300x270.jpg 300w, https:\/\/www.satokangas.fi\/blogi\/wp-content\/uploads\/2018\/06\/Juhannusruoka-445x400.jpg 445w, https:\/\/www.satokangas.fi\/blogi\/wp-content\/uploads\/2018\/06\/Juhannusruoka-768x690.jpg 768w\" sizes=\"auto, (max-width: 1000px) 100vw, 1000px\" \/><\/a><\/p>\n<p>&nbsp;<\/p>\n<p style=\"text-align: center;\">Mikseip\u00e4 sinun juhannusruokasi?<\/p>\n","protected":false},"excerpt":{"rendered":"<p>Vuosi sitten olin Torniossa kuvaamassa tiskiharjoja. Ja eih\u00e4n se mennyt ihan kuten toivoin. T\u00e4n\u00e4\u00e4n sain tehd\u00e4 mit\u00e4 halusin, tai ainakin melkein. Ja niin tein. Aamup\u00e4iv\u00e4n kaupunkikierroksella k\u00e4vin my\u00f6s K\u00e4sity\u00f6torilla. Kyll\u00e4 kannatti: kauniita k\u00e4sit\u00f6it\u00e4, hymyilevi\u00e4 naisia tuotteidensa takana, halua jutella ja kertoa k\u00e4sity\u00f6st\u00e4, ja ihan mukavasti asiakkaitakin. Oli vaikea sinnitell\u00e4 ja olla ostamatta yht\u00e4 sun toista, ja kuitenkin mukaan tarttui m\u00f6kille &hellip; <\/p>\n","protected":false},"author":1,"featured_media":0,"comment_status":"open","ping_status":"open","sticky":false,"template":"","format":"standard","meta":{"jetpack_post_was_ever_published":false,"_jetpack_newsletter_access":"","_jetpack_dont_email_post_to_subs":false,"_jetpack_newsletter_tier_id":0,"_jetpack_memberships_contains_paywalled_content":false,"_jetpack_memberships_contains_paid_content":false,"footnotes":"","jetpack_publicize_message":"","jetpack_publicize_feature_enabled":true,"jetpack_social_post_already_shared":true,"jetpack_social_options":{"image_generator_settings":{"template":"highway","default_image_id":0,"font":"","enabled":false},"version":2}},"categories":[55,17],"tags":[],"class_list":["post-34152","post","type-post","status-publish","format-standard","hentry","category-oulu","category-ruoka_ja_viini","latest_post"],"jetpack_publicize_connections":[],"jetpack_featured_media_url":"","jetpack_shortlink":"https:\/\/wp.me\/pr4p4-8SQ","jetpack_sharing_enabled":true,"jetpack_likes_enabled":false,"jetpack-related-posts":[{"id":21578,"url":"https:\/\/www.satokangas.fi\/blogi\/2014\/06\/ihan-pihalla-3\/","url_meta":{"origin":34152,"position":0},"title":"Ihan pihalla","author":"Reija","date":"29.6.2014","format":false,"excerpt":"Mik\u00e4 ihana sunnuntai ollutkaan! \u00a0Hyvin varhain her\u00e4sin, nimip\u00e4iv\u00e4sankarille juhla-aamiainen, sitten merenrantaan hakemaan vihdoin niit\u00e4 meriheini\u00e4 IKEA-t\u00f6rpp\u00f6\u00f6n pihalle... Olen aikonut ainakin kuukauden, ja nyt! Pihan ja kukkapurkkien siivousta yleisestikin, vihdoinkin sain yrttipenkin siivottua, konnulin terraarion ja maton pesty\u00e4. Ikkunalaudat, piazza ja moni muu kaipasi luutuavaa touhuamista. Maalailinkin. Minusta on mukava maalata.\u2026","rel":"","context":"Kategoriassa &quot;Niit\u00e4 n\u00e4it\u00e4&quot;","block_context":{"text":"Niit\u00e4 n\u00e4it\u00e4","link":"https:\/\/www.satokangas.fi\/blogi\/category\/aiheeton\/"},"img":{"alt_text":"Ihan pihalla-9","src":"https:\/\/i0.wp.com\/www.satokangas.fi\/blogi\/wp-content\/uploads\/2014\/06\/Ihan-pihalla-9-248x400.jpg?resize=350%2C200&ssl=1","width":350,"height":200},"classes":[]},{"id":18604,"url":"https:\/\/www.satokangas.fi\/blogi\/2013\/08\/oi-ihana-elokuu\/","url_meta":{"origin":34152,"position":1},"title":"Oi ihana elokuu!","author":"Reija","date":"31.8.2013","format":false,"excerpt":"Elokuun viimeinen, lauantai. Aamulla + 6 C. Pian l\u00e4mpeni. Aurinkoa. Eik\u00e4 mik\u00e4\u00e4n saanut minua pysym\u00e4\u00e4n sis\u00e4ll\u00e4. Ihana, ihanan l\u00e4mmin, aurinkoinen elokuu, jolloin viikonloputkin ovat hellineet, jatkui viel\u00e4 t\u00e4n\u00e4\u00e4n. Ajelin Linnansaareen, ja kameran kanssa katsomaan ruusuja, torille ja halliin. Sielt\u00e4 palattua l\u00e4hdimme pehtoorin kanssa sieneen. Olipa ihana olla mets\u00e4ss\u00e4. Aurinkoisessa, l\u00e4mpim\u00e4ss\u00e4,\u2026","rel":"","context":"Kategoriassa &quot;Oulu&quot;","block_context":{"text":"Oulu","link":"https:\/\/www.satokangas.fi\/blogi\/category\/oulu\/"},"img":{"alt_text":"elokuu-5","src":"https:\/\/i0.wp.com\/www.satokangas.fi\/blogi\/wp-content\/uploads\/2013\/08\/elokuu-5-567x400.jpg?resize=350%2C200&ssl=1","width":350,"height":200,"srcset":"https:\/\/i0.wp.com\/www.satokangas.fi\/blogi\/wp-content\/uploads\/2013\/08\/elokuu-5-567x400.jpg?resize=350%2C200&ssl=1 1x, https:\/\/i0.wp.com\/www.satokangas.fi\/blogi\/wp-content\/uploads\/2013\/08\/elokuu-5-567x400.jpg?resize=525%2C300&ssl=1 1.5x"},"classes":[]},{"id":17770,"url":"https:\/\/www.satokangas.fi\/blogi\/2013\/06\/paluun-helpotus\/","url_meta":{"origin":34152,"position":2},"title":"Paluun helpotus","author":"Reija","date":"22.6.2013","format":false,"excerpt":"Ihan sama paistaako, ihan sama ollaanko kaupungissa tai m\u00f6kill\u00e4, ihan sama onko juhannus tai ei, - T\u00e4rkeint\u00e4 ja ainoa asia, jolla juuri nyt on merkityst\u00e4, on ett\u00e4 50 tunnin! varsin seikkailullisen (liki itku tuli, kun kuuntelin kaikkea, mit\u00e4 oli sattunut) paluumatkan j\u00e4lkeen pikkuinen tuli t\u00e4n\u00e4\u00e4n kotiin. N\u00e4iden kuvien v\u00e4linen viisi\u2026","rel":"","context":"Kategoriassa &quot;Niit\u00e4 n\u00e4it\u00e4&quot;","block_context":{"text":"Niit\u00e4 n\u00e4it\u00e4","link":"https:\/\/www.satokangas.fi\/blogi\/category\/aiheeton\/"},"img":{"alt_text":"1-5","src":"https:\/\/i0.wp.com\/www.satokangas.fi\/blogi\/wp-content\/uploads\/2013\/06\/1-5-600x318.jpg?resize=350%2C200&ssl=1","width":350,"height":200,"srcset":"https:\/\/i0.wp.com\/www.satokangas.fi\/blogi\/wp-content\/uploads\/2013\/06\/1-5-600x318.jpg?resize=350%2C200&ssl=1 1x, https:\/\/i0.wp.com\/www.satokangas.fi\/blogi\/wp-content\/uploads\/2013\/06\/1-5-600x318.jpg?resize=525%2C300&ssl=1 1.5x"},"classes":[]},{"id":2788,"url":"https:\/\/www.satokangas.fi\/blogi\/2009\/03\/perjantai-ihan-selvasti\/","url_meta":{"origin":34152,"position":3},"title":"Perjantai &#8211; ihan selv\u00e4sti","author":"Reija","date":"13.3.2009","format":false,"excerpt":"Perjantai 13. p\u00e4iv\u00e4. Tilip\u00e4iv\u00e4. Tiukkatahtinen ty\u00f6p\u00e4iv\u00e4. Nyt on ilta, levollinen ilta. Nuoret tulevat ja \u00a0menev\u00e4t: yksin, tytt\u00f6yst\u00e4v\u00e4n kanssa, poikayst\u00e4v\u00e4n hakiessa, tulevat ja menev\u00e4t. Pehtoorin kanssa katselemme ja kuulostelemme. Mietimme, mit\u00e4 teht\u00e4isiin huomenna? Kutsuttaisiinko ruokavieraita, l\u00e4htisik\u00f6 joku meid\u00e4n kanssamme\u00a0 kaupungille sy\u00f6m\u00e4\u00e4n vai urheiltaisiinko ja vietett\u00e4isiin reipashenkist\u00e4, terveysvaikutteista\u00a0 viikonloppua ilman rasvaa ja\u2026","rel":"","context":"Samankaltainen artikkeli","block_context":{"text":"Samankaltainen artikkeli","link":""},"img":{"alt_text":"valdifalco","src":"https:\/\/i0.wp.com\/www.satokangas.fi\/blogi\/wp-content\/uploads\/2009\/03\/valdifalco-269x400.jpg?resize=350%2C200&ssl=1","width":350,"height":200},"classes":[]},{"id":22445,"url":"https:\/\/www.satokangas.fi\/blogi\/2014\/09\/etunimi\/","url_meta":{"origin":34152,"position":4},"title":"Etunimi","author":"Reija","date":"19.9.2014","format":false,"excerpt":"Tuossa kun s\u00f6imme, kaksistaan Festassa, Pehtoorin laittamaa vallan erinomaista p\u00e4iv\u00e4llist\u00e4 (grillattua tonnikalaa, pastaa ja salaattia), tuli puheeksi, ett\u00e4 on sellainen vaihe, ett\u00e4 ei ole minulla joka ilta ihan itsest\u00e4\u00e4n selv\u00e4sti mieless\u00e4, mit\u00e4 t\u00e4nne Tuulestatemmattuun kirjoittaisin. Siin\u00e4 sy\u00f6dess\u00e4mme tietysti ajattelin, ett\u00e4 kerron ja kuvitan, mit\u00e4 Pehtoori oli kokkaillut, mutta kun t\u00e4h\u00e4n\u2026","rel":"","context":"Kategoriassa &quot;Niit\u00e4 n\u00e4it\u00e4&quot;","block_context":{"text":"Niit\u00e4 n\u00e4it\u00e4","link":"https:\/\/www.satokangas.fi\/blogi\/category\/aiheeton\/"},"img":{"alt_text":"Syksy_-4","src":"https:\/\/i0.wp.com\/www.satokangas.fi\/blogi\/wp-content\/uploads\/2014\/09\/Syksy_-4-266x400.jpg?resize=350%2C200&ssl=1","width":350,"height":200},"classes":[]},{"id":33831,"url":"https:\/\/www.satokangas.fi\/blogi\/2018\/04\/lauantai-ei-ihan-tavallinen\/","url_meta":{"origin":34152,"position":5},"title":"Lauantai &#8211; ei ihan tavallinen","author":"Reija","date":"21.4.2018","format":false,"excerpt":"Merkillisen sekava lauantai... tai siis olen tehnyt kaikenmoista - enk\u00e4 juuri mit\u00e4\u00e4n. Yksi, ei ihan v\u00e4h\u00e4p\u00e4t\u00f6inen, juttu oli se, ett\u00e4 v\u00e4h\u00e4n vahingossa tulin harhautuneeksi vaateostoksille. Olin muka hakemassa \u00e4idille safkaa ja muutamia kempparijuttuja ja kauppakeskuksessa n\u00e4in\/kuulin, ett\u00e4 Sokoksella on 20 % ale kaikista naisten vaatteista. Ettep\u00e4 arvaakaan, kuinka paljon taas\u2026","rel":"","context":"Kategoriassa &quot;Niit\u00e4 n\u00e4it\u00e4&quot;","block_context":{"text":"Niit\u00e4 n\u00e4it\u00e4","link":"https:\/\/www.satokangas.fi\/blogi\/category\/aiheeton\/"},"img":{"alt_text":"","src":"https:\/\/i0.wp.com\/www.satokangas.fi\/blogi\/wp-content\/uploads\/2018\/04\/Ravintola-Istanbul.jpg?resize=350%2C200&ssl=1","width":350,"height":200,"srcset":"https:\/\/i0.wp.com\/www.satokangas.fi\/blogi\/wp-content\/uploads\/2018\/04\/Ravintola-Istanbul.jpg?resize=350%2C200&ssl=1 1x, https:\/\/i0.wp.com\/www.satokangas.fi\/blogi\/wp-content\/uploads\/2018\/04\/Ravintola-Istanbul.jpg?resize=525%2C300&ssl=1 1.5x, https:\/\/i0.wp.com\/www.satokangas.fi\/blogi\/wp-content\/uploads\/2018\/04\/Ravintola-Istanbul.jpg?resize=700%2C400&ssl=1 2x"},"classes":[]}],"_links":{"self":[{"href":"https:\/\/www.satokangas.fi\/blogi\/wp-json\/wp\/v2\/posts\/34152","targetHints":{"allow":["GET"]}}],"collection":[{"href":"https:\/\/www.satokangas.fi\/blogi\/wp-json\/wp\/v2\/posts"}],"about":[{"href":"https:\/\/www.satokangas.fi\/blogi\/wp-json\/wp\/v2\/types\/post"}],"author":[{"embeddable":true,"href":"https:\/\/www.satokangas.fi\/blogi\/wp-json\/wp\/v2\/users\/1"}],"replies":[{"embeddable":true,"href":"https:\/\/www.satokangas.fi\/blogi\/wp-json\/wp\/v2\/comments?post=34152"}],"version-history":[{"count":0,"href":"https:\/\/www.satokangas.fi\/blogi\/wp-json\/wp\/v2\/posts\/34152\/revisions"}],"wp:attachment":[{"href":"https:\/\/www.satokangas.fi\/blogi\/wp-json\/wp\/v2\/media?parent=34152"}],"wp:term":[{"taxonomy":"category","embeddable":true,"href":"https:\/\/www.satokangas.fi\/blogi\/wp-json\/wp\/v2\/categories?post=34152"},{"taxonomy":"post_tag","embeddable":true,"href":"https:\/\/www.satokangas.fi\/blogi\/wp-json\/wp\/v2\/tags?post=34152"}],"curies":[{"name":"wp","href":"https:\/\/api.w.org\/{rel}","templated":true}]}}