{"id":34137,"date":"2018-05-07T23:56:23","date_gmt":"2018-05-07T20:56:23","guid":{"rendered":"https:\/\/www.satokangas.fi\/blogi\/?p=34137"},"modified":"2018-06-07T00:07:57","modified_gmt":"2018-06-06T21:07:57","slug":"34137","status":"publish","type":"post","link":"https:\/\/www.satokangas.fi\/blogi\/2018\/05\/34137\/","title":{"rendered":"Hyvin paljon hyv\u00e4\u00e4"},"content":{"rendered":"<p>Ei aina kaikki mene kovinkaan hyvin. Mutta t\u00e4n\u00e4\u00e4n on mennyt. Oli monta kertaa l\u00e4hell\u00e4, ett\u00e4 ei olisi ollut onni my\u00f6t\u00e4. Mutta v\u00e4h\u00e4lt\u00e4pitej\u00e4 ei lasketa. Lasketaan vain ne hyvin menneet jutut.<\/p>\n<p>&nbsp;<\/p>\n<p>Toki on ollut juttuja, jotka ovat menneet v\u00e4hemm\u00e4n hyvin, mutta kirjaan vain positiiviset asiat.<\/p>\n<ul>\n<li>Huolimatta ett\u00e4 valvoin eilen pitk\u00e4lle yli puolen y\u00f6n, olin t\u00e4n\u00e4\u00e4n hereill\u00e4 aamukuudelta. Reippaana. (Mihin?)<\/li>\n<li>Pehtoori oli tehnyt aamiaisen (kuten aina silloin kun her\u00e4\u00e4 minuakin aikaisemmin. Siis aamupuuro oli taas kerran hyv\u00e4\u00e4).<\/li>\n<li>Kuvatoimisto Vastavalosta ei pahoja uutisia &#8211; viel\u00e4.<\/li>\n<li>S\u00e4hk\u00f6posteissa muutenkin hiljaista &#8211; vain p\u00e4ivitys \u00e4idin l\u00e4\u00e4k\u00e4rilt\u00e4, ja hyv\u00e4 uutinen sekin: ei tarvitse l\u00e4hte\u00e4 kaupunkiin verikokeisiin .. hoituvat palvelutalossa.<\/li>\n<li>Minulla on aika papa-seulontaan (you know 60 v.), ja menen v\u00e4\u00e4r\u00e4\u00e4n taloon, ihan viime tingassa, mutta minut neuvotaan k\u00e4tev\u00e4sti uuteen paikkaan oikopolkua &#8211; ja lopulta olen kaksi minuuttia etuajassa paikalla. Huh!<\/li>\n<li>Olen oikeassa paikassa, mutta v\u00e4\u00e4r\u00e4\u00e4n aikaan &#8211; tai joku muu on pieless\u00e4? Tunnin p\u00e4\u00e4st\u00e4 selvi\u00e4\u00e4, ettei nime\u00e4ni ole listoilla, mutta SILTI p\u00e4\u00e4sen testiin. Ei uusintak\u00e4ynti\u00e4!<\/li>\n<li>Vaikka olen pahasti luvatusta my\u00f6h\u00e4ss\u00e4 \u00e4idin luoda, h\u00e4n ei ole ehtinyt h\u00e4t\u00e4\u00e4nty\u00e4, ei soitella, eik\u00e4 hermostua. Hyv\u00e4 juttu!<\/li>\n<li>Caritaksen parkkipaikoilla on tilaa, eik\u00e4 paikallinen syyn\u00e4\u00e4j\u00e4 ehtinyt k\u00e4yd\u00e4 ennen eik\u00e4 j\u00e4lkeen pys\u00e4k\u00f6inti\u00e4 huomauttelemassa, ei suullisesti eik\u00e4 kirjallisesti.<\/li>\n<li>Systerin kanssa sovittiin, ett\u00e4 tavataan pian.<\/li>\n<li>Vastavalosta aina vain parempia uutisia.<\/li>\n<li>Juniori vie meid\u00e4t viininmaisteluihin &#8211; ei tarvitse l\u00e4hte\u00e4 pitkille bussikyydeille vaihteluineen. Ja mik\u00e4 parasta: Apsu on mukana viem\u00e4ss\u00e4 meid\u00e4t Oulunsaloon. Kuinka monta rekkaa ja kaivinkonetta ehdittiink\u00e4\u00e4n bongata matkalla.<\/li>\n<li>Ja Oulunsalossa on kaikkea hyv\u00e4\u00e4 mennen tullen.<\/li>\n<li><a href=\"https:\/\/www.satokangas.fi\/blogi\/2018\/06\/34137\/bo-2\/#main\" rel=\"attachment wp-att-34138\"><img loading=\"lazy\" decoding=\"async\" data-attachment-id=\"34138\" data-permalink=\"https:\/\/www.satokangas.fi\/blogi\/2018\/05\/34137\/bo-2\/\" data-orig-file=\"https:\/\/www.satokangas.fi\/blogi\/wp-content\/uploads\/2018\/06\/BO.jpg\" data-orig-size=\"1000,667\" data-comments-opened=\"1\" data-image-meta=\"{&quot;aperture&quot;:&quot;8&quot;,&quot;credit&quot;:&quot;&quot;,&quot;camera&quot;:&quot;Canon EOS 5D Mark IV&quot;,&quot;caption&quot;:&quot;&quot;,&quot;created_timestamp&quot;:&quot;1528311461&quot;,&quot;copyright&quot;:&quot;Reija Satokangas&quot;,&quot;focal_length&quot;:&quot;100&quot;,&quot;iso&quot;:&quot;320&quot;,&quot;shutter_speed&quot;:&quot;0.05&quot;,&quot;title&quot;:&quot;&quot;,&quot;orientation&quot;:&quot;0&quot;}\" data-image-title=\"BO\" data-image-description=\"\" data-image-caption=\"\" data-large-file=\"https:\/\/www.satokangas.fi\/blogi\/wp-content\/uploads\/2018\/06\/BO.jpg\" class=\"aligncenter size-full wp-image-34138\" src=\"https:\/\/www.satokangas.fi\/blogi\/wp-content\/uploads\/2018\/06\/BO.jpg\" alt=\"\" width=\"1000\" height=\"667\" srcset=\"https:\/\/www.satokangas.fi\/blogi\/wp-content\/uploads\/2018\/06\/BO.jpg 1000w, https:\/\/www.satokangas.fi\/blogi\/wp-content\/uploads\/2018\/06\/BO-300x200.jpg 300w, https:\/\/www.satokangas.fi\/blogi\/wp-content\/uploads\/2018\/06\/BO-600x400.jpg 600w, https:\/\/www.satokangas.fi\/blogi\/wp-content\/uploads\/2018\/06\/BO-768x512.jpg 768w\" sizes=\"auto, (max-width: 1000px) 100vw, 1000px\" \/><\/a><\/li>\n<li>Oli mielenkiintoinen &#8221;Challenge&#8221;. Nyt jo nelj\u00e4stoista. Pehtoori k\u00e4rkisijoilla, min\u00e4k\u00e4\u00e4n en kaukana, vaikka monta kertaa olen ollut aika viimeisen\u00e4: joko-tai. Palkintosija tai h\u00e4nn\u00e4nhuippu, t\u00e4n\u00e4\u00e4n k\u00e4rkip\u00e4\u00e4ss\u00e4.<\/li>\n<li>Ja parasta t\u00e4n\u00e4\u00e4n: kaikki ihana &#8221;laitakaupunkilainen&#8221; ruoka. Sellainen ahvenruoka etten hevill\u00e4 unohda. Yrit\u00e4n viel\u00e4 itsekin. Ja illan maistelun viineist\u00e4 kuulette viel\u00e4: australialainen syrah (jonka jopa tunnistin) oli sellaista etten hevin unohda.<\/li>\n<li>Olimme odotettua my\u00f6hemmin (about klo 22.30) kotona, mutta hyviss\u00e4 ajoin.<\/li>\n<li><a href=\"https:\/\/www.satokangas.fi\/blogi\/2018\/06\/34137\/bo-3\/#main\" rel=\"attachment wp-att-34140\"><img loading=\"lazy\" decoding=\"async\" data-attachment-id=\"34140\" data-permalink=\"https:\/\/www.satokangas.fi\/blogi\/2018\/05\/34137\/bo-3\/\" data-orig-file=\"https:\/\/www.satokangas.fi\/blogi\/wp-content\/uploads\/2018\/06\/BO-3.jpg\" data-orig-size=\"1000,631\" data-comments-opened=\"1\" data-image-meta=\"{&quot;aperture&quot;:&quot;3.2&quot;,&quot;credit&quot;:&quot;&quot;,&quot;camera&quot;:&quot;Canon EOS 5D Mark IV&quot;,&quot;caption&quot;:&quot;&quot;,&quot;created_timestamp&quot;:&quot;1528314900&quot;,&quot;copyright&quot;:&quot;Reija Satokangas&quot;,&quot;focal_length&quot;:&quot;100&quot;,&quot;iso&quot;:&quot;800&quot;,&quot;shutter_speed&quot;:&quot;0.025&quot;,&quot;title&quot;:&quot;&quot;,&quot;orientation&quot;:&quot;0&quot;}\" data-image-title=\"BO-3\" data-image-description=\"\" data-image-caption=\"\" data-large-file=\"https:\/\/www.satokangas.fi\/blogi\/wp-content\/uploads\/2018\/06\/BO-3.jpg\" class=\"aligncenter size-full wp-image-34140\" src=\"https:\/\/www.satokangas.fi\/blogi\/wp-content\/uploads\/2018\/06\/BO-3.jpg\" alt=\"\" width=\"1000\" height=\"631\" srcset=\"https:\/\/www.satokangas.fi\/blogi\/wp-content\/uploads\/2018\/06\/BO-3.jpg 1000w, https:\/\/www.satokangas.fi\/blogi\/wp-content\/uploads\/2018\/06\/BO-3-300x189.jpg 300w, https:\/\/www.satokangas.fi\/blogi\/wp-content\/uploads\/2018\/06\/BO-3-634x400.jpg 634w, https:\/\/www.satokangas.fi\/blogi\/wp-content\/uploads\/2018\/06\/BO-3-768x485.jpg 768w\" sizes=\"auto, (max-width: 1000px) 100vw, 1000px\" \/><\/a><\/li>\n<\/ul>\n<p style=\"text-align: center;\">Karhunlaukka sopii retiisien seuraksi.<\/p>\n<p>&nbsp;<\/p>\n<p>Nyt tuntuu ett\u00e4 on ollut oikein hyv\u00e4, ett\u00e4 Apsu tulee huomenna vasta iltap\u00e4iv\u00e4ll\u00e4 &#8230;.<\/p>\n","protected":false},"excerpt":{"rendered":"<p>Ei aina kaikki mene kovinkaan hyvin. Mutta t\u00e4n\u00e4\u00e4n on mennyt. Oli monta kertaa l\u00e4hell\u00e4, ett\u00e4 ei olisi ollut onni my\u00f6t\u00e4. Mutta v\u00e4h\u00e4lt\u00e4pitej\u00e4 ei lasketa. Lasketaan vain ne hyvin menneet jutut. &nbsp; Toki on ollut juttuja, jotka ovat menneet v\u00e4hemm\u00e4n hyvin, mutta kirjaan vain positiiviset asiat. Huolimatta ett\u00e4 valvoin eilen pitk\u00e4lle yli puolen y\u00f6n, olin t\u00e4n\u00e4\u00e4n hereill\u00e4 aamukuudelta. Reippaana. (Mihin?) Pehtoori &hellip; <\/p>\n","protected":false},"author":1,"featured_media":0,"comment_status":"open","ping_status":"open","sticky":false,"template":"","format":"standard","meta":{"jetpack_post_was_ever_published":false,"_jetpack_newsletter_access":"","_jetpack_dont_email_post_to_subs":false,"_jetpack_newsletter_tier_id":0,"_jetpack_memberships_contains_paywalled_content":false,"_jetpack_memberships_contains_paid_content":false,"footnotes":"","jetpack_publicize_message":"","jetpack_publicize_feature_enabled":true,"jetpack_social_post_already_shared":true,"jetpack_social_options":{"image_generator_settings":{"template":"highway","default_image_id":0,"font":"","enabled":false},"version":2}},"categories":[1,17,93],"tags":[],"class_list":["post-34137","post","type-post","status-publish","format-standard","hentry","category-aiheeton","category-ruoka_ja_viini","category-viini","latest_post"],"jetpack_publicize_connections":[],"jetpack_featured_media_url":"","jetpack_shortlink":"https:\/\/wp.me\/sr4p4-34137","jetpack_sharing_enabled":true,"jetpack_likes_enabled":false,"jetpack-related-posts":[{"id":34146,"url":"https:\/\/www.satokangas.fi\/blogi\/2018\/06\/vahaltapiteja-ei-lasketa-lasketaan-vaan-hyvat-jutut-eilisen-kadonnut-postaus\/","url_meta":{"origin":34137,"position":0},"title":"V\u00e4h\u00e4lt\u00e4pitej\u00e4 ei lasketa, lasketaan vaan hyv\u00e4t jutut (eilisen kadonnut postaus)","author":"Reija","date":"7.6.2018","format":false,"excerpt":"Ei aina kaikki mene kovinkaan hyvin. Mutta t\u00e4n\u00e4\u00e4n on mennyt. Oli monta kertaa l\u00e4hell\u00e4, ett\u00e4 ei olisi ollut onni my\u00f6t\u00e4. Mutta v\u00e4h\u00e4lt\u00e4pitej\u00e4 ei lasketa. Lasketaan vain ne hyvin menneet jutut. Toki on ollut juttuja, jotka ovat menneet v\u00e4hemm\u00e4n hyvin, mutta kirjaan vain positiiviset asiat. \u00b7\u00a0\u00a0\u00a0\u00a0\u00a0\u00a0\u00a0\u00a0 Huolimatta ett\u00e4 valvoin eilen pitk\u00e4lle\u2026","rel":"","context":"Kategoriassa &quot;Ruoka ja viini&quot;","block_context":{"text":"Ruoka ja viini","link":"https:\/\/www.satokangas.fi\/blogi\/category\/ruoka_ja_viini\/"},"img":{"alt_text":"","src":"https:\/\/i0.wp.com\/www.satokangas.fi\/blogi\/wp-content\/uploads\/2018\/06\/BO.jpg?resize=350%2C200&ssl=1","width":350,"height":200,"srcset":"https:\/\/i0.wp.com\/www.satokangas.fi\/blogi\/wp-content\/uploads\/2018\/06\/BO.jpg?resize=350%2C200&ssl=1 1x, https:\/\/i0.wp.com\/www.satokangas.fi\/blogi\/wp-content\/uploads\/2018\/06\/BO.jpg?resize=525%2C300&ssl=1 1.5x, https:\/\/i0.wp.com\/www.satokangas.fi\/blogi\/wp-content\/uploads\/2018\/06\/BO.jpg?resize=700%2C400&ssl=1 2x"},"classes":[]},{"id":47377,"url":"https:\/\/www.satokangas.fi\/blogi\/2023\/10\/roomalainen-illallinen-ja-muuta-hyvaa\/","url_meta":{"origin":34137,"position":1},"title":"Roomalainen illallinen ja muuta hyv\u00e4\u00e4","author":"Reija","date":"21.10.2023","format":false,"excerpt":"Huolimatta siit\u00e4, ett\u00e4 t\u00e4n\u00e4\u00e4n on ollut pakkasp\u00e4iv\u00e4, on nyt melko vahvasti tunne, ett\u00e4 olemme todellakin olleet Italiassa. Tai ainakin hienossa italialaisessa milj\u00f6\u00f6ss\u00e4, italialaisen ruoan \u00e4\u00e4rell\u00e4. Opiskelukaveri, joka 40 vuotta sitten l\u00e4hti Roomaan kaivauksille, halusi juhlistaa t\u00e4t\u00e4 merkkivuotta tarjoamalla meille italialaisen illallisen, jonka lomassa katselimme kaivauskuvia, - ja muistelimme menneit\u00e4 muutenkin.\u2026","rel":"","context":"Kategoriassa &quot;Ruoka ja viini&quot;","block_context":{"text":"Ruoka ja viini","link":"https:\/\/www.satokangas.fi\/blogi\/category\/ruoka_ja_viini\/"},"img":{"alt_text":"","src":"https:\/\/i0.wp.com\/www.satokangas.fi\/blogi\/wp-content\/uploads\/2023\/10\/Lokakuu_21.jpg?resize=350%2C200&ssl=1","width":350,"height":200,"srcset":"https:\/\/i0.wp.com\/www.satokangas.fi\/blogi\/wp-content\/uploads\/2023\/10\/Lokakuu_21.jpg?resize=350%2C200&ssl=1 1x, https:\/\/i0.wp.com\/www.satokangas.fi\/blogi\/wp-content\/uploads\/2023\/10\/Lokakuu_21.jpg?resize=525%2C300&ssl=1 1.5x, https:\/\/i0.wp.com\/www.satokangas.fi\/blogi\/wp-content\/uploads\/2023\/10\/Lokakuu_21.jpg?resize=700%2C400&ssl=1 2x"},"classes":[]},{"id":15250,"url":"https:\/\/www.satokangas.fi\/blogi\/2012\/09\/vajottaa\/","url_meta":{"origin":34137,"position":2},"title":"Vajottaa","author":"Reija","date":"13.9.2012","format":false,"excerpt":"Ihan hirmusesti v\u00e4sytt\u00e4\u00e4. Ei, ei ty\u00f6nteko (viel\u00e4 ainakaan) ole v\u00e4symyksen syyn\u00e4, vaan t\u00e4m\u00e4 edelleen aika pieless\u00e4 oleva nukkumisj\u00e4rjestykseni. Tarkemmin ottaen se, etten paljon nuku. Tai en ainakaan niin paljon kuin pit\u00e4isi. Jotain kertonee se, ett\u00e4 t\u00e4n\u00e4\u00e4n(kin) olin duunissa hyviss\u00e4 ajoin ennen seitsem\u00e4\u00e4. Ja min\u00e4h\u00e4n k\u00e4yn joka aamu suihkussa, pesen hiukseni,\u2026","rel":"","context":"Kategoriassa &quot;Niit\u00e4 n\u00e4it\u00e4&quot;","block_context":{"text":"Niit\u00e4 n\u00e4it\u00e4","link":"https:\/\/www.satokangas.fi\/blogi\/category\/aiheeton\/"},"img":{"alt_text":"","src":"https:\/\/i0.wp.com\/www.satokangas.fi\/blogi\/wp-content\/uploads\/vajottaa-523x400.jpg?resize=350%2C200&ssl=1","width":350,"height":200},"classes":[]},{"id":39286,"url":"https:\/\/www.satokangas.fi\/blogi\/2020\/09\/kaikki-paikallaan-ja-tallessakin\/","url_meta":{"origin":34137,"position":3},"title":"Kaikki paikallaan &#8211; ja tallessakin?","author":"Reija","date":"2.9.2020","format":false,"excerpt":"Vuosi vuodelta t\u00e4m\u00e4 muuttuu pahemmaksi. Minun asioiden \"talteen laittaminen\", \"sujauttelu\", \"pois tielt\u00e4\", - ja sitten liikkeelle l\u00e4hteminen. En suinkaan ole sellainen, jonka tarvitsisi palata jo kilometrien p\u00e4\u00e4st\u00e4 takaisin kotiin tarkistamaan, onko kahvinkeitin p\u00e4\u00e4ll\u00e4 (sit\u00e4 paitsi meill\u00e4h\u00e4n ei edes ole kahvinkeitint\u00e4), mutta minulla menee tolkuttoman kauan aikaa p\u00e4\u00e4st\u00e4 l\u00e4htem\u00e4\u00e4n. Ja sitten\u2026","rel":"","context":"Kategoriassa &quot;Niit\u00e4 n\u00e4it\u00e4&quot;","block_context":{"text":"Niit\u00e4 n\u00e4it\u00e4","link":"https:\/\/www.satokangas.fi\/blogi\/category\/aiheeton\/"},"img":{"alt_text":"","src":"https:\/\/i0.wp.com\/www.satokangas.fi\/blogi\/wp-content\/uploads\/2020\/09\/1-3.jpg?resize=350%2C200&ssl=1","width":350,"height":200,"srcset":"https:\/\/i0.wp.com\/www.satokangas.fi\/blogi\/wp-content\/uploads\/2020\/09\/1-3.jpg?resize=350%2C200&ssl=1 1x, https:\/\/i0.wp.com\/www.satokangas.fi\/blogi\/wp-content\/uploads\/2020\/09\/1-3.jpg?resize=525%2C300&ssl=1 1.5x, https:\/\/i0.wp.com\/www.satokangas.fi\/blogi\/wp-content\/uploads\/2020\/09\/1-3.jpg?resize=700%2C400&ssl=1 2x"},"classes":[]},{"id":48250,"url":"https:\/\/www.satokangas.fi\/blogi\/2024\/01\/liikkumista-ja-ruokaa-sunnuntailta-kuulostaa\/","url_meta":{"origin":34137,"position":4},"title":"Liikkumista ja ruokaa &#8211; sunnuntailta kuulostaa","author":"Reija","date":"14.1.2024","format":false,"excerpt":"Tammikuiselta tuntuu. Melkein kuin menisi enemm\u00e4n aikaa pukeutuessa ja muutenkin ladulle l\u00e4ht\u00f6\u00e4 tehdess\u00e4 kuin hiiht\u00e4ess\u00e4 se perinteinen kymppi. Joka tapauksessa sain itseni ulos ja liikkumaan. On p\u00e4ivi\u00e4, jolloin se on pelkk\u00e4\u00e4 iloa ja odotettua ulkoilua, on p\u00e4ivi\u00e4, jolloin se on pakkopullaa, suorittamista, tulee tehdyksi vain koska \"luulen ja uskon, ett\u00e4\u2026","rel":"","context":"Kategoriassa &quot;Liikkuminen&quot;","block_context":{"text":"Liikkuminen","link":"https:\/\/www.satokangas.fi\/blogi\/category\/liikkuminen\/"},"img":{"alt_text":"","src":"https:\/\/i0.wp.com\/www.satokangas.fi\/blogi\/wp-content\/uploads\/2024\/01\/8.png?resize=350%2C200&ssl=1","width":350,"height":200},"classes":[]},{"id":32512,"url":"https:\/\/www.satokangas.fi\/blogi\/2017\/11\/yolla\/","url_meta":{"origin":34137,"position":5},"title":"Y\u00f6ll\u00e4","author":"Reija","date":"3.11.2017","format":false,"excerpt":"Silta yli synk\u00e4n virran Y\u00f6p\u00f6yd\u00e4n kello 3:52. Miksi aina tuo tuo *:52. Joko 12:52, 01:52, 02:52, 03:52, 04:52 mik\u00e4 on kaikkein pahin. Silloin ei todellakaan ole en\u00e4\u00e4 mit\u00e4\u00e4n j\u00e4rke\u00e4, toivoakaan, yritt\u00e4\u00e4k\u00e4\u00e4n en\u00e4\u00e4 nukahtaa. Mutta 3:52 taas kerran. Menenk\u00f6 vessaan? - En, koska viimeist\u00e4\u00e4n sitten her\u00e4\u00e4n niin, etten nukahda en\u00e4\u00e4 ollenkaan.\u00a0Ja\u2026","rel":"","context":"Kategoriassa &quot;Niit\u00e4 n\u00e4it\u00e4&quot;","block_context":{"text":"Niit\u00e4 n\u00e4it\u00e4","link":"https:\/\/www.satokangas.fi\/blogi\/category\/aiheeton\/"},"img":{"alt_text":"","src":"https:\/\/i0.wp.com\/www.satokangas.fi\/blogi\/wp-content\/uploads\/2017\/11\/Silta-yli-synk%C3%A4n-virran-3.jpg?resize=350%2C200&ssl=1","width":350,"height":200,"srcset":"https:\/\/i0.wp.com\/www.satokangas.fi\/blogi\/wp-content\/uploads\/2017\/11\/Silta-yli-synk%C3%A4n-virran-3.jpg?resize=350%2C200&ssl=1 1x, https:\/\/i0.wp.com\/www.satokangas.fi\/blogi\/wp-content\/uploads\/2017\/11\/Silta-yli-synk%C3%A4n-virran-3.jpg?resize=525%2C300&ssl=1 1.5x, https:\/\/i0.wp.com\/www.satokangas.fi\/blogi\/wp-content\/uploads\/2017\/11\/Silta-yli-synk%C3%A4n-virran-3.jpg?resize=700%2C400&ssl=1 2x"},"classes":[]}],"_links":{"self":[{"href":"https:\/\/www.satokangas.fi\/blogi\/wp-json\/wp\/v2\/posts\/34137","targetHints":{"allow":["GET"]}}],"collection":[{"href":"https:\/\/www.satokangas.fi\/blogi\/wp-json\/wp\/v2\/posts"}],"about":[{"href":"https:\/\/www.satokangas.fi\/blogi\/wp-json\/wp\/v2\/types\/post"}],"author":[{"embeddable":true,"href":"https:\/\/www.satokangas.fi\/blogi\/wp-json\/wp\/v2\/users\/1"}],"replies":[{"embeddable":true,"href":"https:\/\/www.satokangas.fi\/blogi\/wp-json\/wp\/v2\/comments?post=34137"}],"version-history":[{"count":0,"href":"https:\/\/www.satokangas.fi\/blogi\/wp-json\/wp\/v2\/posts\/34137\/revisions"}],"wp:attachment":[{"href":"https:\/\/www.satokangas.fi\/blogi\/wp-json\/wp\/v2\/media?parent=34137"}],"wp:term":[{"taxonomy":"category","embeddable":true,"href":"https:\/\/www.satokangas.fi\/blogi\/wp-json\/wp\/v2\/categories?post=34137"},{"taxonomy":"post_tag","embeddable":true,"href":"https:\/\/www.satokangas.fi\/blogi\/wp-json\/wp\/v2\/tags?post=34137"}],"curies":[{"name":"wp","href":"https:\/\/api.w.org\/{rel}","templated":true}]}}