{"id":34132,"date":"2018-06-05T21:47:00","date_gmt":"2018-06-05T18:47:00","guid":{"rendered":"https:\/\/www.satokangas.fi\/blogi\/?p=34132"},"modified":"2018-06-06T09:58:25","modified_gmt":"2018-06-06T06:58:25","slug":"viileassa-kaupungissa","status":"publish","type":"post","link":"https:\/\/www.satokangas.fi\/blogi\/2018\/06\/viileassa-kaupungissa\/","title":{"rendered":"Viile\u00e4ss\u00e4 kaupungissa"},"content":{"rendered":"<p style=\"text-align: justify;\">Hanskat! Minulla oli hanskat k\u00e4dess\u00e4, kun aamup\u00e4iv\u00e4ll\u00e4 oli l\u00e4hds\u00f6ss\u00e4 k\u00e4vellen kaupunkiin hiusten leikkuuseen ja sen j\u00e4lkeen lounastreffeille mieheni kanssa, mutta paiskasinkin ne takaisin eteisen vaatehuoneen koriin: &#8221;kes\u00e4ll\u00e4 mit\u00e4\u00e4n hanskoja tarvi!&#8221; &#8211; Virhe! Todellakin olisi kannattanut ottaa ne mukaan. Vaikka oli my\u00f6t\u00e4tyyli ja minulla Hagl\u00f6fsin kuoritakki, niin silti oli ihan pirun kylm\u00e4. Hyyt\u00e4v\u00e4 etten sanoisi. Mutta tulipas k\u00e4velty\u00e4 reippaasti.\u00a0<a href=\"https:\/\/www.satokangas.fi\/blogi\/2018\/06\/viileassa-kaupungissa\/oulu_\/#main\" rel=\"attachment wp-att-34133\"><img loading=\"lazy\" decoding=\"async\" data-attachment-id=\"34133\" data-permalink=\"https:\/\/www.satokangas.fi\/blogi\/2018\/06\/viileassa-kaupungissa\/oulu_\/\" data-orig-file=\"https:\/\/www.satokangas.fi\/blogi\/wp-content\/uploads\/2018\/06\/Oulu_.jpg\" data-orig-size=\"1000,611\" data-comments-opened=\"1\" data-image-meta=\"{&quot;aperture&quot;:&quot;16&quot;,&quot;credit&quot;:&quot;&quot;,&quot;camera&quot;:&quot;Canon EOS 5D Mark IV&quot;,&quot;caption&quot;:&quot;&quot;,&quot;created_timestamp&quot;:&quot;1528195089&quot;,&quot;copyright&quot;:&quot;Reija Satokangas&quot;,&quot;focal_length&quot;:&quot;35&quot;,&quot;iso&quot;:&quot;800&quot;,&quot;shutter_speed&quot;:&quot;0.0008&quot;,&quot;title&quot;:&quot;&quot;,&quot;orientation&quot;:&quot;0&quot;}\" data-image-title=\"Oulu_\" data-image-description=\"\" data-image-caption=\"\" data-large-file=\"https:\/\/www.satokangas.fi\/blogi\/wp-content\/uploads\/2018\/06\/Oulu_.jpg\" class=\"aligncenter size-full wp-image-34133\" src=\"https:\/\/www.satokangas.fi\/blogi\/wp-content\/uploads\/2018\/06\/Oulu_.jpg\" alt=\"\" width=\"1000\" height=\"611\" srcset=\"https:\/\/www.satokangas.fi\/blogi\/wp-content\/uploads\/2018\/06\/Oulu_.jpg 1000w, https:\/\/www.satokangas.fi\/blogi\/wp-content\/uploads\/2018\/06\/Oulu_-300x183.jpg 300w, https:\/\/www.satokangas.fi\/blogi\/wp-content\/uploads\/2018\/06\/Oulu_-655x400.jpg 655w, https:\/\/www.satokangas.fi\/blogi\/wp-content\/uploads\/2018\/06\/Oulu_-768x469.jpg 768w\" sizes=\"auto, (max-width: 1000px) 100vw, 1000px\" \/><\/a><\/p>\n<p style=\"text-align: center;\">Pilvet kaupungin yll\u00e4 olivat vaikuttavat.<\/p>\n<p style=\"text-align: justify;\">Kunhan olin saanut hiukseni taas keve\u00e4mmiksi ja lyhyemmiksi menimme Frans &amp; Camilleen lounaalle. Se on Isokadun ja Pakkahuoneenkadun kulmassa oleva Arinan ketjuravintola hotellin yhteydess\u00e4. Siell\u00e4 ei olla ennen k\u00e4yty, ja se on v\u00e4h\u00e4n ranskalaishenkinen, mihin viittaa <em>Bistro<\/em> ravintolan nimess\u00e4kin. Siis t\u00e4m\u00e4kin on yksi &#8221;Oulun etniset ravintolat&#8221; -testauskierrostamme. Lounas maksoi 12 euroa, ja minulla ei valitettavasti sielt\u00e4 kuvia ole.<\/p>\n<p style=\"text-align: justify;\">Minullahan oli tietysti hieman nuivia ennakkoasenteita: ketjuravintola ja hotellin ravintola, ja lounasbuffa. Mutta annoin bistrolle mahdollisuuden, ja se kyll\u00e4 k\u00e4ytti sen hyvin hyv\u00e4kseen. Buffet-p\u00f6yd\u00e4ss\u00e4 oli paljon hyvi\u00e4 makuja, coleslaw ja skagenr\u00f6ra, paprikatapenade ja hyv\u00e4 rustiikkinen maalaisleip\u00e4 olivat kaikki makoisia, ja olisivat sellaisenaan riitt\u00e4neet minulle, mutta otinpa pienen annoksen my\u00f6s l\u00e4mpim\u00e4n\u00e4 ruokana ollutta possupataa ja parsakaalta, kermaperunat j\u00e4tin v\u00e4liin. J\u00e4lkk\u00e4riksi olisi ollut kahvia ja keksi, mutta minulle mieluisampaa palanen brieta ja nokare viikunahilloa.<\/p>\n<p style=\"text-align: justify;\">Paikka oli v\u00e4h\u00e4n ennen kahta l\u00e4hes t\u00e4ynn\u00e4, vaikka onkin aika iso. Palvelusta on vaikea sanoa mit\u00e4\u00e4n, kun ei mit\u00e4\u00e4n palvelua tarvittu. Mutta kaikkinensa ei ollut ollenkaan huono kokemus. Mutta. Mutta luulenpa, etten sinne toiste mene. On monia muita ja monia testaamattomiakin.<\/p>\n<p style=\"text-align: justify;\">Siin\u00e4 paikalla on kyll\u00e4 ollut monia mieluisiakin ravintoloita: Steak House oli perhep\u00e4iv\u00e4llisten paikka pari kertaa vuodessa 1970-luvulla. Ja siell\u00e4 oli sellainen ruksisysteemi: sai ruksittaa pihvin koon, kypsyysasteen, lisukkeet (tuoreet herkkusienet paistettuna oli ihan uusi juttu!!) ja kastikkeen. Olipas silloin ihan huippuruokapaikka. Sitten 80-luvulla siin\u00e4 oli &#8221;Iloinen tori&#8221;, jossa oli elokuisin &#8221;rapuilta&#8221; eli sai sy\u00f6d\u00e4 kuorellisia katkoja suunnilleen niin paljon kuin halusi. Ja ihania j\u00e4\u00e4tel\u00f6annoksia. Voitte arvata, ett\u00e4 sekin miellytti minua kovin.<\/p>\n<p><a href=\"https:\/\/www.satokangas.fi\/blogi\/2018\/06\/viileassa-kaupungissa\/oulu_-2-2\/#main\" rel=\"attachment wp-att-34134\"><img loading=\"lazy\" decoding=\"async\" class=\"aligncenter size-full wp-image-34134\" src=\"https:\/\/www.satokangas.fi\/blogi\/wp-content\/uploads\/2018\/06\/Oulu_-2.jpg\" alt=\"\" width=\"1000\" height=\"667\" \/><\/a><\/p>\n<p>&nbsp;<\/p>\n","protected":false},"excerpt":{"rendered":"<p>Hanskat! Minulla oli hanskat k\u00e4dess\u00e4, kun aamup\u00e4iv\u00e4ll\u00e4 oli l\u00e4hds\u00f6ss\u00e4 k\u00e4vellen kaupunkiin hiusten leikkuuseen ja sen j\u00e4lkeen lounastreffeille mieheni kanssa, mutta paiskasinkin ne takaisin eteisen vaatehuoneen koriin: &#8221;kes\u00e4ll\u00e4 mit\u00e4\u00e4n hanskoja tarvi!&#8221; &#8211; Virhe! Todellakin olisi kannattanut ottaa ne mukaan. Vaikka oli my\u00f6t\u00e4tyyli ja minulla Hagl\u00f6fsin kuoritakki, niin silti oli ihan pirun kylm\u00e4. Hyyt\u00e4v\u00e4 etten sanoisi. Mutta tulipas k\u00e4velty\u00e4 reippaasti.\u00a0 Pilvet kaupungin &hellip; <\/p>\n","protected":false},"author":1,"featured_media":0,"comment_status":"open","ping_status":"open","sticky":false,"template":"","format":"standard","meta":{"jetpack_post_was_ever_published":false,"_jetpack_newsletter_access":"","_jetpack_dont_email_post_to_subs":false,"_jetpack_newsletter_tier_id":0,"_jetpack_memberships_contains_paywalled_content":false,"_jetpack_memberships_contains_paid_content":false,"footnotes":"","jetpack_publicize_message":"","jetpack_publicize_feature_enabled":true,"jetpack_social_post_already_shared":true,"jetpack_social_options":{"image_generator_settings":{"template":"highway","default_image_id":0,"font":"","enabled":false},"version":2}},"categories":[1,107],"tags":[],"class_list":["post-34132","post","type-post","status-publish","format-standard","hentry","category-aiheeton","category-oulun-etniset-ravintolat","latest_post"],"jetpack_publicize_connections":[],"jetpack_featured_media_url":"","jetpack_shortlink":"https:\/\/wp.me\/pr4p4-8Sw","jetpack_sharing_enabled":true,"jetpack_likes_enabled":false,"jetpack-related-posts":[{"id":54328,"url":"https:\/\/www.satokangas.fi\/blogi\/2026\/04\/homma-hanskassa-ja-hanskat-hukassa\/","url_meta":{"origin":34132,"position":0},"title":"Homma hanskassa, ja hanskat hukassa","author":"Reija","date":"29.4.2026","format":false,"excerpt":"Homma hanskassa, ja hanskat hukassa! Nyt ei ole ollut hanskat hukassa, usein kyll\u00e4 nekin, mutta nyt on kysymys isommasta jutusta. Olenhan useinkin tainnut kertoa kuinka olen hyv\u00e4 piilottamaan, sujauttamaan, hukkaamaan, \"laittamaan talteen\" kaikenlaista pient\u00e4 ja v\u00e4h\u00e4n isompaakin. Lapsemme muistavat edelleen kertoa omilleen kuinka mummi silloin heid\u00e4n lapsuudessaan piilotti yll\u00e4rijoulukarkit, eik\u00e4\u2026","rel":"","context":"Kategoriassa &quot;Niit\u00e4 n\u00e4it\u00e4&quot;","block_context":{"text":"Niit\u00e4 n\u00e4it\u00e4","link":"https:\/\/www.satokangas.fi\/blogi\/category\/aiheeton\/"},"img":{"alt_text":"","src":"https:\/\/i0.wp.com\/www.satokangas.fi\/blogi\/wp-content\/uploads\/2026\/04\/Avain.jpg?resize=350%2C200&ssl=1","width":350,"height":200,"srcset":"https:\/\/i0.wp.com\/www.satokangas.fi\/blogi\/wp-content\/uploads\/2026\/04\/Avain.jpg?resize=350%2C200&ssl=1 1x, https:\/\/i0.wp.com\/www.satokangas.fi\/blogi\/wp-content\/uploads\/2026\/04\/Avain.jpg?resize=525%2C300&ssl=1 1.5x, https:\/\/i0.wp.com\/www.satokangas.fi\/blogi\/wp-content\/uploads\/2026\/04\/Avain.jpg?resize=700%2C400&ssl=1 2x"},"classes":[]},{"id":46634,"url":"https:\/\/www.satokangas.fi\/blogi\/2023\/08\/hommat-hanskassa-ainakin-talla-eraa\/","url_meta":{"origin":34132,"position":1},"title":"Hommat hanskassa &#8211; ainakin t\u00e4ll\u00e4 er\u00e4\u00e4","author":"Reija","date":"10.8.2023","format":false,"excerpt":"Nyt on hyv\u00e4 mieli! Aamuvarhaisesta on ollut tekemist\u00e4 ja j\u00e4lke\u00e4kin on syntynyt. Suorittaja minussa, jota en ole viel\u00e4k\u00e4\u00e4n ihan saanut vuosien yritt\u00e4misen j\u00e4lkeen nujerretuksi, on tyytyv\u00e4inen, eik\u00e4 edes v\u00e4synyt. Eilinen iltap\u00e4iv\u00e4 meni kuvaushommissa, ja t\u00e4n\u00e4\u00e4n sitten massiivinen muistikorteille tallentunut kuvam\u00e4\u00e4r\u00e4 perattavana ja editoitavana. De Gamlas Hemin hotelliin (Hemmettiin) on valmistunut\u2026","rel":"","context":"Kategoriassa &quot;Muistikuvia&quot;","block_context":{"text":"Muistikuvia","link":"https:\/\/www.satokangas.fi\/blogi\/category\/muistikuvia\/"},"img":{"alt_text":"","src":"https:\/\/i0.wp.com\/www.satokangas.fi\/blogi\/wp-content\/uploads\/2023\/08\/1-9.jpg?resize=350%2C200&ssl=1","width":350,"height":200,"srcset":"https:\/\/i0.wp.com\/www.satokangas.fi\/blogi\/wp-content\/uploads\/2023\/08\/1-9.jpg?resize=350%2C200&ssl=1 1x, https:\/\/i0.wp.com\/www.satokangas.fi\/blogi\/wp-content\/uploads\/2023\/08\/1-9.jpg?resize=525%2C300&ssl=1 1.5x, https:\/\/i0.wp.com\/www.satokangas.fi\/blogi\/wp-content\/uploads\/2023\/08\/1-9.jpg?resize=700%2C400&ssl=1 2x"},"classes":[]},{"id":9452,"url":"https:\/\/www.satokangas.fi\/blogi\/2010\/11\/pahkinoita-purtavaksi\/","url_meta":{"origin":34132,"position":2},"title":"P\u00e4hkin\u00f6it\u00e4 purtavaksi &#8230;","author":"Reija","date":"10.11.2010","format":false,"excerpt":"En ole oikein osannut k\u00e4ytt\u00e4\u00e4 sanontaa: \"menn\u00e4 p\u00e4hkin\u00f6iksi\" tai \"oli ihan p\u00e4hkin\u00f6in\u00e4\". \u00a0Mutta t\u00e4n\u00e4\u00e4n yht\u00e4kki\u00e4 kesken ty\u00f6p\u00e4iv\u00e4n tajusin, mit\u00e4 se tarkoittaa. Menin ihan p\u00e4hkin\u00f6iksi yhdest\u00e4 tapaamisesta, joita t\u00e4n\u00e4\u00e4n kyll\u00e4 monenlaisia riitti. Tapaamisten joukossa oli kyll\u00e4 yksi \u00e4\u00e4rimm\u00e4isen surullinen ja minulle huolen j\u00e4tt\u00e4v\u00e4. Mutta yhdest\u00e4 menin p\u00e4hkin\u00f6iksi. \u00a0P\u00e4hkin\u00f6iksi on kiva menn\u00e4.\u2026","rel":"","context":"Kategoriassa &quot;Niit\u00e4 n\u00e4it\u00e4&quot;","block_context":{"text":"Niit\u00e4 n\u00e4it\u00e4","link":"https:\/\/www.satokangas.fi\/blogi\/category\/aiheeton\/"},"img":{"alt_text":"","src":"","width":0,"height":0},"classes":[]},{"id":37597,"url":"https:\/\/www.satokangas.fi\/blogi\/2019\/11\/kotielamaa\/","url_meta":{"origin":34132,"position":3},"title":"Kotiel\u00e4m\u00e4\u00e4","author":"Reija","date":"9.11.2019","format":false,"excerpt":"Sit\u00e4h\u00e4n min\u00e4 ohi kulkiessani j\u00e4in miettim\u00e4\u00e4n, miten tuolle heikoilla j\u00e4ill\u00e4 k\u00e4velleelle koiralle oli lopulta k\u00e4ynyt? - P\u00e4\u00e4sih\u00e4n rannalle? Toinen juttu, mit\u00e4 viime p\u00e4ivin\u00e4 lenkeill\u00e4ni \"liikenneturvallisuuteen\" liittyen olen miettinyt, on se, mikseiv\u00e4t ihmiset k\u00e4yt\u00e4 heijastimia. Olen useinkin, jo aiemminkin, miettinyt sit\u00e4, miksei \"ymp\u00e4ri vuoden pimeiden iltojen maissa\" (Etel\u00e4-Eurooppa etc.) k\u00e4ytet\u00e4 heijastimia,\u2026","rel":"","context":"Kategoriassa &quot;Niit\u00e4 n\u00e4it\u00e4&quot;","block_context":{"text":"Niit\u00e4 n\u00e4it\u00e4","link":"https:\/\/www.satokangas.fi\/blogi\/category\/aiheeton\/"},"img":{"alt_text":"","src":"https:\/\/i0.wp.com\/www.satokangas.fi\/blogi\/wp-content\/uploads\/2019\/11\/Laaniska-2.jpg?resize=350%2C200&ssl=1","width":350,"height":200},"classes":[]},{"id":36697,"url":"https:\/\/www.satokangas.fi\/blogi\/2019\/06\/rantapellossa-hiljenee\/","url_meta":{"origin":34132,"position":4},"title":"Rantapellossa hiljenee &#8230;","author":"Reija","date":"24.6.2019","format":false,"excerpt":"Arkeen paluu n\u00e4ytt\u00e4ytyi perheen \"hajoamisena\", viikonlopun juhlaoleilun ja -sy\u00f6misen j\u00e4lkien siivoiluna, (Pehtoorilla) pihan raivaamisena, kuvaprojekti-s\u00e4hk\u00f6posteiluna, viinikaapin sulkemisena, kakkujen poistumisena ruokavaliosta ja silityskasan setvimisen\u00e4. Tytt\u00e4ren \"Matka l\u00e4pi Suomen\" jatkui t\u00e4n\u00e4\u00e4n kahden lepop\u00e4iv\u00e4n j\u00e4lkeen kohti pohjoista; olin luvannut saatella Kiiminkiin, mutta se olikin Juniori, joka menikin vasta iltavuoroon ja joka halusi systerins\u00e4\u2026","rel":"","context":"Kategoriassa &quot;Niit\u00e4 n\u00e4it\u00e4&quot;","block_context":{"text":"Niit\u00e4 n\u00e4it\u00e4","link":"https:\/\/www.satokangas.fi\/blogi\/category\/aiheeton\/"},"img":{"alt_text":"","src":"https:\/\/i0.wp.com\/www.satokangas.fi\/blogi\/wp-content\/uploads\/2019\/06\/11-2-600x400.jpg?resize=350%2C200&ssl=1","width":350,"height":200,"srcset":"https:\/\/i0.wp.com\/www.satokangas.fi\/blogi\/wp-content\/uploads\/2019\/06\/11-2-600x400.jpg?resize=350%2C200&ssl=1 1x, https:\/\/i0.wp.com\/www.satokangas.fi\/blogi\/wp-content\/uploads\/2019\/06\/11-2-600x400.jpg?resize=525%2C300&ssl=1 1.5x"},"classes":[]},{"id":27320,"url":"https:\/\/www.satokangas.fi\/blogi\/2016\/01\/kaamos-ohi-pakkasia-pitelee\/","url_meta":{"origin":34132,"position":5},"title":"Kaamos ohi, pakkasia pitelee","author":"Reija","date":"7.1.2016","format":false,"excerpt":"Virallisesti t\u00e4n\u00e4\u00e4n on kaamos t\u00e4\u00e4ll\u00e4 Hangasojan rannalla ohi. Aurinko nousi t\u00e4n\u00e4\u00e4n klo 12:13, ja p\u00e4iv\u00e4n pituus oli kokonaiset seitsem\u00e4n minuuttia. Kuukauden aurinko\u00a0on ollut taivaanrannan alapuolella, mutta taas nousee. Sit\u00e4 varten mentiin\u00a0t\u00e4n\u00e4\u00e4nkin\u00a0Kaunisp\u00e4\u00e4lle (autolla kyll\u00e4kin), oikein vartoomaan auringon n\u00e4kemist\u00e4, mutta pilvess\u00e4h\u00e4n se taivas t\u00e4n\u00e4\u00e4n oli. Lauhtuu nimitt\u00e4in. Kolmeenkymmeneen pakkasasteeseen ja allekin jo\u2026","rel":"","context":"Kategoriassa &quot;Lappi&quot;","block_context":{"text":"Lappi","link":"https:\/\/www.satokangas.fi\/blogi\/category\/lappi\/"},"img":{"alt_text":"","src":"https:\/\/i0.wp.com\/www.satokangas.fi\/blogi\/wp-content\/uploads\/2016\/01\/Kuvausassistentti-2-600x400.jpg?resize=350%2C200&ssl=1","width":350,"height":200,"srcset":"https:\/\/i0.wp.com\/www.satokangas.fi\/blogi\/wp-content\/uploads\/2016\/01\/Kuvausassistentti-2-600x400.jpg?resize=350%2C200&ssl=1 1x, https:\/\/i0.wp.com\/www.satokangas.fi\/blogi\/wp-content\/uploads\/2016\/01\/Kuvausassistentti-2-600x400.jpg?resize=525%2C300&ssl=1 1.5x, https:\/\/i0.wp.com\/www.satokangas.fi\/blogi\/wp-content\/uploads\/2016\/01\/Kuvausassistentti-2-600x400.jpg?resize=700%2C400&ssl=1 2x, https:\/\/i0.wp.com\/www.satokangas.fi\/blogi\/wp-content\/uploads\/2016\/01\/Kuvausassistentti-2-600x400.jpg?resize=1050%2C600&ssl=1 3x, https:\/\/i0.wp.com\/www.satokangas.fi\/blogi\/wp-content\/uploads\/2016\/01\/Kuvausassistentti-2-600x400.jpg?resize=1400%2C800&ssl=1 4x"},"classes":[]}],"_links":{"self":[{"href":"https:\/\/www.satokangas.fi\/blogi\/wp-json\/wp\/v2\/posts\/34132","targetHints":{"allow":["GET"]}}],"collection":[{"href":"https:\/\/www.satokangas.fi\/blogi\/wp-json\/wp\/v2\/posts"}],"about":[{"href":"https:\/\/www.satokangas.fi\/blogi\/wp-json\/wp\/v2\/types\/post"}],"author":[{"embeddable":true,"href":"https:\/\/www.satokangas.fi\/blogi\/wp-json\/wp\/v2\/users\/1"}],"replies":[{"embeddable":true,"href":"https:\/\/www.satokangas.fi\/blogi\/wp-json\/wp\/v2\/comments?post=34132"}],"version-history":[{"count":0,"href":"https:\/\/www.satokangas.fi\/blogi\/wp-json\/wp\/v2\/posts\/34132\/revisions"}],"wp:attachment":[{"href":"https:\/\/www.satokangas.fi\/blogi\/wp-json\/wp\/v2\/media?parent=34132"}],"wp:term":[{"taxonomy":"category","embeddable":true,"href":"https:\/\/www.satokangas.fi\/blogi\/wp-json\/wp\/v2\/categories?post=34132"},{"taxonomy":"post_tag","embeddable":true,"href":"https:\/\/www.satokangas.fi\/blogi\/wp-json\/wp\/v2\/tags?post=34132"}],"curies":[{"name":"wp","href":"https:\/\/api.w.org\/{rel}","templated":true}]}}