{"id":34129,"date":"2018-06-04T20:52:18","date_gmt":"2018-06-04T17:52:18","guid":{"rendered":"https:\/\/www.satokangas.fi\/blogi\/?p=34129"},"modified":"2018-06-04T20:52:19","modified_gmt":"2018-06-04T17:52:19","slug":"kesallakin-voi-olla-pirttipaivia","status":"publish","type":"post","link":"https:\/\/www.satokangas.fi\/blogi\/2018\/06\/kesallakin-voi-olla-pirttipaivia\/","title":{"rendered":"Kes\u00e4ll\u00e4kin voi olla &#8221;pirttip\u00e4ivi\u00e4&#8221;"},"content":{"rendered":"<p><a href=\"https:\/\/www.satokangas.fi\/blogi\/2018\/06\/kesallakin-voi-olla-pirttipaivia\/kesaa_odotellessa\/#main\" rel=\"attachment wp-att-34130\"><img loading=\"lazy\" decoding=\"async\" data-attachment-id=\"34130\" data-permalink=\"https:\/\/www.satokangas.fi\/blogi\/2018\/06\/kesallakin-voi-olla-pirttipaivia\/kesaa_odotellessa\/\" data-orig-file=\"https:\/\/www.satokangas.fi\/blogi\/wp-content\/uploads\/2018\/06\/Kesaa_odotellessa.jpg\" data-orig-size=\"1000,667\" data-comments-opened=\"1\" data-image-meta=\"{&quot;aperture&quot;:&quot;7.1&quot;,&quot;credit&quot;:&quot;&quot;,&quot;camera&quot;:&quot;Canon EOS 5D Mark IV&quot;,&quot;caption&quot;:&quot;&quot;,&quot;created_timestamp&quot;:&quot;1526287429&quot;,&quot;copyright&quot;:&quot;Reija Satokangas&quot;,&quot;focal_length&quot;:&quot;70&quot;,&quot;iso&quot;:&quot;100&quot;,&quot;shutter_speed&quot;:&quot;0.0015625&quot;,&quot;title&quot;:&quot;&quot;,&quot;orientation&quot;:&quot;0&quot;}\" data-image-title=\"Kesaa_odotellessa\" data-image-description=\"\" data-image-caption=\"\" data-large-file=\"https:\/\/www.satokangas.fi\/blogi\/wp-content\/uploads\/2018\/06\/Kesaa_odotellessa.jpg\" class=\"aligncenter size-full wp-image-34130\" src=\"https:\/\/www.satokangas.fi\/blogi\/wp-content\/uploads\/2018\/06\/Kesaa_odotellessa.jpg\" alt=\"\" width=\"1000\" height=\"667\" srcset=\"https:\/\/www.satokangas.fi\/blogi\/wp-content\/uploads\/2018\/06\/Kesaa_odotellessa.jpg 1000w, https:\/\/www.satokangas.fi\/blogi\/wp-content\/uploads\/2018\/06\/Kesaa_odotellessa-300x200.jpg 300w, https:\/\/www.satokangas.fi\/blogi\/wp-content\/uploads\/2018\/06\/Kesaa_odotellessa-600x400.jpg 600w, https:\/\/www.satokangas.fi\/blogi\/wp-content\/uploads\/2018\/06\/Kesaa_odotellessa-768x512.jpg 768w\" sizes=\"auto, (max-width: 1000px) 100vw, 1000px\" \/><\/a><\/p>\n<p style=\"text-align: justify;\">Nallikarissa on autiota. Mutta t\u00e4n\u00e4\u00e4n se ei johdu varhaisesta aamusta niin kuin tuolloin jokunen viikko sitten kun tuon kuvan otin. Nyt se johtuu liki myrskyis\u00e4st\u00e4 tuulesta, kylm\u00e4st\u00e4, ainakin paljon kylmemm\u00e4st\u00e4 kuin edelliset viikot, vesitihkusta.<\/p>\n<p style=\"text-align: justify;\">Mutta ei minua ole h\u00e4irinnyt kovin syksyiselt\u00e4 vaikuttanut keli. Olen pysytellyt hyvin visusti sis\u00e4ll\u00e4 ja hyvin visusti koneen \u00e4\u00e4ress\u00e4. Kuviani ty\u00f6st\u00e4nyt myyt\u00e4v\u00e4ksi <a href=\"http:\/\/www.vastavalo.net\" target=\"_blank\" rel=\"noopener\">Vastavalossa<\/a> (kovat on l\u00e4p\u00e4isyvaatimukset), muokannut kuvia Pariisiin l\u00e4hetett\u00e4v\u00e4ksi (rotiss\u00f6\u00f6rien kv-julkaisuihin kuvia <a href=\"https:\/\/www.satokangas.fi\/blogi\/2018\/04\/lapsille-poytatapojen-opetusta-ja-juhlalounas\/\" target=\"_blank\" rel=\"noopener\">lasten ruokakulttuuritapahtumasta<\/a> etc.), v\u00e4h\u00e4n jo Rodoksen kuvia perannut, kalenteria katsellut ja m\u00f6kki- ja muita mahdollisia kes\u00e4reissuja suunnitelllut. Tyt\u00e4rt\u00e4 kysellyt Ouluun tulevaksi, kalaasiyst\u00e4vien kalentereita koettanut synkronoina kes\u00e4juhliamme varten.<\/p>\n<p style=\"text-align: justify;\">Yksi meille jo perinteinen kes\u00e4juhla, paistink\u00e4\u00e4nt\u00e4jien Suurkapituli, joka t\u00e4n\u00e4 vuonna on Jyv\u00e4skyl\u00e4ss\u00e4, j\u00e4\u00e4kin meill\u00e4 v\u00e4liin. Min\u00e4 kun my\u00f6h\u00e4styin ilmoittautumisesta: min\u00e4 joka yleens\u00e4 koetan pit\u00e4\u00e4 huolen ett\u00e4 koko Oulun voutikunta tiet\u00e4\u00e4 ja muistaa ilmoittautumisen avaushetkell\u00e4 olla valmiina koneen \u00e4\u00e4ress\u00e4, sill\u00e4 300 &#8211; 450 hengen juhla t\u00e4yttyy muutamassa kymmeness\u00e4 minuutissa. Min\u00e4 olin juuri silloin <a href=\"https:\/\/www.satokangas.fi\/blogi\/2018\/05\/retkipaiva-rodoksen-kaupunkiin\/\" target=\"_blank\" rel=\"noopener\">matkalla Anthony Quinn\u00b4s Beachille<\/a>, joten unohdin ja vartin liian my\u00f6h\u00e4\u00e4n naputtelin tietoja luurin pienelle n\u00e4yt\u00f6lle. Liian my\u00f6h\u00e4\u00e4n, ei mahduta mukaan.<\/p>\n<p style=\"text-align: justify;\">Noh, menemme sitten vaikka kaksistaan jonnekin hyvin sy\u00f6m\u00e4\u00e4n. Kapitulireissu on aina aika hintava paketti &#8211; varsinkin jos iltapukua tms. olisi hommattava, tosin minulla ei t\u00e4n\u00e4 vuonna olisi sellaista tarvetta &#8211; joten voimme k\u00e4ytt\u00e4\u00e4 sen rahan vaikka pikku retkeen Tampereelle ja M\u00e4ntt\u00e4\u00e4n Serlachiuksen museoihin, jotka minulla on viel\u00e4kin n\u00e4kem\u00e4tt\u00e4. Tai jos piipahdettaisiin m\u00f6kkireissun yhteydess\u00e4 vaikka Norjan puolella tai jotain. Kyll\u00e4 min\u00e4 viel\u00e4 keksin. Maantie vaatii aina v\u00e4lill\u00e4 kulkemaan&#8230;<\/p>\n<p>Mutta t\u00e4n\u00e4\u00e4n siis <a href=\"https:\/\/www.satokangas.fi\/blogi\/2009\/01\/pirttipaiva\/\" target=\"_blank\" rel=\"noopener\">&#8221;pirttip\u00e4iv\u00e4&#8221;<\/a>.<\/p>\n<p style=\"text-align: justify;\">\n","protected":false},"excerpt":{"rendered":"<p>Nallikarissa on autiota. Mutta t\u00e4n\u00e4\u00e4n se ei johdu varhaisesta aamusta niin kuin tuolloin jokunen viikko sitten kun tuon kuvan otin. Nyt se johtuu liki myrskyis\u00e4st\u00e4 tuulesta, kylm\u00e4st\u00e4, ainakin paljon kylmemm\u00e4st\u00e4 kuin edelliset viikot, vesitihkusta. Mutta ei minua ole h\u00e4irinnyt kovin syksyiselt\u00e4 vaikuttanut keli. Olen pysytellyt hyvin visusti sis\u00e4ll\u00e4 ja hyvin visusti koneen \u00e4\u00e4ress\u00e4. Kuviani ty\u00f6st\u00e4nyt myyt\u00e4v\u00e4ksi Vastavalossa (kovat on l\u00e4p\u00e4isyvaatimukset), &hellip; <\/p>\n","protected":false},"author":1,"featured_media":0,"comment_status":"open","ping_status":"open","sticky":false,"template":"","format":"standard","meta":{"jetpack_post_was_ever_published":false,"_jetpack_newsletter_access":"","_jetpack_dont_email_post_to_subs":false,"_jetpack_newsletter_tier_id":0,"_jetpack_memberships_contains_paywalled_content":false,"_jetpack_memberships_contains_paid_content":false,"footnotes":"","jetpack_publicize_message":"","jetpack_publicize_feature_enabled":true,"jetpack_social_post_already_shared":true,"jetpack_social_options":{"image_generator_settings":{"template":"highway","default_image_id":0,"font":"","enabled":false},"version":2}},"categories":[37],"tags":[],"class_list":["post-34129","post","type-post","status-publish","format-standard","hentry","category-valokuvaus","latest_post"],"jetpack_publicize_connections":[],"jetpack_featured_media_url":"","jetpack_shortlink":"https:\/\/wp.me\/pr4p4-8St","jetpack_sharing_enabled":true,"jetpack_likes_enabled":false,"jetpack-related-posts":[{"id":19565,"url":"https:\/\/www.satokangas.fi\/blogi\/2013\/12\/mieluusti-sisasiistissa-tyossa\/","url_meta":{"origin":34129,"position":0},"title":"Mieluusti sis\u00e4siistiss\u00e4 ty\u00f6ss\u00e4","author":"Reija","date":"12.12.2013","format":false,"excerpt":"Konferenssip\u00e4iv\u00e4 t\u00e4n\u00e4\u00e4n. Oulussa koolla historiantutkijoita, antropologeja, arkeologeja, kirjallisuuden, kielen ja kulttuurin tutkijoita:\u00a0\"Ylikulttuuriset kohtaamiset\" - symposiumissa 43 esitelm\u00f6itsij\u00e4\u00e4. Ainahan se on virkist\u00e4v\u00e4\u00e4 kuulla muiden tekemisist\u00e4 ja tutkimuksista, aina oppii. Erityisesti key note -esitelm\u00f6itsij\u00e4 (Montgomery McFate (Naval War College, RI, USA): Transcultural War) antoi varmaan monelle pohtimisen aihetta omaan tutkimukseensa ja tapaan\u2026","rel":"","context":"Kategoriassa &quot;Yliopistoel\u00e4m\u00e4\u00e4&quot;","block_context":{"text":"Yliopistoel\u00e4m\u00e4\u00e4","link":"https:\/\/www.satokangas.fi\/blogi\/category\/yliopistoelamaa\/"},"img":{"alt_text":"","src":"https:\/\/i0.wp.com\/www.satokangas.fi\/blogi\/wp-content\/uploads\/2013\/12\/12-2013-5.jpg?resize=350%2C200&ssl=1","width":350,"height":200},"classes":[]},{"id":23644,"url":"https:\/\/www.satokangas.fi\/blogi\/2015\/01\/pihan-valot\/","url_meta":{"origin":34129,"position":1},"title":"Pihan valot","author":"Reija","date":"14.1.2015","format":false,"excerpt":"T\u00e4h\u00e4n aikaan vuodesta kun tulppaanikimppu ja liki metriseksi kasvanut amaryllis ilahduttavat yht\u00e4 aikaa kukkien, kun pakkanen heittelehtii kymmeni\u00e4 asteita parin p\u00e4iv\u00e4n sis\u00e4ll\u00e4, kun t\u00f6ihin menness\u00e4 ja t\u00f6ist\u00e4 tullessa on hyvin pime\u00e4\u00e4, ei viikolla tule ulkoiltua yht\u00e4\u00e4n. Ei yht\u00e4\u00e4n. T\u00e4n\u00e4\u00e4n pitk\u00e4n duunip\u00e4iv\u00e4n, umpipitk\u00e4n jos kohta my\u00f6s\u00a0tuloksellisen ja rohkaisevankin\u00a0koulutusneuvoston j\u00e4lkeen puoliseitsem\u00e4n aikoihin\u2026","rel":"","context":"Kategoriassa &quot;Niit\u00e4 n\u00e4it\u00e4&quot;","block_context":{"text":"Niit\u00e4 n\u00e4it\u00e4","link":"https:\/\/www.satokangas.fi\/blogi\/category\/aiheeton\/"},"img":{"alt_text":"pihalla-2","src":"https:\/\/i0.wp.com\/www.satokangas.fi\/blogi\/wp-content\/uploads\/2015\/01\/pihalla-2-400x400.jpg?resize=350%2C200&ssl=1","width":350,"height":200},"classes":[]},{"id":45926,"url":"https:\/\/www.satokangas.fi\/blogi\/2023\/06\/kuvia-kuvien-paalle\/","url_meta":{"origin":34129,"position":2},"title":"Kuvia kuvien p\u00e4\u00e4lle","author":"Reija","date":"4.6.2023","format":false,"excerpt":"Kun alkuiltap\u00e4iv\u00e4st\u00e4 alkoivat kuvat vilist\u00e4 silmiss\u00e4 (t\u00e4n\u00e4\u00e4n taas editointi- ja kuvatoimistushommia) ja aurinko uhkaavasti vet\u00e4yty\u00e4 pilveen = \"eih\u00e4n vaan sittenkin tule sade\", l\u00e4hdin py\u00f6r\u00e4lenkille. Aika pahasti on normitavoitteeni t\u00e4m\u00e4n vuoden py\u00f6r\u00e4ilyn osalta j\u00e4ljess\u00e4, mutta olkoot. En aio ruveta itseni kanssa stressaamaan. Kuljen mink\u00e4 haluan, ehdin, pystyn. T\u00e4n\u00e4\u00e4n kerrassaan napakasta tuulesta\u2026","rel":"","context":"Kategoriassa &quot;Isovanhemmuus&quot;","block_context":{"text":"Isovanhemmuus","link":"https:\/\/www.satokangas.fi\/blogi\/category\/isovanhemmuus\/"},"img":{"alt_text":"","src":"https:\/\/i0.wp.com\/www.satokangas.fi\/blogi\/wp-content\/uploads\/2023\/06\/1-24.jpg?resize=350%2C200&ssl=1","width":350,"height":200,"srcset":"https:\/\/i0.wp.com\/www.satokangas.fi\/blogi\/wp-content\/uploads\/2023\/06\/1-24.jpg?resize=350%2C200&ssl=1 1x, https:\/\/i0.wp.com\/www.satokangas.fi\/blogi\/wp-content\/uploads\/2023\/06\/1-24.jpg?resize=525%2C300&ssl=1 1.5x, https:\/\/i0.wp.com\/www.satokangas.fi\/blogi\/wp-content\/uploads\/2023\/06\/1-24.jpg?resize=700%2C400&ssl=1 2x"},"classes":[]},{"id":16366,"url":"https:\/\/www.satokangas.fi\/blogi\/2013\/01\/tallessa\/","url_meta":{"origin":34129,"position":3},"title":"Tallessa","author":"Reija","date":"28.1.2013","format":false,"excerpt":"Sik\u00e4li merkillinen p\u00e4iv\u00e4, ett\u00e4 minulla ei ole mit\u00e4\u00e4n hukassa. Niin auton, kodin, ty\u00f6paikan ulko-oven ja oman huoneen oven, l\u00e4mp\u00f6paikan, m\u00f6kin kuin \u00e4idin asunnon avaimet ovat tallessa. Kameran objektiivien suojal\u00e4p\u00e4t ja vara-akku ja kaikkien digitaalisten\/s\u00e4hk\u00f6isten vempaimieni piuhat ovat paikoillaan tai muutoin tallessa. My\u00f6s molemmat rannekelloni, sek\u00e4 vihkisormus ett\u00e4 muut sormukset, samoin\u2026","rel":"","context":"Kategoriassa &quot;Niit\u00e4 n\u00e4it\u00e4&quot;","block_context":{"text":"Niit\u00e4 n\u00e4it\u00e4","link":"https:\/\/www.satokangas.fi\/blogi\/category\/aiheeton\/"},"img":{"alt_text":"Ilta-auringossa","src":"https:\/\/i0.wp.com\/www.satokangas.fi\/blogi\/wp-content\/uploads\/2013\/01\/Ilta-auringossa-600x400.jpg?resize=350%2C200&ssl=1","width":350,"height":200,"srcset":"https:\/\/i0.wp.com\/www.satokangas.fi\/blogi\/wp-content\/uploads\/2013\/01\/Ilta-auringossa-600x400.jpg?resize=350%2C200&ssl=1 1x, https:\/\/i0.wp.com\/www.satokangas.fi\/blogi\/wp-content\/uploads\/2013\/01\/Ilta-auringossa-600x400.jpg?resize=525%2C300&ssl=1 1.5x"},"classes":[]},{"id":33652,"url":"https:\/\/www.satokangas.fi\/blogi\/2018\/03\/nettisivujen-ylos-ja-alasajossa\/","url_meta":{"origin":34129,"position":4},"title":"Nettisivujen yl\u00f6s- ja alasajossa","author":"Reija","date":"26.3.2018","format":false,"excerpt":"Aamup\u00e4iv\u00e4n kauppa-, apteekki-, lenkki- ja hautausmaakierrosta lukuunottamatta olen koko p\u00e4iv\u00e4n istunut koneella ja tehnyt - vihdoin - yritykseni nettisivuille materiaalia. Nyt kun ei ole yht\u00e4\u00e4n isoa projektia ty\u00f6n alla, olisi saatava kuvauskeikkoja jostain ja on siis vihdoin ruvettava markkinoimaan! Siisp\u00e4 sivusto on saatava kuntoon. Ja t\u00e4ss\u00e4 samalla viime vuoden v\u00e4liaikainen\u2026","rel":"","context":"Kategoriassa &quot;Bloggailu&quot;","block_context":{"text":"Bloggailu","link":"https:\/\/www.satokangas.fi\/blogi\/category\/bloggailu\/"},"img":{"alt_text":"","src":"https:\/\/i0.wp.com\/www.satokangas.fi\/blogi\/wp-content\/uploads\/2018\/03\/Stooleborgissa-6.jpg?resize=350%2C200&ssl=1","width":350,"height":200,"srcset":"https:\/\/i0.wp.com\/www.satokangas.fi\/blogi\/wp-content\/uploads\/2018\/03\/Stooleborgissa-6.jpg?resize=350%2C200&ssl=1 1x, https:\/\/i0.wp.com\/www.satokangas.fi\/blogi\/wp-content\/uploads\/2018\/03\/Stooleborgissa-6.jpg?resize=525%2C300&ssl=1 1.5x, https:\/\/i0.wp.com\/www.satokangas.fi\/blogi\/wp-content\/uploads\/2018\/03\/Stooleborgissa-6.jpg?resize=700%2C400&ssl=1 2x"},"classes":[]},{"id":44861,"url":"https:\/\/www.satokangas.fi\/blogi\/2023\/02\/pakkaspaivana-ivalossa-ja-ladulla\/","url_meta":{"origin":34129,"position":5},"title":"Pakkasp\u00e4iv\u00e4n\u00e4 Ivalossa ja ladulla","author":"Reija","date":"21.2.2023","format":false,"excerpt":"El\u00e4m\u00e4nmeno ja p\u00e4ivien kulku m\u00f6kill\u00e4 ollessa m\u00e4\u00e4r\u00e4ytyy paljolti valon ja s\u00e4\u00e4n mukaan. Aamulla sen j\u00e4lkeen kun on l\u00f6yt\u00e4nyt rillit nen\u00e4lleen ja villasukat jalkaansa, tulee seuraavaksi katsottua ulkol\u00e4mp\u00f6mittaria, taivaan v\u00e4ri\u00e4 ja ilman laatua. T\u00e4n\u00e4\u00e4n seitsem\u00e4lt\u00e4: - 25 C, pilvet\u00f6n taivas, aurinko nousemassa. Siis ei aamuladulle! Koska t\u00e4ll\u00e4 viikolla olisi joka tapauksessa\u2026","rel":"","context":"Kategoriassa &quot;Lappi&quot;","block_context":{"text":"Lappi","link":"https:\/\/www.satokangas.fi\/blogi\/category\/lappi\/"},"img":{"alt_text":"","src":"https:\/\/i0.wp.com\/www.satokangas.fi\/blogi\/wp-content\/uploads\/2023\/02\/pakkaspaiva-3-1.jpg?resize=350%2C200&ssl=1","width":350,"height":200,"srcset":"https:\/\/i0.wp.com\/www.satokangas.fi\/blogi\/wp-content\/uploads\/2023\/02\/pakkaspaiva-3-1.jpg?resize=350%2C200&ssl=1 1x, https:\/\/i0.wp.com\/www.satokangas.fi\/blogi\/wp-content\/uploads\/2023\/02\/pakkaspaiva-3-1.jpg?resize=525%2C300&ssl=1 1.5x, https:\/\/i0.wp.com\/www.satokangas.fi\/blogi\/wp-content\/uploads\/2023\/02\/pakkaspaiva-3-1.jpg?resize=700%2C400&ssl=1 2x"},"classes":[]}],"_links":{"self":[{"href":"https:\/\/www.satokangas.fi\/blogi\/wp-json\/wp\/v2\/posts\/34129","targetHints":{"allow":["GET"]}}],"collection":[{"href":"https:\/\/www.satokangas.fi\/blogi\/wp-json\/wp\/v2\/posts"}],"about":[{"href":"https:\/\/www.satokangas.fi\/blogi\/wp-json\/wp\/v2\/types\/post"}],"author":[{"embeddable":true,"href":"https:\/\/www.satokangas.fi\/blogi\/wp-json\/wp\/v2\/users\/1"}],"replies":[{"embeddable":true,"href":"https:\/\/www.satokangas.fi\/blogi\/wp-json\/wp\/v2\/comments?post=34129"}],"version-history":[{"count":0,"href":"https:\/\/www.satokangas.fi\/blogi\/wp-json\/wp\/v2\/posts\/34129\/revisions"}],"wp:attachment":[{"href":"https:\/\/www.satokangas.fi\/blogi\/wp-json\/wp\/v2\/media?parent=34129"}],"wp:term":[{"taxonomy":"category","embeddable":true,"href":"https:\/\/www.satokangas.fi\/blogi\/wp-json\/wp\/v2\/categories?post=34129"},{"taxonomy":"post_tag","embeddable":true,"href":"https:\/\/www.satokangas.fi\/blogi\/wp-json\/wp\/v2\/tags?post=34129"}],"curies":[{"name":"wp","href":"https:\/\/api.w.org\/{rel}","templated":true}]}}