{"id":34126,"date":"2018-06-03T22:04:43","date_gmt":"2018-06-03T19:04:43","guid":{"rendered":"https:\/\/www.satokangas.fi\/blogi\/?p=34126"},"modified":"2018-06-03T22:04:43","modified_gmt":"2018-06-03T19:04:43","slug":"synttarisunnuntai","status":"publish","type":"post","link":"https:\/\/www.satokangas.fi\/blogi\/2018\/06\/synttarisunnuntai\/","title":{"rendered":"Syntt\u00e4risunnuntai"},"content":{"rendered":"<p>&nbsp;<\/p>\n<p><a href=\"https:\/\/www.satokangas.fi\/blogi\/2018\/06\/synttarisunnuntai\/ranta-aitat-4\/#main\" rel=\"attachment wp-att-34128\"><img loading=\"lazy\" decoding=\"async\" data-attachment-id=\"34128\" data-permalink=\"https:\/\/www.satokangas.fi\/blogi\/2018\/06\/synttarisunnuntai\/ranta-aitat-4\/\" data-orig-file=\"https:\/\/www.satokangas.fi\/blogi\/wp-content\/uploads\/2018\/06\/Ranta-aitat-4.jpg\" data-orig-size=\"1000,652\" data-comments-opened=\"1\" data-image-meta=\"{&quot;aperture&quot;:&quot;5.6&quot;,&quot;credit&quot;:&quot;&quot;,&quot;camera&quot;:&quot;Canon EOS 5D Mark IV&quot;,&quot;caption&quot;:&quot;&quot;,&quot;created_timestamp&quot;:&quot;1528019794&quot;,&quot;copyright&quot;:&quot;Reija Satokangas&quot;,&quot;focal_length&quot;:&quot;88&quot;,&quot;iso&quot;:&quot;800&quot;,&quot;shutter_speed&quot;:&quot;0.0025&quot;,&quot;title&quot;:&quot;&quot;,&quot;orientation&quot;:&quot;0&quot;}\" data-image-title=\"Ranta-aitat-4\" data-image-description=\"\" data-image-caption=\"\" data-large-file=\"https:\/\/www.satokangas.fi\/blogi\/wp-content\/uploads\/2018\/06\/Ranta-aitat-4.jpg\" class=\"aligncenter size-full wp-image-34128\" src=\"https:\/\/www.satokangas.fi\/blogi\/wp-content\/uploads\/2018\/06\/Ranta-aitat-4.jpg\" alt=\"\" width=\"1000\" height=\"652\" srcset=\"https:\/\/www.satokangas.fi\/blogi\/wp-content\/uploads\/2018\/06\/Ranta-aitat-4.jpg 1000w, https:\/\/www.satokangas.fi\/blogi\/wp-content\/uploads\/2018\/06\/Ranta-aitat-4-300x196.jpg 300w, https:\/\/www.satokangas.fi\/blogi\/wp-content\/uploads\/2018\/06\/Ranta-aitat-4-613x400.jpg 613w, https:\/\/www.satokangas.fi\/blogi\/wp-content\/uploads\/2018\/06\/Ranta-aitat-4-768x501.jpg 768w\" sizes=\"auto, (max-width: 1000px) 100vw, 1000px\" \/><\/a><\/p>\n<p>&nbsp;<\/p>\n<p style=\"text-align: justify;\">Sunnuntai on humahtanut. Sen ett\u00e4 her\u00e4sin, niin nyt olisi jo luovuttava kuvahommista. &#8221;Vastavalo&#8221; vie menness\u00e4\u00e4n &#8230; palaan asiaan &#8230;<\/p>\n<p style=\"text-align: justify;\">Aamup\u00e4iv\u00e4 lenkill\u00e4, Ilokivill\u00e4, kaupungissa, muutama toimeksiannon toiveissa otettu kuvakin, ja kaupassa hakemassa aineksia <a href=\"https:\/\/www.satokangas.fi\/blogi\/2018\/02\/kalaruoan-aika-kalaruokaohjeita-kotikeittiosta-ja-kotikeittioon\/\">lohipiirakkaan<\/a>. Sellaisen sitten kuitenkin p\u00e4\u00e4tin leipoa Apsun syntt\u00e4rip\u00f6yt\u00e4\u00e4n.<\/p>\n<p style=\"text-align: justify;\">Mutta sellainenhan ei sankaria kiinnostanut. Lego City -syntt\u00e4rikakku ja kaikki ne Lego-paketit kyll\u00e4kin.<\/p>\n<p><a href=\"https:\/\/www.satokangas.fi\/blogi\/2018\/06\/synttarisunnuntai\/lego-city-kakku\/#main\" rel=\"attachment wp-att-34127\"><img loading=\"lazy\" decoding=\"async\" data-attachment-id=\"34127\" data-permalink=\"https:\/\/www.satokangas.fi\/blogi\/2018\/06\/synttarisunnuntai\/lego-city-kakku\/\" data-orig-file=\"https:\/\/www.satokangas.fi\/blogi\/wp-content\/uploads\/2018\/06\/Lego-City-kakku.jpg\" data-orig-size=\"1000,660\" data-comments-opened=\"1\" data-image-meta=\"{&quot;aperture&quot;:&quot;4.5&quot;,&quot;credit&quot;:&quot;&quot;,&quot;camera&quot;:&quot;Canon EOS 5D Mark IV&quot;,&quot;caption&quot;:&quot;&quot;,&quot;created_timestamp&quot;:&quot;1528039099&quot;,&quot;copyright&quot;:&quot;Reija Satokangas&quot;,&quot;focal_length&quot;:&quot;45&quot;,&quot;iso&quot;:&quot;1000&quot;,&quot;shutter_speed&quot;:&quot;0.05&quot;,&quot;title&quot;:&quot;&quot;,&quot;orientation&quot;:&quot;0&quot;}\" data-image-title=\"Lego City kakku\" data-image-description=\"\" data-image-caption=\"\" data-large-file=\"https:\/\/www.satokangas.fi\/blogi\/wp-content\/uploads\/2018\/06\/Lego-City-kakku.jpg\" class=\"aligncenter size-full wp-image-34127\" src=\"https:\/\/www.satokangas.fi\/blogi\/wp-content\/uploads\/2018\/06\/Lego-City-kakku.jpg\" alt=\"\" width=\"1000\" height=\"660\" srcset=\"https:\/\/www.satokangas.fi\/blogi\/wp-content\/uploads\/2018\/06\/Lego-City-kakku.jpg 1000w, https:\/\/www.satokangas.fi\/blogi\/wp-content\/uploads\/2018\/06\/Lego-City-kakku-300x198.jpg 300w, https:\/\/www.satokangas.fi\/blogi\/wp-content\/uploads\/2018\/06\/Lego-City-kakku-606x400.jpg 606w, https:\/\/www.satokangas.fi\/blogi\/wp-content\/uploads\/2018\/06\/Lego-City-kakku-768x507.jpg 768w\" sizes=\"auto, (max-width: 1000px) 100vw, 1000px\" \/><\/a><\/p>\n<p>Aika j\u00e4nn\u00e4 kun seurasin pojan touhua ja olemista, niin ei oikeastaan paljon puhunut koko aikana. Availi lahjapaketteja, ajeli uusilla autoilla. Ei paljon kaikkien serkkujen ja t\u00e4tien ja setien ja isovanhempien jamuutamien samanik\u00e4isten seurasta piitannut, paitsi M:sta. Serkkunsa, joka on meill\u00e4kin k\u00e4ynyt usein, oli Apsulle t\u00e4rke\u00e4 kaveri t\u00e4n\u00e4\u00e4nkin.<\/p>\n<p>Iltasella on ripsinyt, nurmikko ja yrttipenkit ja allergiset kiitt\u00e4v\u00e4t. Mutta l\u00e4mm\u00f6st\u00e4 en mielell\u00e4ni luovu&#8230;<\/p>\n","protected":false},"excerpt":{"rendered":"<p>&nbsp; &nbsp; Sunnuntai on humahtanut. Sen ett\u00e4 her\u00e4sin, niin nyt olisi jo luovuttava kuvahommista. &#8221;Vastavalo&#8221; vie menness\u00e4\u00e4n &#8230; palaan asiaan &#8230; Aamup\u00e4iv\u00e4 lenkill\u00e4, Ilokivill\u00e4, kaupungissa, muutama toimeksiannon toiveissa otettu kuvakin, ja kaupassa hakemassa aineksia lohipiirakkaan. Sellaisen sitten kuitenkin p\u00e4\u00e4tin leipoa Apsun syntt\u00e4rip\u00f6yt\u00e4\u00e4n. Mutta sellainenhan ei sankaria kiinnostanut. Lego City -syntt\u00e4rikakku ja kaikki ne Lego-paketit kyll\u00e4kin. Aika j\u00e4nn\u00e4 kun seurasin pojan &hellip; <\/p>\n","protected":false},"author":1,"featured_media":0,"comment_status":"open","ping_status":"open","sticky":false,"template":"","format":"standard","meta":{"jetpack_post_was_ever_published":false,"_jetpack_newsletter_access":"","_jetpack_dont_email_post_to_subs":false,"_jetpack_newsletter_tier_id":0,"_jetpack_memberships_contains_paywalled_content":false,"_jetpack_memberships_contains_paid_content":false,"footnotes":"","jetpack_publicize_message":"","jetpack_publicize_feature_enabled":true,"jetpack_social_post_already_shared":true,"jetpack_social_options":{"image_generator_settings":{"template":"highway","default_image_id":0,"font":"","enabled":false},"version":2}},"categories":[1],"tags":[],"class_list":["post-34126","post","type-post","status-publish","format-standard","hentry","category-aiheeton","latest_post"],"jetpack_publicize_connections":[],"jetpack_featured_media_url":"","jetpack_shortlink":"https:\/\/wp.me\/pr4p4-8Sq","jetpack_sharing_enabled":true,"jetpack_likes_enabled":false,"jetpack-related-posts":[{"id":34761,"url":"https:\/\/www.satokangas.fi\/blogi\/2018\/09\/oli-palattava\/","url_meta":{"origin":34126,"position":0},"title":"Oli palattava","author":"Reija","date":"7.9.2018","format":false,"excerpt":"- \"Mikki meid\u00e4n pitt\u00e4\u00e4 l\u00e4ht\u00e4 kottiin?\" kysyi Apsu aamukahdeksalta m\u00f6kin aamiaisp\u00f6yd\u00e4ss\u00e4, silm\u00e4t kiilt\u00e4en tulevista kyynelist\u00e4. Miksi, kyseli mummikin hiljaa mieless\u00e4\u00e4n, ja silm\u00e4t kostuivat pojanpoikaa katsellessa ja miettiess\u00e4 ihan samaa kysymyst\u00e4. Oli vain l\u00e4hdett\u00e4v\u00e4, Juniorin loma loppui, Mini\u00e4ll\u00e4 konserttiin meno, meill\u00e4kin menemist\u00e4 ja tekemist\u00e4, Oulussa odottamassa kaikenlaista. Aamun usva ehti h\u00e4ipy\u00e4\u2026","rel":"","context":"Kategoriassa &quot;Isovanhemmuus&quot;","block_context":{"text":"Isovanhemmuus","link":"https:\/\/www.satokangas.fi\/blogi\/category\/isovanhemmuus\/"},"img":{"alt_text":"","src":"https:\/\/i0.wp.com\/www.satokangas.fi\/blogi\/wp-content\/uploads\/2018\/09\/ruskanvareja.jpg?resize=350%2C200&ssl=1","width":350,"height":200,"srcset":"https:\/\/i0.wp.com\/www.satokangas.fi\/blogi\/wp-content\/uploads\/2018\/09\/ruskanvareja.jpg?resize=350%2C200&ssl=1 1x, https:\/\/i0.wp.com\/www.satokangas.fi\/blogi\/wp-content\/uploads\/2018\/09\/ruskanvareja.jpg?resize=525%2C300&ssl=1 1.5x, https:\/\/i0.wp.com\/www.satokangas.fi\/blogi\/wp-content\/uploads\/2018\/09\/ruskanvareja.jpg?resize=700%2C400&ssl=1 2x"},"classes":[]},{"id":35297,"url":"https:\/\/www.satokangas.fi\/blogi\/2018\/11\/mummi-papalla\/","url_meta":{"origin":34126,"position":1},"title":"Mummi-papalla","author":"Reija","date":"27.11.2018","format":false,"excerpt":"Eilen Apsu ilmoitti vanhemmilleen, ett\u00e4 h\u00e4n haluaa menn\u00e4 mummi-papalle. Ja is\u00e4ns\u00e4 sitten aamusella toi pojan meille. Olin varustatunut kaupan piparitaikinalla. Ja maistuihan se! Taikina ja leipominen. Tehtiin isille, \u00e4itille, Naanalle, ja papalle ja Taunollekin, \"vaikka ei se osaa viel\u00e4 sy\u00f6d\u00e4\"\u00a0 ja aika moneen koristeet \"minulle\". Mummi sai sitten tehd\u00e4 itse\u2026","rel":"","context":"Kategoriassa &quot;Isovanhemmuus&quot;","block_context":{"text":"Isovanhemmuus","link":"https:\/\/www.satokangas.fi\/blogi\/category\/isovanhemmuus\/"},"img":{"alt_text":"","src":"https:\/\/i0.wp.com\/www.satokangas.fi\/blogi\/wp-content\/uploads\/2018\/11\/piparit-4.jpg?resize=350%2C200&ssl=1","width":350,"height":200,"srcset":"https:\/\/i0.wp.com\/www.satokangas.fi\/blogi\/wp-content\/uploads\/2018\/11\/piparit-4.jpg?resize=350%2C200&ssl=1 1x, https:\/\/i0.wp.com\/www.satokangas.fi\/blogi\/wp-content\/uploads\/2018\/11\/piparit-4.jpg?resize=525%2C300&ssl=1 1.5x, https:\/\/i0.wp.com\/www.satokangas.fi\/blogi\/wp-content\/uploads\/2018\/11\/piparit-4.jpg?resize=700%2C400&ssl=1 2x"},"classes":[]},{"id":34070,"url":"https:\/\/www.satokangas.fi\/blogi\/2018\/05\/tarkea-paiva-tamakin\/","url_meta":{"origin":34126,"position":2},"title":"T\u00e4rke\u00e4 p\u00e4iv\u00e4 &#8211; t\u00e4m\u00e4kin","author":"Reija","date":"25.5.2018","format":false,"excerpt":"Kolme vuotta sitten juuri t\u00e4n\u00e4 samaisena p\u00e4iv\u00e4n\u00e4 minusta tuli mummi. Minun poikani sai pojan, minun Mini\u00e4ni synnytti maailman ihanimman Apsun. Min\u00e4 tiesin jo silloin, jo sit\u00e4 ennen, ett\u00e4 minun maailmani tulee muuttumaan. Mutta enh\u00e4n min\u00e4 tiennyt miten paljon, -\u00a0 ja ett\u00e4 n\u00e4in paljon. T\u00e4n\u00e4\u00e4nkin minulla oli mummeilup\u00e4iv\u00e4. Yhdess\u00e4 Apsun kanssa\u2026","rel":"","context":"Kategoriassa &quot;Isovanhemmuus&quot;","block_context":{"text":"Isovanhemmuus","link":"https:\/\/www.satokangas.fi\/blogi\/category\/isovanhemmuus\/"},"img":{"alt_text":"","src":"https:\/\/i0.wp.com\/www.satokangas.fi\/blogi\/wp-content\/uploads\/2018\/05\/kesa-5.jpg?resize=350%2C200&ssl=1","width":350,"height":200,"srcset":"https:\/\/i0.wp.com\/www.satokangas.fi\/blogi\/wp-content\/uploads\/2018\/05\/kesa-5.jpg?resize=350%2C200&ssl=1 1x, https:\/\/i0.wp.com\/www.satokangas.fi\/blogi\/wp-content\/uploads\/2018\/05\/kesa-5.jpg?resize=525%2C300&ssl=1 1.5x, https:\/\/i0.wp.com\/www.satokangas.fi\/blogi\/wp-content\/uploads\/2018\/05\/kesa-5.jpg?resize=700%2C400&ssl=1 2x"},"classes":[]},{"id":34121,"url":"https:\/\/www.satokangas.fi\/blogi\/2018\/06\/tassa-vaiheessa-2\/","url_meta":{"origin":34126,"position":3},"title":"T\u00e4ss\u00e4 vaiheessa","author":"Reija","date":"2.6.2018","format":false,"excerpt":"T\u00e4n\u00e4\u00e4n taas ihan korostetusti p\u00e4iv\u00e4, jolloin olen tuntenut olevani sukupolvien v\u00e4liss\u00e4, - osa omaani, osa edellist\u00e4 ja osa tulevia sukupolvia. Sen, ett\u00e4 aamupuuron olimme ehtineet nauttia (vaikka olimme jo varhain hereill\u00e4), tuli meille Apsu, joka jo eteisess\u00e4 kenki\u00e4 riisuessaan huuteli: \"Huomenta, A. hanuaa leikki\u00e4!\" Ensimm\u00e4isen leikkihukin hoiteli Pehtoori, ja sitten\u2026","rel":"","context":"Kategoriassa &quot;Isovanhemmuus&quot;","block_context":{"text":"Isovanhemmuus","link":"https:\/\/www.satokangas.fi\/blogi\/category\/isovanhemmuus\/"},"img":{"alt_text":"","src":"https:\/\/i0.wp.com\/www.satokangas.fi\/blogi\/wp-content\/uploads\/2018\/06\/Lakkiaiset-3.jpg?resize=350%2C200&ssl=1","width":350,"height":200,"srcset":"https:\/\/i0.wp.com\/www.satokangas.fi\/blogi\/wp-content\/uploads\/2018\/06\/Lakkiaiset-3.jpg?resize=350%2C200&ssl=1 1x, https:\/\/i0.wp.com\/www.satokangas.fi\/blogi\/wp-content\/uploads\/2018\/06\/Lakkiaiset-3.jpg?resize=525%2C300&ssl=1 1.5x"},"classes":[]},{"id":33493,"url":"https:\/\/www.satokangas.fi\/blogi\/2018\/03\/taakse-jaanytta\/","url_meta":{"origin":34126,"position":4},"title":"Taakse j\u00e4\u00e4nytt\u00e4 &#8211; &#8211; &#8211;","author":"Reija","date":"8.3.2018","format":false,"excerpt":"\u00a0 T\u00e4n\u00e4\u00e4n ei en\u00e4\u00e4 pitk\u00e4\u00e4 brunssia mangosmoohtieneineen ja kaikkine muine hyvineen. Vain puuroa ja kahvia, - ja se oli siin\u00e4. T\u00e4n\u00e4\u00e4n ei en\u00e4\u00e4 aurinkoisia latuja. Eik\u00e4 muutakaan liikkumista tunturissa. \u00a0 Ei en\u00e4\u00e4 lumitunneleissa ja m\u00f6kkipurolla Apsun kanssa. Ei kulkemista tunturissa... ei muualla kuin autolla pitkin J\u00e4\u00e4meren tiet\u00e4. \u00a0 Ei en\u00e4\u00e4\u2026","rel":"","context":"Kategoriassa &quot;Isovanhemmuus&quot;","block_context":{"text":"Isovanhemmuus","link":"https:\/\/www.satokangas.fi\/blogi\/category\/isovanhemmuus\/"},"img":{"alt_text":"","src":"https:\/\/i0.wp.com\/www.satokangas.fi\/blogi\/wp-content\/uploads\/2018\/03\/Loman-loppu-5.jpg?resize=350%2C200&ssl=1","width":350,"height":200,"srcset":"https:\/\/i0.wp.com\/www.satokangas.fi\/blogi\/wp-content\/uploads\/2018\/03\/Loman-loppu-5.jpg?resize=350%2C200&ssl=1 1x, https:\/\/i0.wp.com\/www.satokangas.fi\/blogi\/wp-content\/uploads\/2018\/03\/Loman-loppu-5.jpg?resize=525%2C300&ssl=1 1.5x, https:\/\/i0.wp.com\/www.satokangas.fi\/blogi\/wp-content\/uploads\/2018\/03\/Loman-loppu-5.jpg?resize=700%2C400&ssl=1 2x"},"classes":[]},{"id":13143,"url":"https:\/\/www.satokangas.fi\/blogi\/2011\/12\/13143\/","url_meta":{"origin":34126,"position":5},"title":"Lahjatoiveita?","author":"Reija","date":"23.12.2011","format":false,"excerpt":"Kun lapset monen kerran kysymisen j\u00e4lkeen ilmoittavat, ett\u00e4 \"ois kyll\u00e4 hyv\u00e4 lahja\u00a0 jos avustaisitte lentolipun hankinnassa jos meen kev\u00e4\u00e4ll\u00e4 kattoo kavereita Meksikoon\" ja \"oikeestaan sellanen lipasto tai mik\u00e4 se on, ois hyv\u00e4, ku ei oo oikein paikkaa boksereille ja sukille ja semmosille, ni lipasto voi olla kyll\u00e4 aika kova sana\"\u2026","rel":"","context":"Kategoriassa &quot;Vanhemmuus&quot;","block_context":{"text":"Vanhemmuus","link":"https:\/\/www.satokangas.fi\/blogi\/category\/vanhemmuus\/"},"img":{"alt_text":"","src":"https:\/\/i0.wp.com\/www.satokangas.fi\/blogi\/wp-content\/uploads\/231.jpg?resize=350%2C200&ssl=1","width":350,"height":200},"classes":[]}],"_links":{"self":[{"href":"https:\/\/www.satokangas.fi\/blogi\/wp-json\/wp\/v2\/posts\/34126","targetHints":{"allow":["GET"]}}],"collection":[{"href":"https:\/\/www.satokangas.fi\/blogi\/wp-json\/wp\/v2\/posts"}],"about":[{"href":"https:\/\/www.satokangas.fi\/blogi\/wp-json\/wp\/v2\/types\/post"}],"author":[{"embeddable":true,"href":"https:\/\/www.satokangas.fi\/blogi\/wp-json\/wp\/v2\/users\/1"}],"replies":[{"embeddable":true,"href":"https:\/\/www.satokangas.fi\/blogi\/wp-json\/wp\/v2\/comments?post=34126"}],"version-history":[{"count":0,"href":"https:\/\/www.satokangas.fi\/blogi\/wp-json\/wp\/v2\/posts\/34126\/revisions"}],"wp:attachment":[{"href":"https:\/\/www.satokangas.fi\/blogi\/wp-json\/wp\/v2\/media?parent=34126"}],"wp:term":[{"taxonomy":"category","embeddable":true,"href":"https:\/\/www.satokangas.fi\/blogi\/wp-json\/wp\/v2\/categories?post=34126"},{"taxonomy":"post_tag","embeddable":true,"href":"https:\/\/www.satokangas.fi\/blogi\/wp-json\/wp\/v2\/tags?post=34126"}],"curies":[{"name":"wp","href":"https:\/\/api.w.org\/{rel}","templated":true}]}}