{"id":34121,"date":"2018-06-02T20:39:08","date_gmt":"2018-06-02T17:39:08","guid":{"rendered":"https:\/\/www.satokangas.fi\/blogi\/?p=34121"},"modified":"2018-06-02T21:13:38","modified_gmt":"2018-06-02T18:13:38","slug":"tassa-vaiheessa-2","status":"publish","type":"post","link":"https:\/\/www.satokangas.fi\/blogi\/2018\/06\/tassa-vaiheessa-2\/","title":{"rendered":"T\u00e4ss\u00e4 vaiheessa"},"content":{"rendered":"<p style=\"text-align: justify;\">T\u00e4n\u00e4\u00e4n taas ihan korostetusti p\u00e4iv\u00e4, jolloin olen tuntenut olevani sukupolvien v\u00e4liss\u00e4, &#8211; osa omaani, osa edellist\u00e4 ja osa tulevia sukupolvia.<\/p>\n<p style=\"text-align: justify;\">Sen, ett\u00e4 aamupuuron olimme ehtineet nauttia (vaikka olimme jo varhain hereill\u00e4), tuli meille Apsu, joka jo eteisess\u00e4 kenki\u00e4 riisuessaan huuteli: &#8221;Huomenta, A. hanuaa leikki\u00e4!&#8221; Ensimm\u00e4isen leikkihukin hoiteli Pehtoori, ja sitten me jo l\u00e4hdimmekin Apsun kanssa kaksin kohti Caritasta. Oli aika k\u00e4yd\u00e4 kaksistaan isomummun luona. Toki poika on k\u00e4ynyt siell\u00e4 ennenkin, muttei minun vaan vanhempiensa kanssa, ei usein, mutta muutamia kertoja lyhyen el\u00e4m\u00e4ns\u00e4 aikana kuitenkin.<\/p>\n<p style=\"text-align: justify;\">Kerrostaloasuminen ei ole Apsun maailmassa ihan tavallinen juttu, joten sekin jo hississ\u00e4 aiheutti kyselytulvan, mikki (miksi) sit\u00e4 ja mikki t\u00e4t\u00e4? Hieman isomummun puheen vaikeus ja toisaalta mummulle pojan puheen &#8211; sanoisinko omaleimaisuus ja &#8211; omanlaatuisuutensa vaikeuttivat kommunikointia, mutta koetin olla tulkkina. Ja yhteistuumin p\u00e4\u00e4ttiv\u00e4t \u00e4itini ja pojanpoikani, ett\u00e4 l\u00e4hdet\u00e4\u00e4n palvelutalon alakertaan lounaalle ja sitten palataan takaisin j\u00e4tskille isomummun luo.<\/p>\n<p style=\"text-align: justify;\"><a href=\"https:\/\/www.satokangas.fi\/blogi\/2018\/06\/tassa-vaiheessa-2\/sukupolvien-valissa-2\/#main\" rel=\"attachment wp-att-34122\"><img loading=\"lazy\" decoding=\"async\" data-attachment-id=\"34122\" data-permalink=\"https:\/\/www.satokangas.fi\/blogi\/2018\/06\/tassa-vaiheessa-2\/sukupolvien-valissa-2\/\" data-orig-file=\"https:\/\/www.satokangas.fi\/blogi\/wp-content\/uploads\/2018\/06\/sukupolvien-valissa.jpg\" data-orig-size=\"434,800\" data-comments-opened=\"1\" data-image-meta=\"{&quot;aperture&quot;:&quot;4&quot;,&quot;credit&quot;:&quot;&quot;,&quot;camera&quot;:&quot;Canon EOS 5D Mark IV&quot;,&quot;caption&quot;:&quot;&quot;,&quot;created_timestamp&quot;:&quot;1527932267&quot;,&quot;copyright&quot;:&quot;Reija Satokangas&quot;,&quot;focal_length&quot;:&quot;50&quot;,&quot;iso&quot;:&quot;400&quot;,&quot;shutter_speed&quot;:&quot;0.02&quot;,&quot;title&quot;:&quot;&quot;,&quot;orientation&quot;:&quot;0&quot;}\" data-image-title=\"sukupolvien valissa\" data-image-description=\"\" data-image-caption=\"\" data-large-file=\"https:\/\/www.satokangas.fi\/blogi\/wp-content\/uploads\/2018\/06\/sukupolvien-valissa.jpg\" class=\"aligncenter size-full wp-image-34122\" src=\"https:\/\/www.satokangas.fi\/blogi\/wp-content\/uploads\/2018\/06\/sukupolvien-valissa.jpg\" alt=\"\" width=\"434\" height=\"800\" srcset=\"https:\/\/www.satokangas.fi\/blogi\/wp-content\/uploads\/2018\/06\/sukupolvien-valissa.jpg 434w, https:\/\/www.satokangas.fi\/blogi\/wp-content\/uploads\/2018\/06\/sukupolvien-valissa-163x300.jpg 163w, https:\/\/www.satokangas.fi\/blogi\/wp-content\/uploads\/2018\/06\/sukupolvien-valissa-217x400.jpg 217w\" sizes=\"auto, (max-width: 434px) 100vw, 434px\" \/><\/a><\/p>\n<p style=\"text-align: justify;\">Ja matkalla viidennest\u00e4 kerroksesta alas ja muutamankin k\u00e4yt\u00e4v\u00e4n kautta Caritaksen ruokala\/ravintolaan ehti Apsu ihmetell\u00e4 kaikkea, ja kaikkein eniten rollaattoreita, joita tuli vastaan ja joita oli parkissa ravintolan eteisess\u00e4. &#8211; Mersu, sanoin. &#8221;Ei oo Meesu&#8221;, sanoi Apsu. Ja yhdelle vastaan tuulelle talon asukkaalle, herrasmiehelle valkoisissa shortseissaan ja kaulupaidassaan, joka kommentoi Apsua reippaaksi pojaksi, poika ilmoitti &#8221;paaturin j\u00e4lkeen&#8221; ja pyyhk\u00e4isi lyhyeksi leikattuja hiuksiaan ohimoilta. Oli vaikea olla hymyilem\u00e4tt\u00e4.<\/p>\n<p style=\"text-align: justify;\">Kunhan isomummun luona oli tarpeelliset &#8221;huoltotoimet&#8221; tehty ja Apsu sy\u00f6nyt ison mansikkatuutin, oli aika siirty\u00e4 kohti &#8221;mummipapan&#8221; (= meid\u00e4n) huushollia ja p\u00e4ikk\u00e4reit\u00e4. Niiden j\u00e4lkeen sitten pihalle. Iso matto &#8221;piazzalle&#8221; ja siihen uudet isomummulta syntt\u00e4rilahjaksi saadut legot ja ei muuta kuin mummin ja papan rakennustaito koetteille. Legot on ihan huippuja!<\/p>\n<p style=\"text-align: justify;\">Ja kunhan pojan vanhemmat t\u00f6ist\u00e4\u00e4n pihallemme p\u00e4\u00e4siv\u00e4t, oli meid\u00e4n Pehtoorin kanssa aika siirty\u00e4 oman sukupolven &#8221;tasolle&#8221;. Yst\u00e4viemme poika, meid\u00e4nkin el\u00e4m\u00e4ss\u00e4mme mukana ollut, sai t\u00e4n\u00e4\u00e4n valkolakin, joten luonnollisesti l\u00e4hdimme lakkiaisiin. Enk\u00e4 taaskaan muistanut laittaa lyyria (lyyroja?) mekon rintamukseen. Ja oli oikeastaan aika mukava, ett\u00e4 olimme liikkeell\u00e4 muita my\u00f6hemmin, ehdimme jutella sankarin ja vanhempiensa kanssa.<\/p>\n<p style=\"text-align: justify;\"><a href=\"https:\/\/www.satokangas.fi\/blogi\/2018\/06\/tassa-vaiheessa-2\/lakkiaiset-3\/#main\" rel=\"attachment wp-att-34123\"><img loading=\"lazy\" decoding=\"async\" data-attachment-id=\"34123\" data-permalink=\"https:\/\/www.satokangas.fi\/blogi\/2018\/06\/tassa-vaiheessa-2\/lakkiaiset-3\/\" data-orig-file=\"https:\/\/www.satokangas.fi\/blogi\/wp-content\/uploads\/2018\/06\/Lakkiaiset-3.jpg\" data-orig-size=\"571,800\" data-comments-opened=\"1\" data-image-meta=\"{&quot;aperture&quot;:&quot;5.6&quot;,&quot;credit&quot;:&quot;&quot;,&quot;camera&quot;:&quot;Canon EOS 5D Mark IV&quot;,&quot;caption&quot;:&quot;&quot;,&quot;created_timestamp&quot;:&quot;1527955434&quot;,&quot;copyright&quot;:&quot;Reija Satokangas&quot;,&quot;focal_length&quot;:&quot;50&quot;,&quot;iso&quot;:&quot;500&quot;,&quot;shutter_speed&quot;:&quot;0.00625&quot;,&quot;title&quot;:&quot;&quot;,&quot;orientation&quot;:&quot;0&quot;}\" data-image-title=\"Lakkiaiset-3\" data-image-description=\"\" data-image-caption=\"\" data-large-file=\"https:\/\/www.satokangas.fi\/blogi\/wp-content\/uploads\/2018\/06\/Lakkiaiset-3.jpg\" class=\"aligncenter size-full wp-image-34123\" src=\"https:\/\/www.satokangas.fi\/blogi\/wp-content\/uploads\/2018\/06\/Lakkiaiset-3.jpg\" alt=\"\" width=\"571\" height=\"800\" srcset=\"https:\/\/www.satokangas.fi\/blogi\/wp-content\/uploads\/2018\/06\/Lakkiaiset-3.jpg 571w, https:\/\/www.satokangas.fi\/blogi\/wp-content\/uploads\/2018\/06\/Lakkiaiset-3-214x300.jpg 214w, https:\/\/www.satokangas.fi\/blogi\/wp-content\/uploads\/2018\/06\/Lakkiaiset-3-286x400.jpg 286w\" sizes=\"auto, (max-width: 571px) 100vw, 571px\" \/><\/a><\/p>\n<p style=\"text-align: justify;\">Eik\u00e4 juhlat viel\u00e4 ole ohi: huomenna on Apsun viikolla siirretyt syntt\u00e4ripilheet. Sinne siis. \ud83d\ude09<\/p>\n<p style=\"text-align: justify;\">\n","protected":false},"excerpt":{"rendered":"<p>T\u00e4n\u00e4\u00e4n taas ihan korostetusti p\u00e4iv\u00e4, jolloin olen tuntenut olevani sukupolvien v\u00e4liss\u00e4, &#8211; osa omaani, osa edellist\u00e4 ja osa tulevia sukupolvia. Sen, ett\u00e4 aamupuuron olimme ehtineet nauttia (vaikka olimme jo varhain hereill\u00e4), tuli meille Apsu, joka jo eteisess\u00e4 kenki\u00e4 riisuessaan huuteli: &#8221;Huomenta, A. hanuaa leikki\u00e4!&#8221; Ensimm\u00e4isen leikkihukin hoiteli Pehtoori, ja sitten me jo l\u00e4hdimmekin Apsun kanssa kaksin kohti Caritasta. Oli aika &hellip; <\/p>\n","protected":false},"author":1,"featured_media":0,"comment_status":"open","ping_status":"open","sticky":false,"template":"","format":"standard","meta":{"jetpack_post_was_ever_published":false,"_jetpack_newsletter_access":"","_jetpack_dont_email_post_to_subs":false,"_jetpack_newsletter_tier_id":0,"_jetpack_memberships_contains_paywalled_content":false,"_jetpack_memberships_contains_paid_content":false,"footnotes":"","jetpack_publicize_message":"","jetpack_publicize_feature_enabled":true,"jetpack_social_post_already_shared":true,"jetpack_social_options":{"image_generator_settings":{"template":"highway","default_image_id":0,"font":"","enabled":false},"version":2}},"categories":[75,22],"tags":[],"class_list":["post-34121","post","type-post","status-publish","format-standard","hentry","category-isovanhemmuus","category-vanhemmuus","latest_post"],"jetpack_publicize_connections":[],"jetpack_featured_media_url":"","jetpack_shortlink":"https:\/\/wp.me\/pr4p4-8Sl","jetpack_sharing_enabled":true,"jetpack_likes_enabled":false,"jetpack-related-posts":[{"id":35297,"url":"https:\/\/www.satokangas.fi\/blogi\/2018\/11\/mummi-papalla\/","url_meta":{"origin":34121,"position":0},"title":"Mummi-papalla","author":"Reija","date":"27.11.2018","format":false,"excerpt":"Eilen Apsu ilmoitti vanhemmilleen, ett\u00e4 h\u00e4n haluaa menn\u00e4 mummi-papalle. Ja is\u00e4ns\u00e4 sitten aamusella toi pojan meille. Olin varustatunut kaupan piparitaikinalla. Ja maistuihan se! Taikina ja leipominen. Tehtiin isille, \u00e4itille, Naanalle, ja papalle ja Taunollekin, \"vaikka ei se osaa viel\u00e4 sy\u00f6d\u00e4\"\u00a0 ja aika moneen koristeet \"minulle\". Mummi sai sitten tehd\u00e4 itse\u2026","rel":"","context":"Kategoriassa &quot;Isovanhemmuus&quot;","block_context":{"text":"Isovanhemmuus","link":"https:\/\/www.satokangas.fi\/blogi\/category\/isovanhemmuus\/"},"img":{"alt_text":"","src":"https:\/\/i0.wp.com\/www.satokangas.fi\/blogi\/wp-content\/uploads\/2018\/11\/piparit-4.jpg?resize=350%2C200&ssl=1","width":350,"height":200,"srcset":"https:\/\/i0.wp.com\/www.satokangas.fi\/blogi\/wp-content\/uploads\/2018\/11\/piparit-4.jpg?resize=350%2C200&ssl=1 1x, https:\/\/i0.wp.com\/www.satokangas.fi\/blogi\/wp-content\/uploads\/2018\/11\/piparit-4.jpg?resize=525%2C300&ssl=1 1.5x, https:\/\/i0.wp.com\/www.satokangas.fi\/blogi\/wp-content\/uploads\/2018\/11\/piparit-4.jpg?resize=700%2C400&ssl=1 2x"},"classes":[]},{"id":53894,"url":"https:\/\/www.satokangas.fi\/blogi\/2026\/01\/ilonpisaroita-viela\/","url_meta":{"origin":34121,"position":1},"title":"Ilonpisaroita &#8211; viel\u00e4","author":"Reija","date":"30.1.2026","format":false,"excerpt":"Vaikka p\u00e4iv\u00e4t ovat nykyisin aika tapahtumattomia, niin t\u00e4n\u00e4\u00e4n pakkasperjantaina on ollut paljon merkityksellist\u00e4. Nelj\u00e4n sukupolven kohtaamisia, yhdess\u00e4 ja erikseen. Minun anoppini, mieheni \u00e4iti, lasteni mummu, lastenlasteni isomummu t\u00e4ytti t\u00e4n\u00e4\u00e4n 95 vuotta. H\u00e4n joka ei koskaan ole halunnut itse\u00e4\u00e4n juhlittavan, ei ole paljon mist\u00e4\u00e4n juhlista piitannut. H\u00e4n joka - kuten olen\u2026","rel":"","context":"Kategoriassa &quot;Isovanhemmuus&quot;","block_context":{"text":"Isovanhemmuus","link":"https:\/\/www.satokangas.fi\/blogi\/category\/isovanhemmuus\/"},"img":{"alt_text":"","src":"https:\/\/i0.wp.com\/www.satokangas.fi\/blogi\/wp-content\/uploads\/2026\/01\/Tammikuun_lopussa-3.jpg?resize=350%2C200&ssl=1","width":350,"height":200,"srcset":"https:\/\/i0.wp.com\/www.satokangas.fi\/blogi\/wp-content\/uploads\/2026\/01\/Tammikuun_lopussa-3.jpg?resize=350%2C200&ssl=1 1x, https:\/\/i0.wp.com\/www.satokangas.fi\/blogi\/wp-content\/uploads\/2026\/01\/Tammikuun_lopussa-3.jpg?resize=525%2C300&ssl=1 1.5x, https:\/\/i0.wp.com\/www.satokangas.fi\/blogi\/wp-content\/uploads\/2026\/01\/Tammikuun_lopussa-3.jpg?resize=700%2C400&ssl=1 2x, https:\/\/i0.wp.com\/www.satokangas.fi\/blogi\/wp-content\/uploads\/2026\/01\/Tammikuun_lopussa-3.jpg?resize=1050%2C600&ssl=1 3x"},"classes":[]},{"id":34259,"url":"https:\/\/www.satokangas.fi\/blogi\/2018\/06\/pieni-ja-sateinen-juhannusaatto\/","url_meta":{"origin":34121,"position":2},"title":"Pieni ja sateinen juhannusaatto","author":"Reija","date":"22.6.2018","format":false,"excerpt":"Juhannusaattoaamuun her\u00e4sin kohtalaisen katkonaisen y\u00f6n j\u00e4lkeen miettien, mit\u00e4 ihmett\u00e4 t\u00e4n\u00e4\u00e4n? - Juhannusaatto!\u00a0Totta puhuen eip\u00e4 ole paljon silt\u00e4 tuntunut. Tosin sitten iltap\u00e4iv\u00e4n lopulla, ukkosen jyristess\u00e4 ja salamoidessa, istahtaessamme kaksistaan ruokap\u00f6yt\u00e4\u00e4n n\u00e4ytti tarjoilut silt\u00e4, ett\u00e4 ollaan olennaisen \u00e4\u00e4rell\u00e4. Paljon ei tarvita, ett\u00e4 on hyv\u00e4\u00e4. Leip\u00e4\u00e4, perunoita ja kalaa. Siin\u00e4 se on suomalainen\u2026","rel":"","context":"Kategoriassa &quot;Niit\u00e4 n\u00e4it\u00e4&quot;","block_context":{"text":"Niit\u00e4 n\u00e4it\u00e4","link":"https:\/\/www.satokangas.fi\/blogi\/category\/aiheeton\/"},"img":{"alt_text":"","src":"https:\/\/i0.wp.com\/www.satokangas.fi\/blogi\/wp-content\/uploads\/2018\/06\/Juhannus-2018-2-1509x1024.jpg?resize=350%2C200&ssl=1","width":350,"height":200,"srcset":"https:\/\/i0.wp.com\/www.satokangas.fi\/blogi\/wp-content\/uploads\/2018\/06\/Juhannus-2018-2-1509x1024.jpg?resize=350%2C200&ssl=1 1x, https:\/\/i0.wp.com\/www.satokangas.fi\/blogi\/wp-content\/uploads\/2018\/06\/Juhannus-2018-2-1509x1024.jpg?resize=525%2C300&ssl=1 1.5x, https:\/\/i0.wp.com\/www.satokangas.fi\/blogi\/wp-content\/uploads\/2018\/06\/Juhannus-2018-2-1509x1024.jpg?resize=700%2C400&ssl=1 2x"},"classes":[]},{"id":36374,"url":"https:\/\/www.satokangas.fi\/blogi\/2019\/05\/touhupaiva\/","url_meta":{"origin":34121,"position":3},"title":"Touhup\u00e4iv\u00e4","author":"Reija","date":"10.5.2019","format":false,"excerpt":"En ottanut kameraa mukaan. Mik\u00e4 on ihan poikkeuksellista. Mutta onneksi en. Sill\u00e4 t\u00e4n\u00e4\u00e4n oli Apsun kanssa sen verran vauhdikas - vauhtia ja vaarallisia tilanteita (ainakin mummille)\u00a0 - p\u00e4iv\u00e4, ett\u00e4 oli paras keskitty\u00e4 leikkim\u00e4\u00e4n, juoksemaan, katsomaan per\u00e4\u00e4n, jakamaan riemua ja pit\u00e4m\u00e4\u00e4n huolta, ett\u00e4 Canon olisi selv\u00e4stikin ollut kolmas py\u00f6r\u00e4. T\u00e4n\u00e4\u00e4n oli\u2026","rel":"","context":"Kategoriassa &quot;Isovanhemmuus&quot;","block_context":{"text":"Isovanhemmuus","link":"https:\/\/www.satokangas.fi\/blogi\/category\/isovanhemmuus\/"},"img":{"alt_text":"","src":"","width":0,"height":0},"classes":[]},{"id":35086,"url":"https:\/\/www.satokangas.fi\/blogi\/2018\/10\/oulu-monesta-nakokulmasta\/","url_meta":{"origin":34121,"position":4},"title":"Oulu monesta n\u00e4k\u00f6kulmasta","author":"Reija","date":"24.10.2018","format":false,"excerpt":"Aamup\u00e4iv\u00e4 Apsun kanssa humputtelemassa kirjastossa (leikkihuoneessa oltiin t\u00e4ll\u00e4 kertaa v\u00e4hemm\u00e4n aikaa kuin kirjojen parissa) ja \"lounaalla\" - kuten poika ilmoitti. K\u00e4vimme M\u00e4kk\u00e4rill\u00e4. Min\u00e4 varmasti eka kertaa 15 vuoteen ja Apsu jo niin monetta, ett\u00e4 tiesi, mit\u00e4 halusi: rankkikket ja hampu mutta ei suolakuukkua ja lelu - ja maito (\"mikki t\u00e4ss\u00e4\u2026","rel":"","context":"Kategoriassa &quot;Isovanhemmuus&quot;","block_context":{"text":"Isovanhemmuus","link":"https:\/\/www.satokangas.fi\/blogi\/category\/isovanhemmuus\/"},"img":{"alt_text":"","src":"https:\/\/i0.wp.com\/www.satokangas.fi\/blogi\/wp-content\/uploads\/2018\/10\/OULU-2.jpg?resize=350%2C200&ssl=1","width":350,"height":200,"srcset":"https:\/\/i0.wp.com\/www.satokangas.fi\/blogi\/wp-content\/uploads\/2018\/10\/OULU-2.jpg?resize=350%2C200&ssl=1 1x, https:\/\/i0.wp.com\/www.satokangas.fi\/blogi\/wp-content\/uploads\/2018\/10\/OULU-2.jpg?resize=525%2C300&ssl=1 1.5x, https:\/\/i0.wp.com\/www.satokangas.fi\/blogi\/wp-content\/uploads\/2018\/10\/OULU-2.jpg?resize=700%2C400&ssl=1 2x"},"classes":[]},{"id":34761,"url":"https:\/\/www.satokangas.fi\/blogi\/2018\/09\/oli-palattava\/","url_meta":{"origin":34121,"position":5},"title":"Oli palattava","author":"Reija","date":"7.9.2018","format":false,"excerpt":"- \"Mikki meid\u00e4n pitt\u00e4\u00e4 l\u00e4ht\u00e4 kottiin?\" kysyi Apsu aamukahdeksalta m\u00f6kin aamiaisp\u00f6yd\u00e4ss\u00e4, silm\u00e4t kiilt\u00e4en tulevista kyynelist\u00e4. Miksi, kyseli mummikin hiljaa mieless\u00e4\u00e4n, ja silm\u00e4t kostuivat pojanpoikaa katsellessa ja miettiess\u00e4 ihan samaa kysymyst\u00e4. Oli vain l\u00e4hdett\u00e4v\u00e4, Juniorin loma loppui, Mini\u00e4ll\u00e4 konserttiin meno, meill\u00e4kin menemist\u00e4 ja tekemist\u00e4, Oulussa odottamassa kaikenlaista. Aamun usva ehti h\u00e4ipy\u00e4\u2026","rel":"","context":"Kategoriassa &quot;Isovanhemmuus&quot;","block_context":{"text":"Isovanhemmuus","link":"https:\/\/www.satokangas.fi\/blogi\/category\/isovanhemmuus\/"},"img":{"alt_text":"","src":"https:\/\/i0.wp.com\/www.satokangas.fi\/blogi\/wp-content\/uploads\/2018\/09\/ruskanvareja.jpg?resize=350%2C200&ssl=1","width":350,"height":200,"srcset":"https:\/\/i0.wp.com\/www.satokangas.fi\/blogi\/wp-content\/uploads\/2018\/09\/ruskanvareja.jpg?resize=350%2C200&ssl=1 1x, https:\/\/i0.wp.com\/www.satokangas.fi\/blogi\/wp-content\/uploads\/2018\/09\/ruskanvareja.jpg?resize=525%2C300&ssl=1 1.5x, https:\/\/i0.wp.com\/www.satokangas.fi\/blogi\/wp-content\/uploads\/2018\/09\/ruskanvareja.jpg?resize=700%2C400&ssl=1 2x"},"classes":[]}],"_links":{"self":[{"href":"https:\/\/www.satokangas.fi\/blogi\/wp-json\/wp\/v2\/posts\/34121","targetHints":{"allow":["GET"]}}],"collection":[{"href":"https:\/\/www.satokangas.fi\/blogi\/wp-json\/wp\/v2\/posts"}],"about":[{"href":"https:\/\/www.satokangas.fi\/blogi\/wp-json\/wp\/v2\/types\/post"}],"author":[{"embeddable":true,"href":"https:\/\/www.satokangas.fi\/blogi\/wp-json\/wp\/v2\/users\/1"}],"replies":[{"embeddable":true,"href":"https:\/\/www.satokangas.fi\/blogi\/wp-json\/wp\/v2\/comments?post=34121"}],"version-history":[{"count":0,"href":"https:\/\/www.satokangas.fi\/blogi\/wp-json\/wp\/v2\/posts\/34121\/revisions"}],"wp:attachment":[{"href":"https:\/\/www.satokangas.fi\/blogi\/wp-json\/wp\/v2\/media?parent=34121"}],"wp:term":[{"taxonomy":"category","embeddable":true,"href":"https:\/\/www.satokangas.fi\/blogi\/wp-json\/wp\/v2\/categories?post=34121"},{"taxonomy":"post_tag","embeddable":true,"href":"https:\/\/www.satokangas.fi\/blogi\/wp-json\/wp\/v2\/tags?post=34121"}],"curies":[{"name":"wp","href":"https:\/\/api.w.org\/{rel}","templated":true}]}}