{"id":33615,"date":"2018-03-24T21:36:44","date_gmt":"2018-03-24T19:36:44","guid":{"rendered":"https:\/\/www.satokangas.fi\/blogi\/?p=33615"},"modified":"2024-03-26T08:45:38","modified_gmt":"2024-03-26T06:45:38","slug":"paasiaispoytaan-2018-vol-i","status":"publish","type":"post","link":"https:\/\/www.satokangas.fi\/blogi\/2018\/03\/paasiaispoytaan-2018-vol-i\/","title":{"rendered":"P\u00e4\u00e4si\u00e4isp\u00f6yt\u00e4\u00e4n (2018, vol. I)"},"content":{"rendered":"<p><img loading=\"lazy\" decoding=\"async\" data-attachment-id=\"33616\" data-permalink=\"https:\/\/www.satokangas.fi\/blogi\/2018\/03\/paasiaispoytaan-2018-vol-i\/1-7-20\/\" data-orig-file=\"https:\/\/www.satokangas.fi\/blogi\/wp-content\/uploads\/2018\/03\/1-7.jpg\" data-orig-size=\"1000,770\" data-comments-opened=\"1\" data-image-title=\"1-7\" data-image-description=\"\" data-image-caption=\"\" data-large-file=\"https:\/\/www.satokangas.fi\/blogi\/wp-content\/uploads\/2018\/03\/1-7.jpg\" class=\"aligncenter wp-image-33616 size-full\" src=\"https:\/\/www.satokangas.fi\/blogi\/wp-content\/uploads\/2018\/03\/1-7.jpg\" alt=\"\" width=\"1000\" height=\"770\" srcset=\"https:\/\/www.satokangas.fi\/blogi\/wp-content\/uploads\/2018\/03\/1-7.jpg 1000w, https:\/\/www.satokangas.fi\/blogi\/wp-content\/uploads\/2018\/03\/1-7-300x231.jpg 300w, https:\/\/www.satokangas.fi\/blogi\/wp-content\/uploads\/2018\/03\/1-7-519x400.jpg 519w, https:\/\/www.satokangas.fi\/blogi\/wp-content\/uploads\/2018\/03\/1-7-768x591.jpg 768w\" sizes=\"auto, (max-width: 1000px) 100vw, 1000px\" \/><\/p>\n<p>Joko tied\u00e4t mit\u00e4 tarjoat p\u00e4\u00e4si\u00e4isen\u00e4 perheellesi, vieraillesi, itsellesi?<\/p>\n<p><img loading=\"lazy\" decoding=\"async\" data-attachment-id=\"33627\" data-permalink=\"https:\/\/www.satokangas.fi\/blogi\/2018\/03\/paasiaispoytaan-2018-vol-i\/paasiaispoytaan-2\/\" data-orig-file=\"https:\/\/www.satokangas.fi\/blogi\/wp-content\/uploads\/2018\/03\/Paasiaispoytaan-2.jpg\" data-orig-size=\"1000,646\" data-comments-opened=\"1\" data-image-title=\"Paasiaispoytaan-2\" data-image-description=\"\" data-image-caption=\"\" data-large-file=\"https:\/\/www.satokangas.fi\/blogi\/wp-content\/uploads\/2018\/03\/Paasiaispoytaan-2.jpg\" class=\"size-full wp-image-33627 aligncenter\" src=\"https:\/\/www.satokangas.fi\/blogi\/wp-content\/uploads\/2018\/03\/Paasiaispoytaan-2.jpg\" alt=\"\" width=\"1000\" height=\"646\" srcset=\"https:\/\/www.satokangas.fi\/blogi\/wp-content\/uploads\/2018\/03\/Paasiaispoytaan-2.jpg 1000w, https:\/\/www.satokangas.fi\/blogi\/wp-content\/uploads\/2018\/03\/Paasiaispoytaan-2-300x194.jpg 300w, https:\/\/www.satokangas.fi\/blogi\/wp-content\/uploads\/2018\/03\/Paasiaispoytaan-2-619x400.jpg 619w, https:\/\/www.satokangas.fi\/blogi\/wp-content\/uploads\/2018\/03\/Paasiaispoytaan-2-768x496.jpg 768w\" sizes=\"auto, (max-width: 1000px) 100vw, 1000px\" \/><\/p>\n<p>Meid\u00e4n perheess\u00e4 kirkkovuoden paikat ovat hieman heitelleet, tai siis ett\u00e4 ruokakalenteri ei aina ole ollut yht\u00e4 kirkollisten juhlien kanssa, mihin ehk\u00e4 suurin syy on ollut se, ett\u00e4 Esikoinen on ollut paikalla tai pois &#8221;v\u00e4\u00e4r\u00e4\u00e4n aikaan&#8221;.<\/p>\n<p>Muutama vuosi sitten tarjosin jouluruokia jo ennen joulua, koska tyt\u00e4r muutti Meksikoon jouluksi (ja seuraavaksi vuodeksi) ja juhannusruokia oli m\u00f6kill\u00e4 viime hein\u00e4kuussa, jolloin ty\u00e4r ja poikayst\u00e4v\u00e4ns\u00e4 kes\u00e4lomallaan ehtiv\u00e4t pohjoiseen &#8230; jne.<\/p>\n<p>Ja t\u00e4m\u00e4n kanssa samaan sarjaan meni se, ett\u00e4 jo viime viikonloppuna meid\u00e4n La Festa oli kovin p\u00e4\u00e4si\u00e4isen v\u00e4rinen ja makuinen. P\u00e4\u00e4si\u00e4ispaastosta ei siis ole ollut syntisess\u00e4 huushollissamme tietoakaan&#8230;<\/p>\n<p><img loading=\"lazy\" decoding=\"async\" data-attachment-id=\"33618\" data-permalink=\"https:\/\/www.satokangas.fi\/blogi\/2018\/03\/paasiaispoytaan-2018-vol-i\/mango-juustokakku\/\" data-orig-file=\"https:\/\/www.satokangas.fi\/blogi\/wp-content\/uploads\/2018\/03\/Mango-juustokakku.jpg\" data-orig-size=\"1024,682\" data-comments-opened=\"1\" data-image-title=\"Mango-juustokakku\" data-image-description=\"\" data-image-caption=\"\" data-large-file=\"https:\/\/www.satokangas.fi\/blogi\/wp-content\/uploads\/2018\/03\/Mango-juustokakku.jpg\" class=\"aligncenter wp-image-33618 size-full\" src=\"https:\/\/www.satokangas.fi\/blogi\/wp-content\/uploads\/2018\/03\/Mango-juustokakku.jpg\" alt=\"\" width=\"1024\" height=\"682\" srcset=\"https:\/\/www.satokangas.fi\/blogi\/wp-content\/uploads\/2018\/03\/Mango-juustokakku.jpg 1024w, https:\/\/www.satokangas.fi\/blogi\/wp-content\/uploads\/2018\/03\/Mango-juustokakku-300x200.jpg 300w, https:\/\/www.satokangas.fi\/blogi\/wp-content\/uploads\/2018\/03\/Mango-juustokakku-601x400.jpg 601w, https:\/\/www.satokangas.fi\/blogi\/wp-content\/uploads\/2018\/03\/Mango-juustokakku-768x512.jpg 768w\" sizes=\"auto, (max-width: 1024px) 100vw, 1024px\" \/><\/p>\n<p>Aloitan j\u00e4lkk\u00e4ri- tai siis kakkuresepteill\u00e4, huomenna tai maanantaina lis\u00e4\u00e4 ja muutakin &#8230;<\/p>\n<p>Yl\u00e4kuvan kakku on Ulla Svenskin &#8221;Kuningattaren suklaakakku&#8221; -ohjeesta varioitu ja sovellettu.<\/p>\n<p>&nbsp;<\/p>\n<p style=\"padding-left: 30px;\"><strong><em>27-vuotiaiden syntt\u00e4rikakku; kaakaota, mandariineja, marjoja\u00a0<\/em><\/strong><\/p>\n<p style=\"padding-left: 30px;\"><em>Pohja<\/em><\/p>\n<p style=\"padding-left: 30px;\"><em>100 g voita<\/em><br \/>\n<em> 3 kananmunaa<\/em><br \/>\n<em> 2 dl sokeria<\/em><br \/>\n<em> 1 dl vehn\u00e4jauhoja<\/em><br \/>\n<em> 3\/4 dl kaakaojauhoja<\/em><br \/>\n<em> 1 tl leivinjauhetta<\/em><br \/>\n<em> 1 tl vaniljasokeria<\/em><\/p>\n<p style=\"padding-left: 30px;\"><em>Sulata ja j\u00e4\u00e4hdyt\u00e4 voi.<\/em><br \/>\n<em> Vatkaa munat ja sokeri vaahdoksi.<\/em><br \/>\n<em> Sekoita joukkoon kesken\u00e4\u00e4n sekoitetut kuivat aineet.<\/em><br \/>\n<em> Kaada taikina irtopohjavuokaan, paista noin 20 minuuttia.<\/em><\/p>\n<p style=\"padding-left: 30px;\"><em>T\u00e4st\u00e4 eteenp\u00e4in sitten minun sovellustani&#8230; \ud83d\ude42<\/em><\/p>\n<p style=\"padding-left: 30px;\"><em>T\u00e4yte<\/em><br \/>\n<em> purkki valutettuja mandariinilohkoja<\/em><\/p>\n<p style=\"padding-left: 30px;\"><em>Pohjan j\u00e4\u00e4hdytty\u00e4 halkaise se, ja levit\u00e4 pohjalle mandariinilohkot ja 2 dl vatkattua vispikermaa (jossa 2 tl vaniljasokeria ja \u00bd dl sokeria)\u00a0 ja sitten kansi p\u00e4\u00e4lle. Laita y\u00f6ksi j\u00e4\u00e4kaappiin. Seuraavana p\u00e4iv\u00e4n\u00e4 levit\u00e4 pinnalle purkillinen Irish Cream -rahkaa ja sen p\u00e4\u00e4lle marjoja ja hedelmi\u00e4 ja sitten valele hyytel\u00f6sokerilla.<\/em><\/p>\n<p>Alemmassa kuvassa\u00a0 on pala mangokakkua, jota meill\u00e4 oli m\u00f6kill\u00e4. M\u00f6kkikakuksi sik\u00e4likin hyv\u00e4, ettei se tarvitse uunia. Kakun varioin vanhasta kaarnikkakakkuohjeestani. Kaarnikan (variksenmarjan) korvaa mango. Mango on hyv\u00e4\u00e4 sellaisenaan, smoohthiessa, etel\u00e4nmailla drinksussa, rahkassa, kakussa &#8212; mango on minun herkkuani. Mangokin.<\/p>\n<p>T\u00e4ll\u00e4 kertaa tein pohjan\u00a0puoliksi Bastogne- ja puoliksi Muro-kekseist\u00e4, hyv\u00e4 vaihtoehto olisi ollut my\u00f6s <a href=\"https:\/\/www.google.fi\/search?q=lotus+biscoff&amp;tbm=isch&amp;tbo=u&amp;source=univ&amp;sa=X&amp;ved=0ahUKEwiQ4IGQi4XaAhWMFZoKHU0iDWUQsAQIQQ&amp;biw=1920&amp;bih=949\" target=\"_blank\" rel=\"noopener\">Lotus Biscoff<\/a> -keksit, jotka ovat nykyisin suosikkejani, my\u00f6s juuston ohessa. Ne eiv\u00e4t ole ihan niin &#8221;fariinisokerisia&#8221; kuin Bastognet, ja pid\u00e4n niist\u00e4 ihan sellaisenaankin kahvin kanssa. Joka tapauksessa Digestivet ovat nyt v\u00e4h\u00e4n off, ehk\u00e4 palatakseen joskus.<\/p>\n<p>&nbsp;<\/p>\n<p><strong>Mangotuorejuustokakku<\/strong><\/p>\n<p style=\"padding-left: 30px;\"><em><strong>Pohja:<\/strong><\/em><br \/>\n<em>120 g keksej\u00e4<\/em><br \/>\n<em>50 g voita<\/em><\/p>\n<p style=\"padding-left: 30px;\"><em>Murustele keksit muovipussissa, sulata voi ja lis\u00e4\u00e4 se keksimuruun. Sekoita.\u00a0Painele voi-keksimuruseos irtopohjavuoan (halkaisija 20 cm) pohjalle ja nosta kylm\u00e4\u00e4n t\u00e4ytteen teon ajaksi.<\/em><\/p>\n<p style=\"padding-left: 30px;\"><em><strong>T\u00e4yte:<\/strong><\/em><br \/>\n<em>4 liivatetta<\/em><br \/>\n<em>4 dl mangososetta (pakasteesta mangokuutioita pamixilla soseeksi)<\/em><br \/>\n<em>2 dl (luomu)vispikermaa<\/em><br \/>\n<em>1 rkl sokeria<\/em><br \/>\n<em>200 g Philadelphia (light) -tuorejuustoa<\/em><\/p>\n<p style=\"padding-left: 30px;\"><em>Laita liivatteet likoamaan kylm\u00e4\u00e4n veteen.<\/em><br \/>\n<em>Vispaa kerma vaahdoksi, mausta sokerilla.<\/em><br \/>\n<em>Sekoita mangosose, tuorejuusto ja kermavaahto tasaiseksi massaksi.<\/em><br \/>\n<em>Kiehauta mehutilkka (2 \u2013 3 rkl) ja sulata siihen lionneet liivatteet. Sekoita tilkka loppuun (mango\/appelsiini)mehun joukkoon.<\/em><br \/>\n<em>Kaada liivateseos tuorejuustoseokseen ohuena nauhana kokoajan sekoittaen.<\/em><br \/>\n<em>Sekoita tasaiseksi, kaada t\u00e4yte keksimurupohjan p\u00e4\u00e4lle ja nosta kylm\u00e4\u00e4n y\u00f6ksi.<\/em><\/p>\n<p style=\"padding-left: 30px;\"><em><strong>Kiille:<\/strong><\/em><br \/>\n<em>3 liivatetta<\/em><br \/>\n2 dl mangomehua\/valmista mangosmoothieta<\/p>\n<p style=\"padding-left: 30px;\"><em>Laita liivatteet likoamaan kylm\u00e4\u00e4n veteen.<\/em><br \/>\n<em>Ota mehusta pieni tilkka ja kiehauta se mikrossa.<\/em><br \/>\n<em>Lis\u00e4\u00e4 lionneet liivatteet kiehuvaan mehuun ja sekoita hyvin.<\/em><br \/>\n<em>Kaada liivateseos loppuun mehuun kokoajan sekoittaen.<\/em><br \/>\n<em>Kaada lusikkaa apuna k\u00e4ytt\u00e4en mehu kiilteeksi t\u00e4ytteen p\u00e4\u00e4lle,<\/em><br \/>\n<em>ja nosta kylm\u00e4\u00e4n j\u00e4hmettym\u00e4\u00e4n muutamaksi tunniksi.<\/em><\/p>\n<p>&nbsp;<\/p>\n<p>Nyt kun j\u00e4lkk\u00e4riasia on j\u00e4rjestyksess\u00e4 niin huomenna sitten viinej\u00e4 ja p\u00e4\u00e4ruokaa&#8230;<\/p>\n<p>Tosin jo nyt mainittava, ett\u00e4 <a href=\"https:\/\/www.alko.fi\/tuotteet\/943097\/Lindauer-Special-Reserve-Blanc-de-Blancs-Brut\" target=\"_blank\" rel=\"noopener\">Lindauerin reserva<\/a> kuohuva on VIEL\u00c4 parempaa kuin <a href=\"https:\/\/www.alko.fi\/en\/products\/586027\/Lindauer-Cuv-e-Brut\" target=\"_blank\" rel=\"noopener\">Lindauerin peruskuohuva<\/a>. Ja se on jo aika paljon se.<\/p>\n","protected":false},"excerpt":{"rendered":"<p>Joko tied\u00e4t mit\u00e4 tarjoat p\u00e4\u00e4si\u00e4isen\u00e4 perheellesi, vieraillesi, itsellesi? Meid\u00e4n perheess\u00e4 kirkkovuoden paikat ovat hieman heitelleet, tai siis ett\u00e4 ruokakalenteri ei aina ole ollut yht\u00e4 kirkollisten juhlien kanssa, mihin ehk\u00e4 suurin syy on ollut se, ett\u00e4 Esikoinen on ollut paikalla tai pois &#8221;v\u00e4\u00e4r\u00e4\u00e4n aikaan&#8221;. Muutama vuosi sitten tarjosin jouluruokia jo ennen joulua, koska tyt\u00e4r muutti Meksikoon jouluksi (ja seuraavaksi vuodeksi) ja &hellip; <\/p>\n","protected":false},"author":1,"featured_media":48824,"comment_status":"open","ping_status":"open","sticky":false,"template":"","format":"standard","meta":{"_jetpack_newsletter_access":"","_jetpack_dont_email_post_to_subs":false,"_jetpack_newsletter_tier_id":0,"_jetpack_memberships_contains_paywalled_content":false,"_jetpack_feature_clip_id":0,"_jetpack_memberships_contains_paid_content":false,"footnotes":"","jetpack_publicize_message":"","jetpack_publicize_feature_enabled":true,"jetpack_social_post_already_shared":true,"jetpack_social_options":{"image_generator_settings":{"template":"highway","default_image_id":0,"font":"","enabled":false},"version":2},"jetpack_post_was_ever_published":false},"categories":[95],"tags":[],"class_list":["post-33615","post","type-post","status-publish","format-standard","has-post-thumbnail","hentry","category-reseptit","latest_post"],"jetpack_publicize_connections":[],"jetpack_shortlink":"https:\/\/wp.me\/pr4p4-8Kb","jetpack_sharing_enabled":true,"jetpack_likes_enabled":false,"jetpack-related-posts":[{"id":45213,"url":"https:\/\/www.satokangas.fi\/blogi\/2023\/04\/paiva-enimmakseen-mokkihoperona\/","url_meta":{"origin":33615,"position":0},"title":"P\u00e4iv\u00e4 enimm\u00e4kseen m\u00f6kkih\u00f6per\u00f6n\u00e4","author":"Reija","date":"5.4.2023","format":false,"excerpt":"Niinh\u00e4n t\u00e4ss\u00e4 nyt k\u00e4vi, ett\u00e4 hiiht\u00e4minen on t\u00e4n\u00e4\u00e4n ollutkin Pehtoorin vastuulla. Minulla on ollut pirttip\u00e4iv\u00e4 (muistatteko?)\u00a0 Ajattelin kyll\u00e4 l\u00e4hte\u00e4 k\u00e4ym\u00e4\u00e4n Ivalossa, k\u00e4v\u00e4ist\u00e4 Kiilop\u00e4\u00e4n huudeilla kuvailemassa ja katsomassa siell\u00e4 olevaa valokuvan\u00e4yttely\u00e4, mietin sit\u00e4kin, ett\u00e4 onkohan Kakslauttasen (West Village) uusi, Euroopan suurin yksityinen Planetario auki? Jotain noista, mutta enp\u00e4 sitten mit\u00e4\u00e4n tuollaisia\u2026","rel":"","context":"Kategoriassa &quot;M\u00f6kkiel\u00e4m\u00e4\u00e4&quot;","block_context":{"text":"M\u00f6kkiel\u00e4m\u00e4\u00e4","link":"https:\/\/www.satokangas.fi\/blogi\/category\/mokkielamaa\/"},"img":{"alt_text":"","src":"https:\/\/i0.wp.com\/www.satokangas.fi\/blogi\/wp-content\/uploads\/2023\/02\/myotatuulessa_-5.jpg?resize=350%2C200&ssl=1","width":350,"height":200,"srcset":"https:\/\/i0.wp.com\/www.satokangas.fi\/blogi\/wp-content\/uploads\/2023\/02\/myotatuulessa_-5.jpg?resize=350%2C200&ssl=1 1x, https:\/\/i0.wp.com\/www.satokangas.fi\/blogi\/wp-content\/uploads\/2023\/02\/myotatuulessa_-5.jpg?resize=525%2C300&ssl=1 1.5x, https:\/\/i0.wp.com\/www.satokangas.fi\/blogi\/wp-content\/uploads\/2023\/02\/myotatuulessa_-5.jpg?resize=700%2C400&ssl=1 2x"},"classes":[]},{"id":54205,"url":"https:\/\/www.satokangas.fi\/blogi\/2026\/03\/palmusunnuntai-tana-vuonna\/","url_meta":{"origin":33615,"position":1},"title":"Palmusunnuntai t\u00e4n\u00e4 vuonna","author":"Reija","date":"29.3.2026","format":false,"excerpt":"Palmusunnuntaina ei tietoakaan virpojista. Mutta jo viime viikolla kaupassa n\u00e4kyi viitteit\u00e4 p\u00e4\u00e4si\u00e4isen tulosta ja meid\u00e4n kahden hengen m\u00f6kkimenuissa p\u00e4\u00e4si\u00e4inen on n\u00e4kynyt jo viikon verran: rahkaa, parsaa, sitruunoita on jo kulunut yli normitason. Eilen muflonia uunissa, t\u00e4n\u00e4\u00e4n parsaa Kellog\u00b4s (ett\u00e4 se on hyv\u00e4\u00e4, oletko jo kokeillut? (ohje)). Olen jo p\u00e4\u00e4si\u00e4isen menuita\u2026","rel":"","context":"Kategoriassa &quot;Niit\u00e4 n\u00e4it\u00e4&quot;","block_context":{"text":"Niit\u00e4 n\u00e4it\u00e4","link":"https:\/\/www.satokangas.fi\/blogi\/category\/aiheeton\/"},"img":{"alt_text":"","src":"https:\/\/i0.wp.com\/www.satokangas.fi\/blogi\/wp-content\/uploads\/2026\/03\/Palmusunnuntai_2026.jpg?resize=350%2C200&ssl=1","width":350,"height":200,"srcset":"https:\/\/i0.wp.com\/www.satokangas.fi\/blogi\/wp-content\/uploads\/2026\/03\/Palmusunnuntai_2026.jpg?resize=350%2C200&ssl=1 1x, https:\/\/i0.wp.com\/www.satokangas.fi\/blogi\/wp-content\/uploads\/2026\/03\/Palmusunnuntai_2026.jpg?resize=525%2C300&ssl=1 1.5x, https:\/\/i0.wp.com\/www.satokangas.fi\/blogi\/wp-content\/uploads\/2026\/03\/Palmusunnuntai_2026.jpg?resize=700%2C400&ssl=1 2x"},"classes":[]},{"id":51580,"url":"https:\/\/www.satokangas.fi\/blogi\/2024\/12\/joulun-tunnelmaa-jo-tanaan\/","url_meta":{"origin":33615,"position":2},"title":"Joulun tunnelmaa jo t\u00e4n\u00e4\u00e4n","author":"Reija","date":"22.12.2024","format":false,"excerpt":"Koko p\u00e4iv\u00e4 Emmiliinin ymp\u00e4rill\u00e4, me kaikki. Aamup\u00e4iv\u00e4ll\u00e4 eno ja serkut tulivat hekin meille. Oltiin vaan, ja katseltiin lasten touhuamista. Eepi varsinkin oli hyvin iloinen ja touhukas, kun vihdoinkin sai kunnolla olla serkkunsa kanssa. Mummin el\u00e4m\u00e4ss\u00e4 t\u00e4llaiset ovat mahdottoman t\u00e4rkeit\u00e4 hetki\u00e4, rakkaita hetki\u00e4. T\u00e4n\u00e4\u00e4n iltap\u00e4iv\u00e4ruoalla muonavahvuus oli vain viisi, mutta kuitenkin\u2026","rel":"","context":"Kategoriassa &quot;Reseptit&quot;","block_context":{"text":"Reseptit","link":"https:\/\/www.satokangas.fi\/blogi\/category\/ruoka_ja_viini\/reseptit\/"},"img":{"alt_text":"","src":"https:\/\/i0.wp.com\/www.satokangas.fi\/blogi\/wp-content\/uploads\/2024\/12\/Jouluruokaa-7.jpg?resize=350%2C200&ssl=1","width":350,"height":200,"srcset":"https:\/\/i0.wp.com\/www.satokangas.fi\/blogi\/wp-content\/uploads\/2024\/12\/Jouluruokaa-7.jpg?resize=350%2C200&ssl=1 1x, https:\/\/i0.wp.com\/www.satokangas.fi\/blogi\/wp-content\/uploads\/2024\/12\/Jouluruokaa-7.jpg?resize=525%2C300&ssl=1 1.5x, https:\/\/i0.wp.com\/www.satokangas.fi\/blogi\/wp-content\/uploads\/2024\/12\/Jouluruokaa-7.jpg?resize=700%2C400&ssl=1 2x"},"classes":[]},{"id":15682,"url":"https:\/\/www.satokangas.fi\/blogi\/2012\/10\/elmerin-tarina\/","url_meta":{"origin":33615,"position":3},"title":"Elmerin tarina","author":"Reija","date":"31.10.2012","format":false,"excerpt":"T\u00e4n\u00e4\u00e4n voisi olla j\u00e4lleen yhden lupauksen t\u00e4ytt\u00f6aika. Voisin kertoa meid\u00e4n Elmerin tarinan kuten joskus olen luvannut. Siksikin asia on juuri nyt ajankohtainen, ett\u00e4 siivosin Elekun terraarion (ja koko huoneen), jotta voitaisiin toden teolla ryhty\u00e4 valmistelemaan talviunta. Meille Elmeri tuli jouluna 2003. Edelt\u00e4v\u00e4 syksyn\u00e4 14-vuotiaan tytt\u00e4ren akvaariosta olivat kuolleet kala toisensa\u2026","rel":"","context":"Kategoriassa &quot;Niit\u00e4 n\u00e4it\u00e4&quot;","block_context":{"text":"Niit\u00e4 n\u00e4it\u00e4","link":"https:\/\/www.satokangas.fi\/blogi\/category\/aiheeton\/"},"img":{"alt_text":"","src":"https:\/\/i0.wp.com\/www.satokangas.fi\/blogi\/wp-content\/uploads\/Elmeri-ja-mansikka-31-600x4001.jpg?resize=350%2C200&ssl=1","width":350,"height":200,"srcset":"https:\/\/i0.wp.com\/www.satokangas.fi\/blogi\/wp-content\/uploads\/Elmeri-ja-mansikka-31-600x4001.jpg?resize=350%2C200&ssl=1 1x, https:\/\/i0.wp.com\/www.satokangas.fi\/blogi\/wp-content\/uploads\/Elmeri-ja-mansikka-31-600x4001.jpg?resize=525%2C300&ssl=1 1.5x"},"classes":[]},{"id":6511,"url":"https:\/\/www.satokangas.fi\/blogi\/2010\/03\/sushia-ja-rahkapullia-paasiaisruokaa\/","url_meta":{"origin":33615,"position":4},"title":"Sushia ja rahkapullia. P\u00e4\u00e4si\u00e4isruokaa?","author":"Reija","date":"27.3.2010","format":false,"excerpt":"(Uusi (6.4.2014) p\u00e4\u00e4si\u00e4isruoka-postaukseni on\u00a0T\u00c4\u00c4LL\u00c4: kokonainen vihkonen p\u00e4\u00e4si\u00e4isp\u00f6yd\u00e4n herkkuja. ~~~~~~~~~~~~~~~~~~~~~~~~~~~~ \u00a0 On ollut aika tyls\u00e4 keli, mik\u00e4 ei valitettavasti ollut riitt\u00e4v\u00e4 syy lintsata lenkilt\u00e4. Kaupunkiasioilla l\u00e4hinn\u00e4 hankin ruokatarpeita. P\u00e4\u00e4si\u00e4iseksi m\u00f6kille, ja oli virett\u00e4 kokkailla. Tytt\u00e4relle v\u00e4rkk\u00e4sin helposti nielt\u00e4v\u00e4\u00e4 ruokaa. Haaleaa sienikeittoa ja lappapuuroa, j\u00e4\u00e4tel\u00f6\u00e4 ja pirtel\u00f6it\u00e4 ty\u00e4r on viikon nauttinut, mutta\u2026","rel":"","context":"Kategoriassa &quot;Niit\u00e4 n\u00e4it\u00e4&quot;","block_context":{"text":"Niit\u00e4 n\u00e4it\u00e4","link":"https:\/\/www.satokangas.fi\/blogi\/category\/aiheeton\/"},"img":{"alt_text":"","src":"https:\/\/i0.wp.com\/www.satokangas.fi\/blogi\/wp-content\/uploads\/2010\/03\/Hiilikuituveitsi-500x329.jpg?resize=350%2C200&ssl=1","width":350,"height":200},"classes":[]},{"id":11492,"url":"https:\/\/www.satokangas.fi\/blogi\/2011\/04\/erilainen-palmusuunnuntai\/","url_meta":{"origin":33615,"position":5},"title":"Erilainen palmusuunnuntai","author":"Reija","date":"17.4.2011","format":false,"excerpt":"P\u00e4\u00e4si\u00e4isretriittini j\u00e4\u00e4 t\u00e4n\u00e4 vuonna v\u00e4liin. Monena edellisen\u00e4 vuonna olen l\u00e4htenyt palmusunnuntaina yksin m\u00f6kille, viett\u00e4nyt siell\u00e4 omaa hiljaisuuden retriitti\u00e4ni kunnes perhe on sitten tullut per\u00e4ss\u00e4ni Hangasojalle. T\u00e4n\u00e4 vuonna ei onnistu. Huomiseksi on kertynyt t\u00f6ihin kaikkea t\u00e4hdellist\u00e4 ja sitten keskiviikoksi onkin ment\u00e4v\u00e4 Tampereelle. Joskus talvella lupauduin luennoimaan siell\u00e4, eik\u00e4 tullut pieneen mieleenk\u00e4\u00e4n\u2026","rel":"","context":"Kategoriassa &quot;Niit\u00e4 n\u00e4it\u00e4&quot;","block_context":{"text":"Niit\u00e4 n\u00e4it\u00e4","link":"https:\/\/www.satokangas.fi\/blogi\/category\/aiheeton\/"},"img":{"alt_text":"","src":"","width":0,"height":0},"classes":[]}],"jetpack_featured_media_url":"https:\/\/www.satokangas.fi\/blogi\/wp-content\/uploads\/2018\/03\/27_vaaka.png","_links":{"self":[{"href":"https:\/\/www.satokangas.fi\/blogi\/wp-json\/wp\/v2\/posts\/33615","targetHints":{"allow":["GET"]}}],"collection":[{"href":"https:\/\/www.satokangas.fi\/blogi\/wp-json\/wp\/v2\/posts"}],"about":[{"href":"https:\/\/www.satokangas.fi\/blogi\/wp-json\/wp\/v2\/types\/post"}],"author":[{"embeddable":true,"href":"https:\/\/www.satokangas.fi\/blogi\/wp-json\/wp\/v2\/users\/1"}],"replies":[{"embeddable":true,"href":"https:\/\/www.satokangas.fi\/blogi\/wp-json\/wp\/v2\/comments?post=33615"}],"version-history":[{"count":0,"href":"https:\/\/www.satokangas.fi\/blogi\/wp-json\/wp\/v2\/posts\/33615\/revisions"}],"wp:featuredmedia":[{"embeddable":true,"href":"https:\/\/www.satokangas.fi\/blogi\/wp-json\/wp\/v2\/media\/48824"}],"wp:attachment":[{"href":"https:\/\/www.satokangas.fi\/blogi\/wp-json\/wp\/v2\/media?parent=33615"}],"wp:term":[{"taxonomy":"category","embeddable":true,"href":"https:\/\/www.satokangas.fi\/blogi\/wp-json\/wp\/v2\/categories?post=33615"},{"taxonomy":"post_tag","embeddable":true,"href":"https:\/\/www.satokangas.fi\/blogi\/wp-json\/wp\/v2\/tags?post=33615"}],"curies":[{"name":"wp","href":"https:\/\/api.w.org\/{rel}","templated":true}]}}