{"id":32902,"date":"2017-12-23T21:33:54","date_gmt":"2017-12-23T19:33:54","guid":{"rendered":"https:\/\/www.satokangas.fi\/blogi\/?p=32902"},"modified":"2017-12-23T21:33:54","modified_gmt":"2017-12-23T19:33:54","slug":"valkea-joulu-on-tullut","status":"publish","type":"post","link":"https:\/\/www.satokangas.fi\/blogi\/2017\/12\/valkea-joulu-on-tullut\/","title":{"rendered":"Valkea joulu on tullut"},"content":{"rendered":"<p>Joulu on tullut jo. Joululta tuntuu, levollinen mukava lauantai.<\/p>\n<p>Ja miten kaunis on kotipiha, ja koko Oulu. Todellakin meill\u00e4 on nyt ihana, puhdas, pehme\u00e4 valkea joulu.<\/p>\n<p>En ihan ehtinyt aamulenkilt\u00e4 kotiin ennen kuin hillit\u00f6n lumimyr\u00e4kk\u00e4 alkoi. Mutta ei se haitannut. Ehdin kuitenkin kotiin ennen kuin ty\u00e4r tuli. Lento oli my\u00f6h\u00e4ss\u00e4, mutta turvallisesti Oulussa.<\/p>\n<p><img loading=\"lazy\" decoding=\"async\" data-attachment-id=\"32903\" data-permalink=\"https:\/\/www.satokangas.fi\/blogi\/2017\/12\/valkea-joulu-on-tullut\/myrakka\/\" data-orig-file=\"https:\/\/www.satokangas.fi\/blogi\/wp-content\/uploads\/2017\/12\/Myr\u00e4kk\u00e4.jpg\" data-orig-size=\"1000,667\" data-comments-opened=\"1\" data-image-meta=\"{&quot;aperture&quot;:&quot;0&quot;,&quot;credit&quot;:&quot;Reija Satokangas&quot;,&quot;camera&quot;:&quot;&quot;,&quot;caption&quot;:&quot;&quot;,&quot;created_timestamp&quot;:&quot;1514024971&quot;,&quot;copyright&quot;:&quot;&quot;,&quot;focal_length&quot;:&quot;0&quot;,&quot;iso&quot;:&quot;0&quot;,&quot;shutter_speed&quot;:&quot;0&quot;,&quot;title&quot;:&quot;&quot;,&quot;orientation&quot;:&quot;0&quot;}\" data-image-title=\"Myr\u00e4kk\u00e4\" data-image-description=\"\" data-image-caption=\"\" data-large-file=\"https:\/\/www.satokangas.fi\/blogi\/wp-content\/uploads\/2017\/12\/Myr\u00e4kk\u00e4.jpg\" class=\"alignnone size-full wp-image-32903\" src=\"https:\/\/www.satokangas.fi\/blogi\/wp-content\/uploads\/2017\/12\/Myr\u00e4kk\u00e4.jpg\" alt=\"\" width=\"1000\" height=\"667\" srcset=\"https:\/\/www.satokangas.fi\/blogi\/wp-content\/uploads\/2017\/12\/Myr\u00e4kk\u00e4.jpg 1000w, https:\/\/www.satokangas.fi\/blogi\/wp-content\/uploads\/2017\/12\/Myr\u00e4kk\u00e4-300x200.jpg 300w, https:\/\/www.satokangas.fi\/blogi\/wp-content\/uploads\/2017\/12\/Myr\u00e4kk\u00e4-600x400.jpg 600w, https:\/\/www.satokangas.fi\/blogi\/wp-content\/uploads\/2017\/12\/Myr\u00e4kk\u00e4-768x512.jpg 768w\" sizes=\"auto, (max-width: 1000px) 100vw, 1000px\" \/><\/p>\n<p>P\u00e4iv\u00e4 on mennyt keitti\u00f6ss\u00e4, puuhastellen huomiseksi kaikenlaista. Ja sitten ilta tytt\u00e4ren kuulumisia kuunnellen. Sy\u00f6tiinkin jo t\u00e4n\u00e4\u00e4nkin aika hyvin.Pehtoori tehnyt lumit\u00f6it\u00e4. Ja sitten taas oltu keitti\u00f6ss\u00e4.<\/p>\n<p>Ja sitten tietysti olen laittanut Festan valmiiksi.<\/p>\n<p><img loading=\"lazy\" decoding=\"async\" data-attachment-id=\"32904\" data-permalink=\"https:\/\/www.satokangas.fi\/blogi\/2017\/12\/valkea-joulu-on-tullut\/myrakka-2\/\" data-orig-file=\"https:\/\/www.satokangas.fi\/blogi\/wp-content\/uploads\/2017\/12\/Myr\u00e4kk\u00e4-2.jpg\" data-orig-size=\"1000,764\" data-comments-opened=\"1\" data-image-meta=\"{&quot;aperture&quot;:&quot;0&quot;,&quot;credit&quot;:&quot;Reija Satokangas&quot;,&quot;camera&quot;:&quot;&quot;,&quot;caption&quot;:&quot;&quot;,&quot;created_timestamp&quot;:&quot;1514060969&quot;,&quot;copyright&quot;:&quot;&quot;,&quot;focal_length&quot;:&quot;0&quot;,&quot;iso&quot;:&quot;0&quot;,&quot;shutter_speed&quot;:&quot;0&quot;,&quot;title&quot;:&quot;&quot;,&quot;orientation&quot;:&quot;0&quot;}\" data-image-title=\"Myr\u00e4kk\u00e4-2\" data-image-description=\"\" data-image-caption=\"\" data-large-file=\"https:\/\/www.satokangas.fi\/blogi\/wp-content\/uploads\/2017\/12\/Myr\u00e4kk\u00e4-2.jpg\" class=\"alignnone wp-image-32904 size-full\" src=\"https:\/\/www.satokangas.fi\/blogi\/wp-content\/uploads\/2017\/12\/Myr\u00e4kk\u00e4-2.jpg\" alt=\"\" width=\"1000\" height=\"764\" srcset=\"https:\/\/www.satokangas.fi\/blogi\/wp-content\/uploads\/2017\/12\/Myr\u00e4kk\u00e4-2.jpg 1000w, https:\/\/www.satokangas.fi\/blogi\/wp-content\/uploads\/2017\/12\/Myr\u00e4kk\u00e4-2-300x229.jpg 300w, https:\/\/www.satokangas.fi\/blogi\/wp-content\/uploads\/2017\/12\/Myr\u00e4kk\u00e4-2-524x400.jpg 524w, https:\/\/www.satokangas.fi\/blogi\/wp-content\/uploads\/2017\/12\/Myr\u00e4kk\u00e4-2-768x587.jpg 768w\" sizes=\"auto, (max-width: 1000px) 100vw, 1000px\" \/><\/p>\n<p>Joulumusiikki soi, kiitos t\u00e4h\u00e4n astisista kommenteista, viel\u00e4 muutama tunti aikaa <a href=\"https:\/\/www.satokangas.fi\/blogi\/2017\/12\/joulumusiikkia-ruoanlaiton-oheen-ja-muutenkin\/\" target=\"_blank\" rel=\"noopener\">osallistua<\/a>. Arvonta on huomenna. &#8230;\u00a0 Ja huomenna avautuu <a href=\"http:\/\/www.joulukalenterit.fi\/kalenteri\/satokangas\/\" target=\"_blank\" rel=\"noopener\">Joulukalenterin<\/a> viimeinen luukku. Huomiseen, yst\u00e4v\u00e4t. On joulu!<\/p>\n","protected":false},"excerpt":{"rendered":"<p>Joulu on tullut jo. Joululta tuntuu, levollinen mukava lauantai. Ja miten kaunis on kotipiha, ja koko Oulu. Todellakin meill\u00e4 on nyt ihana, puhdas, pehme\u00e4 valkea joulu. En ihan ehtinyt aamulenkilt\u00e4 kotiin ennen kuin hillit\u00f6n lumimyr\u00e4kk\u00e4 alkoi. Mutta ei se haitannut. Ehdin kuitenkin kotiin ennen kuin ty\u00e4r tuli. Lento oli my\u00f6h\u00e4ss\u00e4, mutta turvallisesti Oulussa. P\u00e4iv\u00e4 on mennyt keitti\u00f6ss\u00e4, puuhastellen huomiseksi kaikenlaista. &hellip; <\/p>\n","protected":false},"author":1,"featured_media":0,"comment_status":"open","ping_status":"open","sticky":false,"template":"","format":"standard","meta":{"jetpack_post_was_ever_published":false,"_jetpack_newsletter_access":"","_jetpack_dont_email_post_to_subs":false,"_jetpack_newsletter_tier_id":0,"_jetpack_memberships_contains_paywalled_content":false,"_jetpack_memberships_contains_paid_content":false,"footnotes":"","jetpack_publicize_message":"","jetpack_publicize_feature_enabled":true,"jetpack_social_post_already_shared":true,"jetpack_social_options":{"image_generator_settings":{"template":"highway","default_image_id":0,"font":"","enabled":false},"version":2}},"categories":[90],"tags":[],"class_list":["post-32902","post","type-post","status-publish","format-standard","hentry","category-joulu","latest_post"],"jetpack_publicize_connections":[],"jetpack_featured_media_url":"","jetpack_shortlink":"https:\/\/wp.me\/pr4p4-8yG","jetpack_sharing_enabled":true,"jetpack_likes_enabled":false,"jetpack-related-posts":[{"id":42196,"url":"https:\/\/www.satokangas.fi\/blogi\/2021\/12\/joulun-lopulla-3\/","url_meta":{"origin":32902,"position":0},"title":"Joulun lopulla","author":"Reija","date":"26.12.2021","format":false,"excerpt":"Kolmisin Pehtoorin ja tytt\u00e4ren kanssa istuimme aamukahdeksan j\u00e4lkeen aamupuurolla ja -kahvilla, ja mietimme \u00e4\u00e4neen p\u00e4iv\u00e4n kulkua, katselimme pakkasmittaria ( - 19 C). Mietin pient\u00e4 lenkki\u00e4, Pehtoori muistutti: sunhan piti menn\u00e4 kuvaamaan Villa Hannalan uuden jouluvalot. Ja silt\u00e4 istumalta l\u00e4hdin pakkaamaan ylle l\u00e4mmint\u00e4, kameran reppuun, uudet valokuvaajan pakkasrukkaset v\u00f6l\u00f6kkiin ja eikun\u2026","rel":"","context":"Kategoriassa &quot;Hautausmailla&quot;","block_context":{"text":"Hautausmailla","link":"https:\/\/www.satokangas.fi\/blogi\/category\/hautausmailla\/"},"img":{"alt_text":"","src":"https:\/\/i0.wp.com\/www.satokangas.fi\/blogi\/wp-content\/uploads\/2021\/12\/1-3.jpg?resize=350%2C200&ssl=1","width":350,"height":200,"srcset":"https:\/\/i0.wp.com\/www.satokangas.fi\/blogi\/wp-content\/uploads\/2021\/12\/1-3.jpg?resize=350%2C200&ssl=1 1x, https:\/\/i0.wp.com\/www.satokangas.fi\/blogi\/wp-content\/uploads\/2021\/12\/1-3.jpg?resize=525%2C300&ssl=1 1.5x, https:\/\/i0.wp.com\/www.satokangas.fi\/blogi\/wp-content\/uploads\/2021\/12\/1-3.jpg?resize=700%2C400&ssl=1 2x"},"classes":[]},{"id":37825,"url":"https:\/\/www.satokangas.fi\/blogi\/2019\/12\/tapaninpaiva-2019\/","url_meta":{"origin":32902,"position":1},"title":"Tapaninp\u00e4iv\u00e4 2019","author":"Reija","date":"26.12.2019","format":false,"excerpt":"Ilahtuneena y\u00f6ll\u00e4 sataneesta lumesta ja pikkupakkasesta l\u00e4hdimme tytt\u00e4ren kanssa aamulenkille, - - tumma, mutta kuitenkin valkea aamu. Vaikka Tuiran kirkon ovella juuri kirkonmenojen aikaan olimmekin, heitt\u00e4ydyimme enemm\u00e4n panteismin kuin kristinuskon pariin. Kaupunkiluontokin voi olla kaunis. Kuin tuulihattuja tarjottimella? --- Lasaretinv\u00e4yl\u00e4 j\u00e4\u00e4tyy kauniisti. Palattuamme tyt\u00e4r l\u00e4hti sukuloimaan, ja min\u00e4 siirryin keitti\u00f6\u00f6n.\u2026","rel":"","context":"Kategoriassa &quot;Joulu&quot;","block_context":{"text":"Joulu","link":"https:\/\/www.satokangas.fi\/blogi\/category\/joulu\/"},"img":{"alt_text":"","src":"https:\/\/i0.wp.com\/www.satokangas.fi\/blogi\/wp-content\/uploads\/2019\/12\/tapaninpaiva.jpg?resize=350%2C200&ssl=1","width":350,"height":200,"srcset":"https:\/\/i0.wp.com\/www.satokangas.fi\/blogi\/wp-content\/uploads\/2019\/12\/tapaninpaiva.jpg?resize=350%2C200&ssl=1 1x, https:\/\/i0.wp.com\/www.satokangas.fi\/blogi\/wp-content\/uploads\/2019\/12\/tapaninpaiva.jpg?resize=525%2C300&ssl=1 1.5x, https:\/\/i0.wp.com\/www.satokangas.fi\/blogi\/wp-content\/uploads\/2019\/12\/tapaninpaiva.jpg?resize=700%2C400&ssl=1 2x"},"classes":[]},{"id":23457,"url":"https:\/\/www.satokangas.fi\/blogi\/2014\/12\/joulupaivan-rauhassa\/","url_meta":{"origin":32902,"position":2},"title":"Joulup\u00e4iv\u00e4n rauhassa","author":"Reija","date":"25.12.2014","format":false,"excerpt":"\u00a0 Jouluy\u00f6, juhlay\u00f6,--- Jussi Bj\u00f6klingin \"O Helga Natt\" j\u00e4i radiosta t\u00e4n\u00e4 jouluna kuulematta. Onhan youtube, nyt soi nelj\u00e4tt\u00e4 kertaa per\u00e4kk\u00e4in. Se on minulle se\u00a0The Joululaulu. Lenkkipolun joulukuusi. Ja horisontissa aurinko. On se.\u00a0Harvoin k\u00e4velless\u00e4 tulee mieleen, ett\u00e4 lep\u00e4\u00e4n, lev\u00e4hd\u00e4n, - - t\u00e4n\u00e4\u00e4n niin tein. Aamun - 20 asteesta puoleenp\u00e4iv\u00e4\u00e4n menness\u00e4 l\u00e4helle\u2026","rel":"","context":"Kategoriassa &quot;Vanhemmuus&quot;","block_context":{"text":"Vanhemmuus","link":"https:\/\/www.satokangas.fi\/blogi\/category\/vanhemmuus\/"},"img":{"alt_text":"WP_20141224_14_37_20_Pro","src":"https:\/\/i0.wp.com\/www.satokangas.fi\/blogi\/wp-content\/uploads\/2014\/12\/WP_20141224_14_37_20_Pro-600x338.jpg?resize=350%2C200&ssl=1","width":350,"height":200,"srcset":"https:\/\/i0.wp.com\/www.satokangas.fi\/blogi\/wp-content\/uploads\/2014\/12\/WP_20141224_14_37_20_Pro-600x338.jpg?resize=350%2C200&ssl=1 1x, https:\/\/i0.wp.com\/www.satokangas.fi\/blogi\/wp-content\/uploads\/2014\/12\/WP_20141224_14_37_20_Pro-600x338.jpg?resize=525%2C300&ssl=1 1.5x"},"classes":[]},{"id":23215,"url":"https:\/\/www.satokangas.fi\/blogi\/2014\/11\/joulukalenteri-avautuu\/","url_meta":{"origin":32902,"position":3},"title":"Joulukalenteri avautuu","author":"Reija","date":"30.11.2014","format":false,"excerpt":"Mihin n\u00e4m\u00e4 p\u00e4iv\u00e4t oikein menev\u00e4t? Hyv\u00e4h\u00e4n se on, ett\u00e4 kuluvat, mutta ett\u00e4 n\u00e4ink\u00f6 nopeaa niiden on kiirehditt\u00e4v\u00e4. Sek\u00f6 ett\u00e4 itsell\u00e4 ei en\u00e4\u00e4 asiat tapahdu, ei hommat hoidu sellaisella intensiteetill\u00e4 ja rivakkuudella kuin aiemmin, aiheuttaa tunteen ajan niukkuudesta. Niin paljon enemm\u00e4n haluaisin ehti\u00e4... Liikkua, kokata, tavata ihmisi\u00e4, l\u00e4heisi\u00e4 ja v\u00e4h\u00e4n kauimmaisiakin,\u2026","rel":"","context":"Kategoriassa &quot;Niit\u00e4 n\u00e4it\u00e4&quot;","block_context":{"text":"Niit\u00e4 n\u00e4it\u00e4","link":"https:\/\/www.satokangas.fi\/blogi\/category\/aiheeton\/"},"img":{"alt_text":"Louhi 1899","src":"https:\/\/i0.wp.com\/www.satokangas.fi\/blogi\/wp-content\/uploads\/2014\/11\/Louhi-1899-526x400.jpg?resize=350%2C200&ssl=1","width":350,"height":200,"srcset":"https:\/\/i0.wp.com\/www.satokangas.fi\/blogi\/wp-content\/uploads\/2014\/11\/Louhi-1899-526x400.jpg?resize=350%2C200&ssl=1 1x, https:\/\/i0.wp.com\/www.satokangas.fi\/blogi\/wp-content\/uploads\/2014\/11\/Louhi-1899-526x400.jpg?resize=525%2C300&ssl=1 1.5x"},"classes":[]},{"id":37802,"url":"https:\/\/www.satokangas.fi\/blogi\/2019\/12\/37802\/","url_meta":{"origin":32902,"position":4},"title":"Mummillla mieluinen huki","author":"Reija","date":"20.12.2019","format":false,"excerpt":"Noinko se j\u00e4nnitti, ett\u00e4 jo ennen viitt\u00e4 her\u00e4sin? Her\u00e4sin ihan liian v\u00e4hin unin, ihan liian aikaisin. Toisaalta: ehdin touhuta ennen h-hetke\u00e4.\u00a0Viel\u00e4 min\u00e4kin jaksan k\u00e4yd\u00e4 ylikierroksia kun on jotain uutta, ennenkokematonta odotettavissa? - N\u00e4k\u00f6j\u00e4\u00e4n. T\u00e4n\u00e4\u00e4n oli se p\u00e4iv\u00e4, jolloin oli pojanpojan \"operaatio\" (~ korvien putkitus ja kitarisan poisto, mik\u00e4 tarkoitti pient\u00e4\u2026","rel":"","context":"Kategoriassa &quot;Isovanhemmuus&quot;","block_context":{"text":"Isovanhemmuus","link":"https:\/\/www.satokangas.fi\/blogi\/category\/isovanhemmuus\/"},"img":{"alt_text":"","src":"https:\/\/i0.wp.com\/www.satokangas.fi\/blogi\/wp-content\/uploads\/2019\/12\/codorniu-1-286x400.jpg?resize=350%2C200&ssl=1","width":350,"height":200},"classes":[]},{"id":51559,"url":"https:\/\/www.satokangas.fi\/blogi\/2024\/12\/kaupungilla-ja-keittiossa\/","url_meta":{"origin":32902,"position":5},"title":"Kaupungilla ja keitti\u00f6ss\u00e4","author":"Reija","date":"20.12.2024","format":false,"excerpt":"Pitk\u00e4perjantai? Eikun pitk\u00e4 perjantai. P\u00e4iv\u00e4\u00e4n on mahtunut paljon! Aika varhain her\u00e4sin, aika varhain olin kaupungilla kameran kanssa. Talvinen aamu, valoja ja joulua pitkin Oulun keskustaa. Kiertelin pitk\u00e4sti toista tuntia pitkin poikin keskustaa. Ensimm\u00e4ist\u00e4 kertaa on Rotuaarille (k\u00e4velykatu keskustassa) tehty joulumets\u00e4. Kun siin\u00e4 tovin py\u00f6rin ja kuvailin, tuli mieleen kuinka pentuna,\u2026","rel":"","context":"Kategoriassa &quot;Joulu&quot;","block_context":{"text":"Joulu","link":"https:\/\/www.satokangas.fi\/blogi\/category\/joulu\/"},"img":{"alt_text":"","src":"https:\/\/i0.wp.com\/www.satokangas.fi\/blogi\/wp-content\/uploads\/2024\/12\/Oulun_joulu_2024-5.jpg?resize=350%2C200&ssl=1","width":350,"height":200,"srcset":"https:\/\/i0.wp.com\/www.satokangas.fi\/blogi\/wp-content\/uploads\/2024\/12\/Oulun_joulu_2024-5.jpg?resize=350%2C200&ssl=1 1x, https:\/\/i0.wp.com\/www.satokangas.fi\/blogi\/wp-content\/uploads\/2024\/12\/Oulun_joulu_2024-5.jpg?resize=525%2C300&ssl=1 1.5x, https:\/\/i0.wp.com\/www.satokangas.fi\/blogi\/wp-content\/uploads\/2024\/12\/Oulun_joulu_2024-5.jpg?resize=700%2C400&ssl=1 2x"},"classes":[]}],"_links":{"self":[{"href":"https:\/\/www.satokangas.fi\/blogi\/wp-json\/wp\/v2\/posts\/32902","targetHints":{"allow":["GET"]}}],"collection":[{"href":"https:\/\/www.satokangas.fi\/blogi\/wp-json\/wp\/v2\/posts"}],"about":[{"href":"https:\/\/www.satokangas.fi\/blogi\/wp-json\/wp\/v2\/types\/post"}],"author":[{"embeddable":true,"href":"https:\/\/www.satokangas.fi\/blogi\/wp-json\/wp\/v2\/users\/1"}],"replies":[{"embeddable":true,"href":"https:\/\/www.satokangas.fi\/blogi\/wp-json\/wp\/v2\/comments?post=32902"}],"version-history":[{"count":0,"href":"https:\/\/www.satokangas.fi\/blogi\/wp-json\/wp\/v2\/posts\/32902\/revisions"}],"wp:attachment":[{"href":"https:\/\/www.satokangas.fi\/blogi\/wp-json\/wp\/v2\/media?parent=32902"}],"wp:term":[{"taxonomy":"category","embeddable":true,"href":"https:\/\/www.satokangas.fi\/blogi\/wp-json\/wp\/v2\/categories?post=32902"},{"taxonomy":"post_tag","embeddable":true,"href":"https:\/\/www.satokangas.fi\/blogi\/wp-json\/wp\/v2\/tags?post=32902"}],"curies":[{"name":"wp","href":"https:\/\/api.w.org\/{rel}","templated":true}]}}