{"id":32900,"date":"2017-12-22T20:36:11","date_gmt":"2017-12-22T18:36:11","guid":{"rendered":"https:\/\/www.satokangas.fi\/blogi\/?p=32900"},"modified":"2017-12-22T20:36:11","modified_gmt":"2017-12-22T18:36:11","slug":"kohti-joulua-2","status":"publish","type":"post","link":"https:\/\/www.satokangas.fi\/blogi\/2017\/12\/kohti-joulua-2\/","title":{"rendered":"Kohti joulua"},"content":{"rendered":"<p style=\"text-align: justify;\">Nyt on joulun vietto alkanut. Kaikki tarvittava on tehty, tai siis kaikki tarpeellinen on kotona, &#8211; kaupat, vierailut, postit, tervehdysk\u00e4ynnit, huoltotoimet, jonotukset, ajelut, viini- ja ruokapostaukset, s\u00e4hk\u00f6postit on hoidettu. Ei ikin\u00e4 n\u00e4in hyviss\u00e4 ajoin. Nyt voi laskeutua joulun viettoon, joulun tekoon. Ja jo huomenna aamulla tulee ty\u00e4r. Johan se siit\u00e4 viimeist\u00e4\u00e4n joulu alkaa!<\/p>\n<p style=\"text-align: justify;\">Kamera oli p\u00e4iv\u00e4n kierroksilla mukana, mutta ei yht\u00e4\u00e4n kuvaa siit\u00e4 huikeasta purppuraisesta taivaasta,\u00a0 joka n\u00e4kyi, ei puolenp\u00e4iv\u00e4n vaakasuorassa mahdottoman komeasti paistavasta auringosta, ei &#8221;taivaallisen sinisest\u00e4&#8221; taivaasta. Mutta kaikki nuo on havainnoitu. Niist\u00e4 nautittu. Ja sill\u00e4 on merkityst\u00e4. Tulevaisuuden kannalta. Tied\u00e4tteh\u00e4n:<\/p>\n<div id=\"u_0_i\" class=\"_li\">\n<div id=\"globalContainer\" class=\"uiContextualLayerParent\">\n<div id=\"content\" class=\"fb_content clearfix \" role=\"\" data-referrer=\"content\">\n<div class=\"_2pie\">\n<div id=\"mainContainer\" class=\"clearfix\">\n<div id=\"contentCol\" class=\"_5r-_ homeWiderContent homeFixedLayout newsFeedComposer _1qkq _1ql0\">\n<div id=\"content_container\" class=\"clearfix\">\n<div id=\"contentArea\" class=\"_14i5 _1qkq _1qkx\" role=\"main\">\n<div id=\"stream_pagelet\" data-referrer=\"stream_pagelet\" data-at-shortcutkeys=\"{&quot;j&quot;:&quot;keskity seuraavaan tarinaan&quot;,&quot;k&quot;:&quot;keskity edelliseen tarinaan&quot;,&quot;p&quot;:&quot;julkaise uusi tila&quot;,&quot;l&quot;:&quot;tykk\\u00e4\\u00e4\\\/\\u00e4l\\u00e4 tykk\\u00e4\\u00e4 valitusta tarinasta&quot;,&quot;c&quot;:&quot;kommentoi valittua tarinaa&quot;,&quot;s&quot;:&quot;jaa valittu tarina&quot;,&quot;o&quot;:&quot;avaa valitun tarinan liite&quot;,&quot;\\\/&quot;:&quot;hae&quot;,&quot;q&quot;:&quot;hae keskustelun yhteystietoja&quot;,&quot;?&quot;:&quot;n\\u00e4yt\\u00e4 pikan\\u00e4pp\\u00e4inten ohjeikkuna&quot;}\">\n<div id=\"topnews_main_stream_408239535924329\" data-referrer=\"topnews_main_stream_408239535924329\" data-gt=\"{&quot;ref&quot;:&quot;nf_generic&quot;}\">\n<div id=\"feed_stream_5a3d3467d9a975508880230\" class=\"_5pcb _dp7 _4j3f\" role=\"region\" aria-label=\"Uutiset\">\n<div role=\"feed\">\n<div id=\"more_pager_pagelet_5a3d3467d9c0e1088301888\" data-referrer=\"more_pager_pagelet_5a3d3467d9c0e1088301888\">\n<div id=\"u_ps_jsonp_22_0_o\" data-referrer=\"u_ps_jsonp_22_0_o\">\n<div id=\"substream_0_5a3d3471947474d42229025\" class=\"_4ikz\" data-referrer=\"substream_0_5a3d3471947474d42229025\">\n<div id=\"u_jsonp_24_0\">\n<div id=\"hyperfeed_story_id_5a3d3471a58423f09884921\" class=\"_5jmm _5pat _3lb4 c_aizyvt52n\" role=\"article\" aria-posinset=\"6\" aria-setsize=\"12\" aria-describedby=\"js_e1d js_e1e\" aria-labelledby=\"js_e1c\" data-testid=\"fbfeed_story\" data-referrer=\"hyperfeed_story_id_5a3d3471a58423f09884921\" data-timestamp=\"1513839319\" data-dedupekey=\"5468171472263138810\" data-cursor=\"MTUxMzk2MDU1MToxNTEzOTYwNTUxOjY6NTQ2ODE3MTQ3MjI2MzEzODgxMDoxNTEzODM5MzE5OjY1MDI0MTEwNTQ3ODY1NDI3MTU=\" data-ftr=\"1\" data-fte=\"1\" data-insertion-position=\"5\">\n<div id=\"u_jsonp_24_q\" class=\"_4-u2 mbm _4mrt _5v3q _4-u8\">\n<div id=\"u_jsonp_24_r\" class=\"_3ccb\" data-gt=\"{&quot;type&quot;:&quot;click2canvas&quot;,&quot;fbsource&quot;:703,&quot;ref&quot;:&quot;nf_generic&quot;}\" data-ft=\"{&quot;tn&quot;:&quot;-R&quot;}\">\n<div class=\"_5pcr userContentWrapper\" data-ft=\"{&quot;tn&quot;:&quot;-R&quot;}\">\n<div class=\"_1dwg _1w_m _q7o\">\n<div id=\"js_e1e\" class=\"_5pbx userContent _3576\" data-ft=\"{&quot;tn&quot;:&quot;K&quot;}\">\n<div id=\"id_5a3d3471c75e87404210485\" class=\"text_exposed_root text_exposed\">\n<p style=\"padding-left: 30px; text-align: justify;\">&#8221;Tuomaan p\u00e4iv\u00e4 21.12., joka usein on my\u00f6s talvip\u00e4iv\u00e4nseisauksen p\u00e4iv\u00e4, aloittaa perinteisesti joulun vieton Suomessa. Tuomaan p\u00e4iv\u00e4n ja joulun v\u00e4list\u00e4 aikaa on kutsuttu pes\u00e4p\u00e4iviksi. Auringon on sanottu olevan tuolloin kolme p\u00e4iv\u00e4\u00e4 kannallaan eli &#8221;pes\u00e4ss\u00e4\u00e4n&#8221;.\u00a0Jos aurinko ei noina p\u00e4ivin\u00e4 n\u00e4ytt\u00e4ydy, tulee kansanuskomusten mukaan seuraava kes\u00e4 olemaan sateinen. Jos aurinko v\u00e4h\u00e4nkin pilkahtaa, on luvassa kuiva, poutainen suvi. &#8221;<\/p>\n<p style=\"text-align: justify;\">Kyll\u00e4 t\u00e4ss\u00e4 nyt suloisen suven toiveissa voidaan jo elell\u00e4.<\/p>\n<p style=\"text-align: justify;\">Mutta sit\u00e4 ennen pieni\u00e4 iloja jo nyt. Tai &#8211; minulle, p\u00f6hk\u00f6lle &#8211; oli ihan suunnattoman suuri ilo kun sain vinkin ja sitten viel\u00e4 sattumaa, ett\u00e4 l\u00f6ysin yhden minun opiskelijani FB-p\u00e4ivityksen. Oi ett\u00e4! Melkein silt\u00e4 istumalta olisin halunnut takaisin t\u00f6ihin. Siit\u00e4 alkoi minulla loma, tuli ihan mahdottoman hyv\u00e4 mieli.<\/p>\n<p style=\"text-align: justify;\">Jopa niin, ett\u00e4 perustelin sill\u00e4 &#8211; ja joulun alulla &#8211; puolikkaan samppanjan avaamisen meille kahdelle. Joskus on <a href=\"https:\/\/www.alko.fi\/tuotteet\/567564\/Deutz-Classic-Champagne-Brut\" target=\"_blank\" rel=\"noopener\">Deutzia<\/a> maistettu, ja t\u00e4m\u00e4np\u00e4iv\u00e4isen j\u00e4lkeen varmasti toistekin.<\/p>\n<p><img loading=\"lazy\" decoding=\"async\" data-attachment-id=\"32901\" data-permalink=\"https:\/\/www.satokangas.fi\/blogi\/2017\/12\/kohti-joulua-2\/joulun-alkuun_\/\" data-orig-file=\"https:\/\/www.satokangas.fi\/blogi\/wp-content\/uploads\/2017\/12\/Joulun-alkuun_.jpg\" data-orig-size=\"1000,674\" data-comments-opened=\"1\" data-image-meta=\"{&quot;aperture&quot;:&quot;0&quot;,&quot;credit&quot;:&quot;Reija Satokangas&quot;,&quot;camera&quot;:&quot;&quot;,&quot;caption&quot;:&quot;&quot;,&quot;created_timestamp&quot;:&quot;1513977249&quot;,&quot;copyright&quot;:&quot;&quot;,&quot;focal_length&quot;:&quot;0&quot;,&quot;iso&quot;:&quot;0&quot;,&quot;shutter_speed&quot;:&quot;0&quot;,&quot;title&quot;:&quot;&quot;,&quot;orientation&quot;:&quot;0&quot;}\" data-image-title=\"Joulun alkuun_\" data-image-description=\"\" data-image-caption=\"\" data-large-file=\"https:\/\/www.satokangas.fi\/blogi\/wp-content\/uploads\/2017\/12\/Joulun-alkuun_.jpg\" class=\"aligncenter wp-image-32901 size-full\" src=\"https:\/\/www.satokangas.fi\/blogi\/wp-content\/uploads\/2017\/12\/Joulun-alkuun_.jpg\" alt=\"\" width=\"1000\" height=\"674\" srcset=\"https:\/\/www.satokangas.fi\/blogi\/wp-content\/uploads\/2017\/12\/Joulun-alkuun_.jpg 1000w, https:\/\/www.satokangas.fi\/blogi\/wp-content\/uploads\/2017\/12\/Joulun-alkuun_-300x202.jpg 300w, https:\/\/www.satokangas.fi\/blogi\/wp-content\/uploads\/2017\/12\/Joulun-alkuun_-593x400.jpg 593w, https:\/\/www.satokangas.fi\/blogi\/wp-content\/uploads\/2017\/12\/Joulun-alkuun_-768x518.jpg 768w\" sizes=\"auto, (max-width: 1000px) 100vw, 1000px\" \/><\/p>\n<p>&nbsp;<\/p>\n<p>Ja edelleen ihmettelen t\u00e4t\u00e4 hyviss\u00e4 ajoin jouluun laskeutumista, ja nautin kovasti&#8230;<\/p>\n<\/div>\n<\/div>\n<\/div>\n<\/div>\n<\/div>\n<\/div>\n<\/div>\n<\/div>\n<\/div>\n<\/div>\n<\/div>\n<\/div>\n<\/div>\n<\/div>\n<\/div>\n<\/div>\n<\/div>\n<\/div>\n<\/div>\n<\/div>\n<\/div>\n<\/div>\n<\/div>\n","protected":false},"excerpt":{"rendered":"<p>Nyt on joulun vietto alkanut. Kaikki tarvittava on tehty, tai siis kaikki tarpeellinen on kotona, &#8211; kaupat, vierailut, postit, tervehdysk\u00e4ynnit, huoltotoimet, jonotukset, ajelut, viini- ja ruokapostaukset, s\u00e4hk\u00f6postit on hoidettu. Ei ikin\u00e4 n\u00e4in hyviss\u00e4 ajoin. Nyt voi laskeutua joulun viettoon, joulun tekoon. Ja jo huomenna aamulla tulee ty\u00e4r. Johan se siit\u00e4 viimeist\u00e4\u00e4n joulu alkaa! Kamera oli p\u00e4iv\u00e4n kierroksilla mukana, mutta ei &hellip; <\/p>\n","protected":false},"author":1,"featured_media":0,"comment_status":"open","ping_status":"open","sticky":false,"template":"","format":"standard","meta":{"jetpack_post_was_ever_published":false,"_jetpack_newsletter_access":"","_jetpack_dont_email_post_to_subs":false,"_jetpack_newsletter_tier_id":0,"_jetpack_memberships_contains_paywalled_content":false,"_jetpack_memberships_contains_paid_content":false,"footnotes":"","jetpack_publicize_message":"","jetpack_publicize_feature_enabled":true,"jetpack_social_post_already_shared":true,"jetpack_social_options":{"image_generator_settings":{"template":"highway","default_image_id":0,"font":"","enabled":false},"version":2}},"categories":[1],"tags":[],"class_list":["post-32900","post","type-post","status-publish","format-standard","hentry","category-aiheeton","latest_post"],"jetpack_publicize_connections":[],"jetpack_featured_media_url":"","jetpack_shortlink":"https:\/\/wp.me\/pr4p4-8yE","jetpack_sharing_enabled":true,"jetpack_likes_enabled":false,"jetpack-related-posts":[{"id":53654,"url":"https:\/\/www.satokangas.fi\/blogi\/2025\/12\/lapset-tekevat-joulun\/","url_meta":{"origin":32900,"position":0},"title":"Lapset tekev\u00e4t joulun","author":"Reija","date":"19.12.2025","format":false,"excerpt":"Perhe on l\u00e4hell\u00e4, kaikki terveen\u00e4 ja meill\u00e4 on jo joulu. Koululaiset tulivat jo iltap\u00e4iv\u00e4ll\u00e4 iloksemme. Tehtiin piparkakkutalo, tai siis lapset ja Pehtoori tekiv\u00e4t. Min\u00e4 viimeistelin maiseman teko\u00e4lyn avulla. Saatiin talo parahiksi valmiiksi kun heid\u00e4n oli aika l\u00e4hte\u00e4 t\u00f6ist\u00e4 p\u00e4\u00e4sseen is\u00e4ns\u00e4 kanssa kotiin, ja heti kohta j\u00e4rvenp\u00e4\u00e4l\u00e4iset saapuivatkin perille. Emmiliinikin oli\u2026","rel":"","context":"Kategoriassa &quot;Isovanhemmuus&quot;","block_context":{"text":"Isovanhemmuus","link":"https:\/\/www.satokangas.fi\/blogi\/category\/isovanhemmuus\/"},"img":{"alt_text":"","src":"https:\/\/i0.wp.com\/www.satokangas.fi\/blogi\/wp-content\/uploads\/2025\/12\/Kalenteri_2025_12_19.jpg?resize=350%2C200&ssl=1","width":350,"height":200,"srcset":"https:\/\/i0.wp.com\/www.satokangas.fi\/blogi\/wp-content\/uploads\/2025\/12\/Kalenteri_2025_12_19.jpg?resize=350%2C200&ssl=1 1x, https:\/\/i0.wp.com\/www.satokangas.fi\/blogi\/wp-content\/uploads\/2025\/12\/Kalenteri_2025_12_19.jpg?resize=525%2C300&ssl=1 1.5x, https:\/\/i0.wp.com\/www.satokangas.fi\/blogi\/wp-content\/uploads\/2025\/12\/Kalenteri_2025_12_19.jpg?resize=700%2C400&ssl=1 2x"},"classes":[]},{"id":51330,"url":"https:\/\/www.satokangas.fi\/blogi\/2024\/11\/joulubingoa-taytellen\/","url_meta":{"origin":32900,"position":1},"title":"Joulubingoa t\u00e4ytellen","author":"Reija","date":"28.11.2024","format":false,"excerpt":"Marttojen legendaarinen ohje: \"Siivoa jouluksi kaapit vain jos aiot viett\u00e4\u00e4 joulusi kaapissa\" sattuu kohdalle nyt v\u00e4h\u00e4n pahasti. Jos joulun vietto menee tuon aika loogisen ja monille hyvinkin helpottavan ohjeen mukaan, niin minulla taitaa sitten menn\u00e4 joulun pyh\u00e4t joko vaatehuoneissa tai kodinhoitohuoneessa! Ne kun on nyt siivottu. Melkein sisustettukin! Hain eilen\u2026","rel":"","context":"Kategoriassa &quot;Niit\u00e4 n\u00e4it\u00e4&quot;","block_context":{"text":"Niit\u00e4 n\u00e4it\u00e4","link":"https:\/\/www.satokangas.fi\/blogi\/category\/aiheeton\/"},"img":{"alt_text":"","src":"https:\/\/i0.wp.com\/www.satokangas.fi\/blogi\/wp-content\/uploads\/2024\/11\/hautaruusut.jpg?resize=350%2C200&ssl=1","width":350,"height":200,"srcset":"https:\/\/i0.wp.com\/www.satokangas.fi\/blogi\/wp-content\/uploads\/2024\/11\/hautaruusut.jpg?resize=350%2C200&ssl=1 1x, https:\/\/i0.wp.com\/www.satokangas.fi\/blogi\/wp-content\/uploads\/2024\/11\/hautaruusut.jpg?resize=525%2C300&ssl=1 1.5x, https:\/\/i0.wp.com\/www.satokangas.fi\/blogi\/wp-content\/uploads\/2024\/11\/hautaruusut.jpg?resize=700%2C400&ssl=1 2x"},"classes":[]},{"id":48066,"url":"https:\/\/www.satokangas.fi\/blogi\/2023\/12\/jo-on-jo\/","url_meta":{"origin":32900,"position":2},"title":"Jo on joulu!","author":"Reija","date":"23.12.2023","format":false,"excerpt":"Miksih\u00e4n t\u00e4m\u00e4n p\u00e4iv\u00e4n juhlaa nimitt\u00e4isi? -Pikkujoulut? Joulun etkot? Etuk\u00e4teiset? Joulu etuajassa? Varasl\u00e4ht\u00f6 jouluun? - Ei mit\u00e4\u00e4n noista. Ehk\u00e4 paras olisi \"lasten joulu\" tai \"joulua lasten kanssa\". T\u00e4n\u00e4 vuonna meill\u00e4 k\u00e4vi joulupukki tai paremminkin tonttu jo t\u00e4n\u00e4\u00e4n. Muksuilla kun on t\u00e4n\u00e4 vuonna joulun vietto \u00e4idill\u00e4\u00e4n, niin me vietimme sit\u00e4 kuudestaan omalta\u2026","rel":"","context":"Kategoriassa &quot;Isovanhemmuus&quot;","block_context":{"text":"Isovanhemmuus","link":"https:\/\/www.satokangas.fi\/blogi\/category\/isovanhemmuus\/"},"img":{"alt_text":"","src":"https:\/\/i0.wp.com\/www.satokangas.fi\/blogi\/wp-content\/uploads\/2019\/12\/Leppoista_joulua-2.jpg?resize=350%2C200&ssl=1","width":350,"height":200,"srcset":"https:\/\/i0.wp.com\/www.satokangas.fi\/blogi\/wp-content\/uploads\/2019\/12\/Leppoista_joulua-2.jpg?resize=350%2C200&ssl=1 1x, https:\/\/i0.wp.com\/www.satokangas.fi\/blogi\/wp-content\/uploads\/2019\/12\/Leppoista_joulua-2.jpg?resize=525%2C300&ssl=1 1.5x"},"classes":[]},{"id":37819,"url":"https:\/\/www.satokangas.fi\/blogi\/2019\/12\/joulupaivan-iltana-2\/","url_meta":{"origin":32900,"position":3},"title":"Joulup\u00e4iv\u00e4n iltana","author":"Reija","date":"25.12.2019","format":false,"excerpt":"Joulup\u00e4iv\u00e4n ilta. Kunhan eilinen Eeviksen nimip\u00e4iv\u00e4 - ja ai niin, jouluaattokin!! - saatiin juhlituksi, el\u00e4m\u00e4nmeno k\u00e4vi levollisemmaksi. Joulut ovat niin erilaisia, ja se erilaisuus ei niink\u00e4\u00e4n riipu s\u00e4\u00e4st\u00e4, ei jouluhartauden\/joulukirkon tunnelmasta, ei tarjolla olleista jouluherkuista, ei musiikista, ei saaduista tai annetuista lahjoista., vaan se riippuu siit\u00e4, kenen kanssa joulua viet\u00e4t.\u2026","rel":"","context":"Kategoriassa &quot;Joulu&quot;","block_context":{"text":"Joulu","link":"https:\/\/www.satokangas.fi\/blogi\/category\/joulu\/"},"img":{"alt_text":"","src":"https:\/\/i0.wp.com\/www.satokangas.fi\/blogi\/wp-content\/uploads\/2019\/12\/Leppoista_joulua-2.jpg?resize=350%2C200&ssl=1","width":350,"height":200,"srcset":"https:\/\/i0.wp.com\/www.satokangas.fi\/blogi\/wp-content\/uploads\/2019\/12\/Leppoista_joulua-2.jpg?resize=350%2C200&ssl=1 1x, https:\/\/i0.wp.com\/www.satokangas.fi\/blogi\/wp-content\/uploads\/2019\/12\/Leppoista_joulua-2.jpg?resize=525%2C300&ssl=1 1.5x"},"classes":[]},{"id":42067,"url":"https:\/\/www.satokangas.fi\/blogi\/2021\/12\/vahan-jo-joulun-tunnelmaa\/","url_meta":{"origin":32900,"position":4},"title":"V\u00e4h\u00e4n jo joulun tunnelmaa","author":"Reija","date":"2.12.2021","format":false,"excerpt":"Oli p\u00e4\u00e4st\u00e4v\u00e4 liikkeelle t\u00e4n\u00e4\u00e4n, ja maltettava odottaa, ett\u00e4 on sinisen hetken aika. V\u00e4h\u00e4n ennen nelj\u00e4\u00e4 oli. Tuomiokirkko ja sen keltainen v\u00e4ri ovat niin kauniita talvi-illan samettisen sinist\u00e4 taivasta vasten. Viime vuonna t\u00e4h\u00e4n aikaan oli vain mustaa, kiilt\u00e4v\u00e4\u00e4 asfalttia, mutta nyt on tunnelmallista.\u00a0 Liikennevalojen palaessa punaisena tuli lis\u00e4\u00e4 punaista kuvaan (sellainenkin\u2026","rel":"","context":"Kategoriassa &quot;Joulu&quot;","block_context":{"text":"Joulu","link":"https:\/\/www.satokangas.fi\/blogi\/category\/joulu\/"},"img":{"alt_text":"","src":"https:\/\/i0.wp.com\/www.satokangas.fi\/blogi\/wp-content\/uploads\/2021\/12\/Joulukalenteri_2.jpg?resize=350%2C200&ssl=1","width":350,"height":200,"srcset":"https:\/\/i0.wp.com\/www.satokangas.fi\/blogi\/wp-content\/uploads\/2021\/12\/Joulukalenteri_2.jpg?resize=350%2C200&ssl=1 1x, https:\/\/i0.wp.com\/www.satokangas.fi\/blogi\/wp-content\/uploads\/2021\/12\/Joulukalenteri_2.jpg?resize=525%2C300&ssl=1 1.5x, https:\/\/i0.wp.com\/www.satokangas.fi\/blogi\/wp-content\/uploads\/2021\/12\/Joulukalenteri_2.jpg?resize=700%2C400&ssl=1 2x"},"classes":[]},{"id":40041,"url":"https:\/\/www.satokangas.fi\/blogi\/2021\/01\/pienimuotoinen-loppiaiskaronkka\/","url_meta":{"origin":32900,"position":5},"title":"Pienimuotoinen loppiaiskaronkka","author":"Reija","date":"6.1.2021","format":false,"excerpt":"Loppiaisen vietto. Sille monia syit\u00e4 ja tapoja. Muistatkos historialliset, paljolti raamatulliset syyt sen takana? Eiv\u00e4th\u00e4n ne ensi sijaisesti ole mitenk\u00e4\u00e4n \"joulun loppumiseen\" liittyvi\u00e4. T\u00e4\u00e4ll\u00e4 kertaus KLIKS T\u00e4\u00e4ll\u00e4 Hangasojan varressa loppiainen on t\u00e4n\u00e4\u00e4n ollut kovin heikosti esill\u00e4. Melkein kaikki tontut ja enkelit ovat kyll\u00e4 jo p\u00e4\u00e4sseet vuosilomalle, mutta joulu\/kausi\/kaamosvaloista en ole\u2026","rel":"","context":"Kategoriassa &quot;M\u00f6kkiel\u00e4m\u00e4\u00e4&quot;","block_context":{"text":"M\u00f6kkiel\u00e4m\u00e4\u00e4","link":"https:\/\/www.satokangas.fi\/blogi\/category\/mokkielamaa\/"},"img":{"alt_text":"","src":"https:\/\/i0.wp.com\/www.satokangas.fi\/blogi\/wp-content\/uploads\/2021\/01\/kaamos-24.jpg?resize=350%2C200&ssl=1","width":350,"height":200,"srcset":"https:\/\/i0.wp.com\/www.satokangas.fi\/blogi\/wp-content\/uploads\/2021\/01\/kaamos-24.jpg?resize=350%2C200&ssl=1 1x, https:\/\/i0.wp.com\/www.satokangas.fi\/blogi\/wp-content\/uploads\/2021\/01\/kaamos-24.jpg?resize=525%2C300&ssl=1 1.5x, https:\/\/i0.wp.com\/www.satokangas.fi\/blogi\/wp-content\/uploads\/2021\/01\/kaamos-24.jpg?resize=700%2C400&ssl=1 2x"},"classes":[]}],"_links":{"self":[{"href":"https:\/\/www.satokangas.fi\/blogi\/wp-json\/wp\/v2\/posts\/32900","targetHints":{"allow":["GET"]}}],"collection":[{"href":"https:\/\/www.satokangas.fi\/blogi\/wp-json\/wp\/v2\/posts"}],"about":[{"href":"https:\/\/www.satokangas.fi\/blogi\/wp-json\/wp\/v2\/types\/post"}],"author":[{"embeddable":true,"href":"https:\/\/www.satokangas.fi\/blogi\/wp-json\/wp\/v2\/users\/1"}],"replies":[{"embeddable":true,"href":"https:\/\/www.satokangas.fi\/blogi\/wp-json\/wp\/v2\/comments?post=32900"}],"version-history":[{"count":0,"href":"https:\/\/www.satokangas.fi\/blogi\/wp-json\/wp\/v2\/posts\/32900\/revisions"}],"wp:attachment":[{"href":"https:\/\/www.satokangas.fi\/blogi\/wp-json\/wp\/v2\/media?parent=32900"}],"wp:term":[{"taxonomy":"category","embeddable":true,"href":"https:\/\/www.satokangas.fi\/blogi\/wp-json\/wp\/v2\/categories?post=32900"},{"taxonomy":"post_tag","embeddable":true,"href":"https:\/\/www.satokangas.fi\/blogi\/wp-json\/wp\/v2\/tags?post=32900"}],"curies":[{"name":"wp","href":"https:\/\/api.w.org\/{rel}","templated":true}]}}