{"id":32743,"date":"2017-12-04T21:52:55","date_gmt":"2017-12-04T19:52:55","guid":{"rendered":"https:\/\/www.satokangas.fi\/blogi\/?p=32743"},"modified":"2017-12-04T22:11:10","modified_gmt":"2017-12-04T20:11:10","slug":"joulukortteja","status":"publish","type":"post","link":"https:\/\/www.satokangas.fi\/blogi\/2017\/12\/joulukortteja\/","title":{"rendered":"Joulukortteja &#8230;"},"content":{"rendered":"<p style=\"text-align: justify;\">Koko p\u00e4iv\u00e4n koneella, kaikenlaista ajankohtaan liittyv\u00e4\u00e4 ty\u00f6stett\u00e4v\u00e4\u00e4 riitti iltap\u00e4iv\u00e4n lopulle asti. Sitten oli pakko p\u00e4\u00e4st\u00e4 ulos, ja l\u00e4hdin etsiskelem\u00e4\u00e4n, josko superkuun j\u00e4mi\u00e4 viel\u00e4 n\u00e4kyisi. Sen olemassaolon kyll\u00e4 tunsin aamuy\u00f6st\u00e4 &#8211; kuuhulluus vaivasi, uni ei pysynyt &#8230;<\/p>\n<p style=\"text-align: justify;\">Mutta kaupungilla ja hautuumaalla oli hienoa, kuu m\u00f6ll\u00f6tti komeana. Melkein kolme tuntia kameran ja jalustan kanssa kuljeksin. Ajattelin kuvaillessa, ett\u00e4 nyt tulee hienoja, dramaattisia otoksia ja monista juhlavaloista pitk\u00e4ksi aikaa kuvamateriaalia &#8211; nyt kun latasin raakakuvat koneelle, en ole en\u00e4\u00e4 niin varma. No mutta nuo eiv\u00e4t olleet menossa mihink\u00e4\u00e4n, ihan vaan omaksi ilokseni yritin.. katsotaan nyt jos niist\u00e4 jotain.<\/p>\n<p><img loading=\"lazy\" decoding=\"async\" data-attachment-id=\"32747\" data-permalink=\"https:\/\/www.satokangas.fi\/blogi\/2017\/12\/joulukortteja\/hautausmaalla_\/\" data-orig-file=\"https:\/\/www.satokangas.fi\/blogi\/wp-content\/uploads\/2017\/12\/Hautausmaalla_.jpg\" data-orig-size=\"1000,667\" data-comments-opened=\"1\" data-image-meta=\"{&quot;aperture&quot;:&quot;0&quot;,&quot;credit&quot;:&quot;Reija Satokangas&quot;,&quot;camera&quot;:&quot;&quot;,&quot;caption&quot;:&quot;&quot;,&quot;created_timestamp&quot;:&quot;1512415013&quot;,&quot;copyright&quot;:&quot;&quot;,&quot;focal_length&quot;:&quot;0&quot;,&quot;iso&quot;:&quot;0&quot;,&quot;shutter_speed&quot;:&quot;0&quot;,&quot;title&quot;:&quot;&quot;,&quot;orientation&quot;:&quot;0&quot;}\" data-image-title=\"Hautausmaalla_\" data-image-description=\"\" data-image-caption=\"\" data-large-file=\"https:\/\/www.satokangas.fi\/blogi\/wp-content\/uploads\/2017\/12\/Hautausmaalla_.jpg\" class=\"size-full wp-image-32747 aligncenter\" src=\"https:\/\/www.satokangas.fi\/blogi\/wp-content\/uploads\/2017\/12\/Hautausmaalla_.jpg\" alt=\"\" width=\"1000\" height=\"667\" srcset=\"https:\/\/www.satokangas.fi\/blogi\/wp-content\/uploads\/2017\/12\/Hautausmaalla_.jpg 1000w, https:\/\/www.satokangas.fi\/blogi\/wp-content\/uploads\/2017\/12\/Hautausmaalla_-300x200.jpg 300w, https:\/\/www.satokangas.fi\/blogi\/wp-content\/uploads\/2017\/12\/Hautausmaalla_-600x400.jpg 600w, https:\/\/www.satokangas.fi\/blogi\/wp-content\/uploads\/2017\/12\/Hautausmaalla_-768x512.jpg 768w\" sizes=\"auto, (max-width: 1000px) 100vw, 1000px\" \/><\/p>\n<p style=\"text-align: justify;\">Onnistuneita kuviakin olen todistettavasti ottanut: t\u00e4n\u00e4\u00e4n tuli Ifolorilta joulukortit ja kalenterit 2018. Joulukortti on varmaan eka kertaa parempi kuin tilatessa uskoin. Mie olen &#8221;aina&#8221; tehnyt joulukortit itse; viimeiset 30 vuotta valokuvista, sit\u00e4 ennen Pehtoorin kanssa oikein askarreltiin kortteja, tai siis Pehtoori tekstasi ja min\u00e4 r\u00e4pelsin jotain. Eiku hienoja ne oli. Mutta eiv\u00e4t todellakaan tuollaisia uniikkeja pieni\u00e4 k\u00e4sity\u00f6taideteoksia kuten systerill\u00e4ni on tapana tehd\u00e4.<\/p>\n<p><img loading=\"lazy\" decoding=\"async\" data-attachment-id=\"32744\" data-permalink=\"https:\/\/www.satokangas.fi\/blogi\/2017\/12\/joulukortteja\/joulukortteja_\/\" data-orig-file=\"https:\/\/www.satokangas.fi\/blogi\/wp-content\/uploads\/2017\/12\/Joulukortteja_.jpg\" data-orig-size=\"1000,677\" data-comments-opened=\"1\" data-image-meta=\"{&quot;aperture&quot;:&quot;0&quot;,&quot;credit&quot;:&quot;Reija Satokangas&quot;,&quot;camera&quot;:&quot;&quot;,&quot;caption&quot;:&quot;&quot;,&quot;created_timestamp&quot;:&quot;1510171996&quot;,&quot;copyright&quot;:&quot;&quot;,&quot;focal_length&quot;:&quot;0&quot;,&quot;iso&quot;:&quot;0&quot;,&quot;shutter_speed&quot;:&quot;0&quot;,&quot;title&quot;:&quot;&quot;,&quot;orientation&quot;:&quot;0&quot;}\" data-image-title=\"Joulukortteja_\" data-image-description=\"\" data-image-caption=\"\" data-large-file=\"https:\/\/www.satokangas.fi\/blogi\/wp-content\/uploads\/2017\/12\/Joulukortteja_.jpg\" class=\"aligncenter size-full wp-image-32744\" src=\"https:\/\/www.satokangas.fi\/blogi\/wp-content\/uploads\/2017\/12\/Joulukortteja_.jpg\" alt=\"\" width=\"1000\" height=\"677\" srcset=\"https:\/\/www.satokangas.fi\/blogi\/wp-content\/uploads\/2017\/12\/Joulukortteja_.jpg 1000w, https:\/\/www.satokangas.fi\/blogi\/wp-content\/uploads\/2017\/12\/Joulukortteja_-300x203.jpg 300w, https:\/\/www.satokangas.fi\/blogi\/wp-content\/uploads\/2017\/12\/Joulukortteja_-591x400.jpg 591w, https:\/\/www.satokangas.fi\/blogi\/wp-content\/uploads\/2017\/12\/Joulukortteja_-768x520.jpg 768w\" sizes=\"auto, (max-width: 1000px) 100vw, 1000px\" \/><\/p>\n<p style=\"text-align: justify;\">Jos haluat jonkun (jouluisista) kuvistani omaksesi, vaikka joulukorttien tilausta varten, saat\u00a0vitosella.\u00a0L\u00e4het\u00e4 minulle s\u00e4hk\u00f6postia (reija at satokangas.fi), niin l\u00e4het\u00e4n sinulle printtikelpoisen version kuvasta. Viimevuotisessa joulukalenterissani oli muutamia tyk\u00e4ttyj\u00e4 kuvia.\u00a0T\u00e4m\u00e4n vuotisen kalenterin tai n\u00e4it\u00e4 blogissa olevia kuviakin voit tilata.\u00a0Ifolorilta ehtii tilata viel\u00e4 haluamansa kortit sunnuntaihin asti siten, ett\u00e4 ne ehtiv\u00e4t sitten postiin, tosin I luokassa.<\/p>\n<p><iframe class=\"wp-embedded-content\" sandbox=\"allow-scripts\" security=\"restricted\" title=\"Kuvat.fi folder\" src=\"https:\/\/satokangas.kuvat.fi\/kuvat\/2016\/Joulukalenteri+2016\/?embed=1&#038;orm=2&#038;thumbstrip=0&#038;captions=0&#038;bgcolor=0#?secret=fUP3i5ypJ6\" data-secret=\"fUP3i5ypJ6\" width='780' height='438.75' frameborder=\"no\" scrolling=\"no\"><\/iframe><\/p>\n","protected":false},"excerpt":{"rendered":"<p>Koko p\u00e4iv\u00e4n koneella, kaikenlaista ajankohtaan liittyv\u00e4\u00e4 ty\u00f6stett\u00e4v\u00e4\u00e4 riitti iltap\u00e4iv\u00e4n lopulle asti. Sitten oli pakko p\u00e4\u00e4st\u00e4 ulos, ja l\u00e4hdin etsiskelem\u00e4\u00e4n, josko superkuun j\u00e4mi\u00e4 viel\u00e4 n\u00e4kyisi. Sen olemassaolon kyll\u00e4 tunsin aamuy\u00f6st\u00e4 &#8211; kuuhulluus vaivasi, uni ei pysynyt &#8230; Mutta kaupungilla ja hautuumaalla oli hienoa, kuu m\u00f6ll\u00f6tti komeana. Melkein kolme tuntia kameran ja jalustan kanssa kuljeksin. Ajattelin kuvaillessa, ett\u00e4 nyt tulee hienoja, dramaattisia &hellip; <\/p>\n","protected":false},"author":1,"featured_media":0,"comment_status":"open","ping_status":"open","sticky":false,"template":"","format":"standard","meta":{"jetpack_post_was_ever_published":false,"_jetpack_newsletter_access":"","_jetpack_dont_email_post_to_subs":false,"_jetpack_newsletter_tier_id":0,"_jetpack_memberships_contains_paywalled_content":false,"_jetpack_memberships_contains_paid_content":false,"footnotes":"","jetpack_publicize_message":"","jetpack_publicize_feature_enabled":true,"jetpack_social_post_already_shared":true,"jetpack_social_options":{"image_generator_settings":{"template":"highway","default_image_id":0,"font":"","enabled":false},"version":2}},"categories":[90,88,1,37],"tags":[],"class_list":["post-32743","post","type-post","status-publish","format-standard","hentry","category-joulu","category-muistikuvia","category-aiheeton","category-valokuvaus","latest_post"],"jetpack_publicize_connections":[],"jetpack_featured_media_url":"","jetpack_shortlink":"https:\/\/wp.me\/pr4p4-8w7","jetpack_sharing_enabled":true,"jetpack_likes_enabled":false,"jetpack-related-posts":[{"id":39519,"url":"https:\/\/www.satokangas.fi\/blogi\/2020\/10\/ensilumen-ilo\/","url_meta":{"origin":32743,"position":0},"title":"Ensilumen ilo","author":"Reija","date":"18.10.2020","format":false,"excerpt":"Kuvaan kiteytyy olennaisin t\u00e4st\u00e4 sunnuntaista. Ensilumi, pienet is\u00e4ns\u00e4 kanssa sunnuntaisapuskalla, j\u00e4lkkk\u00e4rin j\u00e4lkk\u00e4riksi lupasin l\u00e4hte\u00e4 nuhanenien kanssa pihalle - mukaan kyll\u00e4 tulivat sitten kummit\u00e4ti ja isikin. Kun ensisijainen juttu oli tolskata lumessa, minulta j\u00e4i kuvaaminen toissijaiseksi, vaikka lasten - ja kaikkien - ilo silmiss\u00e4 olisi ollut hienoa tallentaa. Mutta tallennan muiston.\u2026","rel":"","context":"Kategoriassa &quot;Isovanhemmuus&quot;","block_context":{"text":"Isovanhemmuus","link":"https:\/\/www.satokangas.fi\/blogi\/category\/isovanhemmuus\/"},"img":{"alt_text":"","src":"https:\/\/i0.wp.com\/www.satokangas.fi\/blogi\/wp-content\/uploads\/2020\/10\/1-33.jpg?resize=350%2C200&ssl=1","width":350,"height":200,"srcset":"https:\/\/i0.wp.com\/www.satokangas.fi\/blogi\/wp-content\/uploads\/2020\/10\/1-33.jpg?resize=350%2C200&ssl=1 1x, https:\/\/i0.wp.com\/www.satokangas.fi\/blogi\/wp-content\/uploads\/2020\/10\/1-33.jpg?resize=525%2C300&ssl=1 1.5x"},"classes":[]},{"id":44312,"url":"https:\/\/www.satokangas.fi\/blogi\/2022\/12\/joulukorteista\/","url_meta":{"origin":32743,"position":1},"title":"Joulukorteista","author":"Reija","date":"20.12.2022","format":false,"excerpt":"Suutarin lapsilla ei oo kenki\u00e4... Eik\u00e4 valokuvaaja, joka on (tehnyt ja) myynyt viimeiset kolmen vuoden aikana satoja, tai siis muutamia tuhansia joulukortteja, ole saanut omia joulukortteja kuvatuksi, tehdyksi ja postitetuksi. Tai sain min\u00e4 ne vihdoin eilen postiin. Liian my\u00f6h\u00e4\u00e4n, todenn\u00e4k\u00f6isesti liian my\u00f6h\u00e4\u00e4n, jotta ne ehtisiv\u00e4t jouluksi. Oletteko tienneet sellaisesta \"buustaus\"-lipukkeesta,\u2026","rel":"","context":"Kategoriassa &quot;Joulu&quot;","block_context":{"text":"Joulu","link":"https:\/\/www.satokangas.fi\/blogi\/category\/joulu\/"},"img":{"alt_text":"","src":"https:\/\/i0.wp.com\/www.satokangas.fi\/blogi\/wp-content\/uploads\/2022\/12\/Rantasauna_KP_-2.jpg?resize=350%2C200&ssl=1","width":350,"height":200,"srcset":"https:\/\/i0.wp.com\/www.satokangas.fi\/blogi\/wp-content\/uploads\/2022\/12\/Rantasauna_KP_-2.jpg?resize=350%2C200&ssl=1 1x, https:\/\/i0.wp.com\/www.satokangas.fi\/blogi\/wp-content\/uploads\/2022\/12\/Rantasauna_KP_-2.jpg?resize=525%2C300&ssl=1 1.5x, https:\/\/i0.wp.com\/www.satokangas.fi\/blogi\/wp-content\/uploads\/2022\/12\/Rantasauna_KP_-2.jpg?resize=700%2C400&ssl=1 2x"},"classes":[]},{"id":5328,"url":"https:\/\/www.satokangas.fi\/blogi\/2009\/12\/jouluaskareita\/","url_meta":{"origin":32743,"position":2},"title":"Jouluaskareita","author":"Reija","date":"8.12.2009","format":false,"excerpt":"Monta asiaa viev\u00e4t l\u00e4hemm\u00e4s joulua t\u00e4n\u00e4\u00e4n. Postista hain ISON paketin; lahjaksi jaettava paketti ja olen aikas tyytyv\u00e4inen sis\u00e4lt\u00f6\u00f6n. Parempi kuin odotin, vaikka oma tekele onkin. Joulukortteja olen v\u00e4rkk\u00e4illyt, ja olkap\u00e4\u00e4 vihoittelee heti kun v\u00e4h\u00e4n kauemmin olen koneen \u00e4\u00e4ress\u00e4... Harmi, kun olisi paljon ty\u00f6stett\u00e4v\u00e4\u00e4. Sit\u00e4 yll\u00e4tyst\u00e4kin... Joskopa perjantaina saisin valmiiksi. Joulusiivouksen\u2026","rel":"","context":"Kategoriassa &quot;Niit\u00e4 n\u00e4it\u00e4&quot;","block_context":{"text":"Niit\u00e4 n\u00e4it\u00e4","link":"https:\/\/www.satokangas.fi\/blogi\/category\/aiheeton\/"},"img":{"alt_text":"8","src":"https:\/\/i0.wp.com\/www.satokangas.fi\/blogi\/wp-content\/uploads\/2009\/12\/8-450x400.jpg?resize=350%2C200&ssl=1","width":350,"height":200},"classes":[]},{"id":39525,"url":"https:\/\/www.satokangas.fi\/blogi\/2020\/10\/onnistuneita-juttuja\/","url_meta":{"origin":32743,"position":3},"title":"Onnistuneita juttuja","author":"Reija","date":"20.10.2020","format":false,"excerpt":"Vaihteeksi Intrussa t\u00e4n\u00e4\u00e4n. Min\u00e4h\u00e4n hankin t\u00e4ss\u00e4 joku viikko sitten uudet silm\u00e4lasit, kahdetkin: ajatuksella ett\u00e4 toiset ovat \"ty\u00f6ntekoon\" eli kuvaamiseen ja koneella istumiseen, sek\u00e4 ulkoiluun ja ajeluun autolla tai py\u00f6r\u00e4ll\u00e4 ja sitten toiset on sellaiset \"paremmat lasit\" eli kun olen seurassa tai kaupungilla etc. J\u00e4lkimm\u00e4iset (Guccin nen\u00e4tyynylliset, siimalliset) eiv\u00e4t ole oikein\u2026","rel":"","context":"Kategoriassa &quot;Valokuvaus&quot;","block_context":{"text":"Valokuvaus","link":"https:\/\/www.satokangas.fi\/blogi\/category\/valokuvaus\/"},"img":{"alt_text":"","src":"","width":0,"height":0},"classes":[]},{"id":32831,"url":"https:\/\/www.satokangas.fi\/blogi\/2017\/12\/joulukortit-joulukorttimaisema\/","url_meta":{"origin":32743,"position":4},"title":"Joulukortit, joulukorttimaisema&#8230;.","author":"Reija","date":"13.12.2017","format":false,"excerpt":"M\u00f6kill\u00e4kin on tonttuovi. Siit\u00e4 takan vierest\u00e4, klapien vierest\u00e4 se l\u00f6ytyi. Ja joka p\u00e4iv\u00e4 siell\u00e4 n\u00e4ytt\u00e4\u00e4 touhua olevan. Nyt Posti oli isosti esill\u00e4! Niin meill\u00e4kin. Saimme t\u00e4n\u00e4\u00e4n joulukortit kirjoitettua. Onneksi, sill\u00e4 toiveena on vied\u00e4 kortit kotimatkalla postiin Napapiirille, Joulupukin postitoimistolle. Siten niihin saa Pajakyl\u00e4n postileiman. Erikoispostileimathan ovat k\u00e4yneet aika harvinaisiksi, ja\u2026","rel":"","context":"Kategoriassa &quot;Joulu&quot;","block_context":{"text":"Joulu","link":"https:\/\/www.satokangas.fi\/blogi\/category\/joulu\/"},"img":{"alt_text":"","src":"https:\/\/i0.wp.com\/www.satokangas.fi\/blogi\/wp-content\/uploads\/2017\/12\/Sininen-lahtemisen-olo-_-11.jpg?resize=350%2C200&ssl=1","width":350,"height":200,"srcset":"https:\/\/i0.wp.com\/www.satokangas.fi\/blogi\/wp-content\/uploads\/2017\/12\/Sininen-lahtemisen-olo-_-11.jpg?resize=350%2C200&ssl=1 1x, https:\/\/i0.wp.com\/www.satokangas.fi\/blogi\/wp-content\/uploads\/2017\/12\/Sininen-lahtemisen-olo-_-11.jpg?resize=525%2C300&ssl=1 1.5x, https:\/\/i0.wp.com\/www.satokangas.fi\/blogi\/wp-content\/uploads\/2017\/12\/Sininen-lahtemisen-olo-_-11.jpg?resize=700%2C400&ssl=1 2x, https:\/\/i0.wp.com\/www.satokangas.fi\/blogi\/wp-content\/uploads\/2017\/12\/Sininen-lahtemisen-olo-_-11.jpg?resize=1050%2C600&ssl=1 3x, https:\/\/i0.wp.com\/www.satokangas.fi\/blogi\/wp-content\/uploads\/2017\/12\/Sininen-lahtemisen-olo-_-11.jpg?resize=1400%2C800&ssl=1 4x"},"classes":[]},{"id":39715,"url":"https:\/\/www.satokangas.fi\/blogi\/2020\/11\/jouluinen-oulu-joulukortit-ja-kalenteriarvonta\/","url_meta":{"origin":32743,"position":5},"title":"Jouluinen Oulu -joulukortit ja kalenteriarvonta!","author":"Reija","date":"21.11.2020","format":false,"excerpt":"Nyt on menossa ARVONTA! Jouluinen Oulu -korttejani sek\u00e4 ensi vuoden Oulu kuvissa -kalentereita on en\u00e4\u00e4 v\u00e4h\u00e4n j\u00e4ljell\u00e4, joten nyt on oikea aika hankkia ne. Ilahduttaa joulukortilla tai pienell\u00e4 lahjakalenterilla yst\u00e4vi\u00e4 ja sukulaisia. \u00a0 https:\/\/www.muistikuvia.fi\/oulu-kuvissa-vuosikalenteri-2021\/ \u00a0 Kalenterin voit my\u00f6s voittaa! Osallistu arvontaan tykk\u00e4\u00e4m\u00e4ll\u00e4 ja kommentoimalla kumpi Jouluinen Oulu -kortti miellytt\u00e4\u00e4 sinua\u2026","rel":"","context":"Kategoriassa &quot;Niit\u00e4 n\u00e4it\u00e4&quot;","block_context":{"text":"Niit\u00e4 n\u00e4it\u00e4","link":"https:\/\/www.satokangas.fi\/blogi\/category\/aiheeton\/"},"img":{"alt_text":"","src":"https:\/\/i0.wp.com\/www.satokangas.fi\/blogi\/wp-content\/uploads\/2020\/11\/joulukortit-2-685x1024.jpg?resize=350%2C200&ssl=1","width":350,"height":200,"srcset":"https:\/\/i0.wp.com\/www.satokangas.fi\/blogi\/wp-content\/uploads\/2020\/11\/joulukortit-2-685x1024.jpg?resize=350%2C200&ssl=1 1x, https:\/\/i0.wp.com\/www.satokangas.fi\/blogi\/wp-content\/uploads\/2020\/11\/joulukortit-2-685x1024.jpg?resize=525%2C300&ssl=1 1.5x"},"classes":[]}],"_links":{"self":[{"href":"https:\/\/www.satokangas.fi\/blogi\/wp-json\/wp\/v2\/posts\/32743","targetHints":{"allow":["GET"]}}],"collection":[{"href":"https:\/\/www.satokangas.fi\/blogi\/wp-json\/wp\/v2\/posts"}],"about":[{"href":"https:\/\/www.satokangas.fi\/blogi\/wp-json\/wp\/v2\/types\/post"}],"author":[{"embeddable":true,"href":"https:\/\/www.satokangas.fi\/blogi\/wp-json\/wp\/v2\/users\/1"}],"replies":[{"embeddable":true,"href":"https:\/\/www.satokangas.fi\/blogi\/wp-json\/wp\/v2\/comments?post=32743"}],"version-history":[{"count":0,"href":"https:\/\/www.satokangas.fi\/blogi\/wp-json\/wp\/v2\/posts\/32743\/revisions"}],"wp:attachment":[{"href":"https:\/\/www.satokangas.fi\/blogi\/wp-json\/wp\/v2\/media?parent=32743"}],"wp:term":[{"taxonomy":"category","embeddable":true,"href":"https:\/\/www.satokangas.fi\/blogi\/wp-json\/wp\/v2\/categories?post=32743"},{"taxonomy":"post_tag","embeddable":true,"href":"https:\/\/www.satokangas.fi\/blogi\/wp-json\/wp\/v2\/tags?post=32743"}],"curies":[{"name":"wp","href":"https:\/\/api.w.org\/{rel}","templated":true}]}}