{"id":32635,"date":"2017-11-20T19:56:17","date_gmt":"2017-11-20T17:56:17","guid":{"rendered":"https:\/\/www.satokangas.fi\/blogi\/?p=32635"},"modified":"2017-11-20T20:37:14","modified_gmt":"2017-11-20T18:37:14","slug":"joulukuusista-ja-niiden-valoista","status":"publish","type":"post","link":"https:\/\/www.satokangas.fi\/blogi\/2017\/11\/joulukuusista-ja-niiden-valoista\/","title":{"rendered":"Joulukuusista ja niiden valoista"},"content":{"rendered":"<p style=\"text-align: justify;\">K\u00e4vin \u00e4sken iltak\u00e4velyll\u00e4 kaupungilla.<\/p>\n<p style=\"text-align: justify;\">Aamulenkki j\u00e4i tekem\u00e4tt\u00e4, joten oli hyv\u00e4 l\u00e4hte\u00e4 ulos. Ei siell\u00e4 t\u00e4n\u00e4\u00e4n paljon muita ihmisi\u00e4 ollutkaan. Kun ei ollut paljon niit\u00e4 LUMO-valojakaan. Kaupungintalon paraatipuoli on kyll\u00e4 viel\u00e4, tai siis nyt, kaunis, kun kuuseenkin on saatu perinteiset valot ja muutama punainen pallo ja t\u00e4hti.<\/p>\n<p style=\"text-align: justify;\"><a href=\"https:\/\/www.satokangas.fi\/blogi\/2017\/11\/joulukuusista-ja-niiden-valoista\/oulun-kaupungintalo-joulukuusi-2017-2\/#main\" rel=\"attachment wp-att-32636\"><img loading=\"lazy\" decoding=\"async\" data-attachment-id=\"32636\" data-permalink=\"https:\/\/www.satokangas.fi\/blogi\/2017\/11\/joulukuusista-ja-niiden-valoista\/oulun-kaupungintalo-joulukuusi-2017-2\/\" data-orig-file=\"https:\/\/www.satokangas.fi\/blogi\/wp-content\/uploads\/2017\/11\/Oulun-kaupungintalo-joulukuusi-2017-2.jpg\" data-orig-size=\"1000,661\" data-comments-opened=\"1\" data-image-meta=\"{&quot;aperture&quot;:&quot;0&quot;,&quot;credit&quot;:&quot;Reija Satokangas&quot;,&quot;camera&quot;:&quot;&quot;,&quot;caption&quot;:&quot;&quot;,&quot;created_timestamp&quot;:&quot;1511201887&quot;,&quot;copyright&quot;:&quot;&quot;,&quot;focal_length&quot;:&quot;0&quot;,&quot;iso&quot;:&quot;0&quot;,&quot;shutter_speed&quot;:&quot;0&quot;,&quot;title&quot;:&quot;&quot;,&quot;orientation&quot;:&quot;0&quot;}\" data-image-title=\"Oulun kaupungintalo, joulukuusi 2017-2\" data-image-description=\"\" data-image-caption=\"\" data-large-file=\"https:\/\/www.satokangas.fi\/blogi\/wp-content\/uploads\/2017\/11\/Oulun-kaupungintalo-joulukuusi-2017-2.jpg\" class=\"aligncenter size-full wp-image-32636\" src=\"https:\/\/www.satokangas.fi\/blogi\/wp-content\/uploads\/2017\/11\/Oulun-kaupungintalo-joulukuusi-2017-2.jpg\" alt=\"\" width=\"1000\" height=\"661\" srcset=\"https:\/\/www.satokangas.fi\/blogi\/wp-content\/uploads\/2017\/11\/Oulun-kaupungintalo-joulukuusi-2017-2.jpg 1000w, https:\/\/www.satokangas.fi\/blogi\/wp-content\/uploads\/2017\/11\/Oulun-kaupungintalo-joulukuusi-2017-2-300x198.jpg 300w, https:\/\/www.satokangas.fi\/blogi\/wp-content\/uploads\/2017\/11\/Oulun-kaupungintalo-joulukuusi-2017-2-605x400.jpg 605w, https:\/\/www.satokangas.fi\/blogi\/wp-content\/uploads\/2017\/11\/Oulun-kaupungintalo-joulukuusi-2017-2-768x508.jpg 768w\" sizes=\"auto, (max-width: 1000px) 100vw, 1000px\" \/><\/a><\/p>\n<p style=\"text-align: justify;\">Viime vuosien erilaiset valokokeilut ovat toivottavasti ohi. Toisaalta minua kyll\u00e4 v\u00e4h\u00e4n tuppaa hymyilyttt\u00e4m\u00e4\u00e4nkin t\u00e4m\u00e4 oululaisten kouhkaaminen kaikesta mahdollisesta.\u00a0Periaatteesta en Kalevan, enk\u00e4 muidenkaan nettilehtien kommenttiketjuja lue, mutta nyt t\u00e4h\u00e4n LUMOon ja kaupungin valaistuksiin k\u00e4ytt\u00e4miin m\u00e4\u00e4r\u00e4rahoihin liittyv\u00e4\u00e4 keskustelua olen sortunut vilkaisemaan\u00a0 ja edellisten vuosien joulukuusivalaistukseen liittyv\u00e4lt\u00e4 polemiikilta ei voinut v\u00e4ltty\u00e4. My\u00f6s FB:n Oulu-ryhm\u00e4ss\u00e4 on pidetty kaupungin joulukuuseen ja siltojen valaisuihin k\u00e4ytt\u00e4mi\u00e4 rahoja tolkuttomana haaskauksena ja v\u00e4h\u00e4osaisten hylk\u00e4\u00e4misen\u00e4.<\/p>\n<p style=\"text-align: justify;\">My\u00f6sk\u00e4\u00e4n <span style=\"text-decoration: underline;\"><a href=\"https:\/\/www.satokangas.fi\/blogi\/2016\/12\/jouluisessa-oulussa\/\" target=\"_blank\" rel=\"noopener\">viime vuotisen kuusen kierr\u00e4tyskoristeet<\/a><\/span>\u00a0ja yhteis\u00f6llisyys eiv\u00e4t uponneet oululaisiin: viherpiipert\u00e4jien ja kommuunihenkil\u00f6iden h\u00f6mp\u00f6tyksin\u00e4 pidettiin moista koristelua. Sek\u00e4\u00e4n nyt mik\u00e4\u00e4n ruma ollut, eiv\u00e4tk\u00e4 ne aiemmat sinis\u00e4vyiset lamputkaan vieneet jouluiloani kaupungilla k\u00e4ydess\u00e4. Mutta kyll\u00e4 minustakin kuusi on nyt kaunis. Taitaa olla t\u00e4n\u00e4 vuonna Oulun komein, monena edellisen\u00e4 vuonna hautausmaalta on l\u00f6ytynyt hienoin. Ja Lasaretin pihassakin on <a href=\"https:\/\/www.facebook.com\/Lasaretti\/photos\/a.131344263603457.27080.130090203728863\/1732019853535882\/?type=3&amp;theater\" target=\"_blank\" rel=\"noopener\">komea <span style=\"text-decoration: underline;\">joulupuu,<\/span> jonka kuvasinkin<\/a> t\u00e4ss\u00e4 pari viikkoa sitten. J\u00e4rjestiv\u00e4t Facessa arvauskilpailun lamppujen m\u00e4\u00e4r\u00e4st\u00e4: 332 niit\u00e4 on.<\/p>\n<p style=\"text-align: justify;\">Lapsuudesta muistan, kun asuttiin <a href=\"https:\/\/www.satokangas.fi\/blogi\/2017\/08\/koskelankylan-ja-minun-historiaa-vol-i\/\" target=\"_blank\" rel=\"noopener\"><span style=\"text-decoration: underline;\">tuossa entisell\u00e4 tallilla<\/span><\/a> oli siin\u00e4 pihapiiriss\u00e4, minun ensimm\u00e4isen lastenhuoneeni ikkunan edess\u00e4 luonnonkuusi, johon laitettiin joka vuosi valoketju. Ei ollut mit\u00e4\u00e4n led-lamppuja, vaan pitk\u00e4 roikka, jossa oli sarjassa ehk\u00e4 30 lamppua. Ne olivat tavallisia hehkulamppuja, jotka &#8221;tallinmiehet&#8221; (~asentajat tai apupoika) olivat maalanneet punaisiksi, keltaisiksi ja sinisiksi (varmaan samoja maaleja joita k\u00e4ytettiin onnikoissakin; sen v\u00e4risi\u00e4h\u00e4n ne onnikat silloin oli). Ne olivat minusta ihan mahdottoman hienot. Ja kun ne joulukuun 1. p\u00e4iv\u00e4 aina laitettiin kuuseen, tuli tallinpihalle paljon koskelankyl\u00e4l\u00e4isi\u00e4 katsomaan. Samoin kuin uutenavuonna kun isk\u00e4 ampui paketillisen tai pari raketteja. Muutkin tulivat sitten sinne tallinpihalle ampumaan omia raketteja. Se oli aika yhteis\u00f6llist\u00e4 se. Kuusesta ei taida olla yht\u00e4\u00e4n kuvia. Ei ainakaan v\u00e4rillisi\u00e4.<\/p>\n<p>Joulujuttuihin liittyen olen t\u00e4n\u00e4\u00e4n ostanut teit\u00e4 blogini vieraita ja yst\u00e4vi\u00e4 varten yll\u00e4tyksen. Joulukuun ekana sitten n\u00e4ette. \ud83d\ude42<\/p>\n<p style=\"text-align: justify;\">\n","protected":false},"excerpt":{"rendered":"<p>K\u00e4vin \u00e4sken iltak\u00e4velyll\u00e4 kaupungilla. Aamulenkki j\u00e4i tekem\u00e4tt\u00e4, joten oli hyv\u00e4 l\u00e4hte\u00e4 ulos. Ei siell\u00e4 t\u00e4n\u00e4\u00e4n paljon muita ihmisi\u00e4 ollutkaan. Kun ei ollut paljon niit\u00e4 LUMO-valojakaan. Kaupungintalon paraatipuoli on kyll\u00e4 viel\u00e4, tai siis nyt, kaunis, kun kuuseenkin on saatu perinteiset valot ja muutama punainen pallo ja t\u00e4hti. Viime vuosien erilaiset valokokeilut ovat toivottavasti ohi. Toisaalta minua kyll\u00e4 v\u00e4h\u00e4n tuppaa hymyilyttt\u00e4m\u00e4\u00e4nkin t\u00e4m\u00e4 &hellip; <\/p>\n","protected":false},"author":1,"featured_media":0,"comment_status":"open","ping_status":"open","sticky":false,"template":"","format":"standard","meta":{"jetpack_post_was_ever_published":false,"_jetpack_newsletter_access":"","_jetpack_dont_email_post_to_subs":false,"_jetpack_newsletter_tier_id":0,"_jetpack_memberships_contains_paywalled_content":false,"_jetpack_memberships_contains_paid_content":false,"footnotes":"","jetpack_publicize_message":"","jetpack_publicize_feature_enabled":true,"jetpack_social_post_already_shared":true,"jetpack_social_options":{"image_generator_settings":{"template":"highway","default_image_id":0,"font":"","enabled":false},"version":2}},"categories":[90,55],"tags":[],"class_list":["post-32635","post","type-post","status-publish","format-standard","hentry","category-joulu","category-oulu","latest_post"],"jetpack_publicize_connections":[],"jetpack_featured_media_url":"","jetpack_shortlink":"https:\/\/wp.me\/pr4p4-8un","jetpack_sharing_enabled":true,"jetpack_likes_enabled":false,"jetpack-related-posts":[{"id":45135,"url":"https:\/\/www.satokangas.fi\/blogi\/2023\/03\/valoa-kotiin-ja-maailmaan\/","url_meta":{"origin":32635,"position":0},"title":"Valoa kotiin ja maailmaan","author":"Reija","date":"25.3.2023","format":false,"excerpt":"T\u00e4\u00e4ll\u00e4 min\u00e4 istun pime\u00e4ss\u00e4 ty\u00f6huoneessani ja postailen, - oma Earth Hour. Min\u00e4 kun en usko, ett\u00e4 WWF on \"ulkomainen agentti\". Olen sit\u00e4 mielt\u00e4, ett\u00e4 maailman ymp\u00e4rist\u00f6n ja luonnon puolesta pit\u00e4isi ja pit\u00e4\u00e4 tehd\u00e4 paljon enemm\u00e4nkin. V\u00e4h\u00e4n enemm\u00e4n vuosi vuodelta yrit\u00e4n itsekin. Siksikin nyt valot pois. Valo on t\u00e4rke\u00e4\u00e4. Siksi ne\u2026","rel":"","context":"Kategoriassa &quot;Niit\u00e4 n\u00e4it\u00e4&quot;","block_context":{"text":"Niit\u00e4 n\u00e4it\u00e4","link":"https:\/\/www.satokangas.fi\/blogi\/category\/aiheeton\/"},"img":{"alt_text":"","src":"https:\/\/i0.wp.com\/www.satokangas.fi\/blogi\/wp-content\/uploads\/2023\/03\/ruukunvartija-4.jpg?resize=350%2C200&ssl=1","width":350,"height":200,"srcset":"https:\/\/i0.wp.com\/www.satokangas.fi\/blogi\/wp-content\/uploads\/2023\/03\/ruukunvartija-4.jpg?resize=350%2C200&ssl=1 1x, https:\/\/i0.wp.com\/www.satokangas.fi\/blogi\/wp-content\/uploads\/2023\/03\/ruukunvartija-4.jpg?resize=525%2C300&ssl=1 1.5x, https:\/\/i0.wp.com\/www.satokangas.fi\/blogi\/wp-content\/uploads\/2023\/03\/ruukunvartija-4.jpg?resize=700%2C400&ssl=1 2x"},"classes":[]},{"id":26881,"url":"https:\/\/www.satokangas.fi\/blogi\/2015\/11\/valoa-oulu-festivaali-on-hyva-ulkoiluttaja\/","url_meta":{"origin":32635,"position":1},"title":"Valoa Oulu -festivaali on hyv\u00e4 ulkoiluttaja","author":"Reija","date":"23.11.2015","format":false,"excerpt":"Kyll\u00e4 nyt kelpaa olla oululainen: Valoa Oulu -valofestivaali on t\u00e4\u00e4ll\u00e4 taas! Ja min\u00e4 olen ollut kolme tuntia kaupungilla kuvailemassa. Kun on v\u00e4h\u00e4n luntakin, niin n\u00e4ytti oikein hienolta. Ja pitk\u00e4st\u00e4 aikaa tuli koetuksi taas, ett\u00e4 kyll\u00e4 siin\u00e4 k\u00e4y kaikenlaista jututtajaa kun on on jalustan, kameralaukun ja kamrean kanssa liikkeell\u00e4, tai siis\u2026","rel":"","context":"Kategoriassa &quot;Oulu&quot;","block_context":{"text":"Oulu","link":"https:\/\/www.satokangas.fi\/blogi\/category\/oulu\/"},"img":{"alt_text":"Valoa Oulu-6 \u2013 Kopio","src":"https:\/\/i0.wp.com\/www.satokangas.fi\/blogi\/wp-content\/uploads\/2015\/11\/Valoa-Oulu-6-%E2%80%93-Kopio-600x400.jpg?resize=350%2C200&ssl=1","width":350,"height":200,"srcset":"https:\/\/i0.wp.com\/www.satokangas.fi\/blogi\/wp-content\/uploads\/2015\/11\/Valoa-Oulu-6-%E2%80%93-Kopio-600x400.jpg?resize=350%2C200&ssl=1 1x, https:\/\/i0.wp.com\/www.satokangas.fi\/blogi\/wp-content\/uploads\/2015\/11\/Valoa-Oulu-6-%E2%80%93-Kopio-600x400.jpg?resize=525%2C300&ssl=1 1.5x"},"classes":[]},{"id":27446,"url":"https:\/\/www.satokangas.fi\/blogi\/2016\/01\/27446\/","url_meta":{"origin":32635,"position":2},"title":"Ulkopuolella","author":"Reija","date":"25.1.2016","format":false,"excerpt":"\"You have been unsubscribed from the Yo-opettajat mailing list\" viel\u00e4 on n\u00e4it\u00e4 s\u00e4hk\u00f6postilistoja joista uloskirjautumisia pit\u00e4\u00e4 tehd\u00e4... Ainakin kymmenelt\u00e4 olen poistunut, tohtorikoulutukseen liittyv\u00e4t viel\u00e4 pid\u00e4n. Aika lailla olen kyll\u00e4 irtaantunut, ja olen k\u00e4ynyt yliopistolla paljon v\u00e4hemm\u00e4n mit\u00e4 viel\u00e4 syksyll\u00e4 luulin k\u00e4yv\u00e4ni. Ihan vaan tervehdysk\u00e4ynnill\u00e4, ilman mit\u00e4\u00e4n hoidettavaa asiaa, seminaaria, palaveria,\u2026","rel":"","context":"Kategoriassa &quot;Isovanhemmuus&quot;","block_context":{"text":"Isovanhemmuus","link":"https:\/\/www.satokangas.fi\/blogi\/category\/isovanhemmuus\/"},"img":{"alt_text":"Valo-6","src":"https:\/\/i0.wp.com\/www.satokangas.fi\/blogi\/wp-content\/uploads\/2016\/01\/Valo-6-600x296.jpg?resize=350%2C200&ssl=1","width":350,"height":200,"srcset":"https:\/\/i0.wp.com\/www.satokangas.fi\/blogi\/wp-content\/uploads\/2016\/01\/Valo-6-600x296.jpg?resize=350%2C200&ssl=1 1x, https:\/\/i0.wp.com\/www.satokangas.fi\/blogi\/wp-content\/uploads\/2016\/01\/Valo-6-600x296.jpg?resize=525%2C300&ssl=1 1.5x"},"classes":[]},{"id":36198,"url":"https:\/\/www.satokangas.fi\/blogi\/2019\/04\/niin-paljon-valoa-ja-aurinkoa\/","url_meta":{"origin":32635,"position":3},"title":"Niin paljon valoa ja aurinkoa!","author":"Reija","date":"5.4.2019","format":false,"excerpt":"Aurinkoinen Lappi! Onhan niit\u00e4 parempiakin paikkoja. Ehk\u00e4. Nyt on vain vaikea kuvitella miss\u00e4. ;) Aamulla her\u00e4tess\u00e4 pakkasta oli liki - 20 C, ja eilinen myrsky ja myr\u00e4kk\u00e4 oli vienyt lumet puista. Ei kylki kovinkaan kipe\u00e4. Siis kaikki hyvin. Ja niinh\u00e4n se sitten koko p\u00e4iv\u00e4 meni ulkona. Pihapiiriss\u00e4 enimm\u00e4kseen. Pehtoorikin joutui\u2026","rel":"","context":"Kategoriassa &quot;Niit\u00e4 n\u00e4it\u00e4&quot;","block_context":{"text":"Niit\u00e4 n\u00e4it\u00e4","link":"https:\/\/www.satokangas.fi\/blogi\/category\/aiheeton\/"},"img":{"alt_text":"","src":"https:\/\/i0.wp.com\/www.satokangas.fi\/blogi\/wp-content\/uploads\/2019\/04\/2019_4-3-1.jpg?resize=350%2C200&ssl=1","width":350,"height":200,"srcset":"https:\/\/i0.wp.com\/www.satokangas.fi\/blogi\/wp-content\/uploads\/2019\/04\/2019_4-3-1.jpg?resize=350%2C200&ssl=1 1x, https:\/\/i0.wp.com\/www.satokangas.fi\/blogi\/wp-content\/uploads\/2019\/04\/2019_4-3-1.jpg?resize=525%2C300&ssl=1 1.5x, https:\/\/i0.wp.com\/www.satokangas.fi\/blogi\/wp-content\/uploads\/2019\/04\/2019_4-3-1.jpg?resize=700%2C400&ssl=1 2x"},"classes":[]},{"id":13136,"url":"https:\/\/www.satokangas.fi\/blogi\/2011\/12\/valoa-kohti\/","url_meta":{"origin":32635,"position":4},"title":"Valoa kohti","author":"Reija","date":"22.12.2011","format":false,"excerpt":"T\u00e4st\u00e4 ei en\u00e4\u00e4 pimene. Silta yli synk\u00e4n virran. Virtakin kohta j\u00e4\u00e4tynee, valkaistuu, valostuu Viel\u00e4 t\u00e4n\u00e4\u00e4n Mutta valoa kohti menn\u00e4\u00e4n... (merkitsee kyll\u00e4 samalla vuorottelun hupenemista, hmmm) Aamup\u00e4iv\u00e4ll\u00e4 kuvaus- ja kauppareissun ohessa edelleen kolport\u00f6\u00f6rin\u00e4 (= kuljeskeleva kirjojen ja lehtien kaupustelija, varsinkin uskonnollisen tai aatteellisen kirjallisuuden myyj\u00e4). Muistinpa tuon 1800-luvun lopussa paljon k\u00e4ytetyn\u2026","rel":"","context":"Kategoriassa &quot;Niit\u00e4 n\u00e4it\u00e4&quot;","block_context":{"text":"Niit\u00e4 n\u00e4it\u00e4","link":"https:\/\/www.satokangas.fi\/blogi\/category\/aiheeton\/"},"img":{"alt_text":"","src":"https:\/\/i0.wp.com\/www.satokangas.fi\/blogi\/wp-content\/uploads\/Silta-yli-synk%C3%A4n-virran-600x291.jpg?resize=350%2C200&ssl=1","width":350,"height":200,"srcset":"https:\/\/i0.wp.com\/www.satokangas.fi\/blogi\/wp-content\/uploads\/Silta-yli-synk%C3%A4n-virran-600x291.jpg?resize=350%2C200&ssl=1 1x, https:\/\/i0.wp.com\/www.satokangas.fi\/blogi\/wp-content\/uploads\/Silta-yli-synk%C3%A4n-virran-600x291.jpg?resize=525%2C300&ssl=1 1.5x"},"classes":[]},{"id":29735,"url":"https:\/\/www.satokangas.fi\/blogi\/2016\/11\/lumo-oulussa-on-taas-valoa\/","url_meta":{"origin":32635,"position":5},"title":"Lumo &#8211; Oulussa on taas valoa","author":"Reija","date":"24.11.2016","format":false,"excerpt":"\u00b4Valoa Oulu\u00b4, joka t\u00e4n\u00e4 vuonna on saanut nimekseen Lumo, on t\u00e4\u00e4ll\u00e4 taas. Tai tapahtuma alkoi jo viime viikonloppuna, ja jatkuu viel\u00e4 sunnuntaihin asti. Mie p\u00e4\u00e4sin t\u00e4n\u00e4\u00e4n\u00a0sit\u00e4 iltasella kuvailemaan. Monta tuntia kiertelin kaupungilla, harkitsin viel\u00e4 Pikkaralaan l\u00e4ht\u00f6\u00e4, siell\u00e4 olis ollut lossi valaistuna komeasti, mutta jo niin palelin, ett\u00e4 kotiuduin... Monia kohteita\u2026","rel":"","context":"Kategoriassa &quot;Valokuvaus&quot;","block_context":{"text":"Valokuvaus","link":"https:\/\/www.satokangas.fi\/blogi\/category\/valokuvaus\/"},"img":{"alt_text":"lumo-4","src":"https:\/\/i0.wp.com\/www.satokangas.fi\/blogi\/wp-content\/uploads\/2016\/11\/Lumo-4-600x400.jpg?resize=350%2C200&ssl=1","width":350,"height":200,"srcset":"https:\/\/i0.wp.com\/www.satokangas.fi\/blogi\/wp-content\/uploads\/2016\/11\/Lumo-4-600x400.jpg?resize=350%2C200&ssl=1 1x, https:\/\/i0.wp.com\/www.satokangas.fi\/blogi\/wp-content\/uploads\/2016\/11\/Lumo-4-600x400.jpg?resize=525%2C300&ssl=1 1.5x"},"classes":[]}],"_links":{"self":[{"href":"https:\/\/www.satokangas.fi\/blogi\/wp-json\/wp\/v2\/posts\/32635","targetHints":{"allow":["GET"]}}],"collection":[{"href":"https:\/\/www.satokangas.fi\/blogi\/wp-json\/wp\/v2\/posts"}],"about":[{"href":"https:\/\/www.satokangas.fi\/blogi\/wp-json\/wp\/v2\/types\/post"}],"author":[{"embeddable":true,"href":"https:\/\/www.satokangas.fi\/blogi\/wp-json\/wp\/v2\/users\/1"}],"replies":[{"embeddable":true,"href":"https:\/\/www.satokangas.fi\/blogi\/wp-json\/wp\/v2\/comments?post=32635"}],"version-history":[{"count":0,"href":"https:\/\/www.satokangas.fi\/blogi\/wp-json\/wp\/v2\/posts\/32635\/revisions"}],"wp:attachment":[{"href":"https:\/\/www.satokangas.fi\/blogi\/wp-json\/wp\/v2\/media?parent=32635"}],"wp:term":[{"taxonomy":"category","embeddable":true,"href":"https:\/\/www.satokangas.fi\/blogi\/wp-json\/wp\/v2\/categories?post=32635"},{"taxonomy":"post_tag","embeddable":true,"href":"https:\/\/www.satokangas.fi\/blogi\/wp-json\/wp\/v2\/tags?post=32635"}],"curies":[{"name":"wp","href":"https:\/\/api.w.org\/{rel}","templated":true}]}}