{"id":32611,"date":"2017-11-18T21:36:04","date_gmt":"2017-11-18T19:36:04","guid":{"rendered":"https:\/\/www.satokangas.fi\/blogi\/?p=32611"},"modified":"2017-11-19T10:21:25","modified_gmt":"2017-11-19T08:21:25","slug":"lumo-oulussa-valoja-ja-kaupunkikulttuuria","status":"publish","type":"post","link":"https:\/\/www.satokangas.fi\/blogi\/2017\/11\/lumo-oulussa-valoja-ja-kaupunkikulttuuria\/","title":{"rendered":"LUMO &#8211; Oulussa valoja ja kaupunkikulttuuria!"},"content":{"rendered":"<p style=\"text-align: justify;\">Jo aamulla kerroin assistentilleni, ett\u00e4 kahden j\u00e4lkeen l\u00e4hdemme kaupungille: kuvailemaan, kulkemaan ja sy\u00f6m\u00e4\u00e4n.<\/p>\n<p style=\"text-align: justify;\">Pehtoorilla ei ollut mit\u00e4\u00e4n assistentaarismia vastaan. Semminkin kun tiesi, ett\u00e4 olin tehnyt p\u00f6yt\u00e4varauksen <a href=\"http:\/\/www.istanbuloriental.fi\/\" target=\"_blank\" rel=\"noopener\">Istanbuliin<\/a>.<\/p>\n<p style=\"text-align: justify;\"><a href=\"https:\/\/www.satokangas.fi\/blogi\/2017\/11\/lumo-oulussa-valoja-ja-kaupunkikulttuuria\/lumo-8-2\/#main\" rel=\"attachment wp-att-32619\"><img loading=\"lazy\" decoding=\"async\" data-attachment-id=\"32619\" data-permalink=\"https:\/\/www.satokangas.fi\/blogi\/2017\/11\/lumo-oulussa-valoja-ja-kaupunkikulttuuria\/lumo-8-2\/\" data-orig-file=\"https:\/\/www.satokangas.fi\/blogi\/wp-content\/uploads\/2017\/11\/Lumo-8.jpg\" data-orig-size=\"768,1000\" data-comments-opened=\"1\" data-image-meta=\"{&quot;aperture&quot;:&quot;0&quot;,&quot;credit&quot;:&quot;Reija Satokangas&quot;,&quot;camera&quot;:&quot;&quot;,&quot;caption&quot;:&quot;&quot;,&quot;created_timestamp&quot;:&quot;1511030215&quot;,&quot;copyright&quot;:&quot;&quot;,&quot;focal_length&quot;:&quot;0&quot;,&quot;iso&quot;:&quot;0&quot;,&quot;shutter_speed&quot;:&quot;0&quot;,&quot;title&quot;:&quot;&quot;,&quot;orientation&quot;:&quot;0&quot;}\" data-image-title=\"Lumo-8\" data-image-description=\"\" data-image-caption=\"\" data-large-file=\"https:\/\/www.satokangas.fi\/blogi\/wp-content\/uploads\/2017\/11\/Lumo-8.jpg\" class=\"aligncenter wp-image-32619 size-medium\" src=\"https:\/\/www.satokangas.fi\/blogi\/wp-content\/uploads\/2017\/11\/Lumo-8-307x400.jpg\" alt=\"\" width=\"307\" height=\"400\" srcset=\"https:\/\/www.satokangas.fi\/blogi\/wp-content\/uploads\/2017\/11\/Lumo-8-307x400.jpg 307w, https:\/\/www.satokangas.fi\/blogi\/wp-content\/uploads\/2017\/11\/Lumo-8-230x300.jpg 230w, https:\/\/www.satokangas.fi\/blogi\/wp-content\/uploads\/2017\/11\/Lumo-8.jpg 768w\" sizes=\"auto, (max-width: 307px) 100vw, 307px\" \/><\/a><\/p>\n<p style=\"text-align: center;\">\u00a0[Huom. keskell\u00e4 kuvaa ryhdikk\u00e4\u00e4sti jalustan kanssa kulkeva mieshenkil\u00f6: assistentti kulkee jo edell\u00e4ni. ]<\/p>\n<p style=\"text-align: justify;\">Ensin k\u00e4vimme tervehtim\u00e4ss\u00e4 Tiernapoikia, ja katselemassa kun Rotuaarilla jaettiin t\u00e4m\u00e4n vuotisen Tiernakisan palkinnot.<\/p>\n<p style=\"text-align: justify;\"><a href=\"https:\/\/www.satokangas.fi\/blogi\/2017\/11\/lumo-oulussa-valoja-ja-kaupunkikulttuuria\/lumo-11-2\/#main\" rel=\"attachment wp-att-32622\"><img loading=\"lazy\" decoding=\"async\" data-attachment-id=\"32622\" data-permalink=\"https:\/\/www.satokangas.fi\/blogi\/2017\/11\/lumo-oulussa-valoja-ja-kaupunkikulttuuria\/lumo-11-2\/\" data-orig-file=\"https:\/\/www.satokangas.fi\/blogi\/wp-content\/uploads\/2017\/11\/Lumo-11.jpg\" data-orig-size=\"1000,667\" data-comments-opened=\"1\" data-image-meta=\"{&quot;aperture&quot;:&quot;0&quot;,&quot;credit&quot;:&quot;Reija Satokangas&quot;,&quot;camera&quot;:&quot;&quot;,&quot;caption&quot;:&quot;&quot;,&quot;created_timestamp&quot;:&quot;1511021571&quot;,&quot;copyright&quot;:&quot;&quot;,&quot;focal_length&quot;:&quot;0&quot;,&quot;iso&quot;:&quot;0&quot;,&quot;shutter_speed&quot;:&quot;0&quot;,&quot;title&quot;:&quot;&quot;,&quot;orientation&quot;:&quot;0&quot;}\" data-image-title=\"Lumo-11\" data-image-description=\"\" data-image-caption=\"\" data-large-file=\"https:\/\/www.satokangas.fi\/blogi\/wp-content\/uploads\/2017\/11\/Lumo-11.jpg\" class=\"aligncenter size-full wp-image-32622\" src=\"https:\/\/www.satokangas.fi\/blogi\/wp-content\/uploads\/2017\/11\/Lumo-11.jpg\" alt=\"\" width=\"1000\" height=\"667\" srcset=\"https:\/\/www.satokangas.fi\/blogi\/wp-content\/uploads\/2017\/11\/Lumo-11.jpg 1000w, https:\/\/www.satokangas.fi\/blogi\/wp-content\/uploads\/2017\/11\/Lumo-11-300x200.jpg 300w, https:\/\/www.satokangas.fi\/blogi\/wp-content\/uploads\/2017\/11\/Lumo-11-600x400.jpg 600w, https:\/\/www.satokangas.fi\/blogi\/wp-content\/uploads\/2017\/11\/Lumo-11-768x512.jpg 768w\" sizes=\"auto, (max-width: 1000px) 100vw, 1000px\" \/><\/a><\/p>\n<p style=\"text-align: justify;\">ja sitten kohti LUMO-valofestivaalin teoksia. Pikkuisen luulen, etten ole ainoa, joka on sit\u00e4 mielt\u00e4, ett\u00e4 t\u00e4n\u00e4 vuonna ei ihan ylletty esimerkiksi viimevuotiselle tasolle, &#8211; tosin joitakin teoksia on viel\u00e4 julkistamatta eik\u00e4 me sis\u00e4tiloissa olleita k\u00e4yty edes katsomassa.<\/p>\n<p style=\"text-align: justify;\">Yksi ehdoton kohokohta t\u00e4ss\u00e4 festivaalissa oli ruoka; yll\u00e4tt\u00e4v\u00e4\u00e4 meille, eik\u00f6? Oulun keskustassa olevaa Istanbulia voi kyll\u00e4 varauksetta suositella kaikille. Sit\u00e4 min\u00e4 vain siell\u00e4 mietin, miksemme ole pitk\u00e4\u00e4n aikaan k\u00e4yneet? Tai siis Pehtoori on, mutta minulla on ollut pitk\u00e4 rupeama sielt\u00e4 pois. Onneksi t\u00e4n\u00e4\u00e4n. Siell\u00e4 kyll\u00e4 saavat muutkin kuin paistink\u00e4\u00e4nt\u00e4j\u00e4t hyv\u00e4\u00e4 ruokaa ja palvelua. Mutta kyll\u00e4h\u00e4n se mukavalle tuntui, kun p\u00f6yd\u00e4ss\u00e4 oli &#8221;lippu&#8221; (standaari) odottamassa.<\/p>\n<p style=\"text-align: justify;\"><a href=\"https:\/\/www.satokangas.fi\/blogi\/2017\/11\/lumo-oulussa-valoja-ja-kaupunkikulttuuria\/lumo\/#main\" rel=\"attachment wp-att-32612\"><img loading=\"lazy\" decoding=\"async\" data-attachment-id=\"32612\" data-permalink=\"https:\/\/www.satokangas.fi\/blogi\/2017\/11\/lumo-oulussa-valoja-ja-kaupunkikulttuuria\/lumo\/\" data-orig-file=\"https:\/\/www.satokangas.fi\/blogi\/wp-content\/uploads\/2017\/11\/Lumo.jpg\" data-orig-size=\"619,1000\" data-comments-opened=\"1\" data-image-meta=\"{&quot;aperture&quot;:&quot;0&quot;,&quot;credit&quot;:&quot;Reija Satokangas&quot;,&quot;camera&quot;:&quot;&quot;,&quot;caption&quot;:&quot;&quot;,&quot;created_timestamp&quot;:&quot;1511022058&quot;,&quot;copyright&quot;:&quot;&quot;,&quot;focal_length&quot;:&quot;0&quot;,&quot;iso&quot;:&quot;0&quot;,&quot;shutter_speed&quot;:&quot;0&quot;,&quot;title&quot;:&quot;&quot;,&quot;orientation&quot;:&quot;0&quot;}\" data-image-title=\"Lumo\" data-image-description=\"\" data-image-caption=\"\" data-large-file=\"https:\/\/www.satokangas.fi\/blogi\/wp-content\/uploads\/2017\/11\/Lumo.jpg\" class=\"aligncenter wp-image-32612 size-medium\" src=\"https:\/\/www.satokangas.fi\/blogi\/wp-content\/uploads\/2017\/11\/Lumo-248x400.jpg\" alt=\"\" width=\"248\" height=\"400\" srcset=\"https:\/\/www.satokangas.fi\/blogi\/wp-content\/uploads\/2017\/11\/Lumo-248x400.jpg 248w, https:\/\/www.satokangas.fi\/blogi\/wp-content\/uploads\/2017\/11\/Lumo-186x300.jpg 186w, https:\/\/www.satokangas.fi\/blogi\/wp-content\/uploads\/2017\/11\/Lumo.jpg 619w\" sizes=\"auto, (max-width: 248px) 100vw, 248px\" \/><\/a><\/p>\n<p style=\"text-align: justify;\">Mutta sinneh\u00e4n ei j\u00e4\u00e4ty koko illansuuksi, vaan ulos! Kuten ei olisi ollut eilen, niin ei ollut t\u00e4n\u00e4\u00e4nk\u00e4\u00e4n s\u00e4\u00e4 kiertelylle eik\u00e4 kuvaukselle paras mahdollinen, mutta eip\u00e4 ollut kylm\u00e4k\u00e4\u00e4n. Ja aika paljon v\u00e4ke\u00e4 oli kuitenkin liikkeell\u00e4.<\/p>\n<p style=\"text-align: justify;\"><a href=\"https:\/\/www.satokangas.fi\/blogi\/2017\/11\/lumo-oulussa-valoja-ja-kaupunkikulttuuria\/lumo-5-2\/#main\" rel=\"attachment wp-att-32616\"><img loading=\"lazy\" decoding=\"async\" data-attachment-id=\"32616\" data-permalink=\"https:\/\/www.satokangas.fi\/blogi\/2017\/11\/lumo-oulussa-valoja-ja-kaupunkikulttuuria\/lumo-5-2\/\" data-orig-file=\"https:\/\/www.satokangas.fi\/blogi\/wp-content\/uploads\/2017\/11\/Lumo-5.jpg\" data-orig-size=\"1000,498\" data-comments-opened=\"1\" data-image-meta=\"{&quot;aperture&quot;:&quot;0&quot;,&quot;credit&quot;:&quot;Reija Satokangas&quot;,&quot;camera&quot;:&quot;&quot;,&quot;caption&quot;:&quot;&quot;,&quot;created_timestamp&quot;:&quot;1511029150&quot;,&quot;copyright&quot;:&quot;&quot;,&quot;focal_length&quot;:&quot;0&quot;,&quot;iso&quot;:&quot;0&quot;,&quot;shutter_speed&quot;:&quot;0&quot;,&quot;title&quot;:&quot;&quot;,&quot;orientation&quot;:&quot;0&quot;}\" data-image-title=\"Lumo-5\" data-image-description=\"\" data-image-caption=\"\" data-large-file=\"https:\/\/www.satokangas.fi\/blogi\/wp-content\/uploads\/2017\/11\/Lumo-5.jpg\" class=\"aligncenter size-full wp-image-32616\" src=\"https:\/\/www.satokangas.fi\/blogi\/wp-content\/uploads\/2017\/11\/Lumo-5.jpg\" alt=\"\" width=\"1000\" height=\"498\" srcset=\"https:\/\/www.satokangas.fi\/blogi\/wp-content\/uploads\/2017\/11\/Lumo-5.jpg 1000w, https:\/\/www.satokangas.fi\/blogi\/wp-content\/uploads\/2017\/11\/Lumo-5-300x149.jpg 300w, https:\/\/www.satokangas.fi\/blogi\/wp-content\/uploads\/2017\/11\/Lumo-5-800x398.jpg 800w, https:\/\/www.satokangas.fi\/blogi\/wp-content\/uploads\/2017\/11\/Lumo-5-768x382.jpg 768w\" sizes=\"auto, (max-width: 1000px) 100vw, 1000px\" \/><\/a><\/p>\n<p style=\"text-align: justify;\">T\u00e4m\u00e4 &#8221;ranskalainen&#8221; valas oli hieno, mutta, mutta&#8230; oliko sittenk\u00e4\u00e4n ihan satsauksen arvoinen&#8230; tai ehk\u00e4 on v\u00e4\u00e4rin arvioida taidetta hinnan (130 000 euroa) perusteella, mutta jotenkin toivoin enemm\u00e4n&#8230; Ent\u00e4 jos olisi ollut pikkuinen pakkanen, kirkas keli&#8230;<\/p>\n<p><a href=\"https:\/\/www.satokangas.fi\/blogi\/2017\/11\/lumo-oulussa-valoja-ja-kaupunkikulttuuria\/lumo-13-2\/#main\" rel=\"attachment wp-att-32623\"><img loading=\"lazy\" decoding=\"async\" data-attachment-id=\"32623\" data-permalink=\"https:\/\/www.satokangas.fi\/blogi\/2017\/11\/lumo-oulussa-valoja-ja-kaupunkikulttuuria\/lumo-13-2\/\" data-orig-file=\"https:\/\/www.satokangas.fi\/blogi\/wp-content\/uploads\/2017\/11\/Lumo-13.jpg\" data-orig-size=\"1000,701\" data-comments-opened=\"1\" data-image-meta=\"{&quot;aperture&quot;:&quot;0&quot;,&quot;credit&quot;:&quot;Reija Satokangas&quot;,&quot;camera&quot;:&quot;&quot;,&quot;caption&quot;:&quot;&quot;,&quot;created_timestamp&quot;:&quot;1511029235&quot;,&quot;copyright&quot;:&quot;&quot;,&quot;focal_length&quot;:&quot;0&quot;,&quot;iso&quot;:&quot;0&quot;,&quot;shutter_speed&quot;:&quot;0&quot;,&quot;title&quot;:&quot;&quot;,&quot;orientation&quot;:&quot;1&quot;}\" data-image-title=\"Lumo-13\" data-image-description=\"\" data-image-caption=\"\" data-large-file=\"https:\/\/www.satokangas.fi\/blogi\/wp-content\/uploads\/2017\/11\/Lumo-13.jpg\" class=\"aligncenter size-full wp-image-32623\" src=\"https:\/\/www.satokangas.fi\/blogi\/wp-content\/uploads\/2017\/11\/Lumo-13.jpg\" alt=\"\" width=\"1000\" height=\"701\" srcset=\"https:\/\/www.satokangas.fi\/blogi\/wp-content\/uploads\/2017\/11\/Lumo-13.jpg 1000w, https:\/\/www.satokangas.fi\/blogi\/wp-content\/uploads\/2017\/11\/Lumo-13-300x210.jpg 300w, https:\/\/www.satokangas.fi\/blogi\/wp-content\/uploads\/2017\/11\/Lumo-13-571x400.jpg 571w, https:\/\/www.satokangas.fi\/blogi\/wp-content\/uploads\/2017\/11\/Lumo-13-768x538.jpg 768w\" sizes=\"auto, (max-width: 1000px) 100vw, 1000px\" \/><\/a><\/p>\n<p style=\"text-align: justify;\">\n<p style=\"text-align: justify;\"><a href=\"https:\/\/www.satokangas.fi\/blogi\/2017\/11\/lumo-oulussa-valoja-ja-kaupunkikulttuuria\/lumo-6-2\/#main\" rel=\"attachment wp-att-32617\"><img loading=\"lazy\" decoding=\"async\" data-attachment-id=\"32617\" data-permalink=\"https:\/\/www.satokangas.fi\/blogi\/2017\/11\/lumo-oulussa-valoja-ja-kaupunkikulttuuria\/lumo-6-2\/\" data-orig-file=\"https:\/\/www.satokangas.fi\/blogi\/wp-content\/uploads\/2017\/11\/Lumo-6.jpg\" data-orig-size=\"1000,633\" data-comments-opened=\"1\" data-image-meta=\"{&quot;aperture&quot;:&quot;0&quot;,&quot;credit&quot;:&quot;Reija Satokangas&quot;,&quot;camera&quot;:&quot;&quot;,&quot;caption&quot;:&quot;&quot;,&quot;created_timestamp&quot;:&quot;1511029182&quot;,&quot;copyright&quot;:&quot;&quot;,&quot;focal_length&quot;:&quot;0&quot;,&quot;iso&quot;:&quot;0&quot;,&quot;shutter_speed&quot;:&quot;0&quot;,&quot;title&quot;:&quot;&quot;,&quot;orientation&quot;:&quot;0&quot;}\" data-image-title=\"Lumo-6\" data-image-description=\"\" data-image-caption=\"\" data-large-file=\"https:\/\/www.satokangas.fi\/blogi\/wp-content\/uploads\/2017\/11\/Lumo-6.jpg\" class=\"aligncenter size-full wp-image-32617\" src=\"https:\/\/www.satokangas.fi\/blogi\/wp-content\/uploads\/2017\/11\/Lumo-6.jpg\" alt=\"\" width=\"1000\" height=\"633\" srcset=\"https:\/\/www.satokangas.fi\/blogi\/wp-content\/uploads\/2017\/11\/Lumo-6.jpg 1000w, https:\/\/www.satokangas.fi\/blogi\/wp-content\/uploads\/2017\/11\/Lumo-6-300x190.jpg 300w, https:\/\/www.satokangas.fi\/blogi\/wp-content\/uploads\/2017\/11\/Lumo-6-632x400.jpg 632w, https:\/\/www.satokangas.fi\/blogi\/wp-content\/uploads\/2017\/11\/Lumo-6-768x486.jpg 768w\" sizes=\"auto, (max-width: 1000px) 100vw, 1000px\" \/><\/a><\/p>\n<p style=\"text-align: justify;\">Mutta se mist\u00e4 tykk\u00e4sin oli kaupungintalon valaisuinstallaatio tai mik\u00e4 sen nimi onkaan&#8230;<\/p>\n<p style=\"text-align: justify;\">Kaupungintalo vaihtoi tyyli\u00e4 ja moodia sit\u00e4 mukaa kuin l\u00e4heisess\u00e4 teltassa olleet oululaiset ja muut vieraat k\u00e4viv\u00e4t s\u00e4\u00e4telem\u00e4ss\u00e4.<\/p>\n<p style=\"text-align: justify;\"><a href=\"https:\/\/www.satokangas.fi\/blogi\/2017\/11\/lumo-oulussa-valoja-ja-kaupunkikulttuuria\/lumo-3-3\/#main\" rel=\"attachment wp-att-32614\"><img loading=\"lazy\" decoding=\"async\" data-attachment-id=\"32614\" data-permalink=\"https:\/\/www.satokangas.fi\/blogi\/2017\/11\/lumo-oulussa-valoja-ja-kaupunkikulttuuria\/lumo-3-3\/\" data-orig-file=\"https:\/\/www.satokangas.fi\/blogi\/wp-content\/uploads\/2017\/11\/Lumo-3.jpg\" data-orig-size=\"1000,851\" data-comments-opened=\"1\" data-image-meta=\"{&quot;aperture&quot;:&quot;0&quot;,&quot;credit&quot;:&quot;Reija Satokangas&quot;,&quot;camera&quot;:&quot;&quot;,&quot;caption&quot;:&quot;&quot;,&quot;created_timestamp&quot;:&quot;1511028003&quot;,&quot;copyright&quot;:&quot;&quot;,&quot;focal_length&quot;:&quot;0&quot;,&quot;iso&quot;:&quot;0&quot;,&quot;shutter_speed&quot;:&quot;0&quot;,&quot;title&quot;:&quot;&quot;,&quot;orientation&quot;:&quot;0&quot;}\" data-image-title=\"Lumo-3\" data-image-description=\"\" data-image-caption=\"\" data-large-file=\"https:\/\/www.satokangas.fi\/blogi\/wp-content\/uploads\/2017\/11\/Lumo-3.jpg\" class=\"aligncenter size-full wp-image-32614\" src=\"https:\/\/www.satokangas.fi\/blogi\/wp-content\/uploads\/2017\/11\/Lumo-3.jpg\" alt=\"\" width=\"1000\" height=\"851\" srcset=\"https:\/\/www.satokangas.fi\/blogi\/wp-content\/uploads\/2017\/11\/Lumo-3.jpg 1000w, https:\/\/www.satokangas.fi\/blogi\/wp-content\/uploads\/2017\/11\/Lumo-3-300x255.jpg 300w, https:\/\/www.satokangas.fi\/blogi\/wp-content\/uploads\/2017\/11\/Lumo-3-470x400.jpg 470w, https:\/\/www.satokangas.fi\/blogi\/wp-content\/uploads\/2017\/11\/Lumo-3-768x654.jpg 768w\" sizes=\"auto, (max-width: 1000px) 100vw, 1000px\" \/><\/a><\/p>\n<p style=\"text-align: justify;\">&#8221;Ajan kulku&#8221; -veistos sai v\u00e4lill\u00e4 varsin erikoisen milj\u00f6\u00f6n taustaukseen.<\/p>\n<p style=\"text-align: justify;\"><a href=\"https:\/\/www.satokangas.fi\/blogi\/2017\/11\/lumo-oulussa-valoja-ja-kaupunkikulttuuria\/lumo-2-2\/#main\" rel=\"attachment wp-att-32613\"><img loading=\"lazy\" decoding=\"async\" data-attachment-id=\"32613\" data-permalink=\"https:\/\/www.satokangas.fi\/blogi\/2017\/11\/lumo-oulussa-valoja-ja-kaupunkikulttuuria\/lumo-2-2\/\" data-orig-file=\"https:\/\/www.satokangas.fi\/blogi\/wp-content\/uploads\/2017\/11\/Lumo-2.jpg\" data-orig-size=\"1000,667\" data-comments-opened=\"1\" data-image-meta=\"{&quot;aperture&quot;:&quot;0&quot;,&quot;credit&quot;:&quot;Reija Satokangas&quot;,&quot;camera&quot;:&quot;&quot;,&quot;caption&quot;:&quot;&quot;,&quot;created_timestamp&quot;:&quot;1511027978&quot;,&quot;copyright&quot;:&quot;&quot;,&quot;focal_length&quot;:&quot;0&quot;,&quot;iso&quot;:&quot;0&quot;,&quot;shutter_speed&quot;:&quot;0&quot;,&quot;title&quot;:&quot;&quot;,&quot;orientation&quot;:&quot;0&quot;}\" data-image-title=\"Lumo-2\" data-image-description=\"\" data-image-caption=\"\" data-large-file=\"https:\/\/www.satokangas.fi\/blogi\/wp-content\/uploads\/2017\/11\/Lumo-2.jpg\" class=\"aligncenter size-full wp-image-32613\" src=\"https:\/\/www.satokangas.fi\/blogi\/wp-content\/uploads\/2017\/11\/Lumo-2.jpg\" alt=\"\" width=\"1000\" height=\"667\" srcset=\"https:\/\/www.satokangas.fi\/blogi\/wp-content\/uploads\/2017\/11\/Lumo-2.jpg 1000w, https:\/\/www.satokangas.fi\/blogi\/wp-content\/uploads\/2017\/11\/Lumo-2-300x200.jpg 300w, https:\/\/www.satokangas.fi\/blogi\/wp-content\/uploads\/2017\/11\/Lumo-2-600x400.jpg 600w, https:\/\/www.satokangas.fi\/blogi\/wp-content\/uploads\/2017\/11\/Lumo-2-768x512.jpg 768w\" sizes=\"auto, (max-width: 1000px) 100vw, 1000px\" \/><\/a><\/p>\n<p style=\"text-align: justify;\">Ja Martti! Minun lempparini, Martti. Oli kovin ihmeiss\u00e4\u00e4n. Varsinkin kun v\u00e4lill\u00e4 kaupngintalo n\u00e4ytti kylpev\u00e4n loppukes\u00e4n illan valossa&#8230;<\/p>\n<p style=\"text-align: justify;\"><a href=\"https:\/\/www.satokangas.fi\/blogi\/2017\/11\/lumo-oulussa-valoja-ja-kaupunkikulttuuria\/lumo-4-2\/#main\" rel=\"attachment wp-att-32615\"><img loading=\"lazy\" decoding=\"async\" data-attachment-id=\"32615\" data-permalink=\"https:\/\/www.satokangas.fi\/blogi\/2017\/11\/lumo-oulussa-valoja-ja-kaupunkikulttuuria\/lumo-4-2\/\" data-orig-file=\"https:\/\/www.satokangas.fi\/blogi\/wp-content\/uploads\/2017\/11\/Lumo-4.jpg\" data-orig-size=\"1000,676\" data-comments-opened=\"1\" data-image-meta=\"{&quot;aperture&quot;:&quot;0&quot;,&quot;credit&quot;:&quot;Reija Satokangas&quot;,&quot;camera&quot;:&quot;&quot;,&quot;caption&quot;:&quot;&quot;,&quot;created_timestamp&quot;:&quot;1511028138&quot;,&quot;copyright&quot;:&quot;&quot;,&quot;focal_length&quot;:&quot;0&quot;,&quot;iso&quot;:&quot;0&quot;,&quot;shutter_speed&quot;:&quot;0&quot;,&quot;title&quot;:&quot;&quot;,&quot;orientation&quot;:&quot;0&quot;}\" data-image-title=\"Lumo-4\" data-image-description=\"\" data-image-caption=\"\" data-large-file=\"https:\/\/www.satokangas.fi\/blogi\/wp-content\/uploads\/2017\/11\/Lumo-4.jpg\" class=\"aligncenter size-full wp-image-32615\" src=\"https:\/\/www.satokangas.fi\/blogi\/wp-content\/uploads\/2017\/11\/Lumo-4.jpg\" alt=\"\" width=\"1000\" height=\"676\" srcset=\"https:\/\/www.satokangas.fi\/blogi\/wp-content\/uploads\/2017\/11\/Lumo-4.jpg 1000w, https:\/\/www.satokangas.fi\/blogi\/wp-content\/uploads\/2017\/11\/Lumo-4-300x203.jpg 300w, https:\/\/www.satokangas.fi\/blogi\/wp-content\/uploads\/2017\/11\/Lumo-4-592x400.jpg 592w, https:\/\/www.satokangas.fi\/blogi\/wp-content\/uploads\/2017\/11\/Lumo-4-768x519.jpg 768w\" sizes=\"auto, (max-width: 1000px) 100vw, 1000px\" \/><\/a><\/p>\n<p style=\"text-align: justify;\">Eniten pidin t\u00e4st\u00e4 piparkakkutaloversiosta. Eik\u00f6 se voisi olla joka vuosi ennen joulua p\u00e4\u00e4ll\u00e4. Ja etupihalla olleet joulukuusen valotkin olivat kovin kauniit t\u00e4n\u00e4 vuonna. Sellaiset perinteiset. Tulette viel\u00e4 n\u00e4kem\u00e4\u00e4n&#8230;<\/p>\n<p style=\"text-align: justify;\"><a href=\"https:\/\/www.satokangas.fi\/blogi\/2017\/11\/lumo-oulussa-valoja-ja-kaupunkikulttuuria\/lumo-10\/#main\" rel=\"attachment wp-att-32621\"><img loading=\"lazy\" decoding=\"async\" data-attachment-id=\"32621\" data-permalink=\"https:\/\/www.satokangas.fi\/blogi\/2017\/11\/lumo-oulussa-valoja-ja-kaupunkikulttuuria\/lumo-10\/\" data-orig-file=\"https:\/\/www.satokangas.fi\/blogi\/wp-content\/uploads\/2017\/11\/Lumo-10.jpg\" data-orig-size=\"1000,551\" data-comments-opened=\"1\" data-image-meta=\"{&quot;aperture&quot;:&quot;0&quot;,&quot;credit&quot;:&quot;Reija Satokangas&quot;,&quot;camera&quot;:&quot;&quot;,&quot;caption&quot;:&quot;&quot;,&quot;created_timestamp&quot;:&quot;1511032428&quot;,&quot;copyright&quot;:&quot;&quot;,&quot;focal_length&quot;:&quot;0&quot;,&quot;iso&quot;:&quot;0&quot;,&quot;shutter_speed&quot;:&quot;0&quot;,&quot;title&quot;:&quot;&quot;,&quot;orientation&quot;:&quot;0&quot;}\" data-image-title=\"Lumo-10\" data-image-description=\"\" data-image-caption=\"\" data-large-file=\"https:\/\/www.satokangas.fi\/blogi\/wp-content\/uploads\/2017\/11\/Lumo-10.jpg\" class=\"aligncenter size-full wp-image-32621\" src=\"https:\/\/www.satokangas.fi\/blogi\/wp-content\/uploads\/2017\/11\/Lumo-10.jpg\" alt=\"\" width=\"1000\" height=\"551\" srcset=\"https:\/\/www.satokangas.fi\/blogi\/wp-content\/uploads\/2017\/11\/Lumo-10.jpg 1000w, https:\/\/www.satokangas.fi\/blogi\/wp-content\/uploads\/2017\/11\/Lumo-10-300x165.jpg 300w, https:\/\/www.satokangas.fi\/blogi\/wp-content\/uploads\/2017\/11\/Lumo-10-726x400.jpg 726w, https:\/\/www.satokangas.fi\/blogi\/wp-content\/uploads\/2017\/11\/Lumo-10-768x423.jpg 768w\" sizes=\"auto, (max-width: 1000px) 100vw, 1000px\" \/><\/a><\/p>\n<p style=\"text-align: justify;\">Ja t\u00e4m\u00e4 valofestivaali jatkuu viel\u00e4&#8230; uusiakin valoja on viikonlopun j\u00e4lkeen tulossa. Siit\u00e4 tykk\u00e4\u00e4n! Hyv\u00e4, Oulu!<\/p>\n","protected":false},"excerpt":{"rendered":"<p>Jo aamulla kerroin assistentilleni, ett\u00e4 kahden j\u00e4lkeen l\u00e4hdemme kaupungille: kuvailemaan, kulkemaan ja sy\u00f6m\u00e4\u00e4n. Pehtoorilla ei ollut mit\u00e4\u00e4n assistentaarismia vastaan. Semminkin kun tiesi, ett\u00e4 olin tehnyt p\u00f6yt\u00e4varauksen Istanbuliin. \u00a0[Huom. keskell\u00e4 kuvaa ryhdikk\u00e4\u00e4sti jalustan kanssa kulkeva mieshenkil\u00f6: assistentti kulkee jo edell\u00e4ni. ] Ensin k\u00e4vimme tervehtim\u00e4ss\u00e4 Tiernapoikia, ja katselemassa kun Rotuaarilla jaettiin t\u00e4m\u00e4n vuotisen Tiernakisan palkinnot. ja sitten kohti LUMO-valofestivaalin teoksia. Pikkuisen luulen, &hellip; <\/p>\n","protected":false},"author":1,"featured_media":0,"comment_status":"open","ping_status":"open","sticky":false,"template":"","format":"standard","meta":{"jetpack_post_was_ever_published":false,"_jetpack_newsletter_access":"","_jetpack_dont_email_post_to_subs":false,"_jetpack_newsletter_tier_id":0,"_jetpack_memberships_contains_paywalled_content":false,"_jetpack_memberships_contains_paid_content":false,"footnotes":"","jetpack_publicize_message":"","jetpack_publicize_feature_enabled":true,"jetpack_social_post_already_shared":true,"jetpack_social_options":{"image_generator_settings":{"template":"highway","default_image_id":0,"font":"","enabled":false},"version":2}},"categories":[55],"tags":[],"class_list":["post-32611","post","type-post","status-publish","format-standard","hentry","category-oulu","latest_post"],"jetpack_publicize_connections":[],"jetpack_featured_media_url":"","jetpack_shortlink":"https:\/\/wp.me\/pr4p4-8tZ","jetpack_sharing_enabled":true,"jetpack_likes_enabled":false,"jetpack-related-posts":[{"id":27493,"url":"https:\/\/www.satokangas.fi\/blogi\/2016\/01\/studiopaiva\/","url_meta":{"origin":32611,"position":0},"title":"Studiop\u00e4iv\u00e4","author":"Reija","date":"30.1.2016","format":false,"excerpt":"Voipunut olo. On ehk\u00e4 vaikea k\u00e4sitt\u00e4\u00e4, miten p\u00e4iv\u00e4, jolloin \u00b4vain\u00b4kuvaillaan, voi vied\u00e4 voimia. Nelj\u00e4n hengen ryhmiss\u00e4 k\u00e4vimme nelj\u00e4 rastia l\u00e4pi: jokainen vuorollaan oli \"p\u00e4\u00e4kuvaaja\" ja muut assistentteja. Minulla oli ryhm\u00e4ss\u00e4 erinomaisia assistentteja. Parhaat mahdolliset. Ja toki opin itsekin assistenttina. Enk\u00e4 edelleenk\u00e4\u00e4n voi olla enemm\u00e4n hyvill\u00e4ni t\u00e4st\u00e4 porukasta; kuinka erilaisia olemmekaan,\u2026","rel":"","context":"Kategoriassa &quot;Niit\u00e4 n\u00e4it\u00e4&quot;","block_context":{"text":"Niit\u00e4 n\u00e4it\u00e4","link":"https:\/\/www.satokangas.fi\/blogi\/category\/aiheeton\/"},"img":{"alt_text":"Studioharkkoja-3","src":"https:\/\/i0.wp.com\/www.satokangas.fi\/blogi\/wp-content\/uploads\/2016\/01\/Studioharkkoja-3-400x400.jpg?resize=350%2C200&ssl=1","width":350,"height":200},"classes":[]},{"id":18863,"url":"https:\/\/www.satokangas.fi\/blogi\/2013\/09\/vanha-lahtee-mopo-jaa\/","url_meta":{"origin":32611,"position":1},"title":"Vanha l\u00e4htee, mopo j\u00e4\u00e4","author":"Reija","date":"25.9.2013","format":false,"excerpt":"Kes\u00e4ll\u00e4 1979 k\u00e4vimme pehtoorin kanssa kuukauden telttareissulla Euroopassa. Englannissa Brightonissa oli kaikissa liikkeiss\u00e4 paljon ihania kirjoneuleita: slipoverej\u00e4 ja villatakkeja, neuleliivej\u00e4 ja pooloja. Ostimme molemmille sellaiset kirjoneuleliivit. Minulle harmaa-viininpuna-valkoinen, pehtoorille harmaa-sininen-valkoinen. Minulla oli omani ensimm\u00e4ist\u00e4 kertaa p\u00e4\u00e4ll\u00e4ni juuri t\u00e4llaisena kirkkaana, kylm\u00e4n\u00e4, tuulisena syysp\u00e4iv\u00e4n\u00e4 kun menin Ruotsin suurvalta-ajan historia -luentosarjan ensimm\u00e4iselle luennolle.\u2026","rel":"","context":"Kategoriassa &quot;Yliopistoel\u00e4m\u00e4\u00e4&quot;","block_context":{"text":"Yliopistoel\u00e4m\u00e4\u00e4","link":"https:\/\/www.satokangas.fi\/blogi\/category\/yliopistoelamaa\/"},"img":{"alt_text":"Keminmaan historiatoimikunta","src":"https:\/\/i0.wp.com\/www.satokangas.fi\/blogi\/wp-content\/uploads\/2013\/09\/Keminmaan-historiatoimikunta-600x396.jpg?resize=350%2C200&ssl=1","width":350,"height":200,"srcset":"https:\/\/i0.wp.com\/www.satokangas.fi\/blogi\/wp-content\/uploads\/2013\/09\/Keminmaan-historiatoimikunta-600x396.jpg?resize=350%2C200&ssl=1 1x, https:\/\/i0.wp.com\/www.satokangas.fi\/blogi\/wp-content\/uploads\/2013\/09\/Keminmaan-historiatoimikunta-600x396.jpg?resize=525%2C300&ssl=1 1.5x"},"classes":[]},{"id":49680,"url":"https:\/\/www.satokangas.fi\/blogi\/2024\/06\/kaikkea\/","url_meta":{"origin":32611,"position":2},"title":"Kaikkea!","author":"Reija","date":"1.6.2024","format":false,"excerpt":"T\u00e4n\u00e4\u00e4n on ollut niin paljon kaikkea. Huolta, iloa, surua, iloa, flunssaa, joka vaan jatkuuuuuuu, mutta tokenee v\u00e4lill\u00e4 hetkeksi, iloa, ylioppilasjuhlat, joihin lupauduin kuvaajaksi (ehk\u00e4 virhe!!), lupauksia, sanoinko jo ett\u00e4 iloa ja huolta! Yo-juhlat tai mitk\u00e4 tahansa valmistujaisjuhlat, v\u00e4it\u00f6kset, publiikit, ammattitutkintojuhlat, kaikki ne, joissa pitk\u00e4 rupeama ammattiin tai oppiarvoon valmistumisen eteen\u2026","rel":"","context":"Kategoriassa &quot;Muistikuvia&quot;","block_context":{"text":"Muistikuvia","link":"https:\/\/www.satokangas.fi\/blogi\/category\/muistikuvia\/"},"img":{"alt_text":"","src":"https:\/\/i0.wp.com\/www.satokangas.fi\/blogi\/wp-content\/uploads\/2024\/06\/yojuhlat.jpg?resize=350%2C200&ssl=1","width":350,"height":200,"srcset":"https:\/\/i0.wp.com\/www.satokangas.fi\/blogi\/wp-content\/uploads\/2024\/06\/yojuhlat.jpg?resize=350%2C200&ssl=1 1x, https:\/\/i0.wp.com\/www.satokangas.fi\/blogi\/wp-content\/uploads\/2024\/06\/yojuhlat.jpg?resize=525%2C300&ssl=1 1.5x, https:\/\/i0.wp.com\/www.satokangas.fi\/blogi\/wp-content\/uploads\/2024\/06\/yojuhlat.jpg?resize=700%2C400&ssl=1 2x"},"classes":[]},{"id":30947,"url":"https:\/\/www.satokangas.fi\/blogi\/2017\/06\/tornio-oulu-kuinka-mukavaa\/","url_meta":{"origin":32611,"position":3},"title":"Tornio &#8211; Oulu &#8211; kuinka mukavaa!","author":"Reija","date":"9.6.2017","format":false,"excerpt":"Pikkukaupungin aamussa, avoinna olleen hotellihuoneen ikkunasta, kuuluivat ensimm\u00e4iset \u00e4\u00e4net vasta v\u00e4h\u00e4n ennen seitsem\u00e4\u00e4. En her\u00e4nnyt niihin, olin her\u00e4nnyt jo paljon aiemmin - her\u00e4nnyt siihen tunteeseen, ett\u00e4 t\u00e4n\u00e4\u00e4nkin on n\u00e4ytt\u00f6: studiosimultaaani. Se alkoi vasta puolikymmenelt\u00e4, joten hyvin ehdin lukea, torkahdella, suihkutella, katsella ulos, odotella hotelliaamiaisen alkua, nauttia lajitoverin (toinen vattilainen) kanssa\u2026","rel":"","context":"Kategoriassa &quot;VAT&quot;","block_context":{"text":"VAT","link":"https:\/\/www.satokangas.fi\/blogi\/category\/valokuvaus\/vat\/"},"img":{"alt_text":"","src":"https:\/\/i0.wp.com\/www.satokangas.fi\/blogi\/wp-content\/uploads\/2017\/06\/Tornio-Rantakatu.jpg?resize=350%2C200&ssl=1","width":350,"height":200,"srcset":"https:\/\/i0.wp.com\/www.satokangas.fi\/blogi\/wp-content\/uploads\/2017\/06\/Tornio-Rantakatu.jpg?resize=350%2C200&ssl=1 1x, https:\/\/i0.wp.com\/www.satokangas.fi\/blogi\/wp-content\/uploads\/2017\/06\/Tornio-Rantakatu.jpg?resize=525%2C300&ssl=1 1.5x, https:\/\/i0.wp.com\/www.satokangas.fi\/blogi\/wp-content\/uploads\/2017\/06\/Tornio-Rantakatu.jpg?resize=700%2C400&ssl=1 2x, https:\/\/i0.wp.com\/www.satokangas.fi\/blogi\/wp-content\/uploads\/2017\/06\/Tornio-Rantakatu.jpg?resize=1050%2C600&ssl=1 3x"},"classes":[]},{"id":36220,"url":"https:\/\/www.satokangas.fi\/blogi\/2019\/04\/kuvauksista-iloa\/","url_meta":{"origin":32611,"position":4},"title":"Kuvauksista iloa","author":"Reija","date":"9.4.2019","format":false,"excerpt":"Kyll\u00e4 min\u00e4 t\u00e4n\u00e4\u00e4nkin mietin, ett\u00e4 ent\u00e4 jos en olisikaan hurahtanut valokuvaukseen (tai ruoanlaittoon)? Mit\u00e4 min\u00e4 tekisin, jollei minulla olisi kameraa, eik\u00e4 sen kanssa jonkinlaisia tavoitteita. Tavoitteita harrastuksen - ja noh \"ty\u00f6n\" - suhteen. Jollei minulla olisi sit\u00e4 kaikkea tekemist\u00e4, jota kehittelen kuvaamisen ymp\u00e4rille. Olkoonkin, ett\u00e4 suurin osa siit\u00e4 - tai\u2026","rel":"","context":"Kategoriassa &quot;Lappi&quot;","block_context":{"text":"Lappi","link":"https:\/\/www.satokangas.fi\/blogi\/category\/lappi\/"},"img":{"alt_text":"","src":"https:\/\/i0.wp.com\/www.satokangas.fi\/blogi\/wp-content\/uploads\/2019\/04\/kuvausta-5.jpg?resize=350%2C200&ssl=1","width":350,"height":200,"srcset":"https:\/\/i0.wp.com\/www.satokangas.fi\/blogi\/wp-content\/uploads\/2019\/04\/kuvausta-5.jpg?resize=350%2C200&ssl=1 1x, https:\/\/i0.wp.com\/www.satokangas.fi\/blogi\/wp-content\/uploads\/2019\/04\/kuvausta-5.jpg?resize=525%2C300&ssl=1 1.5x, https:\/\/i0.wp.com\/www.satokangas.fi\/blogi\/wp-content\/uploads\/2019\/04\/kuvausta-5.jpg?resize=700%2C400&ssl=1 2x"},"classes":[]},{"id":38192,"url":"https:\/\/www.satokangas.fi\/blogi\/2020\/02\/raksalla-duunissa\/","url_meta":{"origin":32611,"position":5},"title":"Raksalla duunissa","author":"Reija","date":"7.2.2020","format":false,"excerpt":"Ihan oikeissa t\u00f6iss\u00e4 t\u00e4n\u00e4\u00e4n. ;) Tai ainakin oikeissa ty\u00f6kamppeissa: oli huomioliivi\u00e4, turvakenk\u00e4\u00e4 ja (huom. valkoista) kyp\u00e4r\u00e4\u00e4. Niin paljon j\u00e4nnitti uusi kokemus, ett\u00e4 y\u00f6unet meniv\u00e4t pipariksi niin kuin pahimpinakin ylikierrosaikoina duunissa. Ja kaiken kukkaraksi k\u00e4vin eilen y\u00f6puulle vasta puoleny\u00f6n tiet\u00e4miss\u00e4, sill\u00e4 olin iltay\u00f6st\u00e4 revontulten mets\u00e4styksess\u00e4 Meri-Toppilassa ja Nallikarissa. Saalis ei ollut\u2026","rel":"","context":"Kategoriassa &quot;Muistikuvia&quot;","block_context":{"text":"Muistikuvia","link":"https:\/\/www.satokangas.fi\/blogi\/category\/muistikuvia\/"},"img":{"alt_text":"","src":"https:\/\/i0.wp.com\/www.satokangas.fi\/blogi\/wp-content\/uploads\/2020\/02\/raksahommia-2.jpg?resize=350%2C200&ssl=1","width":350,"height":200,"srcset":"https:\/\/i0.wp.com\/www.satokangas.fi\/blogi\/wp-content\/uploads\/2020\/02\/raksahommia-2.jpg?resize=350%2C200&ssl=1 1x, https:\/\/i0.wp.com\/www.satokangas.fi\/blogi\/wp-content\/uploads\/2020\/02\/raksahommia-2.jpg?resize=525%2C300&ssl=1 1.5x, https:\/\/i0.wp.com\/www.satokangas.fi\/blogi\/wp-content\/uploads\/2020\/02\/raksahommia-2.jpg?resize=700%2C400&ssl=1 2x"},"classes":[]}],"_links":{"self":[{"href":"https:\/\/www.satokangas.fi\/blogi\/wp-json\/wp\/v2\/posts\/32611","targetHints":{"allow":["GET"]}}],"collection":[{"href":"https:\/\/www.satokangas.fi\/blogi\/wp-json\/wp\/v2\/posts"}],"about":[{"href":"https:\/\/www.satokangas.fi\/blogi\/wp-json\/wp\/v2\/types\/post"}],"author":[{"embeddable":true,"href":"https:\/\/www.satokangas.fi\/blogi\/wp-json\/wp\/v2\/users\/1"}],"replies":[{"embeddable":true,"href":"https:\/\/www.satokangas.fi\/blogi\/wp-json\/wp\/v2\/comments?post=32611"}],"version-history":[{"count":0,"href":"https:\/\/www.satokangas.fi\/blogi\/wp-json\/wp\/v2\/posts\/32611\/revisions"}],"wp:attachment":[{"href":"https:\/\/www.satokangas.fi\/blogi\/wp-json\/wp\/v2\/media?parent=32611"}],"wp:term":[{"taxonomy":"category","embeddable":true,"href":"https:\/\/www.satokangas.fi\/blogi\/wp-json\/wp\/v2\/categories?post=32611"},{"taxonomy":"post_tag","embeddable":true,"href":"https:\/\/www.satokangas.fi\/blogi\/wp-json\/wp\/v2\/tags?post=32611"}],"curies":[{"name":"wp","href":"https:\/\/api.w.org\/{rel}","templated":true}]}}