{"id":32607,"date":"2017-11-17T19:19:52","date_gmt":"2017-11-17T17:19:52","guid":{"rendered":"https:\/\/www.satokangas.fi\/blogi\/?p=32607"},"modified":"2017-11-17T19:33:58","modified_gmt":"2017-11-17T17:33:58","slug":"suunnitelman-muutos","status":"publish","type":"post","link":"https:\/\/www.satokangas.fi\/blogi\/2017\/11\/suunnitelman-muutos\/","title":{"rendered":"Suunnitelman muutos"},"content":{"rendered":"<p style=\"text-align: justify;\">Kyll\u00e4 mie niin mieleni pahoitin! Niin paljon olin odottanut. Valoa, Lumoa, kuvia, kuvia valosta ja Lumosta, ja mit\u00e4 tekee s\u00e4\u00e4! Sataa r\u00e4nt\u00e4\u00e4, lunta ja r\u00e4nn\u00e4nsekaista lunta!<\/p>\n<p style=\"text-align: justify;\">Ajatuksena ja aikeena meill\u00e4 oli ollut l\u00e4hte\u00e4 iltap\u00e4iv\u00e4ll\u00e4 kaupungille sy\u00f6m\u00e4\u00e4n, jonnekin etniseen, ei mit\u00e4\u00e4n pitk\u00e4\u00e4 dinneri\u00e4, vaan sy\u00f6m\u00e4\u00e4n hyvin ja sitten kiertelem\u00e4\u00e4n, katselemaan, kuvailemaan Oulun joulukauden avajaisia ja ennen kaikkea LUMOa. Pehtoori oli lupautunut Sancho Panzaksi, apuriksi kantamaan jalustaa ja muutenkin mukaan.<\/p>\n<p style=\"text-align: justify;\">Koko p\u00e4iv\u00e4n ohjelma rakennettiin t\u00e4m\u00e4n varaan: aamup\u00e4iv\u00e4n k\u00e4ytin tilausty\u00f6n kuvank\u00e4sittelyyn, ja sain kuin sainkin homman tehdyksi. Samaan aikaan toisaalla Pehtoori pesi autot, kuntoili ja k\u00e4vi kaupassa.<\/p>\n<p style=\"text-align: justify;\">Olimme iltap\u00e4iv\u00e4n lopulla valmiita. Mutta sade ei vaan toennut! Lopulta p\u00e4\u00e4timme yksiss\u00e4 tuumin j\u00e4\u00e4d\u00e4 t\u00e4n\u00e4\u00e4n kotiin: kehittelin gourmetia olemassaolevista aineksista. Ihan hyv\u00e4\u00e4 risottoa tulee liki ylivuotisesta puuroriisist\u00e4kin ja pakastetut hirvenlihak\u00e4\u00e4ryleet saavat uuden mahdollisuuden runsaalla maustamisella ja tilkalla kermaa etc.<\/p>\n<p>Siis lopultakin totisesti kotiperjantai.<\/p>\n<p>Siisp\u00e4 aloittelin joulukortin teon, ja my\u00f6s jouluviinisuositusten kuvaamisen.<\/p>\n<p><a href=\"https:\/\/www.satokangas.fi\/blogi\/2017\/11\/suunnitelman-muutos\/viini-3\/#main\" rel=\"attachment wp-att-32608\"><img loading=\"lazy\" decoding=\"async\" data-attachment-id=\"32608\" data-permalink=\"https:\/\/www.satokangas.fi\/blogi\/2017\/11\/suunnitelman-muutos\/viini-3\/\" data-orig-file=\"https:\/\/www.satokangas.fi\/blogi\/wp-content\/uploads\/2017\/11\/viini.jpg\" data-orig-size=\"1000,667\" data-comments-opened=\"1\" data-image-meta=\"{&quot;aperture&quot;:&quot;0&quot;,&quot;credit&quot;:&quot;Reija Satokangas&quot;,&quot;camera&quot;:&quot;&quot;,&quot;caption&quot;:&quot;&quot;,&quot;created_timestamp&quot;:&quot;1510940309&quot;,&quot;copyright&quot;:&quot;&quot;,&quot;focal_length&quot;:&quot;0&quot;,&quot;iso&quot;:&quot;0&quot;,&quot;shutter_speed&quot;:&quot;0&quot;,&quot;title&quot;:&quot;&quot;,&quot;orientation&quot;:&quot;0&quot;}\" data-image-title=\"viini\" data-image-description=\"\" data-image-caption=\"\" data-large-file=\"https:\/\/www.satokangas.fi\/blogi\/wp-content\/uploads\/2017\/11\/viini.jpg\" class=\"aligncenter size-full wp-image-32608\" src=\"https:\/\/www.satokangas.fi\/blogi\/wp-content\/uploads\/2017\/11\/viini.jpg\" alt=\"\" width=\"1000\" height=\"667\" srcset=\"https:\/\/www.satokangas.fi\/blogi\/wp-content\/uploads\/2017\/11\/viini.jpg 1000w, https:\/\/www.satokangas.fi\/blogi\/wp-content\/uploads\/2017\/11\/viini-300x200.jpg 300w, https:\/\/www.satokangas.fi\/blogi\/wp-content\/uploads\/2017\/11\/viini-600x400.jpg 600w, https:\/\/www.satokangas.fi\/blogi\/wp-content\/uploads\/2017\/11\/viini-768x512.jpg 768w\" sizes=\"auto, (max-width: 1000px) 100vw, 1000px\" \/><\/a><\/p>\n<p style=\"text-align: justify;\">Etiketiss\u00e4 heraldisten ankkureiden alla lukee &#8221;Wolvaart&#8221;. Viini on etel\u00e4-afrikkalainen, joten voisiko se olla hollantia? kuulostaa silt\u00e4. Ja sitten j\u00e4\u00e4n etsim\u00e4\u00e4n tietoa t\u00e4st\u00e4 Wo(l)vaarista, jossa on jotain harrypottermaistakin&#8230; Ja jonkin ajan kuluttua mietin: t\u00e4m\u00e4k\u00f6 nyt on olennaista? &#8211; No mutta ihan sama. Minua nyt vain kiinnostaa, mutta en l\u00f6yt\u00e4nyt tietoa siit\u00e4, mit\u00e4 tarkoittaa&#8230; Joka tapauksessa t\u00e4m\u00e4k\u00e4\u00e4n viini ei p\u00e4\u00e4dy jouluviinisuositusten k\u00e4rkeen. Jos ollenkaan.<\/p>\n<p>Mutta kuten sanottu, homma on alulla&#8230; kuten muutama muukin jouluyll\u00e4ri, nimenomaan teille hyv\u00e4t blogilukijani!<\/p>\n<p><a href=\"https:\/\/www.satokangas.fi\/blogi\/2017\/11\/suunnitelman-muutos\/viini-3-2\/#main\" rel=\"attachment wp-att-32609\"><img loading=\"lazy\" decoding=\"async\" data-attachment-id=\"32609\" data-permalink=\"https:\/\/www.satokangas.fi\/blogi\/2017\/11\/suunnitelman-muutos\/viini-3-2\/\" data-orig-file=\"https:\/\/www.satokangas.fi\/blogi\/wp-content\/uploads\/2017\/11\/viini-3.jpg\" data-orig-size=\"809,1000\" data-comments-opened=\"1\" data-image-meta=\"{&quot;aperture&quot;:&quot;0&quot;,&quot;credit&quot;:&quot;Reija Satokangas&quot;,&quot;camera&quot;:&quot;&quot;,&quot;caption&quot;:&quot;&quot;,&quot;created_timestamp&quot;:&quot;1510932443&quot;,&quot;copyright&quot;:&quot;&quot;,&quot;focal_length&quot;:&quot;0&quot;,&quot;iso&quot;:&quot;0&quot;,&quot;shutter_speed&quot;:&quot;0&quot;,&quot;title&quot;:&quot;&quot;,&quot;orientation&quot;:&quot;0&quot;}\" data-image-title=\"viini-3\" data-image-description=\"\" data-image-caption=\"\" data-large-file=\"https:\/\/www.satokangas.fi\/blogi\/wp-content\/uploads\/2017\/11\/viini-3.jpg\" class=\"aligncenter wp-image-32609 size-medium\" src=\"https:\/\/www.satokangas.fi\/blogi\/wp-content\/uploads\/2017\/11\/viini-3-324x400.jpg\" alt=\"\" width=\"324\" height=\"400\" srcset=\"https:\/\/www.satokangas.fi\/blogi\/wp-content\/uploads\/2017\/11\/viini-3-324x400.jpg 324w, https:\/\/www.satokangas.fi\/blogi\/wp-content\/uploads\/2017\/11\/viini-3-243x300.jpg 243w, https:\/\/www.satokangas.fi\/blogi\/wp-content\/uploads\/2017\/11\/viini-3-768x949.jpg 768w, https:\/\/www.satokangas.fi\/blogi\/wp-content\/uploads\/2017\/11\/viini-3.jpg 809w\" sizes=\"auto, (max-width: 324px) 100vw, 324px\" \/><\/a><\/p>\n<p>V\u00e4rkk\u00e4ilin\/kuvailin my\u00f6s nettisivujen uudistusta, kohti &#8221;<a href=\"http:\/\/www.satokangas.fi\/etusivu\/\" target=\"_blank\" rel=\"noopener\">ammattilaissivustoa<\/a>&#8221;. \ud83d\ude00\u00a0 Uusi banneri on jo tehty.<\/p>\n<p>Mutta siis, huomenna olen aktiivisempi, enk\u00e4 anna s\u00e4\u00e4n sulkea minua sis\u00e4lle. Huomenna kohti Lumoa!<\/p>\n","protected":false},"excerpt":{"rendered":"<p>Kyll\u00e4 mie niin mieleni pahoitin! Niin paljon olin odottanut. Valoa, Lumoa, kuvia, kuvia valosta ja Lumosta, ja mit\u00e4 tekee s\u00e4\u00e4! Sataa r\u00e4nt\u00e4\u00e4, lunta ja r\u00e4nn\u00e4nsekaista lunta! Ajatuksena ja aikeena meill\u00e4 oli ollut l\u00e4hte\u00e4 iltap\u00e4iv\u00e4ll\u00e4 kaupungille sy\u00f6m\u00e4\u00e4n, jonnekin etniseen, ei mit\u00e4\u00e4n pitk\u00e4\u00e4 dinneri\u00e4, vaan sy\u00f6m\u00e4\u00e4n hyvin ja sitten kiertelem\u00e4\u00e4n, katselemaan, kuvailemaan Oulun joulukauden avajaisia ja ennen kaikkea LUMOa. Pehtoori oli lupautunut &hellip; <\/p>\n","protected":false},"author":1,"featured_media":0,"comment_status":"open","ping_status":"open","sticky":false,"template":"","format":"standard","meta":{"jetpack_post_was_ever_published":false,"_jetpack_newsletter_access":"","_jetpack_dont_email_post_to_subs":false,"_jetpack_newsletter_tier_id":0,"_jetpack_memberships_contains_paywalled_content":false,"_jetpack_memberships_contains_paid_content":false,"footnotes":"","jetpack_publicize_message":"","jetpack_publicize_feature_enabled":true,"jetpack_social_post_already_shared":true,"jetpack_social_options":{"image_generator_settings":{"template":"highway","default_image_id":0,"font":"","enabled":false},"version":2}},"categories":[1],"tags":[],"class_list":["post-32607","post","type-post","status-publish","format-standard","hentry","category-aiheeton","latest_post"],"jetpack_publicize_connections":[],"jetpack_featured_media_url":"","jetpack_shortlink":"https:\/\/wp.me\/pr4p4-8tV","jetpack_sharing_enabled":true,"jetpack_likes_enabled":false,"jetpack-related-posts":[{"id":29735,"url":"https:\/\/www.satokangas.fi\/blogi\/2016\/11\/lumo-oulussa-on-taas-valoa\/","url_meta":{"origin":32607,"position":0},"title":"Lumo &#8211; Oulussa on taas valoa","author":"Reija","date":"24.11.2016","format":false,"excerpt":"\u00b4Valoa Oulu\u00b4, joka t\u00e4n\u00e4 vuonna on saanut nimekseen Lumo, on t\u00e4\u00e4ll\u00e4 taas. Tai tapahtuma alkoi jo viime viikonloppuna, ja jatkuu viel\u00e4 sunnuntaihin asti. Mie p\u00e4\u00e4sin t\u00e4n\u00e4\u00e4n\u00a0sit\u00e4 iltasella kuvailemaan. Monta tuntia kiertelin kaupungilla, harkitsin viel\u00e4 Pikkaralaan l\u00e4ht\u00f6\u00e4, siell\u00e4 olis ollut lossi valaistuna komeasti, mutta jo niin palelin, ett\u00e4 kotiuduin... Monia kohteita\u2026","rel":"","context":"Kategoriassa &quot;Valokuvaus&quot;","block_context":{"text":"Valokuvaus","link":"https:\/\/www.satokangas.fi\/blogi\/category\/valokuvaus\/"},"img":{"alt_text":"lumo-4","src":"https:\/\/i0.wp.com\/www.satokangas.fi\/blogi\/wp-content\/uploads\/2016\/11\/Lumo-4-600x400.jpg?resize=350%2C200&ssl=1","width":350,"height":200,"srcset":"https:\/\/i0.wp.com\/www.satokangas.fi\/blogi\/wp-content\/uploads\/2016\/11\/Lumo-4-600x400.jpg?resize=350%2C200&ssl=1 1x, https:\/\/i0.wp.com\/www.satokangas.fi\/blogi\/wp-content\/uploads\/2016\/11\/Lumo-4-600x400.jpg?resize=525%2C300&ssl=1 1.5x"},"classes":[]},{"id":32611,"url":"https:\/\/www.satokangas.fi\/blogi\/2017\/11\/lumo-oulussa-valoja-ja-kaupunkikulttuuria\/","url_meta":{"origin":32607,"position":1},"title":"LUMO &#8211; Oulussa valoja ja kaupunkikulttuuria!","author":"Reija","date":"18.11.2017","format":false,"excerpt":"Jo aamulla kerroin assistentilleni, ett\u00e4 kahden j\u00e4lkeen l\u00e4hdemme kaupungille: kuvailemaan, kulkemaan ja sy\u00f6m\u00e4\u00e4n. Pehtoorilla ei ollut mit\u00e4\u00e4n assistentaarismia vastaan. Semminkin kun tiesi, ett\u00e4 olin tehnyt p\u00f6yt\u00e4varauksen Istanbuliin. \u00a0[Huom. keskell\u00e4 kuvaa ryhdikk\u00e4\u00e4sti jalustan kanssa kulkeva mieshenkil\u00f6: assistentti kulkee jo edell\u00e4ni. ] Ensin k\u00e4vimme tervehtim\u00e4ss\u00e4 Tiernapoikia, ja katselemassa kun Rotuaarilla jaettiin t\u00e4m\u00e4n\u2026","rel":"","context":"Kategoriassa &quot;Oulu&quot;","block_context":{"text":"Oulu","link":"https:\/\/www.satokangas.fi\/blogi\/category\/oulu\/"},"img":{"alt_text":"","src":"https:\/\/i0.wp.com\/www.satokangas.fi\/blogi\/wp-content\/uploads\/2017\/11\/Lumo-13.jpg?resize=350%2C200&ssl=1","width":350,"height":200,"srcset":"https:\/\/i0.wp.com\/www.satokangas.fi\/blogi\/wp-content\/uploads\/2017\/11\/Lumo-13.jpg?resize=350%2C200&ssl=1 1x, https:\/\/i0.wp.com\/www.satokangas.fi\/blogi\/wp-content\/uploads\/2017\/11\/Lumo-13.jpg?resize=525%2C300&ssl=1 1.5x, https:\/\/i0.wp.com\/www.satokangas.fi\/blogi\/wp-content\/uploads\/2017\/11\/Lumo-13.jpg?resize=700%2C400&ssl=1 2x"},"classes":[]},{"id":37277,"url":"https:\/\/www.satokangas.fi\/blogi\/2019\/10\/luomua-ja-lumoa\/","url_meta":{"origin":32607,"position":2},"title":"Luomua ja lumoa","author":"Reija","date":"3.10.2019","format":false,"excerpt":"Aamusella ennen aika massiivisen kaupunkikierroksen aloittamista k\u00e4v\u00e4isin tovin Ainolan puistossa (t\u00e4ydent\u00e4m\u00e4ss\u00e4 kuvasaalista ja) ihailemassa valoa, v\u00e4rej\u00e4, varjoja, hengittelem\u00e4ss\u00e4 tietoisesti hyvin hitaasti. Kaupunkiluontokin voi lumota. ;) T\u00e4m\u00e4n liki meditatiivisen puistok\u00e4velyn j\u00e4lkeen rastilta toiselle, asioita hoidellen ja viimeisen\u00e4 iltakuudelta oli sitten aika ajella Kaukovainiolle Ammattikorkean parkkialueelle. Siell\u00e4 on joka toinen viikko REKO-l\u00e4hiruokaryhm\u00e4\u2026","rel":"","context":"Kategoriassa &quot;Niit\u00e4 n\u00e4it\u00e4&quot;","block_context":{"text":"Niit\u00e4 n\u00e4it\u00e4","link":"https:\/\/www.satokangas.fi\/blogi\/category\/aiheeton\/"},"img":{"alt_text":"","src":"https:\/\/i0.wp.com\/www.satokangas.fi\/blogi\/wp-content\/uploads\/2019\/10\/2-5.jpg?resize=350%2C200&ssl=1","width":350,"height":200,"srcset":"https:\/\/i0.wp.com\/www.satokangas.fi\/blogi\/wp-content\/uploads\/2019\/10\/2-5.jpg?resize=350%2C200&ssl=1 1x, https:\/\/i0.wp.com\/www.satokangas.fi\/blogi\/wp-content\/uploads\/2019\/10\/2-5.jpg?resize=525%2C300&ssl=1 1.5x, https:\/\/i0.wp.com\/www.satokangas.fi\/blogi\/wp-content\/uploads\/2019\/10\/2-5.jpg?resize=700%2C400&ssl=1 2x"},"classes":[]},{"id":35286,"url":"https:\/\/www.satokangas.fi\/blogi\/2018\/11\/lumon-jalkeen\/","url_meta":{"origin":32607,"position":3},"title":"LUMOn j\u00e4lkeen","author":"Reija","date":"26.11.2018","format":false,"excerpt":"Museum of the Moon Museum Of The Moon on halkaisijaltaan 7-metrinen kuu, jonka valmistamisessa on k\u00e4ytetty NASA:n kuvia kuun pinnalta 120 dpi:n tarkkuudella. T\u00e4m\u00e4n sis\u00e4lt\u00e4 p\u00e4in valaistun kuun j\u00e4ljenn\u00f6ksen mittakaava on 1 : 500 000,\u00a0 jossa 1 cm teoksen ulkopinnalla on 5 km kuun pinnalla. L\u00e4hde:\u00a0(https:\/\/www.ouka.fi\/oulu\/lumo) Viikonloppuna oli Oulussa viides\u2026","rel":"","context":"Kategoriassa &quot;Oulu&quot;","block_context":{"text":"Oulu","link":"https:\/\/www.satokangas.fi\/blogi\/category\/oulu\/"},"img":{"alt_text":"","src":"https:\/\/i0.wp.com\/www.satokangas.fi\/blogi\/wp-content\/uploads\/2018\/11\/Lumo-7.jpg?resize=350%2C200&ssl=1","width":350,"height":200,"srcset":"https:\/\/i0.wp.com\/www.satokangas.fi\/blogi\/wp-content\/uploads\/2018\/11\/Lumo-7.jpg?resize=350%2C200&ssl=1 1x, https:\/\/i0.wp.com\/www.satokangas.fi\/blogi\/wp-content\/uploads\/2018\/11\/Lumo-7.jpg?resize=525%2C300&ssl=1 1.5x, https:\/\/i0.wp.com\/www.satokangas.fi\/blogi\/wp-content\/uploads\/2018\/11\/Lumo-7.jpg?resize=700%2C400&ssl=1 2x"},"classes":[]},{"id":14572,"url":"https:\/\/www.satokangas.fi\/blogi\/2012\/06\/juhannuksen-luppoilua-ja-lapin-lumoa\/","url_meta":{"origin":32607,"position":4},"title":"Juhannuksen luppoilua ja Lapin lumoa","author":"Reija","date":"23.6.2012","format":false,"excerpt":"Juhannusaamuna aurinko paistaa siniselt\u00e4 taivaalta! Ja me her\u00e4\u00e4mme vasta my\u00f6h\u00e4\u00e4n - ihanaa! Mietin viel\u00e4kin kuinka mielett\u00f6m\u00e4n valoisaa t\u00e4\u00e4ll\u00e4 on. Kuinka y\u00f6ll\u00e4 oli valoisaa. Juhannusaatto My\u00f6t\u00e4tuulessa? S\u00f6imme, joimmekin, katsoimme juhannusjunan kulkua l\u00e4pi Suomen hyvin ristiriitaisin kommentein, puhuimme, nauroimme, s\u00f6imme taas v\u00e4h\u00e4n ... vieraat l\u00e4htiv\u00e4t reilusti puolen y\u00f6n j\u00e4lkeen, T & J\u2026","rel":"","context":"Kategoriassa &quot;Lappi&quot;","block_context":{"text":"Lappi","link":"https:\/\/www.satokangas.fi\/blogi\/category\/lappi\/"},"img":{"alt_text":"","src":"https:\/\/i0.wp.com\/www.satokangas.fi\/blogi\/wp-content\/uploads\/taivas-kattona-2-Custom-600x400.jpg?resize=350%2C200&ssl=1","width":350,"height":200,"srcset":"https:\/\/i0.wp.com\/www.satokangas.fi\/blogi\/wp-content\/uploads\/taivas-kattona-2-Custom-600x400.jpg?resize=350%2C200&ssl=1 1x, https:\/\/i0.wp.com\/www.satokangas.fi\/blogi\/wp-content\/uploads\/taivas-kattona-2-Custom-600x400.jpg?resize=525%2C300&ssl=1 1.5x"},"classes":[]},{"id":51244,"url":"https:\/\/www.satokangas.fi\/blogi\/2024\/11\/lumoavaa-2\/","url_meta":{"origin":32607,"position":5},"title":"Lumoavaa","author":"Reija","date":"23.11.2024","format":false,"excerpt":"On LUMO-viikonloppu. Lumo-valofestivaali on nyt j\u00e4rjestyksess\u00e4\u00e4n kahdestoista ja t\u00e4n\u00e4 vuonna teoksia on 15. Suunnilleen puolet me k\u00e4vimme t\u00e4n\u00e4\u00e4n katsomassa. Juniori, Apsu ja Eepi olivat mukana. Menimme heti nelj\u00e4ksi, joten ei mennyt jonoissa k\u00e4velyksi ja p\u00e4\u00e4simme ihan liki kaikkia teoksia, vaikka keskustassa oli todella paljon v\u00e4ke\u00e4. Jopa niin ett\u00e4 pian nelj\u00e4n\u2026","rel":"","context":"Kategoriassa &quot;Oulu&quot;","block_context":{"text":"Oulu","link":"https:\/\/www.satokangas.fi\/blogi\/category\/oulu\/"},"img":{"alt_text":"","src":"https:\/\/i0.wp.com\/www.satokangas.fi\/blogi\/wp-content\/uploads\/2024\/11\/Lumo_2024-2.jpg?resize=350%2C200&ssl=1","width":350,"height":200,"srcset":"https:\/\/i0.wp.com\/www.satokangas.fi\/blogi\/wp-content\/uploads\/2024\/11\/Lumo_2024-2.jpg?resize=350%2C200&ssl=1 1x, https:\/\/i0.wp.com\/www.satokangas.fi\/blogi\/wp-content\/uploads\/2024\/11\/Lumo_2024-2.jpg?resize=525%2C300&ssl=1 1.5x, https:\/\/i0.wp.com\/www.satokangas.fi\/blogi\/wp-content\/uploads\/2024\/11\/Lumo_2024-2.jpg?resize=700%2C400&ssl=1 2x"},"classes":[]}],"_links":{"self":[{"href":"https:\/\/www.satokangas.fi\/blogi\/wp-json\/wp\/v2\/posts\/32607","targetHints":{"allow":["GET"]}}],"collection":[{"href":"https:\/\/www.satokangas.fi\/blogi\/wp-json\/wp\/v2\/posts"}],"about":[{"href":"https:\/\/www.satokangas.fi\/blogi\/wp-json\/wp\/v2\/types\/post"}],"author":[{"embeddable":true,"href":"https:\/\/www.satokangas.fi\/blogi\/wp-json\/wp\/v2\/users\/1"}],"replies":[{"embeddable":true,"href":"https:\/\/www.satokangas.fi\/blogi\/wp-json\/wp\/v2\/comments?post=32607"}],"version-history":[{"count":0,"href":"https:\/\/www.satokangas.fi\/blogi\/wp-json\/wp\/v2\/posts\/32607\/revisions"}],"wp:attachment":[{"href":"https:\/\/www.satokangas.fi\/blogi\/wp-json\/wp\/v2\/media?parent=32607"}],"wp:term":[{"taxonomy":"category","embeddable":true,"href":"https:\/\/www.satokangas.fi\/blogi\/wp-json\/wp\/v2\/categories?post=32607"},{"taxonomy":"post_tag","embeddable":true,"href":"https:\/\/www.satokangas.fi\/blogi\/wp-json\/wp\/v2\/tags?post=32607"}],"curies":[{"name":"wp","href":"https:\/\/api.w.org\/{rel}","templated":true}]}}