{"id":32580,"date":"2017-11-15T20:50:21","date_gmt":"2017-11-15T18:50:21","guid":{"rendered":"https:\/\/www.satokangas.fi\/blogi\/?p=32580"},"modified":"2017-11-16T07:58:03","modified_gmt":"2017-11-16T05:58:03","slug":"pikkuisia-juttuja-vain","status":"publish","type":"post","link":"https:\/\/www.satokangas.fi\/blogi\/2017\/11\/pikkuisia-juttuja-vain\/","title":{"rendered":"Pikkuisia juttuja vain&#8230;"},"content":{"rendered":"<p>Katsokaahan mit\u00e4 oli Lidliss\u00e4!<\/p>\n<p><a href=\"https:\/\/www.satokangas.fi\/blogi\/2017\/11\/pikkuisia-juttuja-vain\/pasteis-de-nata-2\/#main\" rel=\"attachment wp-att-32581\"><img loading=\"lazy\" decoding=\"async\" data-attachment-id=\"32581\" data-permalink=\"https:\/\/www.satokangas.fi\/blogi\/2017\/11\/pikkuisia-juttuja-vain\/pasteis-de-nata-2\/\" data-orig-file=\"https:\/\/www.satokangas.fi\/blogi\/wp-content\/uploads\/2017\/11\/Pasteis-de-Nata.jpg\" data-orig-size=\"1000,672\" data-comments-opened=\"1\" data-image-meta=\"{&quot;aperture&quot;:&quot;0&quot;,&quot;credit&quot;:&quot;Reija Satokangas&quot;,&quot;camera&quot;:&quot;&quot;,&quot;caption&quot;:&quot;&quot;,&quot;created_timestamp&quot;:&quot;1510759426&quot;,&quot;copyright&quot;:&quot;&quot;,&quot;focal_length&quot;:&quot;0&quot;,&quot;iso&quot;:&quot;0&quot;,&quot;shutter_speed&quot;:&quot;0&quot;,&quot;title&quot;:&quot;&quot;,&quot;orientation&quot;:&quot;0&quot;}\" data-image-title=\"Pasteis de Nata\" data-image-description=\"\" data-image-caption=\"\" data-large-file=\"https:\/\/www.satokangas.fi\/blogi\/wp-content\/uploads\/2017\/11\/Pasteis-de-Nata.jpg\" class=\"aligncenter size-full wp-image-32581\" src=\"https:\/\/www.satokangas.fi\/blogi\/wp-content\/uploads\/2017\/11\/Pasteis-de-Nata.jpg\" alt=\"\" width=\"1000\" height=\"672\" srcset=\"https:\/\/www.satokangas.fi\/blogi\/wp-content\/uploads\/2017\/11\/Pasteis-de-Nata.jpg 1000w, https:\/\/www.satokangas.fi\/blogi\/wp-content\/uploads\/2017\/11\/Pasteis-de-Nata-300x202.jpg 300w, https:\/\/www.satokangas.fi\/blogi\/wp-content\/uploads\/2017\/11\/Pasteis-de-Nata-595x400.jpg 595w, https:\/\/www.satokangas.fi\/blogi\/wp-content\/uploads\/2017\/11\/Pasteis-de-Nata-768x516.jpg 768w\" sizes=\"auto, (max-width: 1000px) 100vw, 1000px\" \/><\/a><\/p>\n<p>N\u00e4it\u00e4 portugalin herkkuja, joista jokunen vuosi sitten <a href=\"https:\/\/www.satokangas.fi\/blogi\/2013\/11\/pasteis-de-nata-ja-pyhainpaivan-ruoka\/\" target=\"_blank\" rel=\"noopener\"><span style=\"text-decoration: underline;\">kirjoittelin enemm\u00e4nkin<\/span><\/a>, ja leivoin jopa itse. En en\u00e4\u00e4 edes aio yritt\u00e4\u00e4, sill\u00e4 n\u00e4m\u00e4 maksoivat Lidliss\u00e4 59 sentti\u00e4 kappale. En todellakaan siihen hintaan onnistu tekem\u00e4\u00e4n itse, eiv\u00e4tk\u00e4 omani olleet n\u00e4iden rinnalla kovinkaan kummoisia. Pateis de Nata! Suosittelen.<\/p>\n<p>Muuta reseptiikka tulee huomenna sitten enemm\u00e4nkin&#8230;<\/p>\n<p>Olin t\u00e4n\u00e4\u00e4n iltasella kuvailemassa &#8221;pre-karonkka&#8221; ja sitten v\u00e4h\u00e4n treenailemassa pime\u00e4kuvailua, sill\u00e4 viikonloppuna on <span style=\"text-decoration: underline;\"><a href=\"https:\/\/www.ouka.fi\/lumo#\" target=\"_blank\" rel=\"noopener\">Lumo-valofestivaali<\/a><\/span>, ja paljon mukavalta vaikuttavia valoteoksia. Olisipa s\u00e4\u00e4 suosiollinen.<\/p>\n<p><a href=\"https:\/\/www.satokangas.fi\/blogi\/2017\/11\/pikkuisia-juttuja-vain\/patosilta-2\/#main\" rel=\"attachment wp-att-32582\"><img loading=\"lazy\" decoding=\"async\" data-attachment-id=\"32582\" data-permalink=\"https:\/\/www.satokangas.fi\/blogi\/2017\/11\/pikkuisia-juttuja-vain\/patosilta-2\/\" data-orig-file=\"https:\/\/www.satokangas.fi\/blogi\/wp-content\/uploads\/2017\/11\/Patosilta.jpg\" data-orig-size=\"1000,505\" data-comments-opened=\"1\" data-image-meta=\"{&quot;aperture&quot;:&quot;0&quot;,&quot;credit&quot;:&quot;Reija Satokangas&quot;,&quot;camera&quot;:&quot;&quot;,&quot;caption&quot;:&quot;&quot;,&quot;created_timestamp&quot;:&quot;1510769269&quot;,&quot;copyright&quot;:&quot;&quot;,&quot;focal_length&quot;:&quot;0&quot;,&quot;iso&quot;:&quot;0&quot;,&quot;shutter_speed&quot;:&quot;0&quot;,&quot;title&quot;:&quot;&quot;,&quot;orientation&quot;:&quot;0&quot;}\" data-image-title=\"Patosilta\" data-image-description=\"\" data-image-caption=\"\" data-large-file=\"https:\/\/www.satokangas.fi\/blogi\/wp-content\/uploads\/2017\/11\/Patosilta.jpg\" class=\"aligncenter size-full wp-image-32582\" src=\"https:\/\/www.satokangas.fi\/blogi\/wp-content\/uploads\/2017\/11\/Patosilta.jpg\" alt=\"\" width=\"1000\" height=\"505\" srcset=\"https:\/\/www.satokangas.fi\/blogi\/wp-content\/uploads\/2017\/11\/Patosilta.jpg 1000w, https:\/\/www.satokangas.fi\/blogi\/wp-content\/uploads\/2017\/11\/Patosilta-300x152.jpg 300w, https:\/\/www.satokangas.fi\/blogi\/wp-content\/uploads\/2017\/11\/Patosilta-792x400.jpg 792w, https:\/\/www.satokangas.fi\/blogi\/wp-content\/uploads\/2017\/11\/Patosilta-768x388.jpg 768w\" sizes=\"auto, (max-width: 1000px) 100vw, 1000px\" \/><\/a><\/p>\n<p>Tuo kuvan Patosiltakin saa uudet valot.<\/p>\n<p>Kuvan etualan viivakuvio on kaksi sorsaa, jotka uiskentelivat kuvatessani etualalla, mutta puolen minuutin valotusaika h\u00e4ivytti linnut viivoiksi.<\/p>\n<p>&nbsp;<\/p>\n<p>&nbsp;<\/p>\n","protected":false},"excerpt":{"rendered":"<p>Katsokaahan mit\u00e4 oli Lidliss\u00e4! N\u00e4it\u00e4 portugalin herkkuja, joista jokunen vuosi sitten kirjoittelin enemm\u00e4nkin, ja leivoin jopa itse. En en\u00e4\u00e4 edes aio yritt\u00e4\u00e4, sill\u00e4 n\u00e4m\u00e4 maksoivat Lidliss\u00e4 59 sentti\u00e4 kappale. En todellakaan siihen hintaan onnistu tekem\u00e4\u00e4n itse, eiv\u00e4tk\u00e4 omani olleet n\u00e4iden rinnalla kovinkaan kummoisia. Pateis de Nata! Suosittelen. Muuta reseptiikka tulee huomenna sitten enemm\u00e4nkin&#8230; Olin t\u00e4n\u00e4\u00e4n iltasella kuvailemassa &#8221;pre-karonkka&#8221; ja sitten &hellip; <\/p>\n","protected":false},"author":1,"featured_media":0,"comment_status":"open","ping_status":"open","sticky":false,"template":"","format":"standard","meta":{"jetpack_post_was_ever_published":false,"_jetpack_newsletter_access":"","_jetpack_dont_email_post_to_subs":false,"_jetpack_newsletter_tier_id":0,"_jetpack_memberships_contains_paywalled_content":false,"_jetpack_memberships_contains_paid_content":false,"footnotes":"","jetpack_publicize_message":"","jetpack_publicize_feature_enabled":true,"jetpack_social_post_already_shared":true,"jetpack_social_options":{"image_generator_settings":{"template":"highway","default_image_id":0,"font":"","enabled":false},"version":2}},"categories":[1],"tags":[],"class_list":["post-32580","post","type-post","status-publish","format-standard","hentry","category-aiheeton","latest_post"],"jetpack_publicize_connections":[],"jetpack_featured_media_url":"","jetpack_shortlink":"https:\/\/wp.me\/pr4p4-8tu","jetpack_sharing_enabled":true,"jetpack_likes_enabled":false,"jetpack-related-posts":[{"id":51939,"url":"https:\/\/www.satokangas.fi\/blogi\/2025\/01\/kotiutumista-ja-kotoilua\/","url_meta":{"origin":32580,"position":0},"title":"Kotiutumista ja kotoilua","author":"Reija","date":"28.1.2025","format":false,"excerpt":"Kotiinpaluup\u00e4iv\u00e4 tavallisin menoin: kaurapuuroaaminen, hyvin - omassa s\u00e4ngyss\u00e4 - nukutun aamupuolen y\u00f6n j\u00e4lkeen, laukkujen purku, pyykinpesua, kalenterin tarkistelua ja sopimisia, l\u00e4heisten \"tilanteen\" p\u00e4ivitys, kauppareissu j\u00e4\u00e4kaapin t\u00e4ydent\u00e4miseksi, kukkahuolto, lumity\u00f6t (joita ei juuri ollut, koska ei ole satanut ja koska Juniori on k\u00e4ynyt v\u00e4h\u00e4iset tekem\u00e4ss\u00e4). N\u00e4it\u00e4 juttuja, - kaikki tiet\u00e4v\u00e4t. L\u00e4hikaupassa, jossa\u2026","rel":"","context":"Kategoriassa &quot;Niit\u00e4 n\u00e4it\u00e4&quot;","block_context":{"text":"Niit\u00e4 n\u00e4it\u00e4","link":"https:\/\/www.satokangas.fi\/blogi\/category\/aiheeton\/"},"img":{"alt_text":"","src":"https:\/\/i0.wp.com\/www.satokangas.fi\/blogi\/wp-content\/uploads\/2025\/01\/TFE_2025-3-e1738092862882.jpg?resize=350%2C200&ssl=1","width":350,"height":200,"srcset":"https:\/\/i0.wp.com\/www.satokangas.fi\/blogi\/wp-content\/uploads\/2025\/01\/TFE_2025-3-e1738092862882.jpg?resize=350%2C200&ssl=1 1x, https:\/\/i0.wp.com\/www.satokangas.fi\/blogi\/wp-content\/uploads\/2025\/01\/TFE_2025-3-e1738092862882.jpg?resize=525%2C300&ssl=1 1.5x, https:\/\/i0.wp.com\/www.satokangas.fi\/blogi\/wp-content\/uploads\/2025\/01\/TFE_2025-3-e1738092862882.jpg?resize=700%2C400&ssl=1 2x"},"classes":[]},{"id":35810,"url":"https:\/\/www.satokangas.fi\/blogi\/2019\/01\/suuri-tuorepuuro-postaus\/","url_meta":{"origin":32580,"position":1},"title":"Suuri Tuorepuuro -postaus","author":"Reija","date":"20.1.2019","format":false,"excerpt":"Tuorepuuroja on meill\u00e4 nautittu nyt hyvin aktiivisesti toista viikkoa. Joka p\u00e4iv\u00e4 erilainen sekoitus. Lopputulema on se, ett\u00e4 ei tule tuorepuurosta jokap\u00e4iv\u00e4ist\u00e4 aamiaista, v\u00e4li- tai iltapalaa, mutta kyll\u00e4 varmasti kerran, pari viikossa sellaisen tulen vastaisuudessa tekem\u00e4\u00e4n. Varsinkin sellaisina p\u00e4ivin\u00e4, jolloin tiet\u00e4\u00e4, ettei p\u00e4\u00e4se pient\u00e4 lounastaan (pari riisikakkua ja juustoviipale tai pari,\u2026","rel":"","context":"Kategoriassa &quot;Niit\u00e4 n\u00e4it\u00e4&quot;","block_context":{"text":"Niit\u00e4 n\u00e4it\u00e4","link":"https:\/\/www.satokangas.fi\/blogi\/category\/aiheeton\/"},"img":{"alt_text":"","src":"https:\/\/i0.wp.com\/www.satokangas.fi\/blogi\/wp-content\/uploads\/2019\/01\/tuorepuuro-5.jpg?resize=350%2C200&ssl=1","width":350,"height":200,"srcset":"https:\/\/i0.wp.com\/www.satokangas.fi\/blogi\/wp-content\/uploads\/2019\/01\/tuorepuuro-5.jpg?resize=350%2C200&ssl=1 1x, https:\/\/i0.wp.com\/www.satokangas.fi\/blogi\/wp-content\/uploads\/2019\/01\/tuorepuuro-5.jpg?resize=525%2C300&ssl=1 1.5x, https:\/\/i0.wp.com\/www.satokangas.fi\/blogi\/wp-content\/uploads\/2019\/01\/tuorepuuro-5.jpg?resize=700%2C400&ssl=1 2x"},"classes":[]},{"id":28991,"url":"https:\/\/www.satokangas.fi\/blogi\/2016\/08\/vierasvara\/","url_meta":{"origin":32580,"position":2},"title":"Vierasvara","author":"Reija","date":"18.8.2016","format":false,"excerpt":"Onko teill\u00e4 kotona vierasvaraa? Pullaa pakkasessa, piirakkpohjia valmiina, samppanjaa kylm\u00e4ss\u00e4, keksej\u00e4 ja suklaata jemmassa silt\u00e4 varalta, ett\u00e4 tulee yll\u00e4tysvieraita tai ett\u00e4 itse yht\u00e4kki\u00e4 p\u00e4\u00e4t\u00e4tte kutsua yst\u00e4vi\u00e4 k\u00e4ym\u00e4\u00e4n? Minulla oli. Oli ennen, ei ole en\u00e4\u00e4. Ennen oli aina muutama suolaisen ja\/tai makean piirakan palanen, j\u00e4\u00e4nyt jostain kesteist\u00e4, pakkasessa. Pieni\u00e4 lihapullia, erikoisj\u00e4tski\u00e4,\u2026","rel":"","context":"Kategoriassa &quot;Niit\u00e4 n\u00e4it\u00e4&quot;","block_context":{"text":"Niit\u00e4 n\u00e4it\u00e4","link":"https:\/\/www.satokangas.fi\/blogi\/category\/aiheeton\/"},"img":{"alt_text":"1-15","src":"https:\/\/i0.wp.com\/www.satokangas.fi\/blogi\/wp-content\/uploads\/2016\/08\/1-15-1-422x400.jpg?resize=350%2C200&ssl=1","width":350,"height":200},"classes":[]},{"id":41827,"url":"https:\/\/www.satokangas.fi\/blogi\/2021\/10\/synttarihommia\/","url_meta":{"origin":32580,"position":3},"title":"Syntt\u00e4rihommia","author":"Reija","date":"30.10.2021","format":false,"excerpt":"Luonto paljas, harmaa, tuulinen s\u00e4\u00e4, mutta l\u00e4mmint\u00e4 ja tuuli etel\u00e4st\u00e4. Viel\u00e4 p\u00e4\u00e4si py\u00f6r\u00e4ilem\u00e4\u00e4n. Asioille ja kuvaamaan. Ja sitten puolelta p\u00e4ivin aloitin Eeviksen pienten syntt\u00e4reiden valmistelun. Kolmen ruokalajin sapuska ja pient\u00e4 lahjontaa: kahden paketin j\u00e4lkeen Apsu hihkaisi selv\u00e4stikin helpottuneena \"Pelkki\u00e4 vaatteita, heh!\", mutta oli sitten kolmaskin iso paketti, joka lopulta n\u00e4ytti\u2026","rel":"","context":"Kategoriassa &quot;Isovanhemmuus&quot;","block_context":{"text":"Isovanhemmuus","link":"https:\/\/www.satokangas.fi\/blogi\/category\/isovanhemmuus\/"},"img":{"alt_text":"","src":"https:\/\/i0.wp.com\/www.satokangas.fi\/blogi\/wp-content\/uploads\/2021\/10\/synttarit-2.jpg?resize=350%2C200&ssl=1","width":350,"height":200,"srcset":"https:\/\/i0.wp.com\/www.satokangas.fi\/blogi\/wp-content\/uploads\/2021\/10\/synttarit-2.jpg?resize=350%2C200&ssl=1 1x, https:\/\/i0.wp.com\/www.satokangas.fi\/blogi\/wp-content\/uploads\/2021\/10\/synttarit-2.jpg?resize=525%2C300&ssl=1 1.5x, https:\/\/i0.wp.com\/www.satokangas.fi\/blogi\/wp-content\/uploads\/2021\/10\/synttarit-2.jpg?resize=700%2C400&ssl=1 2x"},"classes":[]},{"id":17017,"url":"https:\/\/www.satokangas.fi\/blogi\/2013\/04\/mukavia-paivia\/","url_meta":{"origin":32580,"position":4},"title":"Mukavia p\u00e4ivi\u00e4","author":"Reija","date":"7.4.2013","format":false,"excerpt":"Eilinen vapaap\u00e4iv\u00e4 tuntui ihan hurjan mukavalle. Eik\u00e4 korkealta paistava aruinko yht\u00e4\u00e4n v\u00e4hent\u00e4nyt sit\u00e4 ilon tunnetta, joka jo aamulla \"ty\u00f6tt\u00f6m\u00e4st\u00e4\" p\u00e4iv\u00e4st\u00e4 oli. Tytt\u00e4ren l\u00e4hett\u00e4m\u00e4 posti nosti hyv\u00e4n fiiliksen viel\u00e4 yhden levelin ylemm\u00e4s. Saatuani tuon eilisen pitk\u00e4n postauksen valmiiksi oli viel\u00e4 reippaasti pakkasta, joten l\u00e4hdin ensin kauppaan. Meid\u00e4n \"l\u00e4hikauppa\", V\u00e4livainion K-market, rempattiin\u2026","rel":"","context":"Kategoriassa &quot;Niit\u00e4 n\u00e4it\u00e4&quot;","block_context":{"text":"Niit\u00e4 n\u00e4it\u00e4","link":"https:\/\/www.satokangas.fi\/blogi\/category\/aiheeton\/"},"img":{"alt_text":"Sieppaa","src":"https:\/\/i0.wp.com\/www.satokangas.fi\/blogi\/wp-content\/uploads\/2013\/04\/Sieppaa-300x225.png?resize=350%2C200&ssl=1","width":350,"height":200},"classes":[]},{"id":40018,"url":"https:\/\/www.satokangas.fi\/blogi\/2021\/01\/40018\/","url_meta":{"origin":32580,"position":5},"title":"Puuterilunta ja t\u00e4htip\u00f6ly\u00e4","author":"Reija","date":"2.1.2021","format":false,"excerpt":"P\u00e4iv\u00e4m\u00e4\u00e4r\u00e4t ja viikonp\u00e4iv\u00e4t ihan hukassa, mutta v\u00e4li\u00e4k\u00f6s sill\u00e4. Ei t\u00e4\u00e4ll\u00e4 pohjoisessa n\u00e4in\u00e4 p\u00e4ivin\u00e4 niin v\u00e4li\u00e4. Kunhan liikutaan ja sy\u00f6d\u00e4\u00e4n hyvin. Hyv\u00e4 unikin on Lapissa luontaisetuna, jollaista ei kotioloissa useinkaan ole. Meid\u00e4n nelj\u00e4n hengen seurue vietti pitk\u00e4\u00e4 aamiaisbrunssia niin kauan ett\u00e4 pime\u00e4 vaihtui jo h\u00e4m\u00e4r\u00e4ksi, ja sitten olikin jo aika l\u00e4hte\u00e4\u2026","rel":"","context":"Kategoriassa &quot;Liikkuminen&quot;","block_context":{"text":"Liikkuminen","link":"https:\/\/www.satokangas.fi\/blogi\/category\/liikkuminen\/"},"img":{"alt_text":"","src":"https:\/\/i0.wp.com\/www.satokangas.fi\/blogi\/wp-content\/uploads\/2021\/01\/tahtisumua-2.jpg?resize=350%2C200&ssl=1","width":350,"height":200,"srcset":"https:\/\/i0.wp.com\/www.satokangas.fi\/blogi\/wp-content\/uploads\/2021\/01\/tahtisumua-2.jpg?resize=350%2C200&ssl=1 1x, https:\/\/i0.wp.com\/www.satokangas.fi\/blogi\/wp-content\/uploads\/2021\/01\/tahtisumua-2.jpg?resize=525%2C300&ssl=1 1.5x, https:\/\/i0.wp.com\/www.satokangas.fi\/blogi\/wp-content\/uploads\/2021\/01\/tahtisumua-2.jpg?resize=700%2C400&ssl=1 2x"},"classes":[]}],"_links":{"self":[{"href":"https:\/\/www.satokangas.fi\/blogi\/wp-json\/wp\/v2\/posts\/32580","targetHints":{"allow":["GET"]}}],"collection":[{"href":"https:\/\/www.satokangas.fi\/blogi\/wp-json\/wp\/v2\/posts"}],"about":[{"href":"https:\/\/www.satokangas.fi\/blogi\/wp-json\/wp\/v2\/types\/post"}],"author":[{"embeddable":true,"href":"https:\/\/www.satokangas.fi\/blogi\/wp-json\/wp\/v2\/users\/1"}],"replies":[{"embeddable":true,"href":"https:\/\/www.satokangas.fi\/blogi\/wp-json\/wp\/v2\/comments?post=32580"}],"version-history":[{"count":0,"href":"https:\/\/www.satokangas.fi\/blogi\/wp-json\/wp\/v2\/posts\/32580\/revisions"}],"wp:attachment":[{"href":"https:\/\/www.satokangas.fi\/blogi\/wp-json\/wp\/v2\/media?parent=32580"}],"wp:term":[{"taxonomy":"category","embeddable":true,"href":"https:\/\/www.satokangas.fi\/blogi\/wp-json\/wp\/v2\/categories?post=32580"},{"taxonomy":"post_tag","embeddable":true,"href":"https:\/\/www.satokangas.fi\/blogi\/wp-json\/wp\/v2\/tags?post=32580"}],"curies":[{"name":"wp","href":"https:\/\/api.w.org\/{rel}","templated":true}]}}