{"id":32571,"date":"2017-11-13T19:58:54","date_gmt":"2017-11-13T17:58:54","guid":{"rendered":"https:\/\/www.satokangas.fi\/blogi\/?p=32571"},"modified":"2017-11-13T19:58:55","modified_gmt":"2017-11-13T17:58:55","slug":"juhlien-jarjestamismietteita","status":"publish","type":"post","link":"https:\/\/www.satokangas.fi\/blogi\/2017\/11\/juhlien-jarjestamismietteita\/","title":{"rendered":"Juhlien j\u00e4rjest\u00e4mismietteit\u00e4"},"content":{"rendered":"<p style=\"text-align: justify;\">Ennen iltakokoukseen menoa k\u00e4vin ostamassa ensi vuoden kalenterin. Niin n\u00f6rtti ja datisti ja vaikka mit\u00e4 olenkin, niin olen muutamissa asioissa hyvin vanhanaikainen: teen muistiinpanoja, ja teen niit\u00e4 usein lyijykyn\u00e4ll\u00e4, meill\u00e4 ei ole kahvinkeitint\u00e4 (paitsi m\u00f6kill\u00e4 ja sitten kotona sellainen erikoiskahvi Cupsolo, jota k\u00e4ytt\u00e4\u00e4 vain Pehtoori). Tavis-JuhlaMokka keitet\u00e4\u00e4n pannulla, joka aamu. Ja sitten minulla on paperinen kalenteri. En tunne montakaan, jolla en\u00e4\u00e4 on, mutta toisaalta kyll\u00e4 kaupassa niit\u00e4 oli monenlaisia myynniss\u00e4.<\/p>\n<p style=\"text-align: justify;\">Nyt ostin ensimm\u00e4ist\u00e4 kertaa sellaisen, jossa ei ole tuntijakoa p\u00e4iviss\u00e4. Minulla ei en\u00e4\u00e4 ensi vuonna ole p\u00e4iviss\u00e4 joka tunnille jotain, hyv\u00e4 kun tulee olemaan pari merkint\u00e4\u00e4 viikossa! Se tuntuu oikeastaan aika hyv\u00e4lle. Lukuj\u00e4rjestyksi\u00e4 onkin ollut vuosikymmeni\u00e4, ja yhden esimiehen kanssa oli ihan &#8221;minuuttiaikatauluja&#8221;, joista h\u00e4n ei kyll\u00e4 koskaan onnistunut pit\u00e4m\u00e4\u00e4n kiinni. \ud83d\ude00<\/p>\n<p style=\"text-align: justify;\">No hyv\u00e4 kun \u00e4sken kokouksessa oli ensi vuodelle kalenteri mukana: onpa paistink\u00e4\u00e4nt\u00e4j\u00e4vuodessa tapahtumia tulossa, mik\u00e4 merkitsee my\u00f6s minulle puuhastelua. Ja tehtiinp\u00e4 p\u00e4\u00e4t\u00f6s, ett\u00e4 pidet\u00e4\u00e4n sitten tammikuussa Oulussa minikapituli! Toissakes\u00e4n iso kapituli vaati kahden vuoden etuk\u00e4teisty\u00f6n, ja nyt sitten &#8211; tuosta vaan &#8211; p\u00e4\u00e4tettiin (ylemm\u00e4lt\u00e4 taholta tulleen kehotuksen j\u00e4lkeen) saada minikapituli aikaiseksi muutamassa kuukaudessa. Enp\u00e4 ollut ensimm\u00e4isen\u00e4 kannattamassa. No ei auta.<\/p>\n<p style=\"text-align: justify;\">Juhlien j\u00e4rjest\u00e4mist\u00e4 olisi t\u00e4ss\u00e4 ehk\u00e4 muutoinkin: kovasti olen miettinyt, pit\u00e4isink\u00f6 valmistujaiset? Minulla kun olisi ensi kev\u00e4\u00e4n\u00e4 tasavuosisyntt\u00e4ritkin, ja niit\u00e4 EN aio viett\u00e4\u00e4. Viiskymppisi\u00e4 olin tytt\u00e4ren kanssa paossa Kiinassa, nyt en ehk\u00e4 niin kauas l\u00e4hde, m\u00f6kille voin menn\u00e4, n\u00e4in siit\u00e4 huolimatta, ett\u00e4 olen kyll\u00e4 periaatteessa sit\u00e4 mielt\u00e4, ett\u00e4 aina kun on v\u00e4h\u00e4nk\u00e4\u00e4n aihetta, kannattaa juhlia. Ei el\u00e4m\u00e4ss\u00e4 juhlia ole liikaa, mutta kun olen toisaalta anoppini kanssa v\u00e4h\u00e4n samaa mielt\u00e4 siit\u00e4, ettei siin\u00e4 ole mit\u00e4\u00e4n juhlimista, ett\u00e4 vanhenee. Tosin minusta on kyll\u00e4 mukava olla muiden syntt\u00e4reill\u00e4. Mutta valmistujaiset on v\u00e4h\u00e4n eri juttu. Ne oikeastaan koen ansainneeni.<\/p>\n<p style=\"text-align: justify;\">HuK ja FM, samoin ABCD, j\u00e4iv\u00e4t aikoinaan juhlimatta, mutta yo ja FT kyll\u00e4 juhlittiin &#8221;perinteisin&#8221; menoin; neh\u00e4n on melkein &#8221;pakko&#8221; juhlia. Tohtorikaronkka kuuluu j\u00e4rjest\u00e4\u00e4 vastav\u00e4itt\u00e4j\u00e4n kunniaksi, &#8211; ei ehk\u00e4 niin suuria pilheit\u00e4 tarvi kuin min\u00e4 j\u00e4rjestin. \ud83d\ude09<\/p>\n<p style=\"text-align: justify;\">Mutta ent\u00e4s nyt t\u00e4m\u00e4 VAT? Jos olisi kev\u00e4t tai kes\u00e4 niin varmasti j\u00e4rjest\u00e4isin, mutta nyt? Miksen voisi j\u00e4rjest\u00e4\u00e4kin valmistujaiset vasta toukokuussa? Ihan hyvin. Onhan ylioppilaillakin juhlat vasta paljon tutkinnon suorittamisen j\u00e4lkeen.\u00a0 &#8211; Min\u00e4 mietin viel\u00e4.<\/p>\n<p><a href=\"https:\/\/www.satokangas.fi\/blogi\/2017\/11\/juhlien-jarjestamismietteita\/pihlaja-oulu-3\/#main\" rel=\"attachment wp-att-32572\"><img loading=\"lazy\" decoding=\"async\" data-attachment-id=\"32572\" data-permalink=\"https:\/\/www.satokangas.fi\/blogi\/2017\/11\/juhlien-jarjestamismietteita\/pihlaja-oulu-3\/\" data-orig-file=\"https:\/\/www.satokangas.fi\/blogi\/wp-content\/uploads\/2017\/11\/Pihlaja-Oulu-3.jpg\" data-orig-size=\"1000,995\" data-comments-opened=\"1\" data-image-meta=\"{&quot;aperture&quot;:&quot;0&quot;,&quot;credit&quot;:&quot;Reija Satokangas&quot;,&quot;camera&quot;:&quot;&quot;,&quot;caption&quot;:&quot;&quot;,&quot;created_timestamp&quot;:&quot;1510407153&quot;,&quot;copyright&quot;:&quot;&quot;,&quot;focal_length&quot;:&quot;0&quot;,&quot;iso&quot;:&quot;0&quot;,&quot;shutter_speed&quot;:&quot;0&quot;,&quot;title&quot;:&quot;&quot;,&quot;orientation&quot;:&quot;0&quot;}\" data-image-title=\"Pihlaja, Oulu-3\" data-image-description=\"\" data-image-caption=\"\" data-large-file=\"https:\/\/www.satokangas.fi\/blogi\/wp-content\/uploads\/2017\/11\/Pihlaja-Oulu-3.jpg\" class=\"aligncenter size-full wp-image-32572\" src=\"https:\/\/www.satokangas.fi\/blogi\/wp-content\/uploads\/2017\/11\/Pihlaja-Oulu-3.jpg\" alt=\"\" width=\"1000\" height=\"995\" srcset=\"https:\/\/www.satokangas.fi\/blogi\/wp-content\/uploads\/2017\/11\/Pihlaja-Oulu-3.jpg 1000w, https:\/\/www.satokangas.fi\/blogi\/wp-content\/uploads\/2017\/11\/Pihlaja-Oulu-3-300x300.jpg 300w, https:\/\/www.satokangas.fi\/blogi\/wp-content\/uploads\/2017\/11\/Pihlaja-Oulu-3-402x400.jpg 402w, https:\/\/www.satokangas.fi\/blogi\/wp-content\/uploads\/2017\/11\/Pihlaja-Oulu-3-768x764.jpg 768w\" sizes=\"auto, (max-width: 1000px) 100vw, 1000px\" \/><\/a><\/p>\n","protected":false},"excerpt":{"rendered":"<p>Ennen iltakokoukseen menoa k\u00e4vin ostamassa ensi vuoden kalenterin. Niin n\u00f6rtti ja datisti ja vaikka mit\u00e4 olenkin, niin olen muutamissa asioissa hyvin vanhanaikainen: teen muistiinpanoja, ja teen niit\u00e4 usein lyijykyn\u00e4ll\u00e4, meill\u00e4 ei ole kahvinkeitint\u00e4 (paitsi m\u00f6kill\u00e4 ja sitten kotona sellainen erikoiskahvi Cupsolo, jota k\u00e4ytt\u00e4\u00e4 vain Pehtoori). Tavis-JuhlaMokka keitet\u00e4\u00e4n pannulla, joka aamu. Ja sitten minulla on paperinen kalenteri. En tunne montakaan, jolla &hellip; <\/p>\n","protected":false},"author":1,"featured_media":0,"comment_status":"open","ping_status":"open","sticky":false,"template":"","format":"standard","meta":{"jetpack_post_was_ever_published":false,"_jetpack_newsletter_access":"","_jetpack_dont_email_post_to_subs":false,"_jetpack_newsletter_tier_id":0,"_jetpack_memberships_contains_paywalled_content":false,"_jetpack_memberships_contains_paid_content":false,"footnotes":"","jetpack_publicize_message":"","jetpack_publicize_feature_enabled":true,"jetpack_social_post_already_shared":true,"jetpack_social_options":{"image_generator_settings":{"template":"highway","default_image_id":0,"font":"","enabled":false},"version":2}},"categories":[1],"tags":[],"class_list":["post-32571","post","type-post","status-publish","format-standard","hentry","category-aiheeton","latest_post"],"jetpack_publicize_connections":[],"jetpack_featured_media_url":"","jetpack_shortlink":"https:\/\/wp.me\/pr4p4-8tl","jetpack_sharing_enabled":true,"jetpack_likes_enabled":false,"jetpack-related-posts":[{"id":18982,"url":"https:\/\/www.satokangas.fi\/blogi\/2013\/10\/kalentereita-ja-paivia\/","url_meta":{"origin":32571,"position":0},"title":"Kalentereita ja p\u00e4ivi\u00e4","author":"Reija","date":"14.10.2013","format":false,"excerpt":"Kun t\u00e4m\u00e4 hammastahnatuubi on loppu, on jo varmasti marraskuu. Kahden viikon p\u00e4\u00e4st\u00e4 kandiseminaarissa on en\u00e4\u00e4 kahdeksan ty\u00f6t\u00e4 k\u00e4sitelt\u00e4v\u00e4n\u00e4. Kun kaikki n\u00e4m\u00e4 hiukseni on sentti, pari kerrallaan jo leikattu pois, on vuosi jo kulunut, ... Ennen reissua ehdin k\u00e4yd\u00e4 viel\u00e4 nelj\u00e4sti lenkill\u00e4. Siit\u00e4 on melkein p\u00e4iv\u00e4lleen 37 vuotta, kun olimme ensimm\u00e4isill\u00e4\u2026","rel":"","context":"Kategoriassa &quot;Niit\u00e4 n\u00e4it\u00e4&quot;","block_context":{"text":"Niit\u00e4 n\u00e4it\u00e4","link":"https:\/\/www.satokangas.fi\/blogi\/category\/aiheeton\/"},"img":{"alt_text":"kalenterit","src":"https:\/\/i0.wp.com\/www.satokangas.fi\/blogi\/wp-content\/uploads\/2013\/10\/kalenterit-600x382.jpg?resize=350%2C200&ssl=1","width":350,"height":200,"srcset":"https:\/\/i0.wp.com\/www.satokangas.fi\/blogi\/wp-content\/uploads\/2013\/10\/kalenterit-600x382.jpg?resize=350%2C200&ssl=1 1x, https:\/\/i0.wp.com\/www.satokangas.fi\/blogi\/wp-content\/uploads\/2013\/10\/kalenterit-600x382.jpg?resize=525%2C300&ssl=1 1.5x"},"classes":[]},{"id":43593,"url":"https:\/\/www.satokangas.fi\/blogi\/2022\/08\/varia-ja-kuvia\/","url_meta":{"origin":32571,"position":1},"title":"V\u00e4ri\u00e4 ja kuvia","author":"Reija","date":"28.8.2022","format":false,"excerpt":"Niin\u00e4 sunnuntaina kun ollaan oltu Oulussa, olen l\u00e4hes joka kerta ajellut t\u00e4m\u00e4n Knuutilanrannan \"l\u00e4hteen\" ohi. Niin t\u00e4n\u00e4\u00e4nkin. Etualan horsmat jo kertovat, ett\u00e4 kaupunkiruskaa on jo. Vaikka maisemat ja taivas n\u00e4ytt\u00e4v\u00e4t muutoin elokuiselta, kes\u00e4iselt\u00e4, eik\u00e4 ole viel\u00e4 kylm\u00e4k\u00e4\u00e4n (+ 19 C aamup\u00e4iv\u00e4ll\u00e4) niin tuulessa on syksyinen vire. Hiukkavaarassakin jo punerrusta penkoilla...\u2026","rel":"","context":"Kategoriassa &quot;Muistikuvia&quot;","block_context":{"text":"Muistikuvia","link":"https:\/\/www.satokangas.fi\/blogi\/category\/muistikuvia\/"},"img":{"alt_text":"","src":"https:\/\/i0.wp.com\/www.satokangas.fi\/blogi\/wp-content\/uploads\/2022\/08\/kaupunkiruska-4.jpg?resize=350%2C200&ssl=1","width":350,"height":200,"srcset":"https:\/\/i0.wp.com\/www.satokangas.fi\/blogi\/wp-content\/uploads\/2022\/08\/kaupunkiruska-4.jpg?resize=350%2C200&ssl=1 1x, https:\/\/i0.wp.com\/www.satokangas.fi\/blogi\/wp-content\/uploads\/2022\/08\/kaupunkiruska-4.jpg?resize=525%2C300&ssl=1 1.5x, https:\/\/i0.wp.com\/www.satokangas.fi\/blogi\/wp-content\/uploads\/2022\/08\/kaupunkiruska-4.jpg?resize=700%2C400&ssl=1 2x"},"classes":[]},{"id":28863,"url":"https:\/\/www.satokangas.fi\/blogi\/2016\/08\/elokuu-nayttaa-vilkkaalta\/","url_meta":{"origin":32571,"position":2},"title":"Elokuu n\u00e4ytt\u00e4\u00e4 vilkkaalta","author":"Reija","date":"1.8.2016","format":false,"excerpt":"Elokuun ensimm\u00e4inen. Kes\u00e4lomilta paluu duuniin, niinh\u00e4n se on yleens\u00e4 ollut, - useana vuonna jo viikkoa aiemmin. Facebookissa ty\u00f6kaverit, eks, ovat k\u00e4ynnistysvaikeuksista raportoineet. Ty\u00e4r palasi el\u00e4m\u00e4n ensimm\u00e4iselt\u00e4 t\u00e4yspitk\u00e4lt\u00e4 palkalliselta kes\u00e4lomalta t\u00f6ihin, ja viesteili, ett\u00e4 300 s\u00e4hk\u00f6postin purkaminen takaa, ett\u00e4 aika pian pakko palata paitsi t\u00f6ihin, my\u00f6s ty\u00f6moodiin. \u00c4sken monen tunnin kapitulitoimikunnan\u2026","rel":"","context":"Kategoriassa &quot;Niit\u00e4 n\u00e4it\u00e4&quot;","block_context":{"text":"Niit\u00e4 n\u00e4it\u00e4","link":"https:\/\/www.satokangas.fi\/blogi\/category\/aiheeton\/"},"img":{"alt_text":"Elokuu","src":"https:\/\/i0.wp.com\/www.satokangas.fi\/blogi\/wp-content\/uploads\/2016\/08\/Elokuu-600x400.jpg?resize=350%2C200&ssl=1","width":350,"height":200,"srcset":"https:\/\/i0.wp.com\/www.satokangas.fi\/blogi\/wp-content\/uploads\/2016\/08\/Elokuu-600x400.jpg?resize=350%2C200&ssl=1 1x, https:\/\/i0.wp.com\/www.satokangas.fi\/blogi\/wp-content\/uploads\/2016\/08\/Elokuu-600x400.jpg?resize=525%2C300&ssl=1 1.5x"},"classes":[]},{"id":23215,"url":"https:\/\/www.satokangas.fi\/blogi\/2014\/11\/joulukalenteri-avautuu\/","url_meta":{"origin":32571,"position":3},"title":"Joulukalenteri avautuu","author":"Reija","date":"30.11.2014","format":false,"excerpt":"Mihin n\u00e4m\u00e4 p\u00e4iv\u00e4t oikein menev\u00e4t? Hyv\u00e4h\u00e4n se on, ett\u00e4 kuluvat, mutta ett\u00e4 n\u00e4ink\u00f6 nopeaa niiden on kiirehditt\u00e4v\u00e4. Sek\u00f6 ett\u00e4 itsell\u00e4 ei en\u00e4\u00e4 asiat tapahdu, ei hommat hoidu sellaisella intensiteetill\u00e4 ja rivakkuudella kuin aiemmin, aiheuttaa tunteen ajan niukkuudesta. Niin paljon enemm\u00e4n haluaisin ehti\u00e4... Liikkua, kokata, tavata ihmisi\u00e4, l\u00e4heisi\u00e4 ja v\u00e4h\u00e4n kauimmaisiakin,\u2026","rel":"","context":"Kategoriassa &quot;Niit\u00e4 n\u00e4it\u00e4&quot;","block_context":{"text":"Niit\u00e4 n\u00e4it\u00e4","link":"https:\/\/www.satokangas.fi\/blogi\/category\/aiheeton\/"},"img":{"alt_text":"Louhi 1899","src":"https:\/\/i0.wp.com\/www.satokangas.fi\/blogi\/wp-content\/uploads\/2014\/11\/Louhi-1899-526x400.jpg?resize=350%2C200&ssl=1","width":350,"height":200,"srcset":"https:\/\/i0.wp.com\/www.satokangas.fi\/blogi\/wp-content\/uploads\/2014\/11\/Louhi-1899-526x400.jpg?resize=350%2C200&ssl=1 1x, https:\/\/i0.wp.com\/www.satokangas.fi\/blogi\/wp-content\/uploads\/2014\/11\/Louhi-1899-526x400.jpg?resize=525%2C300&ssl=1 1.5x"},"classes":[]},{"id":5445,"url":"https:\/\/www.satokangas.fi\/blogi\/2009\/12\/joulukalentereita\/","url_meta":{"origin":32571,"position":4},"title":"Joulukalentereita","author":"Reija","date":"15.12.2009","format":false,"excerpt":"Kalenterissa ei niin paljon, - en\u00e4\u00e4, mutta siell\u00e4 on kuitenkin joulu. Sek\u00f6 vaiko lukukauden loppu tekee p\u00e4ivist\u00e4 jotensakin t\u00e4ysi\u00e4. Ovenpieless\u00e4 k\u00e4vi moni opiskelija jo toivottelemassa jouluja, eik\u00e4 aikaa kenellek\u00e4\u00e4n muuta kuin tarjota suklaata\u00a0 ja sanoa ett\u00e4 luehan lomalla ... historiaa vaikka :) Tytt\u00e4ren kanssa kulkemisia, kyyts\u00e4ilyj\u00e4 kampukselle ja pois, t\u00f6ihin\u2026","rel":"","context":"Kategoriassa &quot;Niit\u00e4 n\u00e4it\u00e4&quot;","block_context":{"text":"Niit\u00e4 n\u00e4it\u00e4","link":"https:\/\/www.satokangas.fi\/blogi\/category\/aiheeton\/"},"img":{"alt_text":"15","src":"https:\/\/i0.wp.com\/www.satokangas.fi\/blogi\/wp-content\/uploads\/2009\/12\/15-500x342.jpg?resize=350%2C200&ssl=1","width":350,"height":200},"classes":[]},{"id":30757,"url":"https:\/\/www.satokangas.fi\/blogi\/2017\/05\/voiko-flunssaa-suorittaa-todellakin-voi\/","url_meta":{"origin":32571,"position":5},"title":"Voiko flunssaa suorittaa? &#8211; Todellakin voi!","author":"Reija","date":"19.5.2017","format":false,"excerpt":"Varoitus: itsetutkistelua tulossa - ehk\u00e4 kannattaa j\u00e4tt\u00e4\u00e4 t\u00e4n\u00e4\u00e4n blogi lukematta? Viime viikolla olleen luentokeikan j\u00e4lkeen kalenterissa ja mieless\u00e4 vain hajanaisia merkint\u00f6j\u00e4, eniten mainintoja p\u00e4\u00e4toimisesta mummeilusta; Apsu-p\u00e4ivi\u00e4 on toukokuussa kiitett\u00e4v\u00e4n paljon, sill\u00e4 \u00e4itins\u00e4 lis\u00e4ksi my\u00f6s is\u00e4ns\u00e4 on koulun loputttua kes\u00e4t\u00f6iss\u00e4. Niinp\u00e4 viimeist\u00e4\u00e4n maanantaiaamuna, uuden viikon alussa alkoi jopa v\u00e4h\u00e4n kalvamaan ajatus\u2026","rel":"","context":"Kategoriassa &quot;Niit\u00e4 n\u00e4it\u00e4&quot;","block_context":{"text":"Niit\u00e4 n\u00e4it\u00e4","link":"https:\/\/www.satokangas.fi\/blogi\/category\/aiheeton\/"},"img":{"alt_text":"","src":"https:\/\/i0.wp.com\/www.tuulestatemmattua.fi\/wp-content\/uploads\/2017\/05\/Karhunpoika-sairastaa_-1024x683.jpg?resize=350%2C200","width":350,"height":200,"srcset":"https:\/\/i0.wp.com\/www.tuulestatemmattua.fi\/wp-content\/uploads\/2017\/05\/Karhunpoika-sairastaa_-1024x683.jpg?resize=350%2C200 1x, https:\/\/i0.wp.com\/www.tuulestatemmattua.fi\/wp-content\/uploads\/2017\/05\/Karhunpoika-sairastaa_-1024x683.jpg?resize=525%2C300 1.5x, https:\/\/i0.wp.com\/www.tuulestatemmattua.fi\/wp-content\/uploads\/2017\/05\/Karhunpoika-sairastaa_-1024x683.jpg?resize=700%2C400 2x"},"classes":[]}],"_links":{"self":[{"href":"https:\/\/www.satokangas.fi\/blogi\/wp-json\/wp\/v2\/posts\/32571","targetHints":{"allow":["GET"]}}],"collection":[{"href":"https:\/\/www.satokangas.fi\/blogi\/wp-json\/wp\/v2\/posts"}],"about":[{"href":"https:\/\/www.satokangas.fi\/blogi\/wp-json\/wp\/v2\/types\/post"}],"author":[{"embeddable":true,"href":"https:\/\/www.satokangas.fi\/blogi\/wp-json\/wp\/v2\/users\/1"}],"replies":[{"embeddable":true,"href":"https:\/\/www.satokangas.fi\/blogi\/wp-json\/wp\/v2\/comments?post=32571"}],"version-history":[{"count":0,"href":"https:\/\/www.satokangas.fi\/blogi\/wp-json\/wp\/v2\/posts\/32571\/revisions"}],"wp:attachment":[{"href":"https:\/\/www.satokangas.fi\/blogi\/wp-json\/wp\/v2\/media?parent=32571"}],"wp:term":[{"taxonomy":"category","embeddable":true,"href":"https:\/\/www.satokangas.fi\/blogi\/wp-json\/wp\/v2\/categories?post=32571"},{"taxonomy":"post_tag","embeddable":true,"href":"https:\/\/www.satokangas.fi\/blogi\/wp-json\/wp\/v2\/tags?post=32571"}],"curies":[{"name":"wp","href":"https:\/\/api.w.org\/{rel}","templated":true}]}}