{"id":32559,"date":"2017-11-12T21:18:03","date_gmt":"2017-11-12T19:18:03","guid":{"rendered":"https:\/\/www.satokangas.fi\/blogi\/?p=32559"},"modified":"2017-11-13T15:24:11","modified_gmt":"2017-11-13T13:24:11","slug":"isanpaivan-vietta","status":"publish","type":"post","link":"https:\/\/www.satokangas.fi\/blogi\/2017\/11\/isanpaivan-vietta\/","title":{"rendered":"Is\u00e4np\u00e4iv\u00e4n viettoa"},"content":{"rendered":"<p>Is\u00e4np\u00e4iv\u00e4n aamu .. hm&#8230; mit\u00e4s minulla olikaan teht\u00e4v\u00e4n\u00e4&#8230; eip\u00e4 paljon mit\u00e4\u00e4n. P\u00e4iv\u00e4llisen olen luvannut juhlan kunniaksi tehd\u00e4. Aina kannattaa juhlia kun on pienik\u00e4\u00e4n syy &#8230;<\/p>\n<p style=\"text-align: justify;\">Aamup\u00e4iv\u00e4ll\u00e4 olin kotikaupan pihalta l\u00e4htien piiiitk\u00e4ll\u00e4 lenkill\u00e4, jonka kohteena tietysti hautausmaa. Olipa oikeastaan aika hyv\u00e4 ilma, mutta taas hautausmaalla n\u00e4in sellaisia v\u00e4hemm\u00e4n mukavia juttuja&#8230; Ett\u00e4 ihmiset voivat olla ulkokultaisia ja kylmi\u00e4.<\/p>\n<p style=\"text-align: justify;\">Kotosalla jatkui erin\u00e4iset siivouspuuhat, jotka eiv\u00e4t tulleet valmiiksi, kaukana siit\u00e4, mutta olipa leppoisaa kun huomasin ajattelevani &#8221;t\u00e4st\u00e4 voin jatkaa huomenna&#8221;, ei niin, ett\u00e4 &#8221;t\u00e4m\u00e4n pit\u00e4\u00e4 olla valmiina huomenna&#8221;. Minulla on aikaa, huomenna jatkuu &#8230;<\/p>\n<p style=\"text-align: justify;\">Ja sitten puuhaamaan p\u00e4iv\u00e4llist\u00e4: pikkuperhe tuli sy\u00f6m\u00e4\u00e4n. Apsu toi papalle kortin, johon oli piirt\u00e4nyt papan auton. Ja Juniori toi p\u00e4iv\u00e4lliselle <a href=\"https:\/\/www.instagram.com\/p\/BbZr7YOgpdr\/?taken-by=tompppis\" target=\"_blank\" rel=\"noopener\">samppanjalahjan<\/a> (yll\u00e4ttik\u00f6 ket\u00e4\u00e4n?), ja kyll\u00e4p\u00e4 oli nyt paras samppanja pitk\u00e4\u00e4\u00e4\u00e4n aikaan. Kev\u00e4isen Saksan ekskursion viinikauppavierailun j\u00e4lkeen tilattu pientuottajan samppanja maistui, samoin kuin minun tilaamani, jo vanha tuttu etel\u00e4-afrikkalainen\u00a0<a href=\"https:\/\/www.alko.fi\/en\/products\/914507\/The-Chocolate-Block-2015\" target=\"_blank\" rel=\"noopener\">The Chocolate Block<\/a> -punaviini. Jos kohdalle sattuu, niin kyll\u00e4p\u00e4 kannattaa maistaa\/ostaa. Ja sitten Juniori toi my\u00f6s minulle lahjan! Olivat (koko perhe) ostaneet jo &#8221;varalle&#8221;, vakaasti uskoen \ud83d\ude09 , ett\u00e4 joskus valmistun, yhden huippu-samppanjan. Se on nyt jemmassa, &#8211; ehk\u00e4 min\u00e4 ne valmistujaiset pid\u00e4n &#8230; \ud83d\ude42<\/p>\n<p style=\"text-align: justify;\">Ja sitten is\u00e4np\u00e4iv\u00e4n p\u00e4iv\u00e4llinen. Mik\u00e4 lie eti\u00e4inen se iski viikolla, kun mietin t\u00e4m\u00e4n juhlap\u00e4iv\u00e4n menua. Fondue! Pitk\u00e4\u00e4\u00e4n aikaan ei ole ollut fonduepata k\u00e4yt\u00f6ss\u00e4 ja seh\u00e4n voisi olla mukava, pitk\u00e4\u00e4n yhdess\u00e4 istumisen ja p\u00e4iv\u00e4llisest\u00e4 nauttimisen juttu. Ja olihan se. Jos sinulla on fonduepata jossain jemmassa, niin nyt esiin!<\/p>\n<p style=\"text-align: justify;\">Ei mit\u00e4\u00e4n umpituhtia juusto- tai suklaafondueta, ei edes \u00f6ljyss\u00e4 kypsent\u00e4mist\u00e4, vaan kunnon lihaliemi (Puljonki!) pataan, ja hyv\u00e4\u00e4 lihaa ja lisukkeita annospaloina valmiiksi! Mini\u00e4 ei ollut moista herkkua koskaan kokenut, mutta pitip\u00e4 h\u00e4nkin.<\/p>\n<p><a href=\"https:\/\/www.satokangas.fi\/blogi\/2017\/11\/isanpaivan-vietta\/isanpaiva-dinner-6\/#main\" rel=\"attachment wp-att-32570\"><img loading=\"lazy\" decoding=\"async\" data-attachment-id=\"32570\" data-permalink=\"https:\/\/www.satokangas.fi\/blogi\/2017\/11\/isanpaivan-vietta\/isanpaiva-dinner-6\/\" data-orig-file=\"https:\/\/www.satokangas.fi\/blogi\/wp-content\/uploads\/2017\/11\/Isanpaiva-dinner.jpg\" data-orig-size=\"1000,637\" data-comments-opened=\"1\" data-image-meta=\"{&quot;aperture&quot;:&quot;0&quot;,&quot;credit&quot;:&quot;Reija Satokangas&quot;,&quot;camera&quot;:&quot;&quot;,&quot;caption&quot;:&quot;&quot;,&quot;created_timestamp&quot;:&quot;1510504502&quot;,&quot;copyright&quot;:&quot;&quot;,&quot;focal_length&quot;:&quot;0&quot;,&quot;iso&quot;:&quot;0&quot;,&quot;shutter_speed&quot;:&quot;0&quot;,&quot;title&quot;:&quot;&quot;,&quot;orientation&quot;:&quot;0&quot;}\" data-image-title=\"Isanpaiva dinner\" data-image-description=\"\" data-image-caption=\"\" data-large-file=\"https:\/\/www.satokangas.fi\/blogi\/wp-content\/uploads\/2017\/11\/Isanpaiva-dinner.jpg\" class=\"aligncenter size-full wp-image-32570\" src=\"https:\/\/www.satokangas.fi\/blogi\/wp-content\/uploads\/2017\/11\/Isanpaiva-dinner.jpg\" alt=\"\" width=\"1000\" height=\"637\" srcset=\"https:\/\/www.satokangas.fi\/blogi\/wp-content\/uploads\/2017\/11\/Isanpaiva-dinner.jpg 1000w, https:\/\/www.satokangas.fi\/blogi\/wp-content\/uploads\/2017\/11\/Isanpaiva-dinner-300x191.jpg 300w, https:\/\/www.satokangas.fi\/blogi\/wp-content\/uploads\/2017\/11\/Isanpaiva-dinner-628x400.jpg 628w, https:\/\/www.satokangas.fi\/blogi\/wp-content\/uploads\/2017\/11\/Isanpaiva-dinner-768x489.jpg 768w\" sizes=\"auto, (max-width: 1000px) 100vw, 1000px\" \/><\/a><\/p>\n<p style=\"text-align: justify;\">\n<p style=\"text-align: justify;\">Olennaista on, ett\u00e4 liha on tuoretta ja hyv\u00e4\u00e4. Kauppahallissa &#8221;<a href=\"http:\/\/www.torinlihamestari.net\/\" target=\"_blank\" rel=\"noopener\">Torin lihamestari<\/a>&#8221; ymm\u00e4rsi mihin ja mit\u00e4 tarvitsen, ja leikkasi siivut naudan sis\u00e4- ja ulkofileest\u00e4, sek\u00e4 karitsan filett\u00e4 (150 g\/fonduepadan \u00e4\u00e4rell\u00e4 oleva). Lis\u00e4ksi laittelin vihanneksia. Ja salaattia ja bataattiranskalaisia (<a href=\"https:\/\/www.k-ruoka.fi\/reseptit\/bataattiranskalaiset?gclid=Cj0KCQiA_5_QBRC9ARIsADVww15GB7EzKFZVcSz8GCvoiWJHhpNVtEuGO2pwAJD4rzREYUUltMSXuYkaAhG0EALw_wcB\" target=\"_blank\" rel=\"noopener\">Pirkka<\/a>! , joista Apsukin tykk\u00e4\u00e4 kovasti).<\/p>\n<p><a href=\"https:\/\/www.satokangas.fi\/blogi\/2017\/11\/isanpaivan-vietta\/isanpaiva-dinner-4\/#main\" rel=\"attachment wp-att-32562\"><img loading=\"lazy\" decoding=\"async\" class=\"aligncenter size-full wp-image-32562\" src=\"https:\/\/www.satokangas.fi\/blogi\/wp-content\/uploads\/2017\/11\/Is\u00e4np\u00e4iv\u00e4-dinner-4.jpg\" alt=\"\" width=\"1000\" height=\"716\" \/><\/a><\/p>\n<p style=\"text-align: justify;\">Ei fondue-lihaa eik\u00e4 kasviksia mausteta etuk\u00e4teen, joten olennaista on hyv\u00e4t kastikkeet. Tein kolmenlaista: vas. ananas-curry, keskell\u00e4 chili-ketsuppi-valkosipuli ja oikealla sinihome. Kaikissa on pohjalla 1 dl majoneesia, \u00bd dl ranskankermaa ja \u00bd dl turkkilaistajukurttia (tein pohjan kolminkertaisena, sitten maustoin erikseen nuo vaihtoehdot: = 1 dl ananasmurskaa ja 2 tl currya, seuraavassa 2 valkosipulinkyntt\u00e4 murskattuna, 1 tl chilijauhetta, 1 rkl ketsuppia, suolaa ja mustapippuria, ja viimeisess\u00e4 100 sinihomejuustomurua ja persiljaa. Viimeinen \u00e4\u00e4nestettiin parhaaksi, mutta kaikki kelpasivat.<\/p>\n<p>&nbsp;<\/p>\n<p><a href=\"https:\/\/www.satokangas.fi\/blogi\/2017\/11\/isanpaivan-vietta\/isanpaiva-dinner-2\/#main\" rel=\"attachment wp-att-32565\"><img loading=\"lazy\" decoding=\"async\" data-attachment-id=\"32565\" data-permalink=\"https:\/\/www.satokangas.fi\/blogi\/2017\/11\/isanpaivan-vietta\/isanpaiva-dinner-2\/\" data-orig-file=\"https:\/\/www.satokangas.fi\/blogi\/wp-content\/uploads\/2017\/11\/Is\u00e4np\u00e4iv\u00e4-dinner-1.jpg\" data-orig-size=\"1000,422\" data-comments-opened=\"1\" data-image-meta=\"{&quot;aperture&quot;:&quot;0&quot;,&quot;credit&quot;:&quot;Reija Satokangas&quot;,&quot;camera&quot;:&quot;&quot;,&quot;caption&quot;:&quot;&quot;,&quot;created_timestamp&quot;:&quot;1510500974&quot;,&quot;copyright&quot;:&quot;&quot;,&quot;focal_length&quot;:&quot;0&quot;,&quot;iso&quot;:&quot;0&quot;,&quot;shutter_speed&quot;:&quot;0&quot;,&quot;title&quot;:&quot;&quot;,&quot;orientation&quot;:&quot;0&quot;}\" data-image-title=\"Is\u00e4np\u00e4iv\u00e4 dinner\" data-image-description=\"\" data-image-caption=\"\" data-large-file=\"https:\/\/www.satokangas.fi\/blogi\/wp-content\/uploads\/2017\/11\/Is\u00e4np\u00e4iv\u00e4-dinner-1.jpg\" class=\"aligncenter size-full wp-image-32565\" src=\"https:\/\/www.satokangas.fi\/blogi\/wp-content\/uploads\/2017\/11\/Is\u00e4np\u00e4iv\u00e4-dinner-1.jpg\" alt=\"\" width=\"1000\" height=\"422\" srcset=\"https:\/\/www.satokangas.fi\/blogi\/wp-content\/uploads\/2017\/11\/Is\u00e4np\u00e4iv\u00e4-dinner-1.jpg 1000w, https:\/\/www.satokangas.fi\/blogi\/wp-content\/uploads\/2017\/11\/Is\u00e4np\u00e4iv\u00e4-dinner-1-300x127.jpg 300w, https:\/\/www.satokangas.fi\/blogi\/wp-content\/uploads\/2017\/11\/Is\u00e4np\u00e4iv\u00e4-dinner-1-800x338.jpg 800w, https:\/\/www.satokangas.fi\/blogi\/wp-content\/uploads\/2017\/11\/Is\u00e4np\u00e4iv\u00e4-dinner-1-768x324.jpg 768w\" sizes=\"auto, (max-width: 1000px) 100vw, 1000px\" \/><\/a><\/p>\n<p>&nbsp;<\/p>\n<p>Ja j\u00e4lkk\u00e4riksi kakkua ja kahvia.<\/p>\n<p><a href=\"https:\/\/www.satokangas.fi\/blogi\/2017\/11\/isanpaivan-vietta\/isanpaiva-dinner-3-2\/#main\" rel=\"attachment wp-att-32567\"><img loading=\"lazy\" decoding=\"async\" data-attachment-id=\"32567\" data-permalink=\"https:\/\/www.satokangas.fi\/blogi\/2017\/11\/isanpaivan-vietta\/isanpaiva-dinner-3-2\/\" data-orig-file=\"https:\/\/www.satokangas.fi\/blogi\/wp-content\/uploads\/2017\/11\/Is\u00e4np\u00e4iv\u00e4-dinner-3-1.jpg\" data-orig-size=\"977,1000\" data-comments-opened=\"1\" data-image-meta=\"{&quot;aperture&quot;:&quot;0&quot;,&quot;credit&quot;:&quot;Reija Satokangas&quot;,&quot;camera&quot;:&quot;&quot;,&quot;caption&quot;:&quot;&quot;,&quot;created_timestamp&quot;:&quot;1510501208&quot;,&quot;copyright&quot;:&quot;&quot;,&quot;focal_length&quot;:&quot;0&quot;,&quot;iso&quot;:&quot;0&quot;,&quot;shutter_speed&quot;:&quot;0&quot;,&quot;title&quot;:&quot;&quot;,&quot;orientation&quot;:&quot;0&quot;}\" data-image-title=\"Is\u00e4np\u00e4iv\u00e4 dinner-3\" data-image-description=\"\" data-image-caption=\"\" data-large-file=\"https:\/\/www.satokangas.fi\/blogi\/wp-content\/uploads\/2017\/11\/Is\u00e4np\u00e4iv\u00e4-dinner-3-1.jpg\" class=\"aligncenter size-full wp-image-32567\" src=\"https:\/\/www.satokangas.fi\/blogi\/wp-content\/uploads\/2017\/11\/Is\u00e4np\u00e4iv\u00e4-dinner-3-1.jpg\" alt=\"\" width=\"977\" height=\"1000\" srcset=\"https:\/\/www.satokangas.fi\/blogi\/wp-content\/uploads\/2017\/11\/Is\u00e4np\u00e4iv\u00e4-dinner-3-1.jpg 977w, https:\/\/www.satokangas.fi\/blogi\/wp-content\/uploads\/2017\/11\/Is\u00e4np\u00e4iv\u00e4-dinner-3-1-293x300.jpg 293w, https:\/\/www.satokangas.fi\/blogi\/wp-content\/uploads\/2017\/11\/Is\u00e4np\u00e4iv\u00e4-dinner-3-1-391x400.jpg 391w, https:\/\/www.satokangas.fi\/blogi\/wp-content\/uploads\/2017\/11\/Is\u00e4np\u00e4iv\u00e4-dinner-3-1-768x786.jpg 768w\" sizes=\"auto, (max-width: 977px) 100vw, 977px\" \/><\/a><\/p>\n<p>&nbsp;<\/p>\n<p style=\"text-align: justify;\">Eih\u00e4n tuo mik\u00e4\u00e4n taidokas r\u00e4pellys ole, &#8211; minulla olisi paljon selityksi\u00e4 moiseen, mutta se oli hyv\u00e4\u00e4! Tumma suklaa-kirsikkakakku se on, ja huom. niit\u00e4 viikolla &#8221;ongelmana&#8221; olleita hasselp\u00e4hkin\u00f6it\u00e4 on nyt k\u00e4ytetty hy\u00f6dyksi.<\/p>\n<p style=\"text-align: justify;\">Is\u00e4np\u00e4iv\u00e4viikonloppu alkoi oikeastaan jo perjantaina, jolloin Juniori vei is\u00e4ns\u00e4 kaupungille. Niin tyypillist\u00e4 meid\u00e4n Junioria: &#8221;Tarjoan sulle aperitiiviksi is\u00e4np\u00e4iv\u00e4samppanjat Voxissa (oululainen viinibaari) ennen kuin menn\u00e4\u00e4n sy\u00f6m\u00e4\u00e4n.&#8221; Tied\u00e4tteh\u00e4n: poika tarjoaa aperitiivit, is\u00e4 ruoan. No mutta, kuinka moni is\u00e4-poika l\u00e4htee perjantaina kaksistaan samppanjalle ja sy\u00f6m\u00e4\u00e4n? \ud83d\ude00<\/p>\n<p>Juhlaviikonloppu on lopuillaan, marraskuukin tuntuu hyv\u00e4lle. Huomiseen!<\/p>\n","protected":false},"excerpt":{"rendered":"<p>Is\u00e4np\u00e4iv\u00e4n aamu .. hm&#8230; mit\u00e4s minulla olikaan teht\u00e4v\u00e4n\u00e4&#8230; eip\u00e4 paljon mit\u00e4\u00e4n. P\u00e4iv\u00e4llisen olen luvannut juhlan kunniaksi tehd\u00e4. Aina kannattaa juhlia kun on pienik\u00e4\u00e4n syy &#8230; Aamup\u00e4iv\u00e4ll\u00e4 olin kotikaupan pihalta l\u00e4htien piiiitk\u00e4ll\u00e4 lenkill\u00e4, jonka kohteena tietysti hautausmaa. Olipa oikeastaan aika hyv\u00e4 ilma, mutta taas hautausmaalla n\u00e4in sellaisia v\u00e4hemm\u00e4n mukavia juttuja&#8230; Ett\u00e4 ihmiset voivat olla ulkokultaisia ja kylmi\u00e4. Kotosalla jatkui erin\u00e4iset siivouspuuhat, &hellip; <\/p>\n","protected":false},"author":1,"featured_media":0,"comment_status":"open","ping_status":"open","sticky":false,"template":"","format":"standard","meta":{"jetpack_post_was_ever_published":false,"_jetpack_newsletter_access":"","_jetpack_dont_email_post_to_subs":false,"_jetpack_newsletter_tier_id":0,"_jetpack_memberships_contains_paywalled_content":false,"_jetpack_memberships_contains_paid_content":false,"footnotes":"","jetpack_publicize_message":"","jetpack_publicize_feature_enabled":true,"jetpack_social_post_already_shared":true,"jetpack_social_options":{"image_generator_settings":{"template":"highway","default_image_id":0,"font":"","enabled":false},"version":2}},"categories":[17,22],"tags":[],"class_list":["post-32559","post","type-post","status-publish","format-standard","hentry","category-ruoka_ja_viini","category-vanhemmuus","latest_post"],"jetpack_publicize_connections":[],"jetpack_featured_media_url":"","jetpack_shortlink":"https:\/\/wp.me\/pr4p4-8t9","jetpack_sharing_enabled":true,"jetpack_likes_enabled":false,"jetpack-related-posts":[{"id":47548,"url":"https:\/\/www.satokangas.fi\/blogi\/2023\/11\/marraskuun-valoja\/","url_meta":{"origin":32559,"position":0},"title":"Marraskuun valopilkkuja","author":"Reija","date":"11.11.2023","format":false,"excerpt":"Aurinkoa, pikkupakkasta, kuivaa keli\u00e4, vapaata... miksenp\u00e4 l\u00e4htisi kameran kanssa jo aamup\u00e4iv\u00e4ll\u00e4 kiertelem\u00e4\u00e4n kaupungille. Ja miten hienon hienoa ulkona ja ulkoillessa olikaan. Nyt olen taas l\u00f6yt\u00e4nyt k\u00e4velemisen ilon. Jo kotipihalla katselin, ett\u00e4 auringolla on kruunu tai jotain. V\u00e4h\u00e4n laajemmassa maisemassa n\u00e4kyi hieno hieno, ennen n\u00e4kem\u00e4t\u00f6n haloilmi\u00f6. Auringonhalo, joka ei ollutkaan tavanomainen\u2026","rel":"","context":"Kategoriassa &quot;Niit\u00e4 n\u00e4it\u00e4&quot;","block_context":{"text":"Niit\u00e4 n\u00e4it\u00e4","link":"https:\/\/www.satokangas.fi\/blogi\/category\/aiheeton\/"},"img":{"alt_text":"","src":"https:\/\/i0.wp.com\/www.satokangas.fi\/blogi\/wp-content\/uploads\/2023\/11\/marraskuunvalo-10.jpg?resize=350%2C200&ssl=1","width":350,"height":200,"srcset":"https:\/\/i0.wp.com\/www.satokangas.fi\/blogi\/wp-content\/uploads\/2023\/11\/marraskuunvalo-10.jpg?resize=350%2C200&ssl=1 1x, https:\/\/i0.wp.com\/www.satokangas.fi\/blogi\/wp-content\/uploads\/2023\/11\/marraskuunvalo-10.jpg?resize=525%2C300&ssl=1 1.5x, https:\/\/i0.wp.com\/www.satokangas.fi\/blogi\/wp-content\/uploads\/2023\/11\/marraskuunvalo-10.jpg?resize=700%2C400&ssl=1 2x"},"classes":[]},{"id":32758,"url":"https:\/\/www.satokangas.fi\/blogi\/2017\/12\/100-vuotiaan-suomen-syntttarit-oulussa\/","url_meta":{"origin":32559,"position":1},"title":"100-vuotiaan Suomen syntt\u00e4rit Oulussa","author":"Reija","date":"6.12.2017","format":false,"excerpt":"Itsen\u00e4isyysp\u00e4iv\u00e4. Se on usein vietetty, viime vuosina, vuosikymmenin\u00e4, melkein aina Koilliskairassa, kaamoksen alettua Lapin h\u00e4m\u00e4r\u00e4ss\u00e4, sinivalkoisissa pakkasissa. T\u00e4n\u00e4 vuonna siirsimme l\u00e4ht\u00f6\u00e4 (mm.) Suomi 100 - juhlallisuuksien takia. Onhan t\u00e4ss\u00e4 monta p\u00e4iv\u00e4\u00e4 ollut kaikkea hienoa katseltavaa, my\u00f6t\u00e4elett\u00e4v\u00e4\u00e4, kuvattavaa Oulussakin. Halusimme olla t\u00e4\u00e4ll\u00e4 Suomi 100 -juhlaa el\u00e4m\u00e4ss\u00e4 mukana. Ja nyt kun kerran\u2026","rel":"","context":"Kategoriassa &quot;Historiaa&quot;","block_context":{"text":"Historiaa","link":"https:\/\/www.satokangas.fi\/blogi\/category\/historiaa\/"},"img":{"alt_text":"","src":"","width":0,"height":0},"classes":[]},{"id":23010,"url":"https:\/\/www.satokangas.fi\/blogi\/2014\/11\/isanpaivan-aattona\/","url_meta":{"origin":32559,"position":2},"title":"Is\u00e4np\u00e4iv\u00e4n aattona","author":"Reija","date":"8.11.2014","format":false,"excerpt":"Jos lauantaina (lauantaikin!) aamuna her\u00e4\u00e4 kuudelta, ehtii paljon. Mik\u00e4 ihmeen sisustusinto nyt oikein on iskenyt? Min\u00e4h\u00e4n en kalusteiden, mattojen, kukkien paikkoja juuri vaihda - yleens\u00e4. Kun kerran jotain on hankittu, se pidet\u00e4\u00e4n. Sille on paikka ja siin\u00e4 pysyy. Ei nytk\u00e4\u00e4n mit\u00e4\u00e4n huonekalujen roudaamisia, mutta liinoja ja lamppuja, kynttil\u00f6it\u00e4 ja niit\u00e4\u2026","rel":"","context":"Kategoriassa &quot;Niit\u00e4 n\u00e4it\u00e4&quot;","block_context":{"text":"Niit\u00e4 n\u00e4it\u00e4","link":"https:\/\/www.satokangas.fi\/blogi\/category\/aiheeton\/"},"img":{"alt_text":"Joulu on ens kuussa!-16","src":"https:\/\/i0.wp.com\/www.satokangas.fi\/blogi\/wp-content\/uploads\/2014\/11\/Joulu-on-ens-kuussa-16-286x400.jpg?resize=350%2C200&ssl=1","width":350,"height":200},"classes":[]},{"id":44115,"url":"https:\/\/www.satokangas.fi\/blogi\/2022\/11\/paiva-jossa-akkia-tuli-ilta\/","url_meta":{"origin":32559,"position":3},"title":"P\u00e4iv\u00e4, jossa \u00e4kki\u00e4 tuli ilta","author":"Reija","date":"13.11.2022","format":false,"excerpt":"Marraskuun toinen sunnuntai: is\u00e4np\u00e4iv\u00e4, lasteni is\u00e4n p\u00e4iv\u00e4, lapsenlapsen syntt\u00e4rip\u00e4iv\u00e4, lapseni is\u00e4np\u00e4iv\u00e4, tytt\u00e4ren Ouluun tulon p\u00e4iv\u00e4... \u201cJokainen yksin\u00e4\u00e4n maan syd\u00e4mell\u00e4 auringons\u00e4teen l\u00e4vist\u00e4m\u00e4n\u00e4: ja \u00e4kki\u00e4 on ilta.\u201d \u00a0 \u00a0(Salvatore Quasimodo)\u00a0 Tuosta runosta nyt vain tuo viimeinen s\u00e4e todeksi eletty: \u00e4kki\u00e4 on ilta.\u00a0 \u00c4kki\u00e4 t\u00e4m\u00e4kin p\u00e4iv\u00e4 ohi. Hyv\u00e4 p\u00e4iv\u00e4. Aamulla py\u00f6r\u00e4illess\u00e4ni hautausmaalle pohdiskelin\u2026","rel":"","context":"Kategoriassa &quot;Niit\u00e4 n\u00e4it\u00e4&quot;","block_context":{"text":"Niit\u00e4 n\u00e4it\u00e4","link":"https:\/\/www.satokangas.fi\/blogi\/category\/aiheeton\/"},"img":{"alt_text":"","src":"https:\/\/i0.wp.com\/www.satokangas.fi\/blogi\/wp-content\/uploads\/2022\/11\/marraskuu-2.jpg?resize=350%2C200&ssl=1","width":350,"height":200,"srcset":"https:\/\/i0.wp.com\/www.satokangas.fi\/blogi\/wp-content\/uploads\/2022\/11\/marraskuu-2.jpg?resize=350%2C200&ssl=1 1x, https:\/\/i0.wp.com\/www.satokangas.fi\/blogi\/wp-content\/uploads\/2022\/11\/marraskuu-2.jpg?resize=525%2C300&ssl=1 1.5x, https:\/\/i0.wp.com\/www.satokangas.fi\/blogi\/wp-content\/uploads\/2022\/11\/marraskuu-2.jpg?resize=700%2C400&ssl=1 2x"},"classes":[]},{"id":47544,"url":"https:\/\/www.satokangas.fi\/blogi\/2023\/11\/en-ja-martin-paiva\/","url_meta":{"origin":32559,"position":4},"title":"E:n ja Martin p\u00e4iv\u00e4","author":"Reija","date":"10.11.2023","format":false,"excerpt":"Meid\u00e4n p\u00e4iv\u00e4ss\u00e4 t\u00e4rkeysj\u00e4rjestys t\u00e4n\u00e4\u00e4n juuri noin: ensin E:n p\u00e4iv\u00e4 ja sitten Martinp\u00e4iv\u00e4. Ja t\u00e4n\u00e4 vuonna siihen kuului rauhan presidentin Martti Ahtisaaren hautaan siunaamisen p\u00e4iv\u00e4. Juhlan valmistelu, syntt\u00e4reiden puuhaaminen rakkaalle on mieluista, v\u00e4hint\u00e4\u00e4n yht\u00e4 mieluista kuin juhliminen. Jo eilen hankin ongintaan kaikille pienet saaliit, pienet lahjat. Suklaakalenterit ja kirjat ovat varmoja\u2026","rel":"","context":"Kategoriassa &quot;Isovanhemmuus&quot;","block_context":{"text":"Isovanhemmuus","link":"https:\/\/www.satokangas.fi\/blogi\/category\/isovanhemmuus\/"},"img":{"alt_text":"","src":"https:\/\/i0.wp.com\/www.satokangas.fi\/blogi\/wp-content\/uploads\/2023\/11\/Nutella-kakku.jpg?resize=350%2C200&ssl=1","width":350,"height":200,"srcset":"https:\/\/i0.wp.com\/www.satokangas.fi\/blogi\/wp-content\/uploads\/2023\/11\/Nutella-kakku.jpg?resize=350%2C200&ssl=1 1x, https:\/\/i0.wp.com\/www.satokangas.fi\/blogi\/wp-content\/uploads\/2023\/11\/Nutella-kakku.jpg?resize=525%2C300&ssl=1 1.5x"},"classes":[]},{"id":26737,"url":"https:\/\/www.satokangas.fi\/blogi\/2015\/11\/isanpaivaa-kohti\/","url_meta":{"origin":32559,"position":5},"title":"Is\u00e4np\u00e4iv\u00e4\u00e4 kohti","author":"Reija","date":"4.11.2015","format":false,"excerpt":"Sunnuntaina on is\u00e4np\u00e4iv\u00e4. Ei olla l\u00e4hd\u00f6ss\u00e4 m\u00f6kille kuten usein is\u00e4np\u00e4iv\u00e4ksi menn\u00e4\u00e4n. On poikani ensimm\u00e4inen is\u00e4np\u00e4iv\u00e4 is\u00e4n\u00e4. Minun is\u00e4ni on ollut poissa jo 11 vuotta. Ty\u00e4r tulee viikonloppuna pikavisiitille Ouluun, ei kyll\u00e4k\u00e4\u00e4n ihan vain is\u00e4np\u00e4iv\u00e4n vuoksi. Ja\u00a0meill\u00e4 tietysti on is\u00e4np\u00e4iv\u00e4p\u00e4iv\u00e4llinen viikonloppuna. Teen juhlaruoan\u00a0lasteni is\u00e4lle, kuten niin monta kertaa olen tehnyt, mutta\u2026","rel":"","context":"Kategoriassa &quot;Niit\u00e4 n\u00e4it\u00e4&quot;","block_context":{"text":"Niit\u00e4 n\u00e4it\u00e4","link":"https:\/\/www.satokangas.fi\/blogi\/category\/aiheeton\/"},"img":{"alt_text":"Marraskuun aurinko-3","src":"https:\/\/i0.wp.com\/www.satokangas.fi\/blogi\/wp-content\/uploads\/2015\/11\/Marraskuun-aurinko-3-600x400.jpg?resize=350%2C200&ssl=1","width":350,"height":200,"srcset":"https:\/\/i0.wp.com\/www.satokangas.fi\/blogi\/wp-content\/uploads\/2015\/11\/Marraskuun-aurinko-3-600x400.jpg?resize=350%2C200&ssl=1 1x, https:\/\/i0.wp.com\/www.satokangas.fi\/blogi\/wp-content\/uploads\/2015\/11\/Marraskuun-aurinko-3-600x400.jpg?resize=525%2C300&ssl=1 1.5x"},"classes":[]}],"_links":{"self":[{"href":"https:\/\/www.satokangas.fi\/blogi\/wp-json\/wp\/v2\/posts\/32559","targetHints":{"allow":["GET"]}}],"collection":[{"href":"https:\/\/www.satokangas.fi\/blogi\/wp-json\/wp\/v2\/posts"}],"about":[{"href":"https:\/\/www.satokangas.fi\/blogi\/wp-json\/wp\/v2\/types\/post"}],"author":[{"embeddable":true,"href":"https:\/\/www.satokangas.fi\/blogi\/wp-json\/wp\/v2\/users\/1"}],"replies":[{"embeddable":true,"href":"https:\/\/www.satokangas.fi\/blogi\/wp-json\/wp\/v2\/comments?post=32559"}],"version-history":[{"count":0,"href":"https:\/\/www.satokangas.fi\/blogi\/wp-json\/wp\/v2\/posts\/32559\/revisions"}],"wp:attachment":[{"href":"https:\/\/www.satokangas.fi\/blogi\/wp-json\/wp\/v2\/media?parent=32559"}],"wp:term":[{"taxonomy":"category","embeddable":true,"href":"https:\/\/www.satokangas.fi\/blogi\/wp-json\/wp\/v2\/categories?post=32559"},{"taxonomy":"post_tag","embeddable":true,"href":"https:\/\/www.satokangas.fi\/blogi\/wp-json\/wp\/v2\/tags?post=32559"}],"curies":[{"name":"wp","href":"https:\/\/api.w.org\/{rel}","templated":true}]}}