{"id":32528,"date":"2017-11-07T21:48:09","date_gmt":"2017-11-07T19:48:09","guid":{"rendered":"https:\/\/www.satokangas.fi\/blogi\/?p=32528"},"modified":"2017-11-07T21:54:21","modified_gmt":"2017-11-07T19:54:21","slug":"paivan-kuvasatoa","status":"publish","type":"post","link":"https:\/\/www.satokangas.fi\/blogi\/2017\/11\/paivan-kuvasatoa\/","title":{"rendered":"P\u00e4iv\u00e4n kuvasatoa"},"content":{"rendered":"<p><a href=\"https:\/\/www.satokangas.fi\/blogi\/2017\/11\/paivan-kuvasatoa\/kotipihan-revontulet-7\/#main\" rel=\"attachment wp-att-32530\"><img loading=\"lazy\" decoding=\"async\" data-attachment-id=\"32530\" data-permalink=\"https:\/\/www.satokangas.fi\/blogi\/2017\/11\/paivan-kuvasatoa\/kotipihan-revontulet-7\/\" data-orig-file=\"https:\/\/www.satokangas.fi\/blogi\/wp-content\/uploads\/2017\/11\/Kotipihan-revontulet-7.jpg\" data-orig-size=\"1000,697\" data-comments-opened=\"1\" data-image-meta=\"{&quot;aperture&quot;:&quot;0&quot;,&quot;credit&quot;:&quot;Reija Satokangas&quot;,&quot;camera&quot;:&quot;&quot;,&quot;caption&quot;:&quot;&quot;,&quot;created_timestamp&quot;:&quot;1510090150&quot;,&quot;copyright&quot;:&quot;&quot;,&quot;focal_length&quot;:&quot;0&quot;,&quot;iso&quot;:&quot;0&quot;,&quot;shutter_speed&quot;:&quot;0&quot;,&quot;title&quot;:&quot;&quot;,&quot;orientation&quot;:&quot;0&quot;}\" data-image-title=\"Kotipihan revontulet-7\" data-image-description=\"\" data-image-caption=\"\" data-large-file=\"https:\/\/www.satokangas.fi\/blogi\/wp-content\/uploads\/2017\/11\/Kotipihan-revontulet-7.jpg\" class=\"aligncenter size-full wp-image-32530\" src=\"https:\/\/www.satokangas.fi\/blogi\/wp-content\/uploads\/2017\/11\/Kotipihan-revontulet-7.jpg\" alt=\"\" width=\"1000\" height=\"697\" srcset=\"https:\/\/www.satokangas.fi\/blogi\/wp-content\/uploads\/2017\/11\/Kotipihan-revontulet-7.jpg 1000w, https:\/\/www.satokangas.fi\/blogi\/wp-content\/uploads\/2017\/11\/Kotipihan-revontulet-7-300x209.jpg 300w, https:\/\/www.satokangas.fi\/blogi\/wp-content\/uploads\/2017\/11\/Kotipihan-revontulet-7-574x400.jpg 574w, https:\/\/www.satokangas.fi\/blogi\/wp-content\/uploads\/2017\/11\/Kotipihan-revontulet-7-768x535.jpg 768w\" sizes=\"auto, (max-width: 1000px) 100vw, 1000px\" \/><\/a><\/p>\n<p style=\"text-align: justify;\">Eih\u00e4n t\u00e4ss\u00e4 mill\u00e4\u00e4n meinaa ehti\u00e4 blogin \u00e4\u00e4reen. Touhup\u00e4iv\u00e4, ja iltakin, ja sitten viel\u00e4 yht\u00e4kki\u00e4 puhelimessa revontuli-appsi ilmoittaa, ett\u00e4 t\u00e4n\u00e4\u00e4n voisi olla vihre\u00e4\u00e4 kuvattavaa. Ja siin\u00e4 samassa kotipihalle! Varttitunnin oli kauniita kaaria joka puolella, ja samaan aikaan kuu nousemassa id\u00e4n taivaalta. Onneksi en l\u00e4htenyt ajelemaan mihink\u00e4\u00e4n Nallikariin tms., sill\u00e4 valoshow oli pian ohi.<\/p>\n<p><a href=\"https:\/\/www.satokangas.fi\/blogi\/2017\/11\/paivan-kuvasatoa\/kotipihan-revontulet-6\/#main\" rel=\"attachment wp-att-32529\"><img loading=\"lazy\" decoding=\"async\" data-attachment-id=\"32529\" data-permalink=\"https:\/\/www.satokangas.fi\/blogi\/2017\/11\/paivan-kuvasatoa\/kotipihan-revontulet-6\/\" data-orig-file=\"https:\/\/www.satokangas.fi\/blogi\/wp-content\/uploads\/2017\/11\/Kotipihan-revontulet-6.jpg\" data-orig-size=\"1000,667\" data-comments-opened=\"1\" data-image-meta=\"{&quot;aperture&quot;:&quot;0&quot;,&quot;credit&quot;:&quot;Reija Satokangas&quot;,&quot;camera&quot;:&quot;&quot;,&quot;caption&quot;:&quot;&quot;,&quot;created_timestamp&quot;:&quot;1510090418&quot;,&quot;copyright&quot;:&quot;&quot;,&quot;focal_length&quot;:&quot;0&quot;,&quot;iso&quot;:&quot;0&quot;,&quot;shutter_speed&quot;:&quot;0&quot;,&quot;title&quot;:&quot;&quot;,&quot;orientation&quot;:&quot;0&quot;}\" data-image-title=\"Kotipihan revontulet-6\" data-image-description=\"\" data-image-caption=\"\" data-large-file=\"https:\/\/www.satokangas.fi\/blogi\/wp-content\/uploads\/2017\/11\/Kotipihan-revontulet-6.jpg\" class=\"aligncenter size-full wp-image-32529\" src=\"https:\/\/www.satokangas.fi\/blogi\/wp-content\/uploads\/2017\/11\/Kotipihan-revontulet-6.jpg\" alt=\"\" width=\"1000\" height=\"667\" srcset=\"https:\/\/www.satokangas.fi\/blogi\/wp-content\/uploads\/2017\/11\/Kotipihan-revontulet-6.jpg 1000w, https:\/\/www.satokangas.fi\/blogi\/wp-content\/uploads\/2017\/11\/Kotipihan-revontulet-6-300x200.jpg 300w, https:\/\/www.satokangas.fi\/blogi\/wp-content\/uploads\/2017\/11\/Kotipihan-revontulet-6-600x400.jpg 600w, https:\/\/www.satokangas.fi\/blogi\/wp-content\/uploads\/2017\/11\/Kotipihan-revontulet-6-768x512.jpg 768w\" sizes=\"auto, (max-width: 1000px) 100vw, 1000px\" \/><\/a><\/p>\n<p style=\"text-align: justify;\">Sit\u00e4 paitsi Nalskussa k\u00e4vin jo auringonlaskun aikaan tullessani asioilta; mm. kaikkea mukavaa tilpeh\u00f6\u00f6ri\u00e4 l\u00f6ysin Bauhausista. Poistolevyj\u00e4 kuvausalustoiksi, kukkia, joulupalloja ja yhden pienen valonkin). Ja sitten k\u00e4vin eka kertaa ikin\u00e4 panttilainakonttorissa: joku kerta n\u00e4in ohimenness\u00e4ni sen ikkunassa chippendali-salaattiottimet, sellaiset aika pienet, mik\u00e4 oli nimenomaan hyv\u00e4 asia (tulette varmaan n\u00e4kem\u00e4\u00e4n kuvissa), ja niiden hinta oli vain 39 euroa. No kun t\u00e4n\u00e4\u00e4n olin sill\u00e4 suunnalla muutenkin, niin p\u00e4\u00e4tinp\u00e4s k\u00e4yd\u00e4 ostamassa ne. Hyv\u00e4t olivat ja hinta vallan edullinen. Mutta siell\u00e4 oli monta ihmist\u00e4 t\u00f6iss\u00e4 ja pari asiakastakin lis\u00e4kseni, ja minulle tuli sellainen kummallinen 60-luku tai &#8221;yleisliittolainen&#8221; tunnelma mieleen. Merkillinen paikka, mik\u00e4 ei est\u00e4, ettenk\u00f6 voisi k\u00e4yd\u00e4 toistekin tekem\u00e4ss\u00e4 l\u00f6yt\u00f6j\u00e4.<\/p>\n<p style=\"text-align: justify;\">Serkkuni kuvahaasteissa on t\u00e4ll\u00e4 viikolla aiheena panoraama ja &#8221;kuvapallo&#8221;. Ensin 12 kuvan panoraama kauniista, aurinkoisesta, aika l\u00e4mpim\u00e4st\u00e4kin marraskuun p\u00e4iv\u00e4st\u00e4 ja sitten v\u00e4h\u00e4n lis\u00e4s\u00e4\u00e4telyj\u00e4&#8230;<\/p>\n<p><a href=\"https:\/\/www.satokangas.fi\/blogi\/2017\/11\/paivan-kuvasatoa\/nallikari-panoraama\/#main\" rel=\"attachment wp-att-32531\"><img loading=\"lazy\" decoding=\"async\" data-attachment-id=\"32531\" data-permalink=\"https:\/\/www.satokangas.fi\/blogi\/2017\/11\/paivan-kuvasatoa\/nallikari-panoraama\/\" data-orig-file=\"https:\/\/www.satokangas.fi\/blogi\/wp-content\/uploads\/2017\/11\/Nallikari-panoraama.jpg\" data-orig-size=\"2048,341\" data-comments-opened=\"1\" data-image-meta=\"{&quot;aperture&quot;:&quot;0&quot;,&quot;credit&quot;:&quot;Reija Satokangas&quot;,&quot;camera&quot;:&quot;&quot;,&quot;caption&quot;:&quot;&quot;,&quot;created_timestamp&quot;:&quot;1510071462&quot;,&quot;copyright&quot;:&quot;&quot;,&quot;focal_length&quot;:&quot;0&quot;,&quot;iso&quot;:&quot;0&quot;,&quot;shutter_speed&quot;:&quot;0&quot;,&quot;title&quot;:&quot;&quot;,&quot;orientation&quot;:&quot;0&quot;}\" data-image-title=\"Nallikari panoraama\" data-image-description=\"\" data-image-caption=\"\" data-large-file=\"https:\/\/www.satokangas.fi\/blogi\/wp-content\/uploads\/2017\/11\/Nallikari-panoraama-1600x266.jpg\" class=\"aligncenter size-large wp-image-32531\" src=\"https:\/\/www.satokangas.fi\/blogi\/wp-content\/uploads\/2017\/11\/Nallikari-panoraama-1600x266.jpg\" alt=\"\" width=\"1200\" height=\"200\" srcset=\"https:\/\/www.satokangas.fi\/blogi\/wp-content\/uploads\/2017\/11\/Nallikari-panoraama-1600x266.jpg 1600w, https:\/\/www.satokangas.fi\/blogi\/wp-content\/uploads\/2017\/11\/Nallikari-panoraama-300x50.jpg 300w, https:\/\/www.satokangas.fi\/blogi\/wp-content\/uploads\/2017\/11\/Nallikari-panoraama-800x133.jpg 800w, https:\/\/www.satokangas.fi\/blogi\/wp-content\/uploads\/2017\/11\/Nallikari-panoraama-768x128.jpg 768w, https:\/\/www.satokangas.fi\/blogi\/wp-content\/uploads\/2017\/11\/Nallikari-panoraama.jpg 2048w\" sizes=\"auto, (max-width: 1200px) 100vw, 1200px\" \/><\/a><\/p>\n<p>ja uimakopeista tuli linnunp\u00f6ntt\u00f6j\u00e4.<\/p>\n<p><a href=\"https:\/\/www.satokangas.fi\/blogi\/2017\/11\/paivan-kuvasatoa\/nallikari-panoraama-pallona-2\/#main\" rel=\"attachment wp-att-32532\"><img loading=\"lazy\" decoding=\"async\" data-attachment-id=\"32532\" data-permalink=\"https:\/\/www.satokangas.fi\/blogi\/2017\/11\/paivan-kuvasatoa\/nallikari-panoraama-pallona-2\/\" data-orig-file=\"https:\/\/www.satokangas.fi\/blogi\/wp-content\/uploads\/2017\/11\/Nallikari-panoraama-pallona-2.jpg\" data-orig-size=\"1000,982\" data-comments-opened=\"1\" data-image-meta=\"{&quot;aperture&quot;:&quot;0&quot;,&quot;credit&quot;:&quot;&quot;,&quot;camera&quot;:&quot;&quot;,&quot;caption&quot;:&quot;&quot;,&quot;created_timestamp&quot;:&quot;0&quot;,&quot;copyright&quot;:&quot;&quot;,&quot;focal_length&quot;:&quot;0&quot;,&quot;iso&quot;:&quot;0&quot;,&quot;shutter_speed&quot;:&quot;0&quot;,&quot;title&quot;:&quot;&quot;,&quot;orientation&quot;:&quot;1&quot;}\" data-image-title=\"Nallikari panoraama pallona 2\" data-image-description=\"\" data-image-caption=\"\" data-large-file=\"https:\/\/www.satokangas.fi\/blogi\/wp-content\/uploads\/2017\/11\/Nallikari-panoraama-pallona-2.jpg\" class=\"aligncenter wp-image-32532\" src=\"https:\/\/www.satokangas.fi\/blogi\/wp-content\/uploads\/2017\/11\/Nallikari-panoraama-pallona-2.jpg\" alt=\"\" width=\"800\" height=\"786\" srcset=\"https:\/\/www.satokangas.fi\/blogi\/wp-content\/uploads\/2017\/11\/Nallikari-panoraama-pallona-2.jpg 1000w, https:\/\/www.satokangas.fi\/blogi\/wp-content\/uploads\/2017\/11\/Nallikari-panoraama-pallona-2-300x295.jpg 300w, https:\/\/www.satokangas.fi\/blogi\/wp-content\/uploads\/2017\/11\/Nallikari-panoraama-pallona-2-407x400.jpg 407w, https:\/\/www.satokangas.fi\/blogi\/wp-content\/uploads\/2017\/11\/Nallikari-panoraama-pallona-2-768x754.jpg 768w\" sizes=\"auto, (max-width: 800px) 100vw, 800px\" \/><\/a><\/p>\n<p>Mie niin kovasti n\u00e4ist\u00e4 automaattimuokkauksista piittaa, mutta nyt on ajatusta joulukuvia varten, on ihan huippua kun on aikaa joulufiilistelyyn &#8230;<\/p>\n","protected":false},"excerpt":{"rendered":"<p>Eih\u00e4n t\u00e4ss\u00e4 mill\u00e4\u00e4n meinaa ehti\u00e4 blogin \u00e4\u00e4reen. Touhup\u00e4iv\u00e4, ja iltakin, ja sitten viel\u00e4 yht\u00e4kki\u00e4 puhelimessa revontuli-appsi ilmoittaa, ett\u00e4 t\u00e4n\u00e4\u00e4n voisi olla vihre\u00e4\u00e4 kuvattavaa. Ja siin\u00e4 samassa kotipihalle! Varttitunnin oli kauniita kaaria joka puolella, ja samaan aikaan kuu nousemassa id\u00e4n taivaalta. Onneksi en l\u00e4htenyt ajelemaan mihink\u00e4\u00e4n Nallikariin tms., sill\u00e4 valoshow oli pian ohi. Sit\u00e4 paitsi Nalskussa k\u00e4vin jo auringonlaskun aikaan tullessani &hellip; <\/p>\n","protected":false},"author":1,"featured_media":0,"comment_status":"open","ping_status":"open","sticky":false,"template":"","format":"standard","meta":{"jetpack_post_was_ever_published":false,"_jetpack_newsletter_access":"","_jetpack_dont_email_post_to_subs":false,"_jetpack_newsletter_tier_id":0,"_jetpack_memberships_contains_paywalled_content":false,"_jetpack_memberships_contains_paid_content":false,"footnotes":"","jetpack_publicize_message":"","jetpack_publicize_feature_enabled":true,"jetpack_social_post_already_shared":true,"jetpack_social_options":{"image_generator_settings":{"template":"highway","default_image_id":0,"font":"","enabled":false},"version":2}},"categories":[37],"tags":[],"class_list":["post-32528","post","type-post","status-publish","format-standard","hentry","category-valokuvaus","latest_post"],"jetpack_publicize_connections":[],"jetpack_featured_media_url":"","jetpack_shortlink":"https:\/\/wp.me\/pr4p4-8sE","jetpack_sharing_enabled":true,"jetpack_likes_enabled":false,"jetpack-related-posts":[{"id":39264,"url":"https:\/\/www.satokangas.fi\/blogi\/2020\/08\/nyt-kun-on-tutustuttu\/","url_meta":{"origin":32528,"position":0},"title":"&#8221;Nyt kun on tutustuttu&#8230;&#8221;","author":"Reija","date":"27.8.2020","format":false,"excerpt":"K\u00e4vimme Pehtoorin kanssa t\u00e4\u00e4ll\u00e4 41 vuotta sitten. J\u00e4nn\u00e4, ett\u00e4 se on viel\u00e4 olemassa. T\u00e4n\u00e4\u00e4n me k\u00e4vimme t\u00e4\u00e4ll\u00e4. Ja t\u00e4n\u00e4\u00e4n aamup\u00e4ilv\u00e4l\u00e4 melkein samassa kohtaa kuin viime vuonna 27.8. tuli lapsilta perhe-whatssappiin onnittelut: ilohan se on, kun mutikaiset muistavat. Totesin ensh\u00e4t\u00e4\u00e4n (ja l\u00e4hetin kuvan): \"Kiitos, olen samassa kohtaa kuin viime vuonna samassa\u2026","rel":"","context":"Kategoriassa &quot;Niit\u00e4 n\u00e4it\u00e4&quot;","block_context":{"text":"Niit\u00e4 n\u00e4it\u00e4","link":"https:\/\/www.satokangas.fi\/blogi\/category\/aiheeton\/"},"img":{"alt_text":"","src":"https:\/\/i0.wp.com\/www.satokangas.fi\/blogi\/wp-content\/uploads\/2020\/08\/IMG_20200827_185255-200x400.jpg?resize=350%2C200&ssl=1","width":350,"height":200},"classes":[]},{"id":17770,"url":"https:\/\/www.satokangas.fi\/blogi\/2013\/06\/paluun-helpotus\/","url_meta":{"origin":32528,"position":1},"title":"Paluun helpotus","author":"Reija","date":"22.6.2013","format":false,"excerpt":"Ihan sama paistaako, ihan sama ollaanko kaupungissa tai m\u00f6kill\u00e4, ihan sama onko juhannus tai ei, - T\u00e4rkeint\u00e4 ja ainoa asia, jolla juuri nyt on merkityst\u00e4, on ett\u00e4 50 tunnin! varsin seikkailullisen (liki itku tuli, kun kuuntelin kaikkea, mit\u00e4 oli sattunut) paluumatkan j\u00e4lkeen pikkuinen tuli t\u00e4n\u00e4\u00e4n kotiin. N\u00e4iden kuvien v\u00e4linen viisi\u2026","rel":"","context":"Kategoriassa &quot;Niit\u00e4 n\u00e4it\u00e4&quot;","block_context":{"text":"Niit\u00e4 n\u00e4it\u00e4","link":"https:\/\/www.satokangas.fi\/blogi\/category\/aiheeton\/"},"img":{"alt_text":"1-5","src":"https:\/\/i0.wp.com\/www.satokangas.fi\/blogi\/wp-content\/uploads\/2013\/06\/1-5-600x318.jpg?resize=350%2C200&ssl=1","width":350,"height":200,"srcset":"https:\/\/i0.wp.com\/www.satokangas.fi\/blogi\/wp-content\/uploads\/2013\/06\/1-5-600x318.jpg?resize=350%2C200&ssl=1 1x, https:\/\/i0.wp.com\/www.satokangas.fi\/blogi\/wp-content\/uploads\/2013\/06\/1-5-600x318.jpg?resize=525%2C300&ssl=1 1.5x"},"classes":[]},{"id":8951,"url":"https:\/\/www.satokangas.fi\/blogi\/2010\/10\/viikonloppu-vapaa\/","url_meta":{"origin":32528,"position":2},"title":"Viikonloppu vapaa!","author":"Reija","date":"8.10.2010","format":false,"excerpt":"Koko viikonloppu sitoumuksetta. Sellainenkin voi olla - ja on - \u00e4\u00e4rimm\u00e4isen mukavaa. Ja mit\u00e4 min\u00e4 teen? Suunnittelen itse viikonlopun t\u00e4yteen tekemist\u00e4: vihdoin Italian matkasivu valmiiksi (olkavarsi ei ole samaa mielt\u00e4), vihdoin pojan vaatevaraston perkaus ja putsaus (poika ei ole samaa mielt\u00e4). Vihdoin murmeli sy\u00f6m\u00e4\u00e4n meille tai ruokaa Caritakseen (vaihtoehdoista on\u2026","rel":"","context":"Kategoriassa &quot;Niit\u00e4 n\u00e4it\u00e4&quot;","block_context":{"text":"Niit\u00e4 n\u00e4it\u00e4","link":"https:\/\/www.satokangas.fi\/blogi\/category\/aiheeton\/"},"img":{"alt_text":"","src":"","width":0,"height":0},"classes":[]},{"id":11838,"url":"https:\/\/www.satokangas.fi\/blogi\/2011\/06\/etta-se-on-elettava\/","url_meta":{"origin":32528,"position":3},"title":"&#8221;&#8230;ett\u00e4 se on elett\u00e4v\u00e4&#8221;","author":"Reija","date":"22.6.2011","format":false,"excerpt":"M\u00f6kille! Siit\u00e4h\u00e4n se kes\u00e4loma alkaa! Melkein koko matkan satoi. Koko matkan olin lukematta mit\u00e4\u00e4n duuniin liittyv\u00e4\u00e4 :) Hoppua oli viimeinen ty\u00f6p\u00e4iv\u00e4ni. Yhteen jos toiseen suuntaan k\u00e4yt\u00e4v\u00e4 lopettelemassa ...\u00a0 J\u00e4tin ty\u00f6huoneeni ovenpieless\u00e4 olevaan \"infoneli\u00f6\u00f6n\" lainauksen Sillanp\u00e4\u00e4n kirjasta. Saman lainauksen, joka on v\u00e4it\u00f6skirjani nimi\u00f6lehdell\u00e4, saman lainauksen, joka oli jo toisessa opiskelijalta saadussa\u2026","rel":"","context":"Kategoriassa &quot;Lappi&quot;","block_context":{"text":"Lappi","link":"https:\/\/www.satokangas.fi\/blogi\/category\/lappi\/"},"img":{"alt_text":"","src":"","width":0,"height":0},"classes":[]},{"id":47010,"url":"https:\/\/www.satokangas.fi\/blogi\/2023\/09\/poikkeukselliset-mukavat-maistiaiset\/","url_meta":{"origin":32528,"position":4},"title":"Poikkeukselliset mukavat maistiaiset","author":"Reija","date":"12.9.2023","format":false,"excerpt":"Syyskuun toinen tiistai. Seh\u00e4n on perinteinen Oulun Viininyst\u00e4vien meetingin aika. Mietin pitk\u00e4\u00e4n ilmoittaudunko, ja ilmoittauduin onneksi sittenkin! Joskus t\u00e4m\u00e4 syyskuun meetinki on ollut meill\u00e4kin, mutta nyt en ollut lupautunut j\u00e4rjest\u00e4j\u00e4ksi, mutta mukaan Aleksinkulman meetinkiin kuitenkin menin. Meit\u00e4 ei ollut paikalla kuin 10, joskus on ollut parikymment\u00e4 ja enemm\u00e4nkin. T\u00e4n\u00e4\u00e4n porukan\u2026","rel":"","context":"Kategoriassa &quot;Niit\u00e4 n\u00e4it\u00e4&quot;","block_context":{"text":"Niit\u00e4 n\u00e4it\u00e4","link":"https:\/\/www.satokangas.fi\/blogi\/category\/aiheeton\/"},"img":{"alt_text":"","src":"https:\/\/i0.wp.com\/www.satokangas.fi\/blogi\/wp-content\/uploads\/2023\/09\/Palmer-2.jpg?resize=350%2C200&ssl=1","width":350,"height":200,"srcset":"https:\/\/i0.wp.com\/www.satokangas.fi\/blogi\/wp-content\/uploads\/2023\/09\/Palmer-2.jpg?resize=350%2C200&ssl=1 1x, https:\/\/i0.wp.com\/www.satokangas.fi\/blogi\/wp-content\/uploads\/2023\/09\/Palmer-2.jpg?resize=525%2C300&ssl=1 1.5x, https:\/\/i0.wp.com\/www.satokangas.fi\/blogi\/wp-content\/uploads\/2023\/09\/Palmer-2.jpg?resize=700%2C400&ssl=1 2x"},"classes":[]},{"id":2224,"url":"https:\/\/www.satokangas.fi\/blogi\/2009\/01\/samaan-aikaan-109-vuotta-sitten\/","url_meta":{"origin":32528,"position":5},"title":"Samaan aikaan &#8230; 109 vuotta sitten","author":"Reija","date":"29.1.2009","format":false,"excerpt":"T\u00e4n\u00e4\u00e4n luennollani johdattelin opiskelijoita Historiallisen sanomalehtiarkiston kiehtovaan maailmaan ja sen antiin. (Suosittelen l\u00e4mpim\u00e4sti my\u00f6s blogivieraille. Kertakaikkisen mainio digiarkisto!) Kalevan t\u00e4m\u00e4n p\u00e4iv\u00e4n (29.1.) numero vuodelta 1900 oli yksi lehti, jota \"selailimme\". Ja sielt\u00e4 pisti esiin seuraava pikku-uutinen (klikkaa ihmeess\u00e4 \"lehtileike\" suuremmaksi): PIKKUTIETOJA: \"Awioliittokoulun aikoo er\u00e4s nuori rouwa, tietysti amerikkalainen, perustaa kotokaupunkiinsa\u2026","rel":"","context":"Kategoriassa &quot;Historiaa&quot;","block_context":{"text":"Historiaa","link":"https:\/\/www.satokangas.fi\/blogi\/category\/historiaa\/"},"img":{"alt_text":"Kaleva 29.1.1900 s. 4.","src":"https:\/\/i0.wp.com\/www.satokangas.fi\/blogi\/wp-content\/uploads\/2009\/01\/pikkuuutisia-200x127.jpg?resize=350%2C200&ssl=1","width":350,"height":200},"classes":[]}],"_links":{"self":[{"href":"https:\/\/www.satokangas.fi\/blogi\/wp-json\/wp\/v2\/posts\/32528","targetHints":{"allow":["GET"]}}],"collection":[{"href":"https:\/\/www.satokangas.fi\/blogi\/wp-json\/wp\/v2\/posts"}],"about":[{"href":"https:\/\/www.satokangas.fi\/blogi\/wp-json\/wp\/v2\/types\/post"}],"author":[{"embeddable":true,"href":"https:\/\/www.satokangas.fi\/blogi\/wp-json\/wp\/v2\/users\/1"}],"replies":[{"embeddable":true,"href":"https:\/\/www.satokangas.fi\/blogi\/wp-json\/wp\/v2\/comments?post=32528"}],"version-history":[{"count":0,"href":"https:\/\/www.satokangas.fi\/blogi\/wp-json\/wp\/v2\/posts\/32528\/revisions"}],"wp:attachment":[{"href":"https:\/\/www.satokangas.fi\/blogi\/wp-json\/wp\/v2\/media?parent=32528"}],"wp:term":[{"taxonomy":"category","embeddable":true,"href":"https:\/\/www.satokangas.fi\/blogi\/wp-json\/wp\/v2\/categories?post=32528"},{"taxonomy":"post_tag","embeddable":true,"href":"https:\/\/www.satokangas.fi\/blogi\/wp-json\/wp\/v2\/tags?post=32528"}],"curies":[{"name":"wp","href":"https:\/\/api.w.org\/{rel}","templated":true}]}}