{"id":32476,"date":"2017-10-30T21:00:34","date_gmt":"2017-10-30T19:00:34","guid":{"rendered":"https:\/\/www.satokangas.fi\/blogi\/?p=32476"},"modified":"2017-10-30T21:01:22","modified_gmt":"2017-10-30T19:01:22","slug":"haloo-oulu","status":"publish","type":"post","link":"https:\/\/www.satokangas.fi\/blogi\/2017\/10\/haloo-oulu\/","title":{"rendered":"Haloo Oulu!"},"content":{"rendered":"<p style=\"text-align: justify;\">Ei aina tarvitse l\u00e4hte\u00e4 tuntureiden tuolle puolen, ett\u00e4 saisi komeita kuvia taivaankannesta. T\u00e4n\u00e4\u00e4n iltap\u00e4iv\u00e4ll\u00e4 \u00e4idin luota l\u00e4htiess\u00e4 Caritaksen pihalla n\u00e4kyi komea haloilmi\u00f6, &#8211; p\u00e4\u00e4tin ajaa merenrantaan, jottei rakennusten sein\u00e4t ja ratapiha olisi edess\u00e4. Ja voil\u00e1! Olipas komea.<\/p>\n<p><a href=\"https:\/\/www.satokangas.fi\/blogi\/2017\/10\/haloo-oulu\/halo-oritkarissa_\/#main\" rel=\"attachment wp-att-32477\"><img loading=\"lazy\" decoding=\"async\" data-attachment-id=\"32477\" data-permalink=\"https:\/\/www.satokangas.fi\/blogi\/2017\/10\/haloo-oulu\/halo-oritkarissa_\/\" data-orig-file=\"https:\/\/www.satokangas.fi\/blogi\/wp-content\/uploads\/2017\/10\/Halo-Oritkarissa_.jpg\" data-orig-size=\"1000,667\" data-comments-opened=\"1\" data-image-meta=\"{&quot;aperture&quot;:&quot;0&quot;,&quot;credit&quot;:&quot;Reija Satokangas&quot;,&quot;camera&quot;:&quot;&quot;,&quot;caption&quot;:&quot;&quot;,&quot;created_timestamp&quot;:&quot;1509376087&quot;,&quot;copyright&quot;:&quot;&quot;,&quot;focal_length&quot;:&quot;0&quot;,&quot;iso&quot;:&quot;0&quot;,&quot;shutter_speed&quot;:&quot;0&quot;,&quot;title&quot;:&quot;&quot;,&quot;orientation&quot;:&quot;1&quot;}\" data-image-title=\"Halo Oritkarissa_\" data-image-description=\"\" data-image-caption=\"\" data-large-file=\"https:\/\/www.satokangas.fi\/blogi\/wp-content\/uploads\/2017\/10\/Halo-Oritkarissa_.jpg\" class=\"aligncenter size-full wp-image-32477\" src=\"https:\/\/www.satokangas.fi\/blogi\/wp-content\/uploads\/2017\/10\/Halo-Oritkarissa_.jpg\" alt=\"\" width=\"1000\" height=\"667\" srcset=\"https:\/\/www.satokangas.fi\/blogi\/wp-content\/uploads\/2017\/10\/Halo-Oritkarissa_.jpg 1000w, https:\/\/www.satokangas.fi\/blogi\/wp-content\/uploads\/2017\/10\/Halo-Oritkarissa_-300x200.jpg 300w, https:\/\/www.satokangas.fi\/blogi\/wp-content\/uploads\/2017\/10\/Halo-Oritkarissa_-600x400.jpg 600w, https:\/\/www.satokangas.fi\/blogi\/wp-content\/uploads\/2017\/10\/Halo-Oritkarissa_-768x512.jpg 768w\" sizes=\"auto, (max-width: 1000px) 100vw, 1000px\" \/><\/a><\/p>\n<p style=\"text-align: justify;\">Muutenkin ihanan aurinkoinen ja valoisa p\u00e4iv\u00e4. Mutta enp\u00e4 juuri ulkokuvia muita ottanut, omassa pikkustudiossa kyll\u00e4kin. Ruokakuvia, ostinpa kauppareissulla taas pari uutta harmaata lautastakin. Ihan niin kuin minulla ei olisi astioita tarpeeksi. Viikonlopuksi on tulossa soppa- ja kurpitsaohjetta&#8230; ja viinisuosituksiakin.<\/p>\n<p style=\"text-align: justify;\">\u00c4sken olimme Vuoden luontokuva -tapahtumassa Tietomaassa. Ennen kuin kilpailun voittokuvat kaikista sarjoista esiteltiin, piti Jyrki Kallio-Koski l\u00e4hes tunnin esityksen 40-vuotisesta kuvataipaleestaan &#8221;Poromiehen matkassa&#8221;. H\u00e4nen esitt\u00e4m\u00e4ns\u00e4 kuvasarja Raittij\u00e4rvi &#8211; Kaijukan kyl\u00e4st\u00e4 kertoi poron ja poronhoidon vuodenkierrosta hienosti, koskettavasti, riipaisevasti, kauniisti ja paljon uutta tietoa tuoden.<\/p>\n<p style=\"text-align: justify;\">T\u00e4m\u00e4 oli nyt kolmas kerta tuossa tilaisuudessa, ja nyt kuten ennenkin olen ilolla kuunnellut tuomariston perusteluja <span style=\"text-decoration: underline;\"><a href=\"http:\/\/www.vuodenluontokuva.fi\/vlk\/sarjavoittajat2017\" target=\"_blank\" rel=\"noopener\">palkituille kuville<\/a><\/span>. En tied\u00e4, onko siell\u00e4 joku haamukirjoittaja vai mist\u00e4 johtuu, ett\u00e4 tekstit ovat liki runollisia, hauskoja, oivaltavia. Niin kuin monet palkituista kuvistakin.<\/p>\n","protected":false},"excerpt":{"rendered":"<p>Ei aina tarvitse l\u00e4hte\u00e4 tuntureiden tuolle puolen, ett\u00e4 saisi komeita kuvia taivaankannesta. T\u00e4n\u00e4\u00e4n iltap\u00e4iv\u00e4ll\u00e4 \u00e4idin luota l\u00e4htiess\u00e4 Caritaksen pihalla n\u00e4kyi komea haloilmi\u00f6, &#8211; p\u00e4\u00e4tin ajaa merenrantaan, jottei rakennusten sein\u00e4t ja ratapiha olisi edess\u00e4. Ja voil\u00e1! Olipas komea. Muutenkin ihanan aurinkoinen ja valoisa p\u00e4iv\u00e4. Mutta enp\u00e4 juuri ulkokuvia muita ottanut, omassa pikkustudiossa kyll\u00e4kin. Ruokakuvia, ostinpa kauppareissulla taas pari uutta harmaata lautastakin. &hellip; <\/p>\n","protected":false},"author":1,"featured_media":0,"comment_status":"open","ping_status":"open","sticky":false,"template":"","format":"standard","meta":{"jetpack_post_was_ever_published":false,"_jetpack_newsletter_access":"","_jetpack_dont_email_post_to_subs":false,"_jetpack_newsletter_tier_id":0,"_jetpack_memberships_contains_paywalled_content":false,"_jetpack_memberships_contains_paid_content":false,"footnotes":"","jetpack_publicize_message":"","jetpack_publicize_feature_enabled":true,"jetpack_social_post_already_shared":true,"jetpack_social_options":{"image_generator_settings":{"template":"highway","default_image_id":0,"font":"","enabled":false},"version":2}},"categories":[55,37],"tags":[],"class_list":["post-32476","post","type-post","status-publish","format-standard","hentry","category-oulu","category-valokuvaus","latest_post"],"jetpack_publicize_connections":[],"jetpack_featured_media_url":"","jetpack_shortlink":"https:\/\/wp.me\/pr4p4-8rO","jetpack_sharing_enabled":true,"jetpack_likes_enabled":false,"jetpack-related-posts":[{"id":31514,"url":"https:\/\/www.satokangas.fi\/blogi\/2017\/08\/oulun-puiden-katveesta-reissuun-lahdossa\/","url_meta":{"origin":32476,"position":0},"title":"Oulun puiden katveesta reissuun l\u00e4hd\u00f6ss\u00e4","author":"Reija","date":"5.8.2017","format":false,"excerpt":"Puita halailemassa, eikun kuvailemassa. Viel\u00e4 l\u00e4htiess\u00e4ni paistoi aurinko, mutta jo puoliv\u00e4liss\u00e4 kohti kaupunkia oli puettava p\u00e4\u00e4lle tuulitakki, jonka onneksi olin py\u00f6r\u00e4koriin pikku kameralaukun viereen laittanut l\u00e4htiess\u00e4ni. Toppilansuoran komein, ja ainoa tierempan alettua j\u00e4ljelle j\u00e4tetty, m\u00e4nty p\u00e4\u00e4see pian \"kahleestaan\". Montturalli, tiety\u00f6, aliskan, kiertoliittym\u00e4n ja kaikenmoisen kohta vuoden kest\u00e4nyt remppa on pian\u2026","rel":"","context":"Kategoriassa &quot;Oulu&quot;","block_context":{"text":"Oulu","link":"https:\/\/www.satokangas.fi\/blogi\/category\/oulu\/"},"img":{"alt_text":"","src":"https:\/\/i0.wp.com\/www.satokangas.fi\/blogi\/wp-content\/uploads\/2017\/08\/Puita_-3.jpg?resize=350%2C200&ssl=1","width":350,"height":200,"srcset":"https:\/\/i0.wp.com\/www.satokangas.fi\/blogi\/wp-content\/uploads\/2017\/08\/Puita_-3.jpg?resize=350%2C200&ssl=1 1x, https:\/\/i0.wp.com\/www.satokangas.fi\/blogi\/wp-content\/uploads\/2017\/08\/Puita_-3.jpg?resize=525%2C300&ssl=1 1.5x, https:\/\/i0.wp.com\/www.satokangas.fi\/blogi\/wp-content\/uploads\/2017\/08\/Puita_-3.jpg?resize=700%2C400&ssl=1 2x"},"classes":[]},{"id":31274,"url":"https:\/\/www.satokangas.fi\/blogi\/2017\/07\/tanaan-kotiseuturetki-pateniemeen\/","url_meta":{"origin":32476,"position":1},"title":"T\u00e4n\u00e4\u00e4n kotiseuturetki Pateniemeen","author":"Reija","date":"10.7.2017","format":false,"excerpt":"Pateniemeen, Per\u00e4meren rannalle, perustettiin vuonna 1857 laivavarvi (~ telakka). Aikana, jolloin oululainen tervaporvaristo oli ja eli vauraimmillaan, varvilla tehtiin fregatteja, kaksimastoisia parkkeja ja hinaaja. Kun kauppias- ja laivanvarustajasuvun vesa Gustaf Bergbom sai opintonsa Lyypekiss\u00e4 suorituksi, h\u00e4n palasi Ouluun ja oli perustamassa Iihin Suomen ensimm\u00e4ist\u00e4 h\u00f6yrysahaa; Kestil\u00e4n saha valmistui vuonna 1860.\u2026","rel":"","context":"Kategoriassa &quot;Historiaa&quot;","block_context":{"text":"Historiaa","link":"https:\/\/www.satokangas.fi\/blogi\/category\/historiaa\/"},"img":{"alt_text":"","src":"https:\/\/i0.wp.com\/www.satokangas.fi\/blogi\/wp-content\/uploads\/2017\/07\/Pateniemen-sahan-museo-6.jpg?resize=350%2C200&ssl=1","width":350,"height":200,"srcset":"https:\/\/i0.wp.com\/www.satokangas.fi\/blogi\/wp-content\/uploads\/2017\/07\/Pateniemen-sahan-museo-6.jpg?resize=350%2C200&ssl=1 1x, https:\/\/i0.wp.com\/www.satokangas.fi\/blogi\/wp-content\/uploads\/2017\/07\/Pateniemen-sahan-museo-6.jpg?resize=525%2C300&ssl=1 1.5x, https:\/\/i0.wp.com\/www.satokangas.fi\/blogi\/wp-content\/uploads\/2017\/07\/Pateniemen-sahan-museo-6.jpg?resize=700%2C400&ssl=1 2x"},"classes":[]},{"id":34913,"url":"https:\/\/www.satokangas.fi\/blogi\/2018\/09\/leiskuvia-vareja-ulkoileva-perjantai\/","url_meta":{"origin":32476,"position":2},"title":"Leiskuvia v\u00e4rej\u00e4, ulkoileva perjantai","author":"Reija","date":"28.9.2018","format":false,"excerpt":"Ihana, ihana syksy! Tykk\u00e4\u00e4n kyll\u00e4 syksyst\u00e4(kin). Varsinkin kun se on t\u00e4llainen kuin t\u00e4n\u00e4\u00e4n. Olkoonkin, ett\u00e4 aamup\u00e4iv\u00e4lenkill\u00e4 oli v\u00e4h\u00e4n vilpoista. Toisaalta onneksi uskoin mittaria: +1,7 C\u00a0 tarkoitti l\u00e4mpim\u00e4sti pukeutumista ja reipasta tepastelua. Oli niin hyv\u00e4. Toisin kuin Helsingiss\u00e4 t\u00e4n\u00e4\u00e4n kotimaisemissa kunnon keng\u00e4t, ulkoilukamppeet ja tarve vain liikkua. Hyv\u00e4lleh\u00e4n se tuntui. Ja\u2026","rel":"","context":"Kategoriassa &quot;Bloggailu&quot;","block_context":{"text":"Bloggailu","link":"https:\/\/www.satokangas.fi\/blogi\/category\/bloggailu\/"},"img":{"alt_text":"","src":"https:\/\/i0.wp.com\/www.satokangas.fi\/blogi\/wp-content\/uploads\/2018\/09\/Varikas_-4.jpg?resize=350%2C200&ssl=1","width":350,"height":200,"srcset":"https:\/\/i0.wp.com\/www.satokangas.fi\/blogi\/wp-content\/uploads\/2018\/09\/Varikas_-4.jpg?resize=350%2C200&ssl=1 1x, https:\/\/i0.wp.com\/www.satokangas.fi\/blogi\/wp-content\/uploads\/2018\/09\/Varikas_-4.jpg?resize=525%2C300&ssl=1 1.5x, https:\/\/i0.wp.com\/www.satokangas.fi\/blogi\/wp-content\/uploads\/2018\/09\/Varikas_-4.jpg?resize=700%2C400&ssl=1 2x"},"classes":[]},{"id":34607,"url":"https:\/\/www.satokangas.fi\/blogi\/2018\/08\/liikkeelle-lahdossa\/","url_meta":{"origin":32476,"position":3},"title":"Liikkeelle l\u00e4hd\u00f6ss\u00e4","author":"Reija","date":"16.8.2018","format":false,"excerpt":"L\u00e4mmin p\u00e4iv\u00e4, jonka aloitin kuvatoimituksilla ja muulla kirjeenvaihdolla. Lenkille kuitenkin mieli, tosin sain lopulta l\u00e4hdetyksi vasta puolelta p\u00e4ivin. Ja se olikin ihan hyv\u00e4 aika. Toisaalta olisi kannattanut l\u00e4hte\u00e4 liikkeelle vasta nyt: illan valot n\u00e4kyv\u00e4t, Kortteli Haipakka tuo kaikkea mukavaa keskustaan, on taiteiden y\u00f6, Pikisaaressa Design-markkinat, big band Valkean nurkilla, samppanja\u2026","rel":"","context":"Kategoriassa &quot;Historiaa&quot;","block_context":{"text":"Historiaa","link":"https:\/\/www.satokangas.fi\/blogi\/category\/historiaa\/"},"img":{"alt_text":"","src":"https:\/\/i0.wp.com\/www.satokangas.fi\/blogi\/wp-content\/uploads\/2018\/08\/kaupungintalo-2.jpg?resize=350%2C200&ssl=1","width":350,"height":200,"srcset":"https:\/\/i0.wp.com\/www.satokangas.fi\/blogi\/wp-content\/uploads\/2018\/08\/kaupungintalo-2.jpg?resize=350%2C200&ssl=1 1x, https:\/\/i0.wp.com\/www.satokangas.fi\/blogi\/wp-content\/uploads\/2018\/08\/kaupungintalo-2.jpg?resize=525%2C300&ssl=1 1.5x, https:\/\/i0.wp.com\/www.satokangas.fi\/blogi\/wp-content\/uploads\/2018\/08\/kaupungintalo-2.jpg?resize=700%2C400&ssl=1 2x"},"classes":[]},{"id":32635,"url":"https:\/\/www.satokangas.fi\/blogi\/2017\/11\/joulukuusista-ja-niiden-valoista\/","url_meta":{"origin":32476,"position":4},"title":"Joulukuusista ja niiden valoista","author":"Reija","date":"20.11.2017","format":false,"excerpt":"K\u00e4vin \u00e4sken iltak\u00e4velyll\u00e4 kaupungilla. Aamulenkki j\u00e4i tekem\u00e4tt\u00e4, joten oli hyv\u00e4 l\u00e4hte\u00e4 ulos. Ei siell\u00e4 t\u00e4n\u00e4\u00e4n paljon muita ihmisi\u00e4 ollutkaan. Kun ei ollut paljon niit\u00e4 LUMO-valojakaan. Kaupungintalon paraatipuoli on kyll\u00e4 viel\u00e4, tai siis nyt, kaunis, kun kuuseenkin on saatu perinteiset valot ja muutama punainen pallo ja t\u00e4hti. Viime vuosien erilaiset valokokeilut\u2026","rel":"","context":"Kategoriassa &quot;Joulu&quot;","block_context":{"text":"Joulu","link":"https:\/\/www.satokangas.fi\/blogi\/category\/joulu\/"},"img":{"alt_text":"","src":"https:\/\/i0.wp.com\/www.satokangas.fi\/blogi\/wp-content\/uploads\/2017\/11\/Oulun-kaupungintalo-joulukuusi-2017-2.jpg?resize=350%2C200&ssl=1","width":350,"height":200,"srcset":"https:\/\/i0.wp.com\/www.satokangas.fi\/blogi\/wp-content\/uploads\/2017\/11\/Oulun-kaupungintalo-joulukuusi-2017-2.jpg?resize=350%2C200&ssl=1 1x, https:\/\/i0.wp.com\/www.satokangas.fi\/blogi\/wp-content\/uploads\/2017\/11\/Oulun-kaupungintalo-joulukuusi-2017-2.jpg?resize=525%2C300&ssl=1 1.5x, https:\/\/i0.wp.com\/www.satokangas.fi\/blogi\/wp-content\/uploads\/2017\/11\/Oulun-kaupungintalo-joulukuusi-2017-2.jpg?resize=700%2C400&ssl=1 2x"},"classes":[]},{"id":34871,"url":"https:\/\/www.satokangas.fi\/blogi\/2018\/09\/on-ilo-olla\/","url_meta":{"origin":32476,"position":5},"title":"On ilo olla","author":"Reija","date":"21.9.2018","format":false,"excerpt":"T\u00e4n\u00e4\u00e4n taas olen saanut kokea - liki rasittavuuteen asti - kuinka valokuvaajalla on yst\u00e4vi\u00e4. Olin aamup\u00e4iv\u00e4ll\u00e4 parin tunnin kuvausk\u00e4velyll\u00e4 - muutama tarkoin harkittu kohde, mm. lohiportaat ja Oulun vankila. Lohiportaiden kohdalla: Tuleeko hyvi\u00e4 kuvia? Toivottavasti, niit\u00e4 yrit\u00e4n. Ookko n\u00e4\u00e4 oululainen? Joo, oon. No sitte n\u00e4\u00e4 varmaan tii\u00e4t, ett\u00e4 tuosta mennee\u2026","rel":"","context":"Kategoriassa &quot;Isovanhemmuus&quot;","block_context":{"text":"Isovanhemmuus","link":"https:\/\/www.satokangas.fi\/blogi\/category\/isovanhemmuus\/"},"img":{"alt_text":"","src":"https:\/\/i0.wp.com\/www.satokangas.fi\/blogi\/wp-content\/uploads\/2018\/09\/1-19.jpg?resize=350%2C200&ssl=1","width":350,"height":200,"srcset":"https:\/\/i0.wp.com\/www.satokangas.fi\/blogi\/wp-content\/uploads\/2018\/09\/1-19.jpg?resize=350%2C200&ssl=1 1x, https:\/\/i0.wp.com\/www.satokangas.fi\/blogi\/wp-content\/uploads\/2018\/09\/1-19.jpg?resize=525%2C300&ssl=1 1.5x, https:\/\/i0.wp.com\/www.satokangas.fi\/blogi\/wp-content\/uploads\/2018\/09\/1-19.jpg?resize=700%2C400&ssl=1 2x"},"classes":[]}],"_links":{"self":[{"href":"https:\/\/www.satokangas.fi\/blogi\/wp-json\/wp\/v2\/posts\/32476","targetHints":{"allow":["GET"]}}],"collection":[{"href":"https:\/\/www.satokangas.fi\/blogi\/wp-json\/wp\/v2\/posts"}],"about":[{"href":"https:\/\/www.satokangas.fi\/blogi\/wp-json\/wp\/v2\/types\/post"}],"author":[{"embeddable":true,"href":"https:\/\/www.satokangas.fi\/blogi\/wp-json\/wp\/v2\/users\/1"}],"replies":[{"embeddable":true,"href":"https:\/\/www.satokangas.fi\/blogi\/wp-json\/wp\/v2\/comments?post=32476"}],"version-history":[{"count":0,"href":"https:\/\/www.satokangas.fi\/blogi\/wp-json\/wp\/v2\/posts\/32476\/revisions"}],"wp:attachment":[{"href":"https:\/\/www.satokangas.fi\/blogi\/wp-json\/wp\/v2\/media?parent=32476"}],"wp:term":[{"taxonomy":"category","embeddable":true,"href":"https:\/\/www.satokangas.fi\/blogi\/wp-json\/wp\/v2\/categories?post=32476"},{"taxonomy":"post_tag","embeddable":true,"href":"https:\/\/www.satokangas.fi\/blogi\/wp-json\/wp\/v2\/tags?post=32476"}],"curies":[{"name":"wp","href":"https:\/\/api.w.org\/{rel}","templated":true}]}}