{"id":32409,"date":"2017-10-23T20:54:26","date_gmt":"2017-10-23T17:54:26","guid":{"rendered":"https:\/\/www.satokangas.fi\/blogi\/?p=32409"},"modified":"2017-10-23T21:06:21","modified_gmt":"2017-10-23T18:06:21","slug":"32409","status":"publish","type":"post","link":"https:\/\/www.satokangas.fi\/blogi\/2017\/10\/32409\/","title":{"rendered":"Syyslomasen pieni\u00e4, isoja iloja"},"content":{"rendered":"<p>M\u00f6kkiunilta her\u00e4t\u00e4\u00e4n siten, ett\u00e4 yhdeks\u00e4n aikoihin istutaan puuropadan ja verraten runsaiden aamiaisherkkujen \u00e4\u00e4relle. Ja siin\u00e4 sitten yleens\u00e4 p\u00e4\u00e4tet\u00e4\u00e4n, mit\u00e4 t\u00e4n\u00e4\u00e4n teht\u00e4isiin.<\/p>\n<p>T\u00e4n\u00e4\u00e4n p\u00e4\u00e4timme, ett\u00e4 l\u00e4hdet\u00e4\u00e4n koko porukalla, yhdess\u00e4 lenkille, ja seh\u00e4n tarkoittaa, ett\u00e4 reitin valintaan vaikuttaa se, ett\u00e4 rattailla on p\u00e4\u00e4st\u00e4v\u00e4 kulkemaan. Siisp\u00e4 Saarisel\u00e4n talvik\u00e4velyreitille, jota oli v\u00e4h\u00e4n taas muutettu. Sumussa tepastelimme.<\/p>\n<p><a href=\"https:\/\/www.satokangas.fi\/blogi\/2017\/10\/32409\/liikkeella-4\/#main\" rel=\"attachment wp-att-32413\"><img loading=\"lazy\" decoding=\"async\" data-attachment-id=\"32413\" data-permalink=\"https:\/\/www.satokangas.fi\/blogi\/2017\/10\/32409\/liikkeella-4\/\" data-orig-file=\"https:\/\/www.satokangas.fi\/blogi\/wp-content\/uploads\/2017\/10\/Liikkeella-4.jpg\" data-orig-size=\"1000,667\" data-comments-opened=\"1\" data-image-meta=\"{&quot;aperture&quot;:&quot;5&quot;,&quot;credit&quot;:&quot;&quot;,&quot;camera&quot;:&quot;Canon EOS 5D Mark IV&quot;,&quot;caption&quot;:&quot;&quot;,&quot;created_timestamp&quot;:&quot;1508759236&quot;,&quot;copyright&quot;:&quot;&quot;,&quot;focal_length&quot;:&quot;70&quot;,&quot;iso&quot;:&quot;200&quot;,&quot;shutter_speed&quot;:&quot;0.0002&quot;,&quot;title&quot;:&quot;&quot;,&quot;orientation&quot;:&quot;0&quot;}\" data-image-title=\"Liikkeella-4\" data-image-description=\"\" data-image-caption=\"\" data-large-file=\"https:\/\/www.satokangas.fi\/blogi\/wp-content\/uploads\/2017\/10\/Liikkeella-4.jpg\" class=\"aligncenter size-full wp-image-32413\" src=\"https:\/\/www.satokangas.fi\/blogi\/wp-content\/uploads\/2017\/10\/Liikkeella-4.jpg\" alt=\"\" width=\"1000\" height=\"667\" srcset=\"https:\/\/www.satokangas.fi\/blogi\/wp-content\/uploads\/2017\/10\/Liikkeella-4.jpg 1000w, https:\/\/www.satokangas.fi\/blogi\/wp-content\/uploads\/2017\/10\/Liikkeella-4-300x200.jpg 300w, https:\/\/www.satokangas.fi\/blogi\/wp-content\/uploads\/2017\/10\/Liikkeella-4-600x400.jpg 600w, https:\/\/www.satokangas.fi\/blogi\/wp-content\/uploads\/2017\/10\/Liikkeella-4-768x512.jpg 768w\" sizes=\"auto, (max-width: 1000px) 100vw, 1000px\" \/><\/a><\/p>\n<p style=\"text-align: justify;\">Haloilmi\u00f6, h\u00e4iv\u00e4hdys sateenkaaresta, v\u00e4h\u00e4n sinist\u00e4 taivasta, sumua, tyvent\u00e4, pikkupakkasta. Ja Apsu halusi itse k\u00e4vell\u00e4 ja sitten taas istua rattaissa, valitsi vuorotelellen sopivimman pukkaajan. Ja taas k\u00e4veli itse. Yl\u00e4m\u00e4keenkin pitk\u00e4sti, &#8211; j\u00e4lki\u00e4 lumessa oli edelleen mukava tehd\u00e4 ja katsella. Ei ihme, ett\u00e4 oli nukahtaa istualleen iltapuurolla.<\/p>\n<p><a href=\"https:\/\/www.satokangas.fi\/blogi\/2017\/10\/32409\/liikkeella\/#main\" rel=\"attachment wp-att-32410\"><img loading=\"lazy\" decoding=\"async\" data-attachment-id=\"32410\" data-permalink=\"https:\/\/www.satokangas.fi\/blogi\/2017\/10\/32409\/liikkeella\/\" data-orig-file=\"https:\/\/www.satokangas.fi\/blogi\/wp-content\/uploads\/2017\/10\/Liikkeella.jpg\" data-orig-size=\"753,1000\" data-comments-opened=\"1\" data-image-meta=\"{&quot;aperture&quot;:&quot;5&quot;,&quot;credit&quot;:&quot;&quot;,&quot;camera&quot;:&quot;Canon EOS 5D Mark IV&quot;,&quot;caption&quot;:&quot;&quot;,&quot;created_timestamp&quot;:&quot;1508758932&quot;,&quot;copyright&quot;:&quot;&quot;,&quot;focal_length&quot;:&quot;70&quot;,&quot;iso&quot;:&quot;200&quot;,&quot;shutter_speed&quot;:&quot;0.0008&quot;,&quot;title&quot;:&quot;&quot;,&quot;orientation&quot;:&quot;0&quot;}\" data-image-title=\"Liikkeella\" data-image-description=\"\" data-image-caption=\"\" data-large-file=\"https:\/\/www.satokangas.fi\/blogi\/wp-content\/uploads\/2017\/10\/Liikkeella.jpg\" class=\"aligncenter size-full wp-image-32410\" src=\"https:\/\/www.satokangas.fi\/blogi\/wp-content\/uploads\/2017\/10\/Liikkeella.jpg\" alt=\"\" width=\"753\" height=\"1000\" srcset=\"https:\/\/www.satokangas.fi\/blogi\/wp-content\/uploads\/2017\/10\/Liikkeella.jpg 753w, https:\/\/www.satokangas.fi\/blogi\/wp-content\/uploads\/2017\/10\/Liikkeella-226x300.jpg 226w, https:\/\/www.satokangas.fi\/blogi\/wp-content\/uploads\/2017\/10\/Liikkeella-301x400.jpg 301w\" sizes=\"auto, (max-width: 753px) 100vw, 753px\" \/><\/a><\/p>\n<p style=\"text-align: center;\">Jihuu, ja hiio-hoi! Huipulle asti noustiin!<\/p>\n<p><a href=\"https:\/\/www.satokangas.fi\/blogi\/2017\/10\/32409\/liikkeella-6\/#main\" rel=\"attachment wp-att-32415\"><img loading=\"lazy\" decoding=\"async\" data-attachment-id=\"32415\" data-permalink=\"https:\/\/www.satokangas.fi\/blogi\/2017\/10\/32409\/liikkeella-6\/\" data-orig-file=\"https:\/\/www.satokangas.fi\/blogi\/wp-content\/uploads\/2017\/10\/Liikkeella-6.jpg\" data-orig-size=\"1000,780\" data-comments-opened=\"1\" data-image-meta=\"{&quot;aperture&quot;:&quot;4.5&quot;,&quot;credit&quot;:&quot;&quot;,&quot;camera&quot;:&quot;Canon EOS 5D Mark IV&quot;,&quot;caption&quot;:&quot;&quot;,&quot;created_timestamp&quot;:&quot;1508760992&quot;,&quot;copyright&quot;:&quot;&quot;,&quot;focal_length&quot;:&quot;200&quot;,&quot;iso&quot;:&quot;1250&quot;,&quot;shutter_speed&quot;:&quot;0.0003125&quot;,&quot;title&quot;:&quot;&quot;,&quot;orientation&quot;:&quot;0&quot;}\" data-image-title=\"Liikkeella-6\" data-image-description=\"\" data-image-caption=\"\" data-large-file=\"https:\/\/www.satokangas.fi\/blogi\/wp-content\/uploads\/2017\/10\/Liikkeella-6.jpg\" class=\"aligncenter size-large wp-image-32415\" src=\"https:\/\/www.satokangas.fi\/blogi\/wp-content\/uploads\/2017\/10\/Liikkeella-6.jpg\" alt=\"\" width=\"1000\" height=\"780\" srcset=\"https:\/\/www.satokangas.fi\/blogi\/wp-content\/uploads\/2017\/10\/Liikkeella-6.jpg 1000w, https:\/\/www.satokangas.fi\/blogi\/wp-content\/uploads\/2017\/10\/Liikkeella-6-300x234.jpg 300w, https:\/\/www.satokangas.fi\/blogi\/wp-content\/uploads\/2017\/10\/Liikkeella-6-513x400.jpg 513w, https:\/\/www.satokangas.fi\/blogi\/wp-content\/uploads\/2017\/10\/Liikkeella-6-768x599.jpg 768w\" sizes=\"auto, (max-width: 1000px) 100vw, 1000px\" \/><\/a><\/p>\n<p style=\"text-align: center;\">Pikkupakkanen.<\/p>\n<p style=\"text-align: justify;\">M\u00f6kille p\u00e4\u00e4sty\u00e4 aika saunalle ja sopalle. Jokaviikkoinen soppamme oli Kermainen poro-juustokeitto. Palaan asiaan kotiuduttua.<\/p>\n<p style=\"text-align: justify;\">Ja sitten alkoi olla jo l\u00e4hd\u00f6n tunnelmaa, &#8230; viiden aikaan l\u00e4hdin viem\u00e4\u00e4n tytt\u00e4ren Ivalon lentokent\u00e4lle, oli Helsinkiin paluun aika. Ja vaikka oli ik\u00e4v\u00e4 jo matkalla kent\u00e4lle, niin kyll\u00e4h\u00e4n min\u00e4 taas kiitollisena ajattelin, ett\u00e4 Helsingin koneella, ei Meksikon koneella, ty\u00e4r l\u00e4htee.<\/p>\n<p><a href=\"https:\/\/www.satokangas.fi\/blogi\/2017\/10\/32409\/liikkeella-5\/#main\" rel=\"attachment wp-att-32414\"><img loading=\"lazy\" decoding=\"async\" data-attachment-id=\"32414\" data-permalink=\"https:\/\/www.satokangas.fi\/blogi\/2017\/10\/32409\/liikkeella-5\/\" data-orig-file=\"https:\/\/www.satokangas.fi\/blogi\/wp-content\/uploads\/2017\/10\/Liikkeella-5.jpg\" data-orig-size=\"1000,769\" data-comments-opened=\"1\" data-image-meta=\"{&quot;aperture&quot;:&quot;4.5&quot;,&quot;credit&quot;:&quot;&quot;,&quot;camera&quot;:&quot;Canon EOS 5D Mark IV&quot;,&quot;caption&quot;:&quot;&quot;,&quot;created_timestamp&quot;:&quot;1508759964&quot;,&quot;copyright&quot;:&quot;&quot;,&quot;focal_length&quot;:&quot;70&quot;,&quot;iso&quot;:&quot;1250&quot;,&quot;shutter_speed&quot;:&quot;0.00025&quot;,&quot;title&quot;:&quot;&quot;,&quot;orientation&quot;:&quot;0&quot;}\" data-image-title=\"Liikkeella-5\" data-image-description=\"\" data-image-caption=\"\" data-large-file=\"https:\/\/www.satokangas.fi\/blogi\/wp-content\/uploads\/2017\/10\/Liikkeella-5.jpg\" class=\"aligncenter size-full wp-image-32414\" src=\"https:\/\/www.satokangas.fi\/blogi\/wp-content\/uploads\/2017\/10\/Liikkeella-5.jpg\" alt=\"\" width=\"1000\" height=\"769\" srcset=\"https:\/\/www.satokangas.fi\/blogi\/wp-content\/uploads\/2017\/10\/Liikkeella-5.jpg 1000w, https:\/\/www.satokangas.fi\/blogi\/wp-content\/uploads\/2017\/10\/Liikkeella-5-300x231.jpg 300w, https:\/\/www.satokangas.fi\/blogi\/wp-content\/uploads\/2017\/10\/Liikkeella-5-520x400.jpg 520w, https:\/\/www.satokangas.fi\/blogi\/wp-content\/uploads\/2017\/10\/Liikkeella-5-768x591.jpg 768w\" sizes=\"auto, (max-width: 1000px) 100vw, 1000px\" \/><\/a><\/p>\n<p style=\"text-align: justify;\">Lentokentt\u00e4reissun aikaan oli auringonlaskun aika, Ivalossa k\u00e4v\u00e4isin kaupassa ja j\u00e4in muutaman kerran kuvailemaan matkalla. Taas kerran n\u00e4kyi selv\u00e4sti, kuinka Saarisel\u00e4n tunturijono on pilvienjakaja: meid\u00e4n puolella = etel\u00e4ss\u00e4 oli edelleen sumua, mutta pohjoisempana, heti Magneettim\u00e4en j\u00e4lkeen, ihan kirkasta, ei oikeastaan juurikaan lunta, ja tie liki j\u00e4\u00e4t\u00f6n.<\/p>\n<p style=\"text-align: justify;\">Ivalojoki tyven, v\u00e4h\u00e4n j\u00e4\u00e4riitett\u00e4 jo, auringonlasku upea (klikkaa oikealla Insta-kuva auki&#8230;).<\/p>\n<p><a href=\"https:\/\/www.satokangas.fi\/blogi\/2017\/10\/32409\/liikkeella-7\/#main\" rel=\"attachment wp-att-32416\"><img loading=\"lazy\" decoding=\"async\" data-attachment-id=\"32416\" data-permalink=\"https:\/\/www.satokangas.fi\/blogi\/2017\/10\/32409\/liikkeella-7\/\" data-orig-file=\"https:\/\/www.satokangas.fi\/blogi\/wp-content\/uploads\/2017\/10\/Liikkeella-7.jpg\" data-orig-size=\"1000,636\" data-comments-opened=\"1\" data-image-meta=\"{&quot;aperture&quot;:&quot;3.5&quot;,&quot;credit&quot;:&quot;&quot;,&quot;camera&quot;:&quot;Canon EOS 5D Mark IV&quot;,&quot;caption&quot;:&quot;&quot;,&quot;created_timestamp&quot;:&quot;1508781563&quot;,&quot;copyright&quot;:&quot;&quot;,&quot;focal_length&quot;:&quot;35&quot;,&quot;iso&quot;:&quot;160&quot;,&quot;shutter_speed&quot;:&quot;0.8&quot;,&quot;title&quot;:&quot;&quot;,&quot;orientation&quot;:&quot;0&quot;}\" data-image-title=\"Liikkeella-7\" data-image-description=\"\" data-image-caption=\"\" data-large-file=\"https:\/\/www.satokangas.fi\/blogi\/wp-content\/uploads\/2017\/10\/Liikkeella-7.jpg\" class=\"aligncenter size-full wp-image-32416\" src=\"https:\/\/www.satokangas.fi\/blogi\/wp-content\/uploads\/2017\/10\/Liikkeella-7.jpg\" alt=\"\" width=\"1000\" height=\"636\" srcset=\"https:\/\/www.satokangas.fi\/blogi\/wp-content\/uploads\/2017\/10\/Liikkeella-7.jpg 1000w, https:\/\/www.satokangas.fi\/blogi\/wp-content\/uploads\/2017\/10\/Liikkeella-7-300x191.jpg 300w, https:\/\/www.satokangas.fi\/blogi\/wp-content\/uploads\/2017\/10\/Liikkeella-7-629x400.jpg 629w, https:\/\/www.satokangas.fi\/blogi\/wp-content\/uploads\/2017\/10\/Liikkeella-7-768x488.jpg 768w\" sizes=\"auto, (max-width: 1000px) 100vw, 1000px\" \/><\/a><\/p>\n<p>&nbsp;<\/p>\n","protected":false},"excerpt":{"rendered":"<p>M\u00f6kkiunilta her\u00e4t\u00e4\u00e4n siten, ett\u00e4 yhdeks\u00e4n aikoihin istutaan puuropadan ja verraten runsaiden aamiaisherkkujen \u00e4\u00e4relle. Ja siin\u00e4 sitten yleens\u00e4 p\u00e4\u00e4tet\u00e4\u00e4n, mit\u00e4 t\u00e4n\u00e4\u00e4n teht\u00e4isiin. T\u00e4n\u00e4\u00e4n p\u00e4\u00e4timme, ett\u00e4 l\u00e4hdet\u00e4\u00e4n koko porukalla, yhdess\u00e4 lenkille, ja seh\u00e4n tarkoittaa, ett\u00e4 reitin valintaan vaikuttaa se, ett\u00e4 rattailla on p\u00e4\u00e4st\u00e4v\u00e4 kulkemaan. Siisp\u00e4 Saarisel\u00e4n talvik\u00e4velyreitille, jota oli v\u00e4h\u00e4n taas muutettu. Sumussa tepastelimme. Haloilmi\u00f6, h\u00e4iv\u00e4hdys sateenkaaresta, v\u00e4h\u00e4n sinist\u00e4 taivasta, sumua, tyvent\u00e4, &hellip; <\/p>\n","protected":false},"author":1,"featured_media":0,"comment_status":"open","ping_status":"open","sticky":false,"template":"","format":"standard","meta":{"jetpack_post_was_ever_published":false,"_jetpack_newsletter_access":"","_jetpack_dont_email_post_to_subs":false,"_jetpack_newsletter_tier_id":0,"_jetpack_memberships_contains_paywalled_content":false,"_jetpack_memberships_contains_paid_content":false,"footnotes":"","jetpack_publicize_message":"","jetpack_publicize_feature_enabled":true,"jetpack_social_post_already_shared":true,"jetpack_social_options":{"image_generator_settings":{"template":"highway","default_image_id":0,"font":"","enabled":false},"version":2}},"categories":[80,15,33,22],"tags":[],"class_list":["post-32409","post","type-post","status-publish","format-standard","hentry","category-jokaviikkoinen-soppamme","category-lappi","category-liikkuminen","category-vanhemmuus","latest_post"],"jetpack_publicize_connections":[],"jetpack_featured_media_url":"","jetpack_shortlink":"https:\/\/wp.me\/sr4p4-32409","jetpack_sharing_enabled":true,"jetpack_likes_enabled":false,"jetpack-related-posts":[{"id":23545,"url":"https:\/\/www.satokangas.fi\/blogi\/2015\/01\/taivaantulet-viela-yksi-lapin-valonaytelma\/","url_meta":{"origin":32409,"position":0},"title":"Taivaantulet &#8211; viel\u00e4 yksi Lapin valon\u00e4ytelm\u00e4","author":"Reija","date":"1.1.2015","format":false,"excerpt":"Eilisest\u00e4 kolmen hengen uudenvuodenaatonjuhlinnasta kuvia ja juttua huomenna, nyt on vain julkaistava kuvat t\u00e4m\u00e4np\u00e4iv\u00e4iselt\u00e4 kotimatkalta! Nukuimme pitk\u00e4\u00e4n, teimme l\u00e4ht\u00f6\u00e4 kauan: puolelta p\u00e4ivin suljimme My\u00f6t\u00e4tuulen oven - Hangasojalla tihuutti vett\u00e4! Kun Kutturan risteykseen p\u00e4\u00e4simme, huomasimme, ett\u00e4 viel\u00e4 kerran Lapin luonto n\u00e4ytti meille kauneutensa, koko taivaankannellisen v\u00e4ri\u00e4, valoa, tulta. Ilman pyroaineita, ilman\u2026","rel":"","context":"Kategoriassa &quot;Lappi&quot;","block_context":{"text":"Lappi","link":"https:\/\/www.satokangas.fi\/blogi\/category\/lappi\/"},"img":{"alt_text":"Taivaantulet 2015","src":"https:\/\/i0.wp.com\/www.satokangas.fi\/blogi\/wp-content\/uploads\/2015\/01\/Taivaantulet-2015-600x400.jpg?resize=350%2C200&ssl=1","width":350,"height":200,"srcset":"https:\/\/i0.wp.com\/www.satokangas.fi\/blogi\/wp-content\/uploads\/2015\/01\/Taivaantulet-2015-600x400.jpg?resize=350%2C200&ssl=1 1x, https:\/\/i0.wp.com\/www.satokangas.fi\/blogi\/wp-content\/uploads\/2015\/01\/Taivaantulet-2015-600x400.jpg?resize=525%2C300&ssl=1 1.5x"},"classes":[]},{"id":32516,"url":"https:\/\/www.satokangas.fi\/blogi\/2017\/11\/mummi-antaa-karkkia\/","url_meta":{"origin":32409,"position":1},"title":"Mummi antaa karkkia!","author":"Reija","date":"4.11.2017","format":false,"excerpt":"\"Mummu ostaa karkkia, \u00e4iti ei osta karkkkia, mummu ostaa karkkia, \u00e4iti ei osta karkkia... \" Muistan meid\u00e4n mutikaiset Citymarketissa joskus 90-luvun alkupuolella, jolloin k\u00e4vin heid\u00e4n kanssaan kaupassa kaksosten rattailla; sellaiset hankin Juniorin ollessa suunnilleen vuoden ik\u00e4inen, siskonsa silloin 2\u00bd vee. Oli k\u00e4tev\u00e4\u00e4 kun molemmat olivat \"kiinni\" rattaissa, edes jotenkin kontrolloitavissa.\u2026","rel":"","context":"Kategoriassa &quot;Isovanhemmuus&quot;","block_context":{"text":"Isovanhemmuus","link":"https:\/\/www.satokangas.fi\/blogi\/category\/isovanhemmuus\/"},"img":{"alt_text":"","src":"https:\/\/i0.wp.com\/www.satokangas.fi\/blogi\/wp-content\/uploads\/2017\/11\/Halloween-jalkkari.jpg?resize=350%2C200&ssl=1","width":350,"height":200,"srcset":"https:\/\/i0.wp.com\/www.satokangas.fi\/blogi\/wp-content\/uploads\/2017\/11\/Halloween-jalkkari.jpg?resize=350%2C200&ssl=1 1x, https:\/\/i0.wp.com\/www.satokangas.fi\/blogi\/wp-content\/uploads\/2017\/11\/Halloween-jalkkari.jpg?resize=525%2C300&ssl=1 1.5x, https:\/\/i0.wp.com\/www.satokangas.fi\/blogi\/wp-content\/uploads\/2017\/11\/Halloween-jalkkari.jpg?resize=700%2C400&ssl=1 2x"},"classes":[]},{"id":51161,"url":"https:\/\/www.satokangas.fi\/blogi\/2024\/11\/umpikujassa-sumussa\/","url_meta":{"origin":32409,"position":2},"title":"Umpikujassa, sumussa","author":"Reija","date":"19.11.2024","format":false,"excerpt":"V\u00e4h\u00e4n aavistelin ja pelk\u00e4sin, ett\u00e4 t\u00e4ss\u00e4 k\u00e4y n\u00e4in. Tarkoitushan on ollut opetella uusia julkaisumetodeja ja -tapoja, uusia ulkoasuja ja saada v\u00e4h\u00e4n helpotusta t\u00e4h\u00e4n minun bloggaamiseeni. Pakata valtaisaa blogiarkistoa pienemm\u00e4ksi, ehk\u00e4 jopa s\u00e4\u00e4st\u00e4\u00e4 webhotellikustannuksista. ja kaikkea muuta hyv\u00e4\u00e4 ja kaunista on t\u00e4ss\u00e4 kolme p\u00e4iv\u00e4\u00e4 ollut aikeena saada aikaiseksi. Ja kuinkas sitten\u2026","rel":"","context":"Kategoriassa &quot;Niit\u00e4 n\u00e4it\u00e4&quot;","block_context":{"text":"Niit\u00e4 n\u00e4it\u00e4","link":"https:\/\/www.satokangas.fi\/blogi\/category\/aiheeton\/"},"img":{"alt_text":"","src":"https:\/\/i0.wp.com\/www.satokangas.fi\/blogi\/wp-content\/uploads\/2024\/11\/sumussasilmat-4.jpg?resize=350%2C200&ssl=1","width":350,"height":200,"srcset":"https:\/\/i0.wp.com\/www.satokangas.fi\/blogi\/wp-content\/uploads\/2024\/11\/sumussasilmat-4.jpg?resize=350%2C200&ssl=1 1x, https:\/\/i0.wp.com\/www.satokangas.fi\/blogi\/wp-content\/uploads\/2024\/11\/sumussasilmat-4.jpg?resize=525%2C300&ssl=1 1.5x, https:\/\/i0.wp.com\/www.satokangas.fi\/blogi\/wp-content\/uploads\/2024\/11\/sumussasilmat-4.jpg?resize=700%2C400&ssl=1 2x"},"classes":[]},{"id":29408,"url":"https:\/\/www.satokangas.fi\/blogi\/2016\/10\/paivallinen-ja-muuta-touhuamista\/","url_meta":{"origin":32409,"position":3},"title":"P\u00e4iv\u00e4llinen ja muuta touhuamista","author":"Reija","date":"9.10.2016","format":false,"excerpt":"\"T\u00e4\u00e4lt\u00e4 min\u00e4 tulen, - tulen isin ja \u00e4idin kanssa mummin luo sy\u00f6m\u00e4\u00e4n.... \"\u00a0Ja seh\u00e4n se on ollut mummin ykk\u00f6sjuttu t\u00e4lle p\u00e4iv\u00e4lle. Keitti\u00f6ss\u00e4 olen hyvin viihtynyt. Min\u00e4 muistan hyvin kun olin omien lasten kanssa kaupassa. Toinen heist\u00e4 oli ehk\u00e4 noin parivuotias, toinen siihen puoltoista vuotta enemm\u00e4n. Joka tapauksessa elettiin aikaa, jolloin\u2026","rel":"","context":"Kategoriassa &quot;Isovanhemmuus&quot;","block_context":{"text":"Isovanhemmuus","link":"https:\/\/www.satokangas.fi\/blogi\/category\/isovanhemmuus\/"},"img":{"alt_text":"pillimehu","src":"https:\/\/i0.wp.com\/www.satokangas.fi\/blogi\/wp-content\/uploads\/2016\/10\/Pillimehu-279x400.jpg?resize=350%2C200&ssl=1","width":350,"height":200},"classes":[]},{"id":26525,"url":"https:\/\/www.satokangas.fi\/blogi\/2015\/10\/sumussa-kavellen\/","url_meta":{"origin":32409,"position":4},"title":"Sumussa k\u00e4vellen","author":"Reija","date":"12.10.2015","format":false,"excerpt":"Aamusta iltaan k\u00e4vellen ja kuvaillen. Toki sek\u00e4 aamulla ja illalla sek\u00e4 kuvailu ett\u00e4 k\u00e4vely olivat osa muuta toimintaa. Ja siin\u00e4 v\u00e4liss\u00e4 kaikenmoista muuta. Kryptist\u00e4? No joo, mutta siis: aamulla oli ihan mielet\u00f6n sumu, ja seh\u00e4n on kuvauksellista se. Ja ajattelin ett\u00e4 se olisi just hyv\u00e4 kun meill\u00e4 on vattilaisten (valokuvauksen\u2026","rel":"","context":"Kategoriassa &quot;Valokuvaus&quot;","block_context":{"text":"Valokuvaus","link":"https:\/\/www.satokangas.fi\/blogi\/category\/valokuvaus\/"},"img":{"alt_text":"Aamusumussa-6","src":"https:\/\/i0.wp.com\/www.satokangas.fi\/blogi\/wp-content\/uploads\/2015\/10\/Aamusumussa-6-600x306.jpg?resize=350%2C200&ssl=1","width":350,"height":200,"srcset":"https:\/\/i0.wp.com\/www.satokangas.fi\/blogi\/wp-content\/uploads\/2015\/10\/Aamusumussa-6-600x306.jpg?resize=350%2C200&ssl=1 1x, https:\/\/i0.wp.com\/www.satokangas.fi\/blogi\/wp-content\/uploads\/2015\/10\/Aamusumussa-6-600x306.jpg?resize=525%2C300&ssl=1 1.5x"},"classes":[]},{"id":32459,"url":"https:\/\/www.satokangas.fi\/blogi\/2017\/10\/sumussa\/","url_meta":{"origin":32409,"position":5},"title":"Sumussa","author":"Reija","date":"28.10.2017","format":false,"excerpt":"T\u00e4n\u00e4\u00e4n olisi ollut Paistink\u00e4\u00e4nt\u00e4jien (ja muidenkin) Kekrijuhla Maikkulan kartanossa, ja kyll\u00e4h\u00e4n minun oletettiin osallistuvan ja l\u00e4htev\u00e4n mukaan, mm. kuvaamaan. Mutta olenpa niin tyytyv\u00e4inen ett\u00e4 kylm\u00e4n rauhallisesti ennen m\u00f6kille l\u00e4ht\u00f6\u00e4 p\u00e4\u00e4tin, ett\u00e4 en meit\u00e4 sinne ilmoita mukaan. En todellakaan haluaisi t\u00e4n\u00e4\u00e4n olla yht\u00e4\u00e4n miss\u00e4\u00e4n muualla kuin kotona. En edes lenkill\u00e4. En\u2026","rel":"","context":"Kategoriassa &quot;Niit\u00e4 n\u00e4it\u00e4&quot;","block_context":{"text":"Niit\u00e4 n\u00e4it\u00e4","link":"https:\/\/www.satokangas.fi\/blogi\/category\/aiheeton\/"},"img":{"alt_text":"","src":"https:\/\/i0.wp.com\/www.satokangas.fi\/blogi\/wp-content\/uploads\/2017\/10\/Lokakuun-lopulla_-2.jpg?resize=350%2C200&ssl=1","width":350,"height":200,"srcset":"https:\/\/i0.wp.com\/www.satokangas.fi\/blogi\/wp-content\/uploads\/2017\/10\/Lokakuun-lopulla_-2.jpg?resize=350%2C200&ssl=1 1x, https:\/\/i0.wp.com\/www.satokangas.fi\/blogi\/wp-content\/uploads\/2017\/10\/Lokakuun-lopulla_-2.jpg?resize=525%2C300&ssl=1 1.5x, https:\/\/i0.wp.com\/www.satokangas.fi\/blogi\/wp-content\/uploads\/2017\/10\/Lokakuun-lopulla_-2.jpg?resize=700%2C400&ssl=1 2x"},"classes":[]}],"_links":{"self":[{"href":"https:\/\/www.satokangas.fi\/blogi\/wp-json\/wp\/v2\/posts\/32409","targetHints":{"allow":["GET"]}}],"collection":[{"href":"https:\/\/www.satokangas.fi\/blogi\/wp-json\/wp\/v2\/posts"}],"about":[{"href":"https:\/\/www.satokangas.fi\/blogi\/wp-json\/wp\/v2\/types\/post"}],"author":[{"embeddable":true,"href":"https:\/\/www.satokangas.fi\/blogi\/wp-json\/wp\/v2\/users\/1"}],"replies":[{"embeddable":true,"href":"https:\/\/www.satokangas.fi\/blogi\/wp-json\/wp\/v2\/comments?post=32409"}],"version-history":[{"count":0,"href":"https:\/\/www.satokangas.fi\/blogi\/wp-json\/wp\/v2\/posts\/32409\/revisions"}],"wp:attachment":[{"href":"https:\/\/www.satokangas.fi\/blogi\/wp-json\/wp\/v2\/media?parent=32409"}],"wp:term":[{"taxonomy":"category","embeddable":true,"href":"https:\/\/www.satokangas.fi\/blogi\/wp-json\/wp\/v2\/categories?post=32409"},{"taxonomy":"post_tag","embeddable":true,"href":"https:\/\/www.satokangas.fi\/blogi\/wp-json\/wp\/v2\/tags?post=32409"}],"curies":[{"name":"wp","href":"https:\/\/api.w.org\/{rel}","templated":true}]}}