{"id":31914,"date":"2017-09-08T22:02:01","date_gmt":"2017-09-08T19:02:01","guid":{"rendered":"https:\/\/www.satokangas.fi\/blogi\/?p=31914"},"modified":"2017-09-08T22:37:17","modified_gmt":"2017-09-08T19:37:17","slug":"31914","status":"publish","type":"post","link":"https:\/\/www.satokangas.fi\/blogi\/2017\/09\/31914\/","title":{"rendered":"Kotiperjantain illalla viininmaistiaisissa"},"content":{"rendered":"<p style=\"text-align: justify;\">Hyvin pitk\u00e4lti on niin, etten ole saanut t\u00e4n\u00e4\u00e4n aikaiseksi mit\u00e4\u00e4n.<\/p>\n<p style=\"text-align: justify;\">Ja se kyll\u00e4 harmittaa, ett\u00e4 olen antanut kylm\u00e4hk\u00f6n, pilvisen ja sateen tuhruisen s\u00e4\u00e4n olla mukamas p\u00e4te\u00e4v\u00e4 tekosyy lenkille l\u00e4htem\u00e4tt\u00f6myyteen. Mutta turha en\u00e4\u00e4 rutista, kun laiskottelu on tosiasia.\u00a0Tavalliset viikon poissaolon j\u00e4lkeiset hommat sent\u00e4\u00e4n olen hoidellut, mutta v\u00e4liajat surffaillut ja laitellut kuvia. J\u00e4\u00e4meren reissun kuvat sent\u00e4\u00e4n jo perattu, huomenna muokkaus.<\/p>\n<p style=\"text-align: justify;\">M\u00f6kkiviikon kuvista on julkaisematta viel\u00e4 sarja tupasvilloista. Niit\u00e4 oli nyt ehk\u00e4 enemm\u00e4n kuin olen koskaan ennen n\u00e4hnyt. Tunturien juurella, soiden reunoilla tosi paljon, kaukaa katsottuna n\u00e4ytti kuin olisi ollut lunta, niin valkoisena maa niist\u00e4 paikka paikoin oli.<\/p>\n<p style=\"text-align: justify;\"><a href=\"https:\/\/www.satokangas.fi\/blogi\/2017\/09\/31914\/tupasvilla_-6\/#main\" rel=\"attachment wp-att-31920\"><img loading=\"lazy\" decoding=\"async\" data-attachment-id=\"31920\" data-permalink=\"https:\/\/www.satokangas.fi\/blogi\/2017\/09\/31914\/tupasvilla_-6\/\" data-orig-file=\"https:\/\/www.satokangas.fi\/blogi\/wp-content\/uploads\/2017\/09\/Tupasvilla_-6.jpg\" data-orig-size=\"1000,606\" data-comments-opened=\"1\" data-image-meta=\"{&quot;aperture&quot;:&quot;7.1&quot;,&quot;credit&quot;:&quot;Reija Satokangas&quot;,&quot;camera&quot;:&quot;Canon EOS 5D Mark IV&quot;,&quot;caption&quot;:&quot;&quot;,&quot;created_timestamp&quot;:&quot;1504692760&quot;,&quot;copyright&quot;:&quot;&quot;,&quot;focal_length&quot;:&quot;100&quot;,&quot;iso&quot;:&quot;400&quot;,&quot;shutter_speed&quot;:&quot;0.001&quot;,&quot;title&quot;:&quot;&quot;,&quot;orientation&quot;:&quot;0&quot;}\" data-image-title=\"Tupasvilla_-6\" data-image-description=\"\" data-image-caption=\"\" data-large-file=\"https:\/\/www.satokangas.fi\/blogi\/wp-content\/uploads\/2017\/09\/Tupasvilla_-6.jpg\" class=\"aligncenter size-full wp-image-31920\" src=\"https:\/\/www.satokangas.fi\/blogi\/wp-content\/uploads\/2017\/09\/Tupasvilla_-6.jpg\" alt=\"\" width=\"1000\" height=\"606\" srcset=\"https:\/\/www.satokangas.fi\/blogi\/wp-content\/uploads\/2017\/09\/Tupasvilla_-6.jpg 1000w, https:\/\/www.satokangas.fi\/blogi\/wp-content\/uploads\/2017\/09\/Tupasvilla_-6-300x182.jpg 300w, https:\/\/www.satokangas.fi\/blogi\/wp-content\/uploads\/2017\/09\/Tupasvilla_-6-660x400.jpg 660w, https:\/\/www.satokangas.fi\/blogi\/wp-content\/uploads\/2017\/09\/Tupasvilla_-6-768x465.jpg 768w\" sizes=\"auto, (max-width: 1000px) 100vw, 1000px\" \/><\/a><\/p>\n<p style=\"text-align: justify;\">Se on jotenkin vieh\u00e4tt\u00e4v\u00e4. Valkoiset tupsut eiv\u00e4t ole kukkia, vaan ovat muodostuneet vasta kukinnan j\u00e4lkeen. N\u00e4it\u00e4 keh\u00e4sukkaita on kymmenkunta per kasvi. [ja ihan suoraan Wikipediasta t\u00e4mm\u00f6ist\u00e4 opiskelin. :D)<\/p>\n<p style=\"text-align: justify;\"><a href=\"https:\/\/www.satokangas.fi\/blogi\/2017\/09\/31914\/tupasvilla_-2-2\/#main\" rel=\"attachment wp-att-31916\"><img loading=\"lazy\" decoding=\"async\" data-attachment-id=\"31916\" data-permalink=\"https:\/\/www.satokangas.fi\/blogi\/2017\/09\/31914\/tupasvilla_-2-2\/\" data-orig-file=\"https:\/\/www.satokangas.fi\/blogi\/wp-content\/uploads\/2017\/09\/Tupasvilla_-2.jpg\" data-orig-size=\"1000,605\" data-comments-opened=\"1\" data-image-meta=\"{&quot;aperture&quot;:&quot;7.1&quot;,&quot;credit&quot;:&quot;Reija Satokangas&quot;,&quot;camera&quot;:&quot;Canon EOS 5D Mark IV&quot;,&quot;caption&quot;:&quot;&quot;,&quot;created_timestamp&quot;:&quot;1504692760&quot;,&quot;copyright&quot;:&quot;&quot;,&quot;focal_length&quot;:&quot;100&quot;,&quot;iso&quot;:&quot;400&quot;,&quot;shutter_speed&quot;:&quot;0.001&quot;,&quot;title&quot;:&quot;&quot;,&quot;orientation&quot;:&quot;0&quot;}\" data-image-title=\"Tupasvilla_-2\" data-image-description=\"\" data-image-caption=\"\" data-large-file=\"https:\/\/www.satokangas.fi\/blogi\/wp-content\/uploads\/2017\/09\/Tupasvilla_-2.jpg\" class=\"aligncenter size-full wp-image-31916\" src=\"https:\/\/www.satokangas.fi\/blogi\/wp-content\/uploads\/2017\/09\/Tupasvilla_-2.jpg\" alt=\"\" width=\"1000\" height=\"605\" srcset=\"https:\/\/www.satokangas.fi\/blogi\/wp-content\/uploads\/2017\/09\/Tupasvilla_-2.jpg 1000w, https:\/\/www.satokangas.fi\/blogi\/wp-content\/uploads\/2017\/09\/Tupasvilla_-2-300x182.jpg 300w, https:\/\/www.satokangas.fi\/blogi\/wp-content\/uploads\/2017\/09\/Tupasvilla_-2-661x400.jpg 661w, https:\/\/www.satokangas.fi\/blogi\/wp-content\/uploads\/2017\/09\/Tupasvilla_-2-768x465.jpg 768w\" sizes=\"auto, (max-width: 1000px) 100vw, 1000px\" \/><\/a><\/p>\n<p style=\"text-align: justify;\">Se on oikeastaan tyvenell\u00e4kin tuulisen n\u00e4k\u00f6inen. Siksi mit\u00e4 paras t\u00e4m\u00e4n blogin bannerikuvaksi.<\/p>\n<p style=\"text-align: justify;\"><a href=\"https:\/\/www.satokangas.fi\/blogi\/2017\/09\/31914\/tupasvilla_-5\/#main\" rel=\"attachment wp-att-31919\"><img loading=\"lazy\" decoding=\"async\" data-attachment-id=\"31919\" data-permalink=\"https:\/\/www.satokangas.fi\/blogi\/2017\/09\/31914\/tupasvilla_-5\/\" data-orig-file=\"https:\/\/www.satokangas.fi\/blogi\/wp-content\/uploads\/2017\/09\/Tupasvilla_-5.jpg\" data-orig-size=\"1000,613\" data-comments-opened=\"1\" data-image-meta=\"{&quot;aperture&quot;:&quot;5&quot;,&quot;credit&quot;:&quot;Reija Satokangas&quot;,&quot;camera&quot;:&quot;Canon EOS 5D Mark IV&quot;,&quot;caption&quot;:&quot;&quot;,&quot;created_timestamp&quot;:&quot;1504692588&quot;,&quot;copyright&quot;:&quot;&quot;,&quot;focal_length&quot;:&quot;100&quot;,&quot;iso&quot;:&quot;200&quot;,&quot;shutter_speed&quot;:&quot;0.0005&quot;,&quot;title&quot;:&quot;&quot;,&quot;orientation&quot;:&quot;0&quot;}\" data-image-title=\"Tupasvilla_-5\" data-image-description=\"\" data-image-caption=\"\" data-large-file=\"https:\/\/www.satokangas.fi\/blogi\/wp-content\/uploads\/2017\/09\/Tupasvilla_-5.jpg\" class=\"aligncenter size-full wp-image-31919\" src=\"https:\/\/www.satokangas.fi\/blogi\/wp-content\/uploads\/2017\/09\/Tupasvilla_-5.jpg\" alt=\"\" width=\"1000\" height=\"613\" srcset=\"https:\/\/www.satokangas.fi\/blogi\/wp-content\/uploads\/2017\/09\/Tupasvilla_-5.jpg 1000w, https:\/\/www.satokangas.fi\/blogi\/wp-content\/uploads\/2017\/09\/Tupasvilla_-5-300x184.jpg 300w, https:\/\/www.satokangas.fi\/blogi\/wp-content\/uploads\/2017\/09\/Tupasvilla_-5-653x400.jpg 653w, https:\/\/www.satokangas.fi\/blogi\/wp-content\/uploads\/2017\/09\/Tupasvilla_-5-768x471.jpg 768w\" sizes=\"auto, (max-width: 1000px) 100vw, 1000px\" \/><\/a><\/p>\n<p style=\"text-align: justify;\">Ilta ei mennyt turhanp\u00e4iten tietokoneella notkuessa, vaan meill\u00e4 oli pitk\u00e4st\u00e4 aikaa viininmaistiaiset. Karjasillalle kokoonnuimme.<\/p>\n<p style=\"text-align: justify;\">Nykyisinkin tavatessamme puhutaan viinist\u00e4, ruoasta ja matkoista, yh\u00e4 v\u00e4hemm\u00e4n t\u00f6ist\u00e4, mm. sen takia, ett\u00e4 meist\u00e4 viidest\u00e4 yliopistolaisesta nelj\u00e4 on jo pois Linnanmaan arjesta, ja viimeinenkin pian. Ja melkein kaikki ovat ty\u00f6uransa jo tehneet ja melkein kaikilla on jo lastenlapsia, joten el\u00e4m\u00e4npiiri on muuttunut ja jutut sen my\u00f6t\u00e4.<\/p>\n<p style=\"text-align: justify;\">Mutta toki viini on se meit\u00e4 ensisijaisesti yhdist\u00e4v\u00e4 tekij\u00e4. Tai kyll\u00e4h\u00e4n yst\u00e4vyys on t\u00e4ss\u00e4 pian 30 vuoden aikana v\u00e4hint\u00e4\u00e4n yht\u00e4 t\u00e4rke\u00e4 syy tapaamisille.<\/p>\n<p style=\"text-align: justify;\"><a href=\"https:\/\/www.satokangas.fi\/blogi\/2017\/09\/31914\/viininmaistiaiset-2-2\/#main\" rel=\"attachment wp-att-31922\"><img loading=\"lazy\" decoding=\"async\" data-attachment-id=\"31922\" data-permalink=\"https:\/\/www.satokangas.fi\/blogi\/2017\/09\/31914\/viininmaistiaiset-2-2\/\" data-orig-file=\"https:\/\/www.satokangas.fi\/blogi\/wp-content\/uploads\/2017\/09\/Viininmaistiaiset-2.jpg\" data-orig-size=\"749,1000\" data-comments-opened=\"1\" data-image-meta=\"{&quot;aperture&quot;:&quot;3.5&quot;,&quot;credit&quot;:&quot;Reija Satokangas&quot;,&quot;camera&quot;:&quot;Canon EOS 5D Mark IV&quot;,&quot;caption&quot;:&quot;&quot;,&quot;created_timestamp&quot;:&quot;1504898866&quot;,&quot;copyright&quot;:&quot;&quot;,&quot;focal_length&quot;:&quot;100&quot;,&quot;iso&quot;:&quot;500&quot;,&quot;shutter_speed&quot;:&quot;0.125&quot;,&quot;title&quot;:&quot;&quot;,&quot;orientation&quot;:&quot;0&quot;}\" data-image-title=\"Viininmaistiaiset-2\" data-image-description=\"\" data-image-caption=\"\" data-large-file=\"https:\/\/www.satokangas.fi\/blogi\/wp-content\/uploads\/2017\/09\/Viininmaistiaiset-2.jpg\" class=\"aligncenter wp-image-31922 size-medium\" src=\"https:\/\/www.satokangas.fi\/blogi\/wp-content\/uploads\/2017\/09\/Viininmaistiaiset-2-300x400.jpg\" alt=\"\" width=\"300\" height=\"400\" srcset=\"https:\/\/www.satokangas.fi\/blogi\/wp-content\/uploads\/2017\/09\/Viininmaistiaiset-2-300x400.jpg 300w, https:\/\/www.satokangas.fi\/blogi\/wp-content\/uploads\/2017\/09\/Viininmaistiaiset-2-225x300.jpg 225w, https:\/\/www.satokangas.fi\/blogi\/wp-content\/uploads\/2017\/09\/Viininmaistiaiset-2.jpg 749w\" sizes=\"auto, (max-width: 300px) 100vw, 300px\" \/><\/a><\/p>\n<p style=\"text-align: justify;\">Tulipahan taas todettua, ett\u00e4 eiv\u00e4t ole Ranskan viinit (pl. Alsace ja Champagne) minun ykk\u00f6ssuosikkejani, ja yksi iso syy siihen on se, ett\u00e4 ne vaan on niin vaikeita oppia. Luokitukset, ryp\u00e4leet, alueet, appellationit ja ennen kaikkea maku! Ne vaativat aina ruokaa seurakseen, &#8211; maistelussa hienotkin viinit j\u00e4\u00e4v\u00e4t ymm\u00e4rt\u00e4m\u00e4tt\u00e4. T\u00e4llaisella noviisilla ainakin.<\/p>\n<p style=\"text-align: justify;\"><a href=\"https:\/\/www.satokangas.fi\/blogi\/2017\/09\/31914\/viininmaistiaiset-7\/#main\" rel=\"attachment wp-att-31921\"><img loading=\"lazy\" decoding=\"async\" data-attachment-id=\"31921\" data-permalink=\"https:\/\/www.satokangas.fi\/blogi\/2017\/09\/31914\/viininmaistiaiset-7\/\" data-orig-file=\"https:\/\/www.satokangas.fi\/blogi\/wp-content\/uploads\/2017\/09\/Viininmaistiaiset.jpg\" data-orig-size=\"667,1000\" data-comments-opened=\"1\" data-image-meta=\"{&quot;aperture&quot;:&quot;4&quot;,&quot;credit&quot;:&quot;Reija Satokangas&quot;,&quot;camera&quot;:&quot;Canon EOS 5D Mark IV&quot;,&quot;caption&quot;:&quot;&quot;,&quot;created_timestamp&quot;:&quot;1504902452&quot;,&quot;copyright&quot;:&quot;&quot;,&quot;focal_length&quot;:&quot;100&quot;,&quot;iso&quot;:&quot;2000&quot;,&quot;shutter_speed&quot;:&quot;0.066666666666667&quot;,&quot;title&quot;:&quot;&quot;,&quot;orientation&quot;:&quot;0&quot;}\" data-image-title=\"Viininmaistiaiset\" data-image-description=\"\" data-image-caption=\"\" data-large-file=\"https:\/\/www.satokangas.fi\/blogi\/wp-content\/uploads\/2017\/09\/Viininmaistiaiset.jpg\" class=\"aligncenter size-medium wp-image-31921\" src=\"https:\/\/www.satokangas.fi\/blogi\/wp-content\/uploads\/2017\/09\/Viininmaistiaiset-267x400.jpg\" alt=\"\" width=\"267\" height=\"400\" srcset=\"https:\/\/www.satokangas.fi\/blogi\/wp-content\/uploads\/2017\/09\/Viininmaistiaiset-267x400.jpg 267w, https:\/\/www.satokangas.fi\/blogi\/wp-content\/uploads\/2017\/09\/Viininmaistiaiset-200x300.jpg 200w, https:\/\/www.satokangas.fi\/blogi\/wp-content\/uploads\/2017\/09\/Viininmaistiaiset.jpg 667w\" sizes=\"auto, (max-width: 267px) 100vw, 267px\" \/><\/a><\/p>\n<p style=\"text-align: justify;\">Toki me saimme ruokaakin. Palsternakkasalaattiin tulette viel\u00e4 t\u00f6rm\u00e4\u00e4m\u00e4\u00e4n t\u00e4\u00e4ll\u00e4 &#8230;<\/p>\n<p style=\"text-align: justify;\"><a href=\"https:\/\/www.satokangas.fi\/blogi\/2017\/09\/31914\/viininmaistiaiset-3-2\/#main\" rel=\"attachment wp-att-31923\"><img loading=\"lazy\" decoding=\"async\" data-attachment-id=\"31923\" data-permalink=\"https:\/\/www.satokangas.fi\/blogi\/2017\/09\/31914\/viininmaistiaiset-3-2\/\" data-orig-file=\"https:\/\/www.satokangas.fi\/blogi\/wp-content\/uploads\/2017\/09\/Viininmaistiaiset-3.jpg\" data-orig-size=\"1000,599\" data-comments-opened=\"1\" data-image-meta=\"{&quot;aperture&quot;:&quot;6.3&quot;,&quot;credit&quot;:&quot;Reija Satokangas&quot;,&quot;camera&quot;:&quot;Canon EOS 5D Mark IV&quot;,&quot;caption&quot;:&quot;&quot;,&quot;created_timestamp&quot;:&quot;1504905457&quot;,&quot;copyright&quot;:&quot;&quot;,&quot;focal_length&quot;:&quot;100&quot;,&quot;iso&quot;:&quot;1600&quot;,&quot;shutter_speed&quot;:&quot;0.1&quot;,&quot;title&quot;:&quot;&quot;,&quot;orientation&quot;:&quot;0&quot;}\" data-image-title=\"Viininmaistiaiset-3\" data-image-description=\"\" data-image-caption=\"\" data-large-file=\"https:\/\/www.satokangas.fi\/blogi\/wp-content\/uploads\/2017\/09\/Viininmaistiaiset-3.jpg\" class=\"aligncenter wp-image-31923 size-full\" src=\"https:\/\/www.satokangas.fi\/blogi\/wp-content\/uploads\/2017\/09\/Viininmaistiaiset-3.jpg\" alt=\"\" width=\"1000\" height=\"599\" srcset=\"https:\/\/www.satokangas.fi\/blogi\/wp-content\/uploads\/2017\/09\/Viininmaistiaiset-3.jpg 1000w, https:\/\/www.satokangas.fi\/blogi\/wp-content\/uploads\/2017\/09\/Viininmaistiaiset-3-300x180.jpg 300w, https:\/\/www.satokangas.fi\/blogi\/wp-content\/uploads\/2017\/09\/Viininmaistiaiset-3-668x400.jpg 668w, https:\/\/www.satokangas.fi\/blogi\/wp-content\/uploads\/2017\/09\/Viininmaistiaiset-3-768x460.jpg 768w\" sizes=\"auto, (max-width: 1000px) 100vw, 1000px\" \/><\/a><\/p>\n<p>~~~~~~~~~~~~~~<\/p>\n<p>Niin ja hei, kaikki! Kes\u00e4kuvakilpailuun osallistumisaikaa on viel\u00e4 koko viikonloppu! Voittaja ei suinkaan viel\u00e4 ole selvill\u00e4! Ja jo osallistumalla voi voittaa. <a href=\"https:\/\/www.satokangas.fi\/blogi\/2017\/08\/kesakuvakisa-2017\/\" target=\"_blank\" rel=\"noopener\">KLIKS<\/a>!<\/p>\n","protected":false},"excerpt":{"rendered":"<p>Hyvin pitk\u00e4lti on niin, etten ole saanut t\u00e4n\u00e4\u00e4n aikaiseksi mit\u00e4\u00e4n. Ja se kyll\u00e4 harmittaa, ett\u00e4 olen antanut kylm\u00e4hk\u00f6n, pilvisen ja sateen tuhruisen s\u00e4\u00e4n olla mukamas p\u00e4te\u00e4v\u00e4 tekosyy lenkille l\u00e4htem\u00e4tt\u00f6myyteen. Mutta turha en\u00e4\u00e4 rutista, kun laiskottelu on tosiasia.\u00a0Tavalliset viikon poissaolon j\u00e4lkeiset hommat sent\u00e4\u00e4n olen hoidellut, mutta v\u00e4liajat surffaillut ja laitellut kuvia. J\u00e4\u00e4meren reissun kuvat sent\u00e4\u00e4n jo perattu, huomenna muokkaus. M\u00f6kkiviikon kuvista &hellip; <\/p>\n","protected":false},"author":1,"featured_media":0,"comment_status":"open","ping_status":"open","sticky":false,"template":"","format":"standard","meta":{"jetpack_post_was_ever_published":false,"_jetpack_newsletter_access":"","_jetpack_dont_email_post_to_subs":false,"_jetpack_newsletter_tier_id":0,"_jetpack_memberships_contains_paywalled_content":false,"_jetpack_memberships_contains_paid_content":false,"footnotes":"","jetpack_publicize_message":"","jetpack_publicize_feature_enabled":true,"jetpack_social_post_already_shared":true,"jetpack_social_options":{"image_generator_settings":{"template":"highway","default_image_id":0,"font":"","enabled":false},"version":2}},"categories":[17],"tags":[],"class_list":["post-31914","post","type-post","status-publish","format-standard","hentry","category-ruoka_ja_viini","latest_post"],"jetpack_publicize_connections":[],"jetpack_featured_media_url":"","jetpack_shortlink":"https:\/\/wp.me\/sr4p4-31914","jetpack_sharing_enabled":true,"jetpack_likes_enabled":false,"jetpack-related-posts":[{"id":41385,"url":"https:\/\/www.satokangas.fi\/blogi\/2021\/08\/kuvia-ja-makuja\/","url_meta":{"origin":31914,"position":0},"title":"Kuvia ja makuja","author":"Reija","date":"15.8.2021","format":false,"excerpt":"Nyt l\u00e4hti asiakkaalle kuvapaketti.\u00a0 Olen niin iloinen, ett\u00e4 saan olla kuvatoimittajana ihan merkitt\u00e4v\u00e4lle(\/merkitt\u00e4ville) oululaisille tahoille. Olkoonkin, ett\u00e4 pyh\u00e4p\u00e4iv\u00e4n pyhitt\u00e4minen j\u00e4i nyt v\u00e4liin. Mutta pyhittelen sitten huomenissa. Vaikka iso osa p\u00e4iv\u00e4st\u00e4 kulunut koneella, k\u00e4vin sent\u00e4\u00e4n v\u00e4lill\u00e4 muutaman kymmenen kilometri\u00e4 polkemassa - ja kastumassa yll\u00e4tt\u00e4v\u00e4ss\u00e4 sadekuurossa. Samalla lis\u00e4kuvia projektiin. Nyt olen kyll\u00e4\u2026","rel":"","context":"Kategoriassa &quot;Muistikuvia&quot;","block_context":{"text":"Muistikuvia","link":"https:\/\/www.satokangas.fi\/blogi\/category\/muistikuvia\/"},"img":{"alt_text":"","src":"https:\/\/i0.wp.com\/www.satokangas.fi\/blogi\/wp-content\/uploads\/2021\/08\/sunnuntai-3.jpg?resize=350%2C200&ssl=1","width":350,"height":200,"srcset":"https:\/\/i0.wp.com\/www.satokangas.fi\/blogi\/wp-content\/uploads\/2021\/08\/sunnuntai-3.jpg?resize=350%2C200&ssl=1 1x, https:\/\/i0.wp.com\/www.satokangas.fi\/blogi\/wp-content\/uploads\/2021\/08\/sunnuntai-3.jpg?resize=525%2C300&ssl=1 1.5x, https:\/\/i0.wp.com\/www.satokangas.fi\/blogi\/wp-content\/uploads\/2021\/08\/sunnuntai-3.jpg?resize=700%2C400&ssl=1 2x"},"classes":[]},{"id":25524,"url":"https:\/\/www.satokangas.fi\/blogi\/2015\/08\/kuvien-parissa-edelleen\/","url_meta":{"origin":31914,"position":1},"title":"Kuvien parissa edelleen","author":"Reija","date":"8.8.2015","format":false,"excerpt":"Verkkainen p\u00e4iv\u00e4. Aikaansaamaton. Jotain pient\u00e4 sent\u00e4\u00e4n. Kuvatilauksia olen tehnyt; kortteja tein ja tilasin. Elmeri\u00e4 k\u00e4vin uudessa kodissaan tervehtim\u00e4ss\u00e4 ja ruokkimassa ottovanhempien ollessa reissussa. Olipas konnulilla siell\u00e4 hyv\u00e4t oltavat. Samalla k\u00e4vin\u00a0kaupassa, ja taas mietin, ett\u00e4 miksi menn\u00e4 \"vieraaseen\" kauppaan. Sielt\u00e4 ei l\u00f6yd\u00e4 mit\u00e4\u00e4n. Jotta blogin anti ei olisi yht\u00e4 mit\u00e4\u00e4nsanomaton kuin\u2026","rel":"","context":"Kategoriassa &quot;Isovanhemmuus&quot;","block_context":{"text":"Isovanhemmuus","link":"https:\/\/www.satokangas.fi\/blogi\/category\/isovanhemmuus\/"},"img":{"alt_text":"","src":"","width":0,"height":0},"classes":[]},{"id":46946,"url":"https:\/\/www.satokangas.fi\/blogi\/2023\/09\/sunnuntaille-kuvattavaa\/","url_meta":{"origin":31914,"position":2},"title":"Sunnuntaille kuvattavaa","author":"Reija","date":"3.9.2023","format":false,"excerpt":"Kes\u00e4ll\u00e4 Kalevassa oli artikkeli pienest\u00e4 keramiikkapuodista t\u00e4ss\u00e4 l\u00e4hell\u00e4. Olen kes\u00e4n mittaan monta kertaa py\u00f6r\u00e4illyt ohi. Monta kertaa olen sinne aikonut, mutta vasta t\u00e4n\u00e4\u00e4n sattui\/muistui sopivasti mieleen sopiva hetki, jolloin se oli auki. Ei siell\u00e4 en\u00e4\u00e4 niit\u00e4 isoja ruukkuja ollut, joita l\u00e4hdin hakemaan ja jopa iso hedelm\u00e4\/salaatti\/koristevati, jota olin jo kuvista\u2026","rel":"","context":"Kategoriassa &quot;Muistikuvia&quot;","block_context":{"text":"Muistikuvia","link":"https:\/\/www.satokangas.fi\/blogi\/category\/muistikuvia\/"},"img":{"alt_text":"","src":"https:\/\/i0.wp.com\/www.satokangas.fi\/blogi\/wp-content\/uploads\/2023\/09\/Koitelissa-2.jpg?resize=350%2C200&ssl=1","width":350,"height":200,"srcset":"https:\/\/i0.wp.com\/www.satokangas.fi\/blogi\/wp-content\/uploads\/2023\/09\/Koitelissa-2.jpg?resize=350%2C200&ssl=1 1x, https:\/\/i0.wp.com\/www.satokangas.fi\/blogi\/wp-content\/uploads\/2023\/09\/Koitelissa-2.jpg?resize=525%2C300&ssl=1 1.5x, https:\/\/i0.wp.com\/www.satokangas.fi\/blogi\/wp-content\/uploads\/2023\/09\/Koitelissa-2.jpg?resize=700%2C400&ssl=1 2x"},"classes":[]},{"id":34108,"url":"https:\/\/www.satokangas.fi\/blogi\/2018\/05\/vain-elamaa\/","url_meta":{"origin":31914,"position":3},"title":"Vain el\u00e4m\u00e4\u00e4&#8230;","author":"Reija","date":"31.5.2018","format":false,"excerpt":"Ei juuri mainittavaa t\u00e4lt\u00e4 p\u00e4iv\u00e4lt\u00e4. L\u00e4hinn\u00e4 koettanut tehd\u00e4 \"Muistikuvia\" tiett\u00e4v\u00e4ksi, myyd\u00e4 kuviani ja kuvaamistani. Hautausmaa-kuvilleni, menneille ja tuleville koetin saada ostajan, eip\u00e4 t\u00e4rp\u00e4nnyt, eiv\u00e4t kuulemma juuri osta. Mutta pari muuta tarjousta l\u00e4htiv\u00e4t my\u00f6s, - katsellaan. Liityin jopa \"Vastavaloon\". Ei ollut ihan pikkujuttu, mutta sent\u00e4\u00e4n l\u00e4p\u00e4isin p\u00e4\u00e4syn sinne. Katsellaanpa sit\u00e4kin mahdollisuutta.\u2026","rel":"","context":"Kategoriassa &quot;Niit\u00e4 n\u00e4it\u00e4&quot;","block_context":{"text":"Niit\u00e4 n\u00e4it\u00e4","link":"https:\/\/www.satokangas.fi\/blogi\/category\/aiheeton\/"},"img":{"alt_text":"","src":"https:\/\/i0.wp.com\/www.satokangas.fi\/blogi\/wp-content\/uploads\/2018\/05\/mansikoita-brie-salaatti.jpg?resize=350%2C200&ssl=1","width":350,"height":200,"srcset":"https:\/\/i0.wp.com\/www.satokangas.fi\/blogi\/wp-content\/uploads\/2018\/05\/mansikoita-brie-salaatti.jpg?resize=350%2C200&ssl=1 1x, https:\/\/i0.wp.com\/www.satokangas.fi\/blogi\/wp-content\/uploads\/2018\/05\/mansikoita-brie-salaatti.jpg?resize=525%2C300&ssl=1 1.5x, https:\/\/i0.wp.com\/www.satokangas.fi\/blogi\/wp-content\/uploads\/2018\/05\/mansikoita-brie-salaatti.jpg?resize=700%2C400&ssl=1 2x"},"classes":[]},{"id":52234,"url":"https:\/\/www.satokangas.fi\/blogi\/2025\/03\/perhepiirissa\/","url_meta":{"origin":31914,"position":4},"title":"Perhepiiriss\u00e4","author":"Reija","date":"15.3.2025","format":false,"excerpt":"Aika hurja s\u00e4\u00e4 t\u00e4n\u00e4\u00e4n. Tuulinen, lumimyr\u00e4kk\u00e4inen, ankea, ei sent\u00e4\u00e4n kylm\u00e4. Joka tapauksessa sellainen, ett\u00e4 ei mit\u00e4\u00e4n intoa l\u00e4hte\u00e4 ulkoilemaan, vaikka olisihan se taas tarvetta ollut, - hapen tarvetta kuten tavallista. Vain kaupassa ja systerin luona k\u00e4vin. Muutoin keitti\u00f6ss\u00e4 ja koneella koko p\u00e4iv\u00e4n. Vihdoin sain valmiiksi Emmiliinille kuvakirjan. E:n m\u00f6kkikirja vol.\u2026","rel":"","context":"Kategoriassa &quot;Isovanhemmuus&quot;","block_context":{"text":"Isovanhemmuus","link":"https:\/\/www.satokangas.fi\/blogi\/category\/isovanhemmuus\/"},"img":{"alt_text":"","src":"https:\/\/i0.wp.com\/www.satokangas.fi\/blogi\/wp-content\/uploads\/2025\/03\/inkalilja-2.jpg?resize=350%2C200&ssl=1","width":350,"height":200,"srcset":"https:\/\/i0.wp.com\/www.satokangas.fi\/blogi\/wp-content\/uploads\/2025\/03\/inkalilja-2.jpg?resize=350%2C200&ssl=1 1x, https:\/\/i0.wp.com\/www.satokangas.fi\/blogi\/wp-content\/uploads\/2025\/03\/inkalilja-2.jpg?resize=525%2C300&ssl=1 1.5x, https:\/\/i0.wp.com\/www.satokangas.fi\/blogi\/wp-content\/uploads\/2025\/03\/inkalilja-2.jpg?resize=700%2C400&ssl=1 2x"},"classes":[]},{"id":37587,"url":"https:\/\/www.satokangas.fi\/blogi\/2019\/11\/37587\/","url_meta":{"origin":31914,"position":5},"title":"Kotoilua koneen \u00e4\u00e4ress\u00e4","author":"Reija","date":"7.11.2019","format":false,"excerpt":"Suvantovaihe menossa. Laskeutuminen talvihorrokseen vai keskitalven juhla- ja tapahtumakauden alkua edelt\u00e4v\u00e4 odottelun jakso? Voiko olla molempia? - Ehk\u00e4p\u00e4. Kun kalenterissa ei ole oikein mit\u00e4\u00e4n, niin kotoilu ja kaikin puolinen \"hyggeily\" on t\u00e4n\u00e4\u00e4n ollut mukavaa ja mieluisaa.\u00a0 Koneen \u00e4\u00e4ress\u00e4kin on ollut kynttil\u00e4 koko p\u00e4iv\u00e4n. L\u00e4hes koko p\u00e4iv\u00e4n. Sent\u00e4\u00e4n pieni piipahdus ulkoilmaan...\u2026","rel":"","context":"Kategoriassa &quot;Niit\u00e4 n\u00e4it\u00e4&quot;","block_context":{"text":"Niit\u00e4 n\u00e4it\u00e4","link":"https:\/\/www.satokangas.fi\/blogi\/category\/aiheeton\/"},"img":{"alt_text":"","src":"https:\/\/i0.wp.com\/www.satokangas.fi\/blogi\/wp-content\/uploads\/2019\/11\/1-5.jpg?resize=350%2C200&ssl=1","width":350,"height":200,"srcset":"https:\/\/i0.wp.com\/www.satokangas.fi\/blogi\/wp-content\/uploads\/2019\/11\/1-5.jpg?resize=350%2C200&ssl=1 1x, https:\/\/i0.wp.com\/www.satokangas.fi\/blogi\/wp-content\/uploads\/2019\/11\/1-5.jpg?resize=525%2C300&ssl=1 1.5x, https:\/\/i0.wp.com\/www.satokangas.fi\/blogi\/wp-content\/uploads\/2019\/11\/1-5.jpg?resize=700%2C400&ssl=1 2x"},"classes":[]}],"_links":{"self":[{"href":"https:\/\/www.satokangas.fi\/blogi\/wp-json\/wp\/v2\/posts\/31914","targetHints":{"allow":["GET"]}}],"collection":[{"href":"https:\/\/www.satokangas.fi\/blogi\/wp-json\/wp\/v2\/posts"}],"about":[{"href":"https:\/\/www.satokangas.fi\/blogi\/wp-json\/wp\/v2\/types\/post"}],"author":[{"embeddable":true,"href":"https:\/\/www.satokangas.fi\/blogi\/wp-json\/wp\/v2\/users\/1"}],"replies":[{"embeddable":true,"href":"https:\/\/www.satokangas.fi\/blogi\/wp-json\/wp\/v2\/comments?post=31914"}],"version-history":[{"count":0,"href":"https:\/\/www.satokangas.fi\/blogi\/wp-json\/wp\/v2\/posts\/31914\/revisions"}],"wp:attachment":[{"href":"https:\/\/www.satokangas.fi\/blogi\/wp-json\/wp\/v2\/media?parent=31914"}],"wp:term":[{"taxonomy":"category","embeddable":true,"href":"https:\/\/www.satokangas.fi\/blogi\/wp-json\/wp\/v2\/categories?post=31914"},{"taxonomy":"post_tag","embeddable":true,"href":"https:\/\/www.satokangas.fi\/blogi\/wp-json\/wp\/v2\/tags?post=31914"}],"curies":[{"name":"wp","href":"https:\/\/api.w.org\/{rel}","templated":true}]}}