{"id":319,"date":"2007-10-26T15:39:00","date_gmt":"2007-10-26T13:39:00","guid":{"rendered":"http:\/\/tuulestatemmattua.wordpress.com\/2007\/10\/26\/suorituksia-aina-vaan-enko-jo-oppisi-pois\/"},"modified":"2008-09-28T16:31:59","modified_gmt":"2008-09-28T13:31:59","slug":"suorituksia-aina-vaan-enko-jo-oppisi-pois","status":"publish","type":"post","link":"https:\/\/www.satokangas.fi\/blogi\/2007\/10\/suorituksia-aina-vaan-enko-jo-oppisi-pois\/","title":{"rendered":"Suorituksia aina vaan &#8211; enk\u00f6 jo oppisi pois!"},"content":{"rendered":"<div>la 29.9. Mielett\u00f6m\u00e4n hieno ilma josta sain nauttia ulkona, pehtoori harjoitteli kokkauskurssin tuotoksia.<\/div>\n<p>su 30.9. Aamulla k\u00e4vin haudan siivoamassa ja iltap\u00e4iv\u00e4 oltiin BO:n kanssa Toscanassa. Ouluun ristorante, yesh!<\/p>\n<p>ma 1.10. Y\u00f6ll\u00e4 ukkonen ja p\u00e4iv\u00e4ll\u00e4 l\u00e4mmin: ilmastonmuutos tuntuu. Saara sai t\u00e4n\u00e4\u00e4n ajokortin. Olin kyydiss\u00e4, j\u00e4nnitti.<\/p>\n<p>ti 2.10. Harmauteen tuli &#8221;Arjen historia 3&#8221; jossa artikkelini. Viel\u00e4 julkaisu tuntuu hyv\u00e4lle.<\/p>\n<p>ke 3.10. Koko p\u00e4iv\u00e4 piparina kun opiskelijat \u2013 mukaviahan ne ovat \u2013 olivat huolissaan yhdest\u00e4 ja toisesta asiasta ja kuvittelivat ett\u00e4 min\u00e4 jotenkin voisin auttaa.<\/p>\n<p>to 4.10. WWW-rumba alkaa olla valmis, kotisivut siirretty kokonaan uuteen osoitteeseen ja stilidoitu. Olenpas taas suorittanut \u2026 !<\/p>\n<p>pe 5.10.2007 Aamup\u00e4iv\u00e4 meni Museoyhdistyksen historian toimitusty\u00f6n parissa, iltap\u00e4iv\u00e4ll\u00e4 huoltotoimenpiteit\u00e4. Autolleko? EI kun itselle. Verenluovutuksen j\u00e4lkeen taas hyv\u00e4 olo ja mieli.<\/p>\n<p><strong>Kehityst\u00e4<\/strong><\/p>\n<p>pe 5.10.2007 Aamup\u00e4iv\u00e4 meni Museoyhdistyksen historian toimitusty\u00f6n parissa, iltap\u00e4iv\u00e4ll\u00e4 huoltotoimenpiteit\u00e4. Autolleko? EI kun itselle. Verenluovutuksen j\u00e4lkeen taas hyv\u00e4 olo ja mieli.<\/p>\n<p>la 6.10. Matkalla Rajakankaille Sy\u00f6tteelle ajettiin Nurmij\u00e4rven m\u00f6kin kautta; muistoja, mielett\u00f6m\u00e4sti. P\u00e4iv\u00e4n ohjelmassa patikointi Rytiharjun kruununmets\u00e4korpalle. Lettuja autiotuvalla, aurinkoa suoniityill\u00e4, liikkumista ja leppoisaa yhdess\u00e4oloa. Illalla sauna ja sy\u00f6mist\u00e4, niinkuin m\u00f6kill\u00e4 kuuluukin.<\/p>\n<p>su 7.10. Kotiin jo puolelta p\u00e4ivin. Italian l\u00e4ksyj\u00e4 tein kauan. Ja huomasin ett\u00e4 olisi teht\u00e4v\u00e4 viel\u00e4 kauemmin, ett\u00e4 jotain jo oppisikin.<\/p>\n<p>ma 8.10. ATK-opetusta antaessa pysyin REILUSTI aikataulussa. Sain kaikki asiat k\u00e4sitelty\u00e4 ja aika riitti. Opinkohan jo jotain?<\/p>\n<p>ti. 9.10. Essin kanssa aloitettiin Museoyhdistyksen historian toimitus kirjaksi \u2013 ehtisik\u00f6 se keittokirjakin jouluksi?<\/p>\n<p>ke 10.10. Mia (ja Hannu ja Sisu) illalla suunnittelemassa \u203fFestaria\u203f. S\u00e4\u00e4n kylmeneminen sai tyt\u00f6t j\u00e4\u00e4m\u00e4\u00e4n kotiin. Eiv\u00e4t l\u00e4hde ajamaan kesken\u00e4\u00e4n pohjoiseen. Huh!<\/p>\n<p>to 11.10. Kehityskeskustelu Joukon kanssa. Kyll\u00e4p\u00e4 helpotti ty\u00f6asioiden j\u00e4rjestely.<\/p>\n<p>pe 12.10. Y\u00f6ll\u00e4 oli satanut v\u00e4h\u00e4n lunta, toinen iso juttu t\u00e4n\u00e4\u00e4n on ett\u00e4 saatiin l\u00e4mmin vesi.<\/p>\n<p><strong>Ruokaa kuvattavaksi ja sy\u00f6t\u00e4v\u00e4ksikin<\/strong><\/p>\n<p>la 13.10. Keittokirjan teko on nyt sitten tosiasia. Yrit\u00e4n jouluksi, mik\u00e4 tarkoittaa, ett\u00e4 teen joka p\u00e4iv\u00e4 jotain kuvattavaa, tarkistelen resepteja kokkaamalla, suunnitelen layaoutia, otan tarjoukset kirjapainoista, taas leivon, kuvaan, kirjoitan. Mukavaahan t\u00e4m\u00e4 on! Oikeesti.<\/p>\n<p>su 14.10. T\u00e4n\u00e4\u00e4n oli sukulaiset kutsuttu paitsi sy\u00f6m\u00e4\u00e4n \u203fkuvattavia\u203f ruokia my\u00f6s viett\u00e4m\u00e4\u00e4n Santrikan syntt\u00e4reit\u00e4. Eih\u00e4n noista monetkaan tulleet, mutta ihan mukavat kekkerit pidettiin. Takana on monip\u00e4iv\u00e4iset (sukulaiset, kaverit, tarha) syntt\u00e4rijuhlat \u2013 ehtih\u00e4n noita olla.<\/p>\n<p>ma 15.10. Teen ty\u00f6t ilman isompia intohimoja, l\u00e4hden kolmen, nelj\u00e4n aikaan kotiin ja teen ruokaa, kuvaan ruokaa, kirjoitan ruoasta. Siin\u00e4p\u00e4 se t\u00e4m\u00e4 p\u00e4iv\u00e4\u2026<\/p>\n<p>ti 16.10. Eih\u00e4n t\u00e4m\u00e4 eilisest\u00e4 kummene.<\/p>\n<p>ke 17.10. Kuvia on jo paljon. Rakennusmiehet ja ty\u00f6kaverit kiittelee keittokirjaprojektia. Tuntuu kyll\u00e4 v\u00e4h\u00e4n, etteiv\u00e4t uskoisi, ett\u00e4 olen tosissani. Olen min\u00e4.<\/p>\n<p>to 18.10. Italian tunnin j\u00e4lkeen huomiseksi viel\u00e4 yksi j\u00e4lkiruoka ja yksi lisuke \u2026 Kirjaan tulee selv\u00e4sti enemm\u00e4n kuvia salaateista ja leipomuksista kuin repertuaariini kuuluisi. Niit\u00e4 on nopea tehd\u00e4, mukava kuvata. Suklaakakusta tuli aika hyv\u00e4, maultaan ja kuvltaan. Kuinkahan paljon min\u00e4 painan t\u00e4m\u00e4n projektin j\u00e4lkeen?<\/p>\n<p>pe 19.10. Illaksi Kirsti, Mikko ja Maija tulivat auttamaan: sy\u00f6m\u00e4\u00e4n kuvattavia ruokia. Mm. j\u00e4lkiruokia oli sattuneesta syyst\u00e4 tarjolla runsaahkosti (Zabaione freddo, satavuotias kermahyytel\u00f6 ja hilloja, Tortoni, Cantuccineja ja Vin Santoa, oliko jo kakkukin?). Eih\u00e4n meill\u00e4 muutenkaan ollut valittamista.<\/p>\n<p><a href=\"http:\/\/bp2.blogger.com\/_u17uk2agayw\/R4JrmhDks8I\/AAAAAAAAALs\/Gft75gKzJ6Y\/s1600-h\/kakku.jpg\"><img decoding=\"async\" style=\"display:block;text-align:center;cursor:hand;margin:0 auto 10px;\" src=\"http:\/\/bp2.blogger.com\/_u17uk2agayw\/R4JrmhDks8I\/AAAAAAAAALs\/Gft75gKzJ6Y\/s320\/kakku.jpg\" border=\"0\" alt=\"\" \/><\/a><\/p>\n<p><strong>Syysloma Madridissa<\/strong><\/p>\n<p>su 21.10. l\u00e4hdettiin ja perjantaina 26.10. palattiin.<br \/>\nWWW-sivulla on kuvia ja kertomusta:<br \/>\n<a href=\"http:\/\/www.satokangas.fi\/Matka\/Madrid\/index.htm\">http:\/\/www.satokangas.fi\/Matka\/Madrid\/index.htm<\/a><\/p>\n","protected":false},"excerpt":{"rendered":"<p>la 29.9. Mielett\u00f6m\u00e4n hieno ilma josta sain nauttia ulkona, pehtoori harjoitteli kokkauskurssin tuotoksia. su 30.9. Aamulla k\u00e4vin haudan siivoamassa ja iltap\u00e4iv\u00e4 oltiin BO:n kanssa Toscanassa. Ouluun ristorante, yesh! ma 1.10. Y\u00f6ll\u00e4 ukkonen ja p\u00e4iv\u00e4ll\u00e4 l\u00e4mmin: ilmastonmuutos tuntuu. Saara sai t\u00e4n\u00e4\u00e4n ajokortin. Olin kyydiss\u00e4, j\u00e4nnitti. ti 2.10. Harmauteen tuli &#8221;Arjen historia 3&#8221; jossa artikkelini. Viel\u00e4 julkaisu tuntuu hyv\u00e4lle. ke 3.10. Koko &hellip; <\/p>\n","protected":false},"author":2,"featured_media":0,"comment_status":"open","ping_status":"open","sticky":false,"template":"","format":"standard","meta":{"jetpack_post_was_ever_published":false,"_jetpack_newsletter_access":"","_jetpack_dont_email_post_to_subs":false,"_jetpack_newsletter_tier_id":0,"_jetpack_memberships_contains_paywalled_content":false,"_jetpack_memberships_contains_paid_content":false,"footnotes":"","jetpack_publicize_message":"","jetpack_publicize_feature_enabled":true,"jetpack_social_post_already_shared":false,"jetpack_social_options":{"image_generator_settings":{"template":"highway","default_image_id":0,"font":"","enabled":false},"version":2}},"categories":[1],"tags":[],"class_list":["post-319","post","type-post","status-publish","format-standard","hentry","category-aiheeton","latest_post"],"jetpack_publicize_connections":[],"jetpack_featured_media_url":"","jetpack_shortlink":"https:\/\/wp.me\/pr4p4-59","jetpack_sharing_enabled":true,"jetpack_likes_enabled":false,"jetpack-related-posts":[{"id":27030,"url":"https:\/\/www.satokangas.fi\/blogi\/2015\/12\/epatodellinen-tuntuu-hyvalle\/","url_meta":{"origin":319,"position":0},"title":"Ep\u00e4todellinen tuntuu hyv\u00e4lle","author":"Reija","date":"9.12.2015","format":false,"excerpt":"Nyt on ollut hyvin ep\u00e4todellinen olo koko p\u00e4iv\u00e4n. En\u00a0tahdo\u00a0uskoa, ett\u00e4 minulla on n\u00e4in iso onni, ett\u00e4 saan tuosta vaan viett\u00e4\u00e4 arkikeskiviikon m\u00f6kill\u00e4, hiljalleen aamuun her\u00e4illen, aamup\u00e4iv\u00e4n v\u00e4h\u00e4n kuva- ja kirjoitushommia tehden, sitten ukkelin kanssa ulkoillen, kunnon k\u00e4velylenkki pitkin \"Saariselk\u00e4 City\u00e4\", m\u00f6kkinaapuriakin treffattiin kauppareissulla, seuraavaksi\u00a0rantasaunoen, ja sitten kylille mentiin keilaamaan ja\u2026","rel":"","context":"Kategoriassa &quot;Lappi&quot;","block_context":{"text":"Lappi","link":"https:\/\/www.satokangas.fi\/blogi\/category\/lappi\/"},"img":{"alt_text":"","src":"","width":0,"height":0},"classes":[]},{"id":40669,"url":"https:\/\/www.satokangas.fi\/blogi\/2021\/04\/lampoa-ja-herkkuja\/","url_meta":{"origin":319,"position":1},"title":"L\u00e4mp\u00f6\u00e4 ja herkkuja","author":"Reija","date":"17.4.2021","format":false,"excerpt":"Istun kotipihalla silm\u00e4t kiinni, on l\u00e4mmin, joku (!) lintu laulaa, viel\u00e4 kuuluu korvissa lasten nauru, kaikkinensa tuntuu hetki sitten nautittu hyv\u00e4 p\u00e4iv\u00e4llinen, sen j\u00e4lkiruokana nautitut letut kaikilla mahdollisilla lisukkeilla... Hetken ajatukset harhailevat niihin p\u00e4\u00e4si\u00e4isiin ja toukokuisiin viikkoihin, jotka on tullut vietetty\u00e4 Roomassa. Ja yht\u00e4kki\u00e4 KAIKKI tuntuu ep\u00e4todelliselta: onko sellaista koskaan\u2026","rel":"","context":"Kategoriassa &quot;Ruoka ja viini&quot;","block_context":{"text":"Ruoka ja viini","link":"https:\/\/www.satokangas.fi\/blogi\/category\/ruoka_ja_viini\/"},"img":{"alt_text":"","src":"https:\/\/i0.wp.com\/www.satokangas.fi\/blogi\/wp-content\/uploads\/2021\/04\/kevat_2021-8.jpg?resize=350%2C200&ssl=1","width":350,"height":200,"srcset":"https:\/\/i0.wp.com\/www.satokangas.fi\/blogi\/wp-content\/uploads\/2021\/04\/kevat_2021-8.jpg?resize=350%2C200&ssl=1 1x, https:\/\/i0.wp.com\/www.satokangas.fi\/blogi\/wp-content\/uploads\/2021\/04\/kevat_2021-8.jpg?resize=525%2C300&ssl=1 1.5x, https:\/\/i0.wp.com\/www.satokangas.fi\/blogi\/wp-content\/uploads\/2021\/04\/kevat_2021-8.jpg?resize=700%2C400&ssl=1 2x"},"classes":[]},{"id":43483,"url":"https:\/\/www.satokangas.fi\/blogi\/2022\/08\/sienia-koko-paivaksi\/","url_meta":{"origin":319,"position":2},"title":"Sieni\u00e4 koko p\u00e4iv\u00e4ksi","author":"Reija","date":"5.8.2022","format":false,"excerpt":"\u201dH\u00e4n ajatteli, miten kiihke\u00e4sti h\u00e4n rakasti kaikkea, mets\u00e4\u00e4 ja merta, sadetta ja tuulta, auringonpaistetta ja ruohoa ja sammalta, ja miten mahdotonta olisi el\u00e4\u00e4 ilman niit\u00e4.\u201d \u00a0 \u00a0 \u00a0 \u00a0 \u00a0 \u00a0 \u00a0 -Muumipeikko Aamup\u00e4iv\u00e4, iltap\u00e4iv\u00e4n puolelle asti, mets\u00e4ss\u00e4. Pari korillista sieni\u00e4 parista paikasta (taas Kutturan suunnalla ja Ahop\u00e4\u00e4nlammen huudeilla), ja\u2026","rel":"","context":"Kategoriassa &quot;Lappi&quot;","block_context":{"text":"Lappi","link":"https:\/\/www.satokangas.fi\/blogi\/category\/lappi\/"},"img":{"alt_text":"","src":"https:\/\/i0.wp.com\/www.satokangas.fi\/blogi\/wp-content\/uploads\/2022\/08\/1-10-1185x1024.jpg?resize=350%2C200&ssl=1","width":350,"height":200,"srcset":"https:\/\/i0.wp.com\/www.satokangas.fi\/blogi\/wp-content\/uploads\/2022\/08\/1-10-1185x1024.jpg?resize=350%2C200&ssl=1 1x, https:\/\/i0.wp.com\/www.satokangas.fi\/blogi\/wp-content\/uploads\/2022\/08\/1-10-1185x1024.jpg?resize=525%2C300&ssl=1 1.5x, https:\/\/i0.wp.com\/www.satokangas.fi\/blogi\/wp-content\/uploads\/2022\/08\/1-10-1185x1024.jpg?resize=700%2C400&ssl=1 2x, https:\/\/i0.wp.com\/www.satokangas.fi\/blogi\/wp-content\/uploads\/2022\/08\/1-10-1185x1024.jpg?resize=1050%2C600&ssl=1 3x"},"classes":[]},{"id":43475,"url":"https:\/\/www.satokangas.fi\/blogi\/2022\/08\/avvaa-mita\/","url_meta":{"origin":319,"position":3},"title":"&#8221;Avvaa mit\u00e4&#8221;?","author":"Reija","date":"3.8.2022","format":false,"excerpt":"- Avvaa, mummi, mit\u00e4? - No? - Haluan viel\u00e4 muttikoita. Ja Apsu: \"Otappa, mummi, sin\u00e4kin hein\u00e4 suuhun!\" N\u00e4inh\u00e4n me on joka p\u00e4iv\u00e4 purolle menness\u00e4 Apsun kanssa tehty. Meill\u00e4 \"padonrakentajilla\" se kuuluu tunnelmaan; hein\u00e4 hampaiden v\u00e4liin. T\u00e4n\u00e4\u00e4n k\u00e4vimme viel\u00e4 illan p\u00e4\u00e4tteeksi muokkaamassa patoa matalaksi (= melkein purkamassa koko rakennelmamme), mutta \"sen\u2026","rel":"","context":"Kategoriassa &quot;Isovanhemmuus&quot;","block_context":{"text":"Isovanhemmuus","link":"https:\/\/www.satokangas.fi\/blogi\/category\/isovanhemmuus\/"},"img":{"alt_text":"","src":"https:\/\/i0.wp.com\/www.satokangas.fi\/blogi\/wp-content\/uploads\/2022\/08\/1-3.jpg?resize=350%2C200&ssl=1","width":350,"height":200,"srcset":"https:\/\/i0.wp.com\/www.satokangas.fi\/blogi\/wp-content\/uploads\/2022\/08\/1-3.jpg?resize=350%2C200&ssl=1 1x, https:\/\/i0.wp.com\/www.satokangas.fi\/blogi\/wp-content\/uploads\/2022\/08\/1-3.jpg?resize=525%2C300&ssl=1 1.5x"},"classes":[]},{"id":35910,"url":"https:\/\/www.satokangas.fi\/blogi\/2019\/02\/kultakylan-kujilla-ja-metsassa\/","url_meta":{"origin":319,"position":4},"title":"Kultakyl\u00e4n kujilla ja mets\u00e4ss\u00e4","author":"Reija","date":"7.2.2019","format":false,"excerpt":"Aamulla n\u00e4ytti pahalta. Pakkanen on laskenut, joten mittarissa en\u00e4\u00e4 vain - 20 C. Ja s\u00e4\u00e4ennuste uhkasi, ett\u00e4 p\u00e4iv\u00e4n mittaan lauhtuu viel\u00e4 lis\u00e4\u00e4. Onneksi sent\u00e4\u00e4n \"tuntuu kuin\" n\u00e4ytti - 26 C ja puut heiluivat lupaavasti kertoen tuulen ja vinkan olevan tosiasia. Hieman kierrellen ja kaarrellen onnistuimme kuitenkin molemmat keksim\u00e4\u00e4n hiihdon sijaan\u2026","rel":"","context":"Kategoriassa &quot;Lappi&quot;","block_context":{"text":"Lappi","link":"https:\/\/www.satokangas.fi\/blogi\/category\/lappi\/"},"img":{"alt_text":"","src":"https:\/\/i0.wp.com\/www.satokangas.fi\/blogi\/wp-content\/uploads\/2019\/02\/Tankavaara.jpg?resize=350%2C200&ssl=1","width":350,"height":200,"srcset":"https:\/\/i0.wp.com\/www.satokangas.fi\/blogi\/wp-content\/uploads\/2019\/02\/Tankavaara.jpg?resize=350%2C200&ssl=1 1x, https:\/\/i0.wp.com\/www.satokangas.fi\/blogi\/wp-content\/uploads\/2019\/02\/Tankavaara.jpg?resize=525%2C300&ssl=1 1.5x, https:\/\/i0.wp.com\/www.satokangas.fi\/blogi\/wp-content\/uploads\/2019\/02\/Tankavaara.jpg?resize=700%2C400&ssl=1 2x"},"classes":[]},{"id":39442,"url":"https:\/\/www.satokangas.fi\/blogi\/2020\/10\/keltainen-touko-eiku-lokakuu\/","url_meta":{"origin":319,"position":5},"title":"Keltainen touko&#8230;. eiku lokakuu","author":"Reija","date":"1.10.2020","format":false,"excerpt":"Aika itse\u00e4\u00e4n toistavaksi alkaa n\u00e4iden postaamieni kuvien v\u00e4riskaala jo k\u00e4yd\u00e4. Oranssia ja keltaista. Ja harmaita ja mustia teit\u00e4. :D Kuva aamun matkalta Caritakseen sillalla Kasarmintien yll\u00e4. Tuntuu kyll\u00e4, ett\u00e4 koko Oulu on kelta-oranssia v\u00e4riloistoa, jopa n\u00e4in pilvisell\u00e4kin s\u00e4\u00e4ll\u00e4. Iltap\u00e4iv\u00e4ll\u00e4 sitten mm. dinosaurus-opintoja ja elekielen tulkintaa. ;) Lokakuu on saatu alkuun.","rel":"","context":"Kategoriassa &quot;Niit\u00e4 n\u00e4it\u00e4&quot;","block_context":{"text":"Niit\u00e4 n\u00e4it\u00e4","link":"https:\/\/www.satokangas.fi\/blogi\/category\/aiheeton\/"},"img":{"alt_text":"","src":"https:\/\/i0.wp.com\/www.satokangas.fi\/blogi\/wp-content\/uploads\/2020\/10\/Kasarmintie_-2.jpg?resize=350%2C200&ssl=1","width":350,"height":200,"srcset":"https:\/\/i0.wp.com\/www.satokangas.fi\/blogi\/wp-content\/uploads\/2020\/10\/Kasarmintie_-2.jpg?resize=350%2C200&ssl=1 1x, https:\/\/i0.wp.com\/www.satokangas.fi\/blogi\/wp-content\/uploads\/2020\/10\/Kasarmintie_-2.jpg?resize=525%2C300&ssl=1 1.5x, https:\/\/i0.wp.com\/www.satokangas.fi\/blogi\/wp-content\/uploads\/2020\/10\/Kasarmintie_-2.jpg?resize=700%2C400&ssl=1 2x"},"classes":[]}],"_links":{"self":[{"href":"https:\/\/www.satokangas.fi\/blogi\/wp-json\/wp\/v2\/posts\/319","targetHints":{"allow":["GET"]}}],"collection":[{"href":"https:\/\/www.satokangas.fi\/blogi\/wp-json\/wp\/v2\/posts"}],"about":[{"href":"https:\/\/www.satokangas.fi\/blogi\/wp-json\/wp\/v2\/types\/post"}],"author":[{"embeddable":true,"href":"https:\/\/www.satokangas.fi\/blogi\/wp-json\/wp\/v2\/users\/2"}],"replies":[{"embeddable":true,"href":"https:\/\/www.satokangas.fi\/blogi\/wp-json\/wp\/v2\/comments?post=319"}],"version-history":[{"count":0,"href":"https:\/\/www.satokangas.fi\/blogi\/wp-json\/wp\/v2\/posts\/319\/revisions"}],"wp:attachment":[{"href":"https:\/\/www.satokangas.fi\/blogi\/wp-json\/wp\/v2\/media?parent=319"}],"wp:term":[{"taxonomy":"category","embeddable":true,"href":"https:\/\/www.satokangas.fi\/blogi\/wp-json\/wp\/v2\/categories?post=319"},{"taxonomy":"post_tag","embeddable":true,"href":"https:\/\/www.satokangas.fi\/blogi\/wp-json\/wp\/v2\/tags?post=319"}],"curies":[{"name":"wp","href":"https:\/\/api.w.org\/{rel}","templated":true}]}}