{"id":31636,"date":"2017-08-17T20:16:43","date_gmt":"2017-08-17T17:16:43","guid":{"rendered":"https:\/\/www.satokangas.fi\/blogi\/?p=31636"},"modified":"2017-08-18T08:16:17","modified_gmt":"2017-08-18T05:16:17","slug":"oulussa-kulkien","status":"publish","type":"post","link":"https:\/\/www.satokangas.fi\/blogi\/2017\/08\/oulussa-kulkien\/","title":{"rendered":"Oulussa kulkien"},"content":{"rendered":"<p style=\"text-align: justify;\">Aurinkoiset elokuun p\u00e4iv\u00e4t jatkuvat! &#8221;Oi, ihana elokuu&#8221; voisin v\u00e4itt\u00e4\u00e4.<\/p>\n<p style=\"text-align: justify;\">Toissap\u00e4iv\u00e4n\u00e4 mietin puolenp\u00e4iv\u00e4n lenkill\u00e4ni, ett\u00e4 miksi se on (l\u00e4hes) aina niin mahdottoman vaikeaa, se lenkille l\u00e4ht\u00f6 siis. Sen, ett\u00e4 tuohon mets\u00e4polun alkuun p\u00e4\u00e4see, viimeist\u00e4\u00e4n meren n\u00e4kyess\u00e4, ei en\u00e4\u00e4 jaksa ymm\u00e4rt\u00e4\u00e4, miksi ei muka olisi jaksanut l\u00e4hte\u00e4. Eilinen lenkki hoituikin k\u00e4velless\u00e4 hammasl\u00e4\u00e4k\u00e4riin ja t\u00e4n\u00e4\u00e4n py\u00f6r\u00e4illess\u00e4 Caritaksen kautta kampaajalle ja illansuussa k\u00e4vimme Pehtoorin kanssa viel\u00e4 &#8221;heitt\u00e4m\u00e4ss\u00e4&#8221; py\u00f6r\u00e4lenkin ja ajelimme kaupungille taiteiden &#8221;y\u00f6h\u00f6n&#8221;. T\u00e4llaiset &#8221;p\u00e4\u00e4m\u00e4\u00e4r\u00e4lliset&#8221; liikkumiset on helpompia l\u00e4htemisen kannalta. Kun on kerran &#8221;pakko&#8221; menn\u00e4, niin tulee l\u00e4hdetyksi&#8230;<\/p>\n<p style=\"text-align: justify;\">Se mit\u00e4 yrit\u00e4n selitt\u00e4\u00e4, on se, ett\u00e4 kyll\u00e4 liikkuminen vaan on niin hyv\u00e4ksi.<\/p>\n<p style=\"text-align: justify;\">Mit\u00e4k\u00f6 <a href=\"http:\/\/www.ouluntaiteidenyo.net\/\" target=\"_blank\" rel=\"noopener\">Oulun taiteiden y\u00f6ss\u00e4<\/a>? Siell\u00e4h\u00e4n on virallisestikin yli 70 tapahtumaa, ja nyt vasta alkaa todenteolla tapahtua.. mutta me olemme olleet jo pari tuntia kotona. Ensimm\u00e4isen\u00e4 k\u00e4vimme teatterin puvustamon kirppiksell\u00e4: etsittiin tietysti ensi kes\u00e4n kalaaseihin keskiaikapukuja ja muuta rekvisiittaa&#8230; Eip\u00e4 l\u00f6ytynyt. Paljon, paljon roolipukuja ja tavallisia vaatteita oli kaupan viidell\u00e4 eurolla kappale, my\u00f6s kankaita (studiokuvauksen taustaksi katselin vakavasti harkiten), mutta emme kuitenkaan ostoksille ryhtyneet.<\/p>\n<p><a href=\"https:\/\/www.satokangas.fi\/blogi\/2017\/08\/oulussa-kulkien\/datapilvi-7\/#main\" rel=\"attachment wp-att-31642\"><img loading=\"lazy\" decoding=\"async\" data-attachment-id=\"31642\" data-permalink=\"https:\/\/www.satokangas.fi\/blogi\/2017\/08\/oulussa-kulkien\/datapilvi-7\/\" data-orig-file=\"https:\/\/www.satokangas.fi\/blogi\/wp-content\/uploads\/2017\/08\/Datapilvi-7.jpg\" data-orig-size=\"1000,707\" data-comments-opened=\"1\" data-image-meta=\"{&quot;aperture&quot;:&quot;7.1&quot;,&quot;credit&quot;:&quot;Reija Satokangas&quot;,&quot;camera&quot;:&quot;Canon EOS 5D Mark IV&quot;,&quot;caption&quot;:&quot;&quot;,&quot;created_timestamp&quot;:&quot;1502986083&quot;,&quot;copyright&quot;:&quot;&quot;,&quot;focal_length&quot;:&quot;24&quot;,&quot;iso&quot;:&quot;800&quot;,&quot;shutter_speed&quot;:&quot;0.001&quot;,&quot;title&quot;:&quot;&quot;,&quot;orientation&quot;:&quot;0&quot;}\" data-image-title=\"Datapilvi-7\" data-image-description=\"\" data-image-caption=\"\" data-large-file=\"https:\/\/www.satokangas.fi\/blogi\/wp-content\/uploads\/2017\/08\/Datapilvi-7.jpg\" class=\"aligncenter size-full wp-image-31642\" src=\"https:\/\/www.satokangas.fi\/blogi\/wp-content\/uploads\/2017\/08\/Datapilvi-7.jpg\" alt=\"\" width=\"1000\" height=\"707\" srcset=\"https:\/\/www.satokangas.fi\/blogi\/wp-content\/uploads\/2017\/08\/Datapilvi-7.jpg 1000w, https:\/\/www.satokangas.fi\/blogi\/wp-content\/uploads\/2017\/08\/Datapilvi-7-300x212.jpg 300w, https:\/\/www.satokangas.fi\/blogi\/wp-content\/uploads\/2017\/08\/Datapilvi-7-566x400.jpg 566w, https:\/\/www.satokangas.fi\/blogi\/wp-content\/uploads\/2017\/08\/Datapilvi-7-768x543.jpg 768w\" sizes=\"auto, (max-width: 1000px) 100vw, 1000px\" \/><\/a><\/p>\n<p style=\"text-align: justify;\">Seuraavaksi Rauhalan kupeeseen \u00c5str\u00f6minpuistoon, jossa on &#8221;Datapilvi&#8221;. Arkkitehtiopiskelijoiden 3600 ilmapallon tilataideteos. Se oli mukava, hienokin.<\/p>\n<p style=\"text-align: justify;\">Piipahdimme uuden Voimalan pihalla, py\u00f6r\u00e4ilimme keskustaan, esittelin Pehtoorille Rotuaarin screenill\u00e4 olevan hienon valokuvan\u00e4yttelyn&#8230; \ud83d\ude09 Sent\u00e4\u00e4n muutama <a href=\"https:\/\/www.satokangas.fi\/blogi\/2017\/08\/ensimmainen-nayttelyni\/\" target=\"_blank\" rel=\"noopener\">kuvani<\/a> ehdittiin n\u00e4hd\u00e4 ennen kuin matkamme jatkui Pikisaareen, jossa on Designtori. Paikallista design-k\u00e4sity\u00f6t\u00e4. Kyll\u00e4 olikin kauniita koruja, tauluja, astioita, neuleita, kaikenmoista. Kiertelimme, ja onnistuimme kiert\u00e4m\u00e4\u00e4n my\u00f6s herkulliseen p\u00e4\u00e4tepisteeseen suuntaavan vohvelijonon, ja l\u00e4hdimme kotiin ennen kuin y\u00f6 oli l\u00e4hell\u00e4k\u00e4\u00e4n.<\/p>\n<p style=\"text-align: justify;\"><a href=\"https:\/\/www.satokangas.fi\/blogi\/2017\/08\/oulussa-kulkien\/datapilvi-3\/#main\" rel=\"attachment wp-att-31638\"><img loading=\"lazy\" decoding=\"async\" data-attachment-id=\"31638\" data-permalink=\"https:\/\/www.satokangas.fi\/blogi\/2017\/08\/oulussa-kulkien\/datapilvi-3\/\" data-orig-file=\"https:\/\/www.satokangas.fi\/blogi\/wp-content\/uploads\/2017\/08\/Datapilvi-3.jpg\" data-orig-size=\"667,1000\" data-comments-opened=\"1\" data-image-meta=\"{&quot;aperture&quot;:&quot;8&quot;,&quot;credit&quot;:&quot;Reija Satokangas&quot;,&quot;camera&quot;:&quot;Canon EOS 5D Mark IV&quot;,&quot;caption&quot;:&quot;&quot;,&quot;created_timestamp&quot;:&quot;1502986120&quot;,&quot;copyright&quot;:&quot;&quot;,&quot;focal_length&quot;:&quot;24&quot;,&quot;iso&quot;:&quot;800&quot;,&quot;shutter_speed&quot;:&quot;0.0015625&quot;,&quot;title&quot;:&quot;&quot;,&quot;orientation&quot;:&quot;0&quot;}\" data-image-title=\"Datapilvi-3\" data-image-description=\"\" data-image-caption=\"\" data-large-file=\"https:\/\/www.satokangas.fi\/blogi\/wp-content\/uploads\/2017\/08\/Datapilvi-3.jpg\" class=\"aligncenter wp-image-31638\" src=\"https:\/\/www.satokangas.fi\/blogi\/wp-content\/uploads\/2017\/08\/Datapilvi-3-267x400.jpg\" alt=\"\" width=\"400\" height=\"600\" srcset=\"https:\/\/www.satokangas.fi\/blogi\/wp-content\/uploads\/2017\/08\/Datapilvi-3-267x400.jpg 267w, https:\/\/www.satokangas.fi\/blogi\/wp-content\/uploads\/2017\/08\/Datapilvi-3-200x300.jpg 200w, https:\/\/www.satokangas.fi\/blogi\/wp-content\/uploads\/2017\/08\/Datapilvi-3.jpg 667w\" sizes=\"auto, (max-width: 400px) 100vw, 400px\" \/><\/a><\/p>\n<p style=\"text-align: justify;\">Apsu k\u00e4vi esitt\u00e4m\u00e4ss\u00e4 meille ihan oman performanssinsa, ja &#8221;kertomassa&#8221; t\u00e4m\u00e4n viikon uuden, ison jutun: kerho on alkanut. Kaksi kertaa viikossa poika viett\u00e4\u00e4 iltap\u00e4iv\u00e4n kotinsa l\u00e4hell\u00e4 olevassa kerhossa. Ja hyvin oli mennyt.<\/p>\n<p style=\"text-align: justify;\"><a href=\"https:\/\/www.satokangas.fi\/blogi\/2017\/08\/oulussa-kulkien\/datapilvi-4\/#main\" rel=\"attachment wp-att-31639\"><img loading=\"lazy\" decoding=\"async\" data-attachment-id=\"31639\" data-permalink=\"https:\/\/www.satokangas.fi\/blogi\/2017\/08\/oulussa-kulkien\/datapilvi-4\/\" data-orig-file=\"https:\/\/www.satokangas.fi\/blogi\/wp-content\/uploads\/2017\/08\/Datapilvi-4.jpg\" data-orig-size=\"1000,472\" data-comments-opened=\"1\" data-image-meta=\"{&quot;aperture&quot;:&quot;8&quot;,&quot;credit&quot;:&quot;Reija Satokangas&quot;,&quot;camera&quot;:&quot;Canon EOS 5D Mark IV&quot;,&quot;caption&quot;:&quot;&quot;,&quot;created_timestamp&quot;:&quot;1502986177&quot;,&quot;copyright&quot;:&quot;&quot;,&quot;focal_length&quot;:&quot;28&quot;,&quot;iso&quot;:&quot;800&quot;,&quot;shutter_speed&quot;:&quot;0.002&quot;,&quot;title&quot;:&quot;&quot;,&quot;orientation&quot;:&quot;0&quot;}\" data-image-title=\"Datapilvi-4\" data-image-description=\"\" data-image-caption=\"\" data-large-file=\"https:\/\/www.satokangas.fi\/blogi\/wp-content\/uploads\/2017\/08\/Datapilvi-4.jpg\" class=\"aligncenter wp-image-31639 size-full\" src=\"https:\/\/www.satokangas.fi\/blogi\/wp-content\/uploads\/2017\/08\/Datapilvi-4.jpg\" alt=\"\" width=\"1000\" height=\"472\" srcset=\"https:\/\/www.satokangas.fi\/blogi\/wp-content\/uploads\/2017\/08\/Datapilvi-4.jpg 1000w, https:\/\/www.satokangas.fi\/blogi\/wp-content\/uploads\/2017\/08\/Datapilvi-4-300x142.jpg 300w, https:\/\/www.satokangas.fi\/blogi\/wp-content\/uploads\/2017\/08\/Datapilvi-4-800x378.jpg 800w, https:\/\/www.satokangas.fi\/blogi\/wp-content\/uploads\/2017\/08\/Datapilvi-4-768x362.jpg 768w\" sizes=\"auto, (max-width: 1000px) 100vw, 1000px\" \/><\/a><\/p>\n<p>Taiteiden y\u00f6n yhteydess\u00e4 oleva ns. Korttelihaipakka (~kaupat auki y\u00f6h\u00f6n asti, ja lopuksi ilotulitus) ei sek\u00e4\u00e4n houkuta.<\/p>\n<p>Kampaajalla lueskelin ruokalehti\u00e4, ja huomiseksi muutama uusi kokeilu taisi j\u00e4\u00e4d\u00e4 mieleen. A domani!<\/p>\n","protected":false},"excerpt":{"rendered":"<p>Aurinkoiset elokuun p\u00e4iv\u00e4t jatkuvat! &#8221;Oi, ihana elokuu&#8221; voisin v\u00e4itt\u00e4\u00e4. Toissap\u00e4iv\u00e4n\u00e4 mietin puolenp\u00e4iv\u00e4n lenkill\u00e4ni, ett\u00e4 miksi se on (l\u00e4hes) aina niin mahdottoman vaikeaa, se lenkille l\u00e4ht\u00f6 siis. Sen, ett\u00e4 tuohon mets\u00e4polun alkuun p\u00e4\u00e4see, viimeist\u00e4\u00e4n meren n\u00e4kyess\u00e4, ei en\u00e4\u00e4 jaksa ymm\u00e4rt\u00e4\u00e4, miksi ei muka olisi jaksanut l\u00e4hte\u00e4. Eilinen lenkki hoituikin k\u00e4velless\u00e4 hammasl\u00e4\u00e4k\u00e4riin ja t\u00e4n\u00e4\u00e4n py\u00f6r\u00e4illess\u00e4 Caritaksen kautta kampaajalle ja illansuussa k\u00e4vimme Pehtoorin &hellip; <\/p>\n","protected":false},"author":1,"featured_media":0,"comment_status":"open","ping_status":"open","sticky":false,"template":"","format":"standard","meta":{"jetpack_post_was_ever_published":false,"_jetpack_newsletter_access":"","_jetpack_dont_email_post_to_subs":false,"_jetpack_newsletter_tier_id":0,"_jetpack_memberships_contains_paywalled_content":false,"_jetpack_memberships_contains_paid_content":false,"footnotes":"","jetpack_publicize_message":"","jetpack_publicize_feature_enabled":true,"jetpack_social_post_already_shared":true,"jetpack_social_options":{"image_generator_settings":{"template":"highway","default_image_id":0,"font":"","enabled":false},"version":2}},"categories":[33,55],"tags":[],"class_list":["post-31636","post","type-post","status-publish","format-standard","hentry","category-liikkuminen","category-oulu","latest_post"],"jetpack_publicize_connections":[],"jetpack_featured_media_url":"","jetpack_shortlink":"https:\/\/wp.me\/pr4p4-8eg","jetpack_sharing_enabled":true,"jetpack_likes_enabled":false,"jetpack-related-posts":[{"id":41369,"url":"https:\/\/www.satokangas.fi\/blogi\/2021\/08\/haipakkaa-kuvausta\/","url_meta":{"origin":31636,"position":0},"title":"Haipakkaa kuvausta","author":"Reija","date":"12.8.2021","format":false,"excerpt":"T\u00e4n\u00e4\u00e4n on Oulussa ollut Korttelihaipakka-ostosilta.\u00a0 Oulun liikekeskuksen ideana on ollut tarjota oululaisille iloinen ostosilta klo 22.00 saakka pidennetyill\u00e4 liikkeiden aukioloajoilla. Samaan aikaan kaupungin \"juhlaviikoilla\" juuri t\u00e4n\u00e4\u00e4n ja viikonloppuna Oulusa on Kotiseutup\u00e4iv\u00e4t,\u00a0Taiteiden y\u00f6,\u00a0Lastenlaulukatu\u00a0ja\u00a0Tuttu-fest. Lis\u00e4ksi\u00a0Oulun Kauppahalli juhli 120-vuotisjuhlaansa. Ja minulla kuvauskeikka n\u00e4iden tiimoilta. Iltap\u00e4iv\u00e4st\u00e4 pitk\u00e4lle iltaan kuljin kahden kameran kanssa kaupunkia ristiin\u2026","rel":"","context":"Kategoriassa &quot;Oulu&quot;","block_context":{"text":"Oulu","link":"https:\/\/www.satokangas.fi\/blogi\/category\/oulu\/"},"img":{"alt_text":"","src":"https:\/\/i0.wp.com\/www.satokangas.fi\/blogi\/wp-content\/uploads\/2021\/08\/4-4.jpg?resize=350%2C200&ssl=1","width":350,"height":200,"srcset":"https:\/\/i0.wp.com\/www.satokangas.fi\/blogi\/wp-content\/uploads\/2021\/08\/4-4.jpg?resize=350%2C200&ssl=1 1x, https:\/\/i0.wp.com\/www.satokangas.fi\/blogi\/wp-content\/uploads\/2021\/08\/4-4.jpg?resize=525%2C300&ssl=1 1.5x, https:\/\/i0.wp.com\/www.satokangas.fi\/blogi\/wp-content\/uploads\/2021\/08\/4-4.jpg?resize=700%2C400&ssl=1 2x"},"classes":[]},{"id":18624,"url":"https:\/\/www.satokangas.fi\/blogi\/2013\/09\/syyskesan-oulu-torilla-hallisssa-metsassa\/","url_meta":{"origin":31636,"position":1},"title":"Syyskes\u00e4n Oulu &#8211; torilla, hallissa, mets\u00e4ss\u00e4","author":"Reija","date":"1.9.2013","format":false,"excerpt":"Eiliseen viel\u00e4 palatakseni. Aamulla ... linnanraunioilta kohti toria ja ruusuja... Tuomiokirkon yll\u00e4 merkillisen dramaattinen taivas. Ihan kuin joku olisi k\u00e4\u00e4nt\u00e4nyt viitat, - eik\u00f6? \u00a0Kivisyd\u00e4men = kallioparkin rakennusty\u00f6maa on suojattu n\u00e4in kauniisti... Eik\u00f6 joka lauantain kannattaisi k\u00e4yd\u00e4 torilla? Kannattaisi. Ostin omenoita (\u00e4sken uuniomenoina nautimme pois), porkkanoita, mustikoita (jo eilen tein piirakan),\u00a0porkkanoita\u2026","rel":"","context":"Kategoriassa &quot;Niit\u00e4 n\u00e4it\u00e4&quot;","block_context":{"text":"Niit\u00e4 n\u00e4it\u00e4","link":"https:\/\/www.satokangas.fi\/blogi\/category\/aiheeton\/"},"img":{"alt_text":"","src":"https:\/\/i0.wp.com\/www.satokangas.fi\/blogi\/wp-content\/uploads\/2013\/09\/MG_0396.jpg?resize=350%2C200&ssl=1","width":350,"height":200},"classes":[]},{"id":14998,"url":"https:\/\/www.satokangas.fi\/blogi\/2012\/08\/valokuvahaasteita\/","url_meta":{"origin":31636,"position":2},"title":"Valokuvahaasteita","author":"Reija","date":"7.8.2012","format":false,"excerpt":"Kun kerran liven\u00e4 ei ole elokuun samettisia iltoja, niin laitoinpas bannerikuvaksi otoksen joka n\u00e4ytt\u00e4\u00e4 silt\u00e4. Vaikka kuvassa itseasiassa on toukokuun ilta Umbriassa. Kuvassa on Villa Francon takapihan pikkuportti, josta l\u00e4hdettiin aina lenkille. Ja jos blogin taustakuvana edelleen n\u00e4kyy lentokoneesta otettu ilmakuva, niin paina n\u00e4pp\u00e4imist\u00f6ll\u00e4 F5:sta. Taustaksi pit\u00e4isi tulla Naantalin aamussa\u2026","rel":"","context":"Kategoriassa &quot;Valokuvaus&quot;","block_context":{"text":"Valokuvaus","link":"https:\/\/www.satokangas.fi\/blogi\/category\/valokuvaus\/"},"img":{"alt_text":"","src":"https:\/\/i0.wp.com\/www.satokangas.fi\/blogi\/wp-content\/uploads\/tausta30-600x400.jpg?resize=350%2C200&ssl=1","width":350,"height":200,"srcset":"https:\/\/i0.wp.com\/www.satokangas.fi\/blogi\/wp-content\/uploads\/tausta30-600x400.jpg?resize=350%2C200&ssl=1 1x, https:\/\/i0.wp.com\/www.satokangas.fi\/blogi\/wp-content\/uploads\/tausta30-600x400.jpg?resize=525%2C300&ssl=1 1.5x"},"classes":[]},{"id":41431,"url":"https:\/\/www.satokangas.fi\/blogi\/2021\/08\/elokuun-syva-vihreys\/","url_meta":{"origin":31636,"position":3},"title":"Elokuun syv\u00e4 vihreys","author":"Reija","date":"24.8.2021","format":false,"excerpt":"Elokuun vahva vihre\u00e4, viel\u00e4 l\u00e4mmitt\u00e4v\u00e4 aurinko ja kirkas, kuulas ilma, jonka tuulenvireess\u00e4 saattoi aistia h\u00e4iv\u00e4hdyksen syksy\u00e4. Kevytuntuvatoppa ei py\u00f6r\u00e4illess\u00e4 ollut yht\u00e4\u00e4n turhaa, kun kiertelin kaupungilla ja sen laidoilla. Ainolan puistossa harmittelin, ettei ollut lounasev\u00e4it\u00e4 mukana, olisin voinut hyvinkin pit\u00e4\u00e4 oman piknikin Rapumajalla*. K\u00e4vin sitten l\u00e4\u00e4k\u00e4riss\u00e4 k\u00e4ynnin j\u00e4lkeen Rotuaarin Espresso Housessa:\u2026","rel":"","context":"Kategoriassa &quot;Liikkuminen&quot;","block_context":{"text":"Liikkuminen","link":"https:\/\/www.satokangas.fi\/blogi\/category\/liikkuminen\/"},"img":{"alt_text":"","src":"https:\/\/i0.wp.com\/www.satokangas.fi\/blogi\/wp-content\/uploads\/2021\/08\/1-26.jpg?resize=350%2C200&ssl=1","width":350,"height":200,"srcset":"https:\/\/i0.wp.com\/www.satokangas.fi\/blogi\/wp-content\/uploads\/2021\/08\/1-26.jpg?resize=350%2C200&ssl=1 1x, https:\/\/i0.wp.com\/www.satokangas.fi\/blogi\/wp-content\/uploads\/2021\/08\/1-26.jpg?resize=525%2C300&ssl=1 1.5x"},"classes":[]},{"id":34607,"url":"https:\/\/www.satokangas.fi\/blogi\/2018\/08\/liikkeelle-lahdossa\/","url_meta":{"origin":31636,"position":4},"title":"Liikkeelle l\u00e4hd\u00f6ss\u00e4","author":"Reija","date":"16.8.2018","format":false,"excerpt":"L\u00e4mmin p\u00e4iv\u00e4, jonka aloitin kuvatoimituksilla ja muulla kirjeenvaihdolla. Lenkille kuitenkin mieli, tosin sain lopulta l\u00e4hdetyksi vasta puolelta p\u00e4ivin. Ja se olikin ihan hyv\u00e4 aika. Toisaalta olisi kannattanut l\u00e4hte\u00e4 liikkeelle vasta nyt: illan valot n\u00e4kyv\u00e4t, Kortteli Haipakka tuo kaikkea mukavaa keskustaan, on taiteiden y\u00f6, Pikisaaressa Design-markkinat, big band Valkean nurkilla, samppanja\u2026","rel":"","context":"Kategoriassa &quot;Historiaa&quot;","block_context":{"text":"Historiaa","link":"https:\/\/www.satokangas.fi\/blogi\/category\/historiaa\/"},"img":{"alt_text":"","src":"https:\/\/i0.wp.com\/www.satokangas.fi\/blogi\/wp-content\/uploads\/2018\/08\/kaupungintalo-2.jpg?resize=350%2C200&ssl=1","width":350,"height":200,"srcset":"https:\/\/i0.wp.com\/www.satokangas.fi\/blogi\/wp-content\/uploads\/2018\/08\/kaupungintalo-2.jpg?resize=350%2C200&ssl=1 1x, https:\/\/i0.wp.com\/www.satokangas.fi\/blogi\/wp-content\/uploads\/2018\/08\/kaupungintalo-2.jpg?resize=525%2C300&ssl=1 1.5x, https:\/\/i0.wp.com\/www.satokangas.fi\/blogi\/wp-content\/uploads\/2018\/08\/kaupungintalo-2.jpg?resize=700%2C400&ssl=1 2x"},"classes":[]},{"id":50908,"url":"https:\/\/www.satokangas.fi\/blogi\/2024\/10\/pyorailykauden-lopulla\/","url_meta":{"origin":31636,"position":5},"title":"Py\u00f6r\u00e4ilykauden lopulla","author":"Reija","date":"23.10.2024","format":false,"excerpt":"Kuudes s\u00e4hk\u00f6py\u00f6r\u00e4ilykes\u00e4 alkaa olla lopuillaan. S\u00e4\u00e4 sallisi viel\u00e4 kulkemisen, sill\u00e4 viel\u00e4 ei ole j\u00e4isi\u00e4 baanoja tai mets\u00e4polkuja, ei vihmovia pakkasia, eik\u00e4 juuri sateitakaan, mutta t\u00e4ss\u00e4 on taas pikku reissu ja m\u00f6kkiviikot edess\u00e4, joten Helkamani joutaa pian jo talviteloille. N\u00e4in\u00e4 kuutena kes\u00e4n\u00e4 olen ajanut yhteens\u00e4 l\u00e4hes 22 000 km py\u00f6r\u00e4ll\u00e4. T\u00e4lle\u2026","rel":"","context":"Kategoriassa &quot;Liikkuminen&quot;","block_context":{"text":"Liikkuminen","link":"https:\/\/www.satokangas.fi\/blogi\/category\/liikkuminen\/"},"img":{"alt_text":"","src":"https:\/\/i0.wp.com\/www.satokangas.fi\/blogi\/wp-content\/uploads\/2023\/10\/pyorailykaupunkiOULU-3.jpg?resize=350%2C200&ssl=1","width":350,"height":200,"srcset":"https:\/\/i0.wp.com\/www.satokangas.fi\/blogi\/wp-content\/uploads\/2023\/10\/pyorailykaupunkiOULU-3.jpg?resize=350%2C200&ssl=1 1x, https:\/\/i0.wp.com\/www.satokangas.fi\/blogi\/wp-content\/uploads\/2023\/10\/pyorailykaupunkiOULU-3.jpg?resize=525%2C300&ssl=1 1.5x, https:\/\/i0.wp.com\/www.satokangas.fi\/blogi\/wp-content\/uploads\/2023\/10\/pyorailykaupunkiOULU-3.jpg?resize=700%2C400&ssl=1 2x"},"classes":[]}],"_links":{"self":[{"href":"https:\/\/www.satokangas.fi\/blogi\/wp-json\/wp\/v2\/posts\/31636","targetHints":{"allow":["GET"]}}],"collection":[{"href":"https:\/\/www.satokangas.fi\/blogi\/wp-json\/wp\/v2\/posts"}],"about":[{"href":"https:\/\/www.satokangas.fi\/blogi\/wp-json\/wp\/v2\/types\/post"}],"author":[{"embeddable":true,"href":"https:\/\/www.satokangas.fi\/blogi\/wp-json\/wp\/v2\/users\/1"}],"replies":[{"embeddable":true,"href":"https:\/\/www.satokangas.fi\/blogi\/wp-json\/wp\/v2\/comments?post=31636"}],"version-history":[{"count":0,"href":"https:\/\/www.satokangas.fi\/blogi\/wp-json\/wp\/v2\/posts\/31636\/revisions"}],"wp:attachment":[{"href":"https:\/\/www.satokangas.fi\/blogi\/wp-json\/wp\/v2\/media?parent=31636"}],"wp:term":[{"taxonomy":"category","embeddable":true,"href":"https:\/\/www.satokangas.fi\/blogi\/wp-json\/wp\/v2\/categories?post=31636"},{"taxonomy":"post_tag","embeddable":true,"href":"https:\/\/www.satokangas.fi\/blogi\/wp-json\/wp\/v2\/tags?post=31636"}],"curies":[{"name":"wp","href":"https:\/\/api.w.org\/{rel}","templated":true}]}}