{"id":3157,"date":"2009-04-22T19:41:20","date_gmt":"2009-04-22T16:41:20","guid":{"rendered":"https:\/\/www.satokangas.fi\/blogi\/?p=3157"},"modified":"2009-04-22T19:41:20","modified_gmt":"2009-04-22T16:41:20","slug":"harrastuksia","status":"publish","type":"post","link":"https:\/\/www.satokangas.fi\/blogi\/2009\/04\/harrastuksia\/","title":{"rendered":"Harrastuksia"},"content":{"rendered":"<p>Keskiviikkoilta. Eik\u00e4 ole valokuvauskurssia, en\u00e4\u00e4. Se on finito. Loppu. \u00a0Me kurssilaiset ripustimme perjantai-iltana n\u00e4yttelyn Oulu-opiston aulaan: k\u00e4yk\u00e4\u00e4h\u00e4n kuun loppuun menness\u00e4 katsomassa millaisten ammattilaiskuvaajien seurassa sain keskiviikkoillat harrastaa. Siell\u00e4 on heid\u00e4n hienoja otoksiaan. Ja muutama meitsinkin harjoitelma.<\/p>\n<p>Toinenkin harrastukseni tuotos on julkistettu: huhtikuun <a href=\"http:\/\/aapinemo.vuodatus.net\/blog\/1916557\">ruokahaasteen \u00e4\u00e4nestys<\/a> on menossa. Linkin takaa l\u00f6ytyy monta v\u00e4rik\u00e4st\u00e4 resepti\u00e4&#8230; Ainakin listan viimeist\u00e4 ajattelin viikonloppuna kokeilla.<\/p>\n<p><a href=\"https:\/\/www.satokangas.fi\/blogi\/wp-content\/uploads\/2009\/04\/nallikari.jpg\"><img loading=\"lazy\" decoding=\"async\" data-attachment-id=\"3158\" data-permalink=\"https:\/\/www.satokangas.fi\/blogi\/2009\/04\/harrastuksia\/nallikari\/\" data-orig-file=\"https:\/\/www.satokangas.fi\/blogi\/wp-content\/uploads\/2009\/04\/nallikari.jpg\" data-orig-size=\"1000,667\" data-comments-opened=\"1\" data-image-meta=\"{&quot;aperture&quot;:&quot;13&quot;,&quot;credit&quot;:&quot;&quot;,&quot;camera&quot;:&quot;Canon EOS 450D&quot;,&quot;caption&quot;:&quot;&quot;,&quot;created_timestamp&quot;:&quot;1240408544&quot;,&quot;copyright&quot;:&quot;&quot;,&quot;focal_length&quot;:&quot;40&quot;,&quot;iso&quot;:&quot;400&quot;,&quot;shutter_speed&quot;:&quot;0.004&quot;,&quot;title&quot;:&quot;&quot;}\" data-image-title=\"nallikari\" data-image-description=\"\" data-image-caption=\"\" data-large-file=\"https:\/\/www.satokangas.fi\/blogi\/wp-content\/uploads\/2009\/04\/nallikari.jpg\" class=\"aligncenter size-medium wp-image-3158\" title=\"nallikari\" src=\"https:\/\/www.satokangas.fi\/blogi\/wp-content\/uploads\/2009\/04\/nallikari-500x333.jpg\" alt=\"nallikari\" width=\"500\" height=\"333\" srcset=\"https:\/\/www.satokangas.fi\/blogi\/wp-content\/uploads\/2009\/04\/nallikari-500x333.jpg 500w, https:\/\/www.satokangas.fi\/blogi\/wp-content\/uploads\/2009\/04\/nallikari-200x133.jpg 200w, https:\/\/www.satokangas.fi\/blogi\/wp-content\/uploads\/2009\/04\/nallikari.jpg 1000w\" sizes=\"auto, (max-width: 500px) 100vw, 500px\" \/><\/a><\/p>\n<p>Kolmas harrastus vei \u00e4sken lenkille Nallikariin. On jo l\u00e4mmin. Kev\u00e4t tuntuu, ja oli ihan, ihanan tyven. Hieno ilta. Merenrannassa k\u00e4vely rauhoitti hieman puhkikuluttaneen ty\u00f6iltap\u00e4iv\u00e4n j\u00e4lkeen. Miten panelistina olo saattoikin niin uuvuttaa? Sek\u00f6 se vain? Sek\u00f6 vain uuvutti?<\/p>\n","protected":false},"excerpt":{"rendered":"<p>Keskiviikkoilta. Eik\u00e4 ole valokuvauskurssia, en\u00e4\u00e4. Se on finito. Loppu. \u00a0Me kurssilaiset ripustimme perjantai-iltana n\u00e4yttelyn Oulu-opiston aulaan: k\u00e4yk\u00e4\u00e4h\u00e4n kuun loppuun menness\u00e4 katsomassa millaisten ammattilaiskuvaajien seurassa sain keskiviikkoillat harrastaa. Siell\u00e4 on heid\u00e4n hienoja otoksiaan. Ja muutama meitsinkin harjoitelma. Toinenkin harrastukseni tuotos on julkistettu: huhtikuun ruokahaasteen \u00e4\u00e4nestys on menossa. Linkin takaa l\u00f6ytyy monta v\u00e4rik\u00e4st\u00e4 resepti\u00e4&#8230; Ainakin listan viimeist\u00e4 ajattelin viikonloppuna kokeilla. Kolmas harrastus &hellip; <\/p>\n","protected":false},"author":1,"featured_media":0,"comment_status":"open","ping_status":"open","sticky":false,"template":"","format":"standard","meta":{"jetpack_post_was_ever_published":false,"_jetpack_newsletter_access":"","_jetpack_dont_email_post_to_subs":false,"_jetpack_newsletter_tier_id":0,"_jetpack_memberships_contains_paywalled_content":false,"_jetpack_memberships_contains_paid_content":false,"footnotes":"","jetpack_publicize_message":"","jetpack_publicize_feature_enabled":true,"jetpack_social_post_already_shared":false,"jetpack_social_options":{"image_generator_settings":{"template":"highway","default_image_id":0,"font":"","enabled":false},"version":2}},"categories":[37],"tags":[],"class_list":["post-3157","post","type-post","status-publish","format-standard","hentry","category-valokuvaus","latest_post"],"jetpack_publicize_connections":[],"jetpack_featured_media_url":"","jetpack_shortlink":"https:\/\/wp.me\/pr4p4-OV","jetpack_sharing_enabled":true,"jetpack_likes_enabled":false,"jetpack-related-posts":[{"id":30756,"url":"https:\/\/www.satokangas.fi\/blogi\/2017\/05\/promootiokulkueen-varrella\/","url_meta":{"origin":3157,"position":0},"title":"Promootiokulkueen varrella","author":"Reija","date":"20.5.2017","format":false,"excerpt":"T\u00e4llaisina p\u00e4ivin\u00e4, kun Oulussa paistaa aurinko ja kun on oman yliopiston 10. tohtoripromootio, melkein kaipaan takaisin akateemiseen maailmaan. Olihan siell\u00e4 hienoa tehd\u00e4 t\u00f6it\u00e4, - ei niink\u00e4\u00e4n el\u00e4m\u00e4nty\u00f6, vaan nimenomaan el\u00e4m\u00e4ni ty\u00f6. Ja kyll\u00e4, kyll\u00e4 min\u00e4 pidin my\u00f6s niist\u00e4 kaikista akateemisista perinteist\u00e4 ja juhlista, jotka siell\u00e4 sain el\u00e4\u00e4 ja kokea. Promoootiokulkueen\u2026","rel":"","context":"Kategoriassa &quot;Valokuvaus&quot;","block_context":{"text":"Valokuvaus","link":"https:\/\/www.satokangas.fi\/blogi\/category\/valokuvaus\/"},"img":{"alt_text":"","src":"https:\/\/i0.wp.com\/www.tuulestatemmattua.fi\/wp-content\/uploads\/2017\/05\/Promootio-3-1024x742.jpg?resize=350%2C200","width":350,"height":200,"srcset":"https:\/\/i0.wp.com\/www.tuulestatemmattua.fi\/wp-content\/uploads\/2017\/05\/Promootio-3-1024x742.jpg?resize=350%2C200 1x, https:\/\/i0.wp.com\/www.tuulestatemmattua.fi\/wp-content\/uploads\/2017\/05\/Promootio-3-1024x742.jpg?resize=525%2C300 1.5x, https:\/\/i0.wp.com\/www.tuulestatemmattua.fi\/wp-content\/uploads\/2017\/05\/Promootio-3-1024x742.jpg?resize=700%2C400 2x"},"classes":[]},{"id":19147,"url":"https:\/\/www.satokangas.fi\/blogi\/2013\/10\/yksityiskohtia\/","url_meta":{"origin":3157,"position":1},"title":"Yksityiskohtia","author":"Reija","date":"30.10.2013","format":false,"excerpt":"\u00a0P\u00e4iv\u00e4n aikana olen keskustellut paljon yksityiskohdista. Jatkanpa samoilla linjoilla. T\u00e4h\u00e4n kuvia levada-polkujen varsilta. Alla joku rahapuun sukulainen? \u00c4lk\u00e4\u00e4 minulta kysyk\u00f6, hyv\u00e4nen aika. Eik\u00e4 pehtoorikaan tied\u00e4. ;) Pintakasvillisuutta. Sanoisin. T\u00e4m\u00e4 oli hieno. Jotain juuria? Ja sama l\u00e4hemp\u00e4\u00e4. Klikkaa isommaksi. Kaunis on. T\u00e4ss\u00e4 juuria. Ei niin kauniita. Ja eukalyptuspuista madeiralaiset eiv\u00e4t pid\u00e4\u2026","rel":"","context":"Kategoriassa &quot;Madeira&quot;","block_context":{"text":"Madeira","link":"https:\/\/www.satokangas.fi\/blogi\/category\/reissut\/madeira\/"},"img":{"alt_text":"Loman lopulla-7","src":"https:\/\/i0.wp.com\/www.satokangas.fi\/blogi\/wp-content\/uploads\/2013\/10\/Loman-lopulla-7-600x400.jpg?resize=350%2C200&ssl=1","width":350,"height":200,"srcset":"https:\/\/i0.wp.com\/www.satokangas.fi\/blogi\/wp-content\/uploads\/2013\/10\/Loman-lopulla-7-600x400.jpg?resize=350%2C200&ssl=1 1x, https:\/\/i0.wp.com\/www.satokangas.fi\/blogi\/wp-content\/uploads\/2013\/10\/Loman-lopulla-7-600x400.jpg?resize=525%2C300&ssl=1 1.5x"},"classes":[]},{"id":19421,"url":"https:\/\/www.satokangas.fi\/blogi\/2013\/12\/lomasen-lopulla\/","url_meta":{"origin":3157,"position":2},"title":"Lomasen lopulla","author":"Reija","date":"8.12.2013","format":false,"excerpt":"Nyt kuu pilviharson takana. Edelleen pakkasta. Talvi on. Pime\u00e4. Olkoot! Ja t\u00e4m\u00e4 aina parempi kuin sulat tiet, kiilt\u00e4v\u00e4t asfaltit, sateiset aamut... T\u00e4n\u00e4\u00e4n ajelin aika varhain Tuiranrantaan autolla, ja siit\u00e4 sitten k\u00e4vellen, kameran kanssa, pitk\u00e4 lenkki. Ei niit\u00e4 sinisi\u00e4 hetki\u00e4 ole vain Lapissa, vain iltap\u00e4ivisin. On niit\u00e4 aamuisin Oulussakin. Tavattoman reipas\u2026","rel":"","context":"Kategoriassa &quot;Niit\u00e4 n\u00e4it\u00e4&quot;","block_context":{"text":"Niit\u00e4 n\u00e4it\u00e4","link":"https:\/\/www.satokangas.fi\/blogi\/category\/aiheeton\/"},"img":{"alt_text":"8-2013-2","src":"https:\/\/i0.wp.com\/www.satokangas.fi\/blogi\/wp-content\/uploads\/2013\/11\/8-2013-2-600x339.jpg?resize=350%2C200&ssl=1","width":350,"height":200,"srcset":"https:\/\/i0.wp.com\/www.satokangas.fi\/blogi\/wp-content\/uploads\/2013\/11\/8-2013-2-600x339.jpg?resize=350%2C200&ssl=1 1x, https:\/\/i0.wp.com\/www.satokangas.fi\/blogi\/wp-content\/uploads\/2013\/11\/8-2013-2-600x339.jpg?resize=525%2C300&ssl=1 1.5x"},"classes":[]},{"id":41085,"url":"https:\/\/www.satokangas.fi\/blogi\/2021\/07\/valamoon\/","url_meta":{"origin":3157,"position":3},"title":"Valamoon&#8230;","author":"Reija","date":"2.7.2021","format":false,"excerpt":"Olen niin pahoillani, etten\u00a0 lupauksista ja monen monista yrityksist\u00e4ni huolimatta onnistu postaamaan hienon p\u00e4iv\u00e4mme kokemuksista muuten kuin k\u00e4nnyk\u00e4n avulla. Liek\u00f6 luostarin muurit esteen\u00e4 sometukselle? Olisi niin paljon kuviakin hienoista maisemista ja hetkist\u00e4.. \u00a0 Lyhyesti nyt ensi h\u00e4t\u00e4\u00e4n kerron, ett\u00e4 l\u00e4hdimme aamukahdeksalta Oulusta ja viidelt\u00e4 olimme Valamon luostarin respassa.... Teimme matkaa\u2026","rel":"","context":"Kategoriassa &quot;Niit\u00e4 n\u00e4it\u00e4&quot;","block_context":{"text":"Niit\u00e4 n\u00e4it\u00e4","link":"https:\/\/www.satokangas.fi\/blogi\/category\/aiheeton\/"},"img":{"alt_text":"","src":"","width":0,"height":0},"classes":[]},{"id":50262,"url":"https:\/\/www.satokangas.fi\/blogi\/2024\/08\/lopultakin-iisakkipaalle-ja-uusiakin-polkuja\/","url_meta":{"origin":3157,"position":4},"title":"Lopultakin &#8211; Iisakkip\u00e4\u00e4lle ja uusiakin polkuja","author":"Reija","date":"7.8.2024","format":false,"excerpt":"Aamupalalla. P(ehtoori):\u00a0T\u00e4n\u00e4\u00e4n siis tunturiin. Oliko ajatuksia minne? M(in\u00e4): Haluaisin korkealle ja vett\u00e4. Tyvent\u00e4 vedenpintaa, tai noh, liplattava tunturipurokin kelpaa... P: Helppohan tuo! Korkealle ja tyven j\u00e4rvenpinta samalla patikalla. T\u00e4\u00e4ll\u00e4h\u00e4n on paljonkin sellaisia kohteita. \ud83d\ude02 M: No, kunhan tunturiin. P: Iisakkip\u00e4\u00e4lle, ja sielt\u00e4 sinne taakse kuruun, ja sitten paluumatkalle etsit\u00e4\u00e4n polku,\u2026","rel":"","context":"Kategoriassa &quot;Lappi&quot;","block_context":{"text":"Lappi","link":"https:\/\/www.satokangas.fi\/blogi\/category\/lappi\/"},"img":{"alt_text":"","src":"https:\/\/i0.wp.com\/www.satokangas.fi\/blogi\/wp-content\/uploads\/2024\/08\/Iiskonlompolo.jpg?resize=350%2C200&ssl=1","width":350,"height":200,"srcset":"https:\/\/i0.wp.com\/www.satokangas.fi\/blogi\/wp-content\/uploads\/2024\/08\/Iiskonlompolo.jpg?resize=350%2C200&ssl=1 1x, https:\/\/i0.wp.com\/www.satokangas.fi\/blogi\/wp-content\/uploads\/2024\/08\/Iiskonlompolo.jpg?resize=525%2C300&ssl=1 1.5x, https:\/\/i0.wp.com\/www.satokangas.fi\/blogi\/wp-content\/uploads\/2024\/08\/Iiskonlompolo.jpg?resize=700%2C400&ssl=1 2x"},"classes":[]},{"id":3818,"url":"https:\/\/www.satokangas.fi\/blogi\/2009\/07\/kotimaanmatkailu-on-hienoa\/","url_meta":{"origin":3157,"position":5},"title":"Kotimaanmatkailu on hienoa!","author":"Reija","date":"18.7.2009","format":false,"excerpt":"Karhulan Hovissa nukuimme hyvin, pieni aamuy\u00f6n her\u00e4tys kun naapurihuoneeseen tulivat juhlijat viiden aikoihin. Aamiainen kartanon lasiverannalla rosaariota ja nurmikentt\u00e4\u00e4 katsellen aamuauringossa oli miellytt\u00e4v\u00e4. Sukuloiminen ei ole meid\u00e4n vahva juttu, mutta t\u00e4n\u00e4\u00e4n aamup\u00e4iv\u00e4ll\u00e4 sen teimme ja kyll\u00e4h\u00e4n se kannatti. Toinen lempparit\u00e4deist\u00e4 miehineen l\u00e4hti oppaaksi Tavastilaan (jossa oli toinen mummulani) ja Karhulaan.\u2026","rel":"","context":"Kategoriassa &quot;Niit\u00e4 n\u00e4it\u00e4&quot;","block_context":{"text":"Niit\u00e4 n\u00e4it\u00e4","link":"https:\/\/www.satokangas.fi\/blogi\/category\/aiheeton\/"},"img":{"alt_text":"langinkoski","src":"https:\/\/i0.wp.com\/www.satokangas.fi\/blogi\/wp-content\/uploads\/2009\/07\/langinkoski-500x281.jpg?resize=350%2C200&ssl=1","width":350,"height":200},"classes":[]}],"_links":{"self":[{"href":"https:\/\/www.satokangas.fi\/blogi\/wp-json\/wp\/v2\/posts\/3157","targetHints":{"allow":["GET"]}}],"collection":[{"href":"https:\/\/www.satokangas.fi\/blogi\/wp-json\/wp\/v2\/posts"}],"about":[{"href":"https:\/\/www.satokangas.fi\/blogi\/wp-json\/wp\/v2\/types\/post"}],"author":[{"embeddable":true,"href":"https:\/\/www.satokangas.fi\/blogi\/wp-json\/wp\/v2\/users\/1"}],"replies":[{"embeddable":true,"href":"https:\/\/www.satokangas.fi\/blogi\/wp-json\/wp\/v2\/comments?post=3157"}],"version-history":[{"count":0,"href":"https:\/\/www.satokangas.fi\/blogi\/wp-json\/wp\/v2\/posts\/3157\/revisions"}],"wp:attachment":[{"href":"https:\/\/www.satokangas.fi\/blogi\/wp-json\/wp\/v2\/media?parent=3157"}],"wp:term":[{"taxonomy":"category","embeddable":true,"href":"https:\/\/www.satokangas.fi\/blogi\/wp-json\/wp\/v2\/categories?post=3157"},{"taxonomy":"post_tag","embeddable":true,"href":"https:\/\/www.satokangas.fi\/blogi\/wp-json\/wp\/v2\/tags?post=3157"}],"curies":[{"name":"wp","href":"https:\/\/api.w.org\/{rel}","templated":true}]}}