{"id":30757,"date":"2017-05-19T20:05:52","date_gmt":"2017-05-19T17:05:52","guid":{"rendered":"https:\/\/www.satokangas.fi\/blogi\/?p=30757"},"modified":"2017-05-28T11:06:21","modified_gmt":"2017-05-28T08:06:21","slug":"voiko-flunssaa-suorittaa-todellakin-voi","status":"publish","type":"post","link":"https:\/\/www.satokangas.fi\/blogi\/2017\/05\/voiko-flunssaa-suorittaa-todellakin-voi\/","title":{"rendered":"Voiko flunssaa suorittaa? &#8211; Todellakin voi!"},"content":{"rendered":"<div id=\"wpwrap\">\n<p style=\"text-align: justify;\">Varoitus: itsetutkistelua tulossa &#8211; ehk\u00e4 kannattaa j\u00e4tt\u00e4\u00e4 t\u00e4n\u00e4\u00e4n blogi lukematta?<\/p>\n<p style=\"text-align: justify;\">Viime viikolla olleen luentokeikan j\u00e4lkeen kalenterissa ja mieless\u00e4 vain hajanaisia merkint\u00f6j\u00e4, eniten mainintoja p\u00e4\u00e4toimisesta mummeilusta; Apsu-p\u00e4ivi\u00e4 on toukokuussa kiitett\u00e4v\u00e4n paljon, sill\u00e4 \u00e4itins\u00e4 lis\u00e4ksi my\u00f6s is\u00e4ns\u00e4 on koulun loputttua kes\u00e4t\u00f6iss\u00e4.<\/p>\n<p style=\"text-align: justify;\">Niinp\u00e4 viimeist\u00e4\u00e4n maanantaiaamuna, uuden viikon alussa alkoi jopa v\u00e4h\u00e4n kalvamaan ajatus siit\u00e4, ett\u00e4 mit\u00e4 nyt. Mit\u00e4 min\u00e4 teen loppuel\u00e4m\u00e4ni? \u00a0Onhan t\u00e4m\u00e4 uhkakuva tyhjist\u00e4 p\u00e4ivist\u00e4 leijunut ilmassa jo parisen vuotta, mutta muutamat &#8221;h\u00e4nn\u00e4t&#8221; yliopistolta (vuosi kustoksen p\u00e4iv\u00e4st\u00e4) ja sen sellaiset jutut sek\u00e4 koulu ja n\u00e4ytt\u00f6tutkinnot (, joita kyll\u00e4 &#8211; onneksi? &#8211; viel\u00e4 harvakseltaan riitt\u00e4\u00e4kin \ud83d\ude09 ) ovat antaneet aika hyvin tekemist\u00e4 ja oppimista, &#8211; tosin nimenomaan j\u00e4lkimm\u00e4iset eiv\u00e4t niin paljon onnistumisen\u00a0ja aikaansaamisen tunteita kuin olisin toivonut.<\/p>\n<p style=\"text-align: justify;\">Kummasti olen kyll\u00e4 keksinyt puuhaa p\u00e4iv\u00e4t ja illat t\u00e4yteen, mutta kun ei ole sellaista tavoitteellista tekemist\u00e4: lenkill\u00e4 k\u00e4ynnist\u00e4 &#8221;saan&#8221; suorituspisteit\u00e4, samoin kuvaamisesta [kohti jossain h\u00e4\u00e4m\u00f6tt\u00e4v\u00e4\u00e4 tutkintojen l\u00e4p\u00e4isy\u00e4], mutta lukeminen, keitti\u00f6nkaappien siivous tai blogin pit\u00e4minen eiv\u00e4t ole suorittamista. Ei my\u00f6sk\u00e4\u00e4n \u00e4idist\u00e4 huolehtiminen, ainakaan enimm\u00e4kseen ei, ole. Ja mummeilu ei v\u00e4himmiss\u00e4k\u00e4\u00e4n m\u00e4\u00e4rin ole &#8221;tavoitteellista&#8221;, vaan se on ihana osa el\u00e4m\u00e4\u00e4, se ei todellakaan ole suorittamista. Vaikka toki siit\u00e4 tulee hyv\u00e4 mieli siksikin, ett\u00e4 voi olla nuorille avuksi.<\/p>\n<p style=\"text-align: justify;\">Sellaista, josta saisi mieleens\u00e4 tunteen &#8221;hoidettu, ohi, tehty&#8221; ja mielell\u00e4\u00e4n viel\u00e4 sellaisen tunteen, ett\u00e4 &#8221;<em>hyvin<\/em> hoidettu, <em>onneksi<\/em> ohi, \u00a0<em>taitavasti ja tunteella<\/em> tehty&#8221;, ei ole viime aikoina juuri ollut. Suorittamisen sy\u00f6vereiss\u00e4 el\u00e4m\u00e4ni el\u00e4neen\u00e4 ja siten vahvasti\u00a0p\u00e4ivien kulussa tepastelleena ja semmoisesta nauttineena, on nyt v\u00e4h\u00e4n sellainen &#8221;hakusessa&#8221;-vaihe.<\/p>\n<p style=\"text-align: justify;\">Ja niinp\u00e4 sitten kun t\u00e4m\u00e4 flunssa (joka on paljolti jo hoidettu!) iski, totesin Pehtoorille, ett\u00e4 tulipa hyv\u00e4\u00e4n aikaan: ei oikein mit\u00e4\u00e4n sovittua\/luvattua j\u00e4\u00e4 v\u00e4liin t\u00e4m\u00e4n takia. Ja niinp\u00e4 p\u00e4\u00e4tin oikein potea t\u00e4t\u00e4.<\/p>\n<p style=\"text-align: justify;\">Tuosta\u00a0potemisesta on todettava, ett\u00e4 johan min\u00e4 viime vuonna <a href=\"https:\/\/www.satokangas.fi\/blogi\/2016\/02\/huomenna-aijaflunssapaiva\/\" target=\"_blank\" rel=\"noopener noreferrer\">kerran kokeilin<\/a>, miten miesflunssaa vietet\u00e4\u00e4n, joten nyt oli helppo kokeneena homma hanskata. Itse asiassa itselleni v\u00e4h\u00e4n vihaisena hoksasin, ett\u00e4 nyt olen sitten oppinut tekem\u00e4\u00e4n t\u00e4st\u00e4kin suorituksen. Kun flunssa ei en\u00e4\u00e4 est\u00e4 muuta suorittamista, niin teen sairastamisestakin &#8221;projektin&#8221;: torkun, luen, lep\u00e4\u00e4n, juon kuumaa ja kylm\u00e4\u00e4, &#8211; ihan niin kuin &#8221;kuuluukin&#8221;. Pyrin tekem\u00e4\u00e4n homman mahdollisimman hyvin. Voi hyv\u00e4 tavaton t\u00e4t\u00e4 minun mielenmaailmaani!!<\/p>\n<p style=\"text-align: justify;\">Mutta kyll\u00e4 t\u00e4\u00e4lt\u00e4 taas touhuamaan noustaan. &#8230; \ud83d\ude09<\/p>\n<p style=\"text-align: justify;\"><img loading=\"lazy\" decoding=\"async\" class=\"alignnone size-medium wp-image-524 aligncenter\" src=\"http:\/\/www.tuulestatemmattua.fi\/wp-content\/uploads\/2017\/05\/Karhunpoika-sairastaa_-1024x683.jpg\" alt=\"\" width=\"1024\" height=\"683\" \/><\/p>\n<p style=\"text-align: justify;\">Huolimatta, ett\u00e4 (lavastetussa) kuvassa on vain apteekkirohtoja ja helpotuksia flunssap\u00e4iviin ja -\u00f6ihin, niin tosiasiassa olen kyll\u00e4 (aina ollut) sekak\u00e4ytt\u00e4j\u00e4: noiden lis\u00e4ksi k\u00e4yt\u00f6ss\u00e4 ovat\u00a0tuore inkiv\u00e4\u00e4ri ja chili, mustaviinimarja- ja kaarnikkamehu, valkosipuli ja J\u00c4\u00c4TEL\u00d6!<\/p>\n<p style=\"text-align: justify;\"><img loading=\"lazy\" decoding=\"async\" class=\"size-medium wp-image-525 aligncenter\" src=\"http:\/\/www.tuulestatemmattua.fi\/wp-content\/uploads\/2017\/05\/Karhunpoika-sairastaa_-2-683x1024.jpg\" alt=\"\" width=\"683\" height=\"1024\" \/><\/p>\n<div id=\"adminmenumain\"><\/div>\n<\/div>\n","protected":false},"excerpt":{"rendered":"<p>Varoitus: itsetutkistelua tulossa &#8211; ehk\u00e4 kannattaa j\u00e4tt\u00e4\u00e4 t\u00e4n\u00e4\u00e4n blogi lukematta? Viime viikolla olleen luentokeikan j\u00e4lkeen kalenterissa ja mieless\u00e4 vain hajanaisia merkint\u00f6j\u00e4, eniten mainintoja p\u00e4\u00e4toimisesta mummeilusta; Apsu-p\u00e4ivi\u00e4 on toukokuussa kiitett\u00e4v\u00e4n paljon, sill\u00e4 \u00e4itins\u00e4 lis\u00e4ksi my\u00f6s is\u00e4ns\u00e4 on koulun loputttua kes\u00e4t\u00f6iss\u00e4. Niinp\u00e4 viimeist\u00e4\u00e4n maanantaiaamuna, uuden viikon alussa alkoi jopa v\u00e4h\u00e4n kalvamaan ajatus siit\u00e4, ett\u00e4 mit\u00e4 nyt. Mit\u00e4 min\u00e4 teen loppuel\u00e4m\u00e4ni? \u00a0Onhan t\u00e4m\u00e4 &hellip; <\/p>\n","protected":false},"author":1,"featured_media":0,"comment_status":"open","ping_status":"open","sticky":false,"template":"","format":"standard","meta":{"jetpack_post_was_ever_published":false,"_jetpack_newsletter_access":"","_jetpack_dont_email_post_to_subs":false,"_jetpack_newsletter_tier_id":0,"_jetpack_memberships_contains_paywalled_content":false,"_jetpack_memberships_contains_paid_content":false,"footnotes":"","jetpack_publicize_message":"","jetpack_publicize_feature_enabled":true,"jetpack_social_post_already_shared":true,"jetpack_social_options":{"image_generator_settings":{"template":"highway","default_image_id":0,"font":"","enabled":false},"version":2}},"categories":[1],"tags":[],"class_list":["post-30757","post","type-post","status-publish","format-standard","hentry","category-aiheeton","latest_post"],"jetpack_publicize_connections":[],"jetpack_featured_media_url":"","jetpack_shortlink":"https:\/\/wp.me\/pr4p4-805","jetpack_sharing_enabled":true,"jetpack_likes_enabled":false,"jetpack-related-posts":[{"id":27231,"url":"https:\/\/www.satokangas.fi\/blogi\/2015\/12\/vanhoja-kuvia\/","url_meta":{"origin":30757,"position":0},"title":"Vanhoja kuvia","author":"Reija","date":"27.12.2015","format":false,"excerpt":"Viikkohaasteen aika. Ja t\u00e4lle viikolle sen asettaminen on meill\u00e4 koulussa, ja samalla t\u00e4\u00e4ll\u00e4 Temmatussa, minun teht\u00e4v\u00e4ni. N\u00e4in joulun j\u00e4lkeen, vuoden pian vaihtuessa, historioitsijan oli vaan valittava aiheeksi \"Mennyt aika\". Historiaa kuvissa: mennyt maailma, historian havinaa, eilinen, viime vuosi, kulunut vuosi, ... mit\u00e4 keksitk\u00e4\u00e4n kuvata. Mennyt aika -aihe liittyy my\u00f6s siihen,\u2026","rel":"","context":"Kategoriassa &quot;Historiaa&quot;","block_context":{"text":"Historiaa","link":"https:\/\/www.satokangas.fi\/blogi\/category\/historiaa\/"},"img":{"alt_text":"Lapsuuskuvia","src":"https:\/\/i0.wp.com\/www.satokangas.fi\/blogi\/wp-content\/uploads\/2015\/12\/Lapsuuskuvia-568x400.jpg?resize=350%2C200&ssl=1","width":350,"height":200,"srcset":"https:\/\/i0.wp.com\/www.satokangas.fi\/blogi\/wp-content\/uploads\/2015\/12\/Lapsuuskuvia-568x400.jpg?resize=350%2C200&ssl=1 1x, https:\/\/i0.wp.com\/www.satokangas.fi\/blogi\/wp-content\/uploads\/2015\/12\/Lapsuuskuvia-568x400.jpg?resize=525%2C300&ssl=1 1.5x"},"classes":[]},{"id":13545,"url":"https:\/\/www.satokangas.fi\/blogi\/2012\/02\/valokuvaustorstai-kerrassaan\/","url_meta":{"origin":30757,"position":1},"title":"Valokuvaustorstai kerrassaan!","author":"Reija","date":"16.2.2012","format":false,"excerpt":"Pikkusen nyt kyll\u00e4 huolettaa, ett\u00e4 onko t\u00e4ss\u00e4 flunssa taas l\u00e4hestym\u00e4ss\u00e4. Tuntuu, ett\u00e4 olen sen piiritt\u00e4m\u00e4. Patikkaporukasta moni tuli kipeeksi reissussa, tyt\u00e4r r\u00f6hi koko tiistai-illan vieress\u00e4 kun oltiin Hedbergi\u00e4 katsomassa, \u00e4iti on ollut viime viikon tosi kuumeessa ja k\u00e4ydess\u00e4ni reissun j\u00e4lkeen oli viel\u00e4kin pahoin toipilas, \u00a0Pehtoori valittelee palelevansa, poika on Kajaanissa\u2026","rel":"","context":"Kategoriassa &quot;Niit\u00e4 n\u00e4it\u00e4&quot;","block_context":{"text":"Niit\u00e4 n\u00e4it\u00e4","link":"https:\/\/www.satokangas.fi\/blogi\/category\/aiheeton\/"},"img":{"alt_text":"","src":"https:\/\/i0.wp.com\/www.satokangas.fi\/blogi\/wp-content\/uploads\/117-600x398.jpg?resize=350%2C200&ssl=1","width":350,"height":200,"srcset":"https:\/\/i0.wp.com\/www.satokangas.fi\/blogi\/wp-content\/uploads\/117-600x398.jpg?resize=350%2C200&ssl=1 1x, https:\/\/i0.wp.com\/www.satokangas.fi\/blogi\/wp-content\/uploads\/117-600x398.jpg?resize=525%2C300&ssl=1 1.5x"},"classes":[]},{"id":27167,"url":"https:\/\/www.satokangas.fi\/blogi\/2015\/12\/paljon-pienta\/","url_meta":{"origin":30757,"position":2},"title":"Paljon pient\u00e4","author":"Reija","date":"22.12.2015","format":false,"excerpt":"Joulunaluspuuhasteluja, ihan rauhassa. Hallissa oli erityisen mukava k\u00e4yd\u00e4. Siell\u00e4 oli hyrin\u00e4 ja hy\u00f6rin\u00e4, ja paljon hyv\u00e4\u00e4 ostettavaa. Ja Pehtoori hakee huomenna viel\u00e4 kalakorin. S\u00e4hk\u00f6postiliikennett\u00e4 ja joulutervehdyspuheluita suuntaan jos toiseenkin. T\u00e4n\u00e4\u00e4n k\u00e4ytiin Caritaksessa \u00e4idin luona ja huomenna menn\u00e4\u00e4n J\u00e4\u00e4liin Pehtoorin vanhempien luo. Kovin pienimuotoista puuhailua, ei isompia kerrottavia. Paitsi ett\u00e4 tein\u2026","rel":"","context":"Kategoriassa &quot;Niit\u00e4 n\u00e4it\u00e4&quot;","block_context":{"text":"Niit\u00e4 n\u00e4it\u00e4","link":"https:\/\/www.satokangas.fi\/blogi\/category\/aiheeton\/"},"img":{"alt_text":"IMG_0102","src":"https:\/\/i0.wp.com\/www.satokangas.fi\/blogi\/wp-content\/uploads\/2015\/12\/IMG_0102-267x400.jpg?resize=350%2C200&ssl=1","width":350,"height":200},"classes":[]},{"id":32382,"url":"https:\/\/www.satokangas.fi\/blogi\/2017\/10\/reija-luontokuvaa-ja-hyggeilee\/","url_meta":{"origin":30757,"position":3},"title":"Reija luontokuvaa ja hyggeilee ;)","author":"Reija","date":"20.10.2017","format":false,"excerpt":"Mink\u00e4s sit\u00e4 luonnolleen,... On pohjoisessa Suomessa koulu- ja yliopistolukukauden syyslomaviikko, joten tietysti kohti pohjoista tai aika usein kohti etel\u00e4\u00e4kin. Viime vuosina kohti pohjoista. Niin t\u00e4n\u00e4\u00e4nkin. ~~~~~~~~~~~~~ Niinh\u00e4n se taas ven\u00e4hti yhdeks\u00e4\u00e4n ennen kuin p\u00e4\u00e4stiin l\u00e4htem\u00e4\u00e4n. Eip\u00e4 paljon ollut iloa Pehtoorin eilisest\u00e4 autopesusta, mutta onneksi talvirenkaiden vaihto oli tehty jo viime\u2026","rel":"","context":"Kategoriassa &quot;Lappi&quot;","block_context":{"text":"Lappi","link":"https:\/\/www.satokangas.fi\/blogi\/category\/lappi\/"},"img":{"alt_text":"","src":"https:\/\/i0.wp.com\/www.satokangas.fi\/blogi\/wp-content\/uploads\/2017\/10\/Luontokuvausta-ja-hyggeily-3-1.jpg?resize=350%2C200&ssl=1","width":350,"height":200,"srcset":"https:\/\/i0.wp.com\/www.satokangas.fi\/blogi\/wp-content\/uploads\/2017\/10\/Luontokuvausta-ja-hyggeily-3-1.jpg?resize=350%2C200&ssl=1 1x, https:\/\/i0.wp.com\/www.satokangas.fi\/blogi\/wp-content\/uploads\/2017\/10\/Luontokuvausta-ja-hyggeily-3-1.jpg?resize=525%2C300&ssl=1 1.5x, https:\/\/i0.wp.com\/www.satokangas.fi\/blogi\/wp-content\/uploads\/2017\/10\/Luontokuvausta-ja-hyggeily-3-1.jpg?resize=700%2C400&ssl=1 2x"},"classes":[]},{"id":10726,"url":"https:\/\/www.satokangas.fi\/blogi\/2011\/02\/assari-vailla-vertaa\/","url_meta":{"origin":30757,"position":4},"title":"Assari vailla vertaa","author":"Reija","date":"16.2.2011","format":false,"excerpt":"T\u00e4n\u00e4\u00e4n t\u00f6iss\u00e4 oli tettil\u00e4inen. Tied\u00e4tteh\u00e4n: yl\u00e4astelaiset ja lukiolaiset saavat koulusta kolme p\u00e4iv\u00e4\u00e4 tai viikon vapaata, jotta menev\u00e4t jonnekin ty\u00f6paikkaan tutustumaan ty\u00f6el\u00e4m\u00e4\u00e4n. Min\u00e4 lupasin viime viikolla t\u00e4lle kasiluokkalaiselle, ett\u00e4 saapi tulla meid\u00e4n k\u00e4yt\u00e4v\u00e4lle tutustumaan ja duuniin. N\u00e4it\u00e4 tettil\u00e4isi\u00e4 on joka vuosi ollut, ja useimmat ovat j\u00e4\u00e4neet mieleen l\u00e4hinn\u00e4 vaikeasti ty\u00f6llistett\u00e4vin\u00e4 murrosik\u00e4isin\u00e4,\u2026","rel":"","context":"Kategoriassa &quot;Yliopistoel\u00e4m\u00e4\u00e4&quot;","block_context":{"text":"Yliopistoel\u00e4m\u00e4\u00e4","link":"https:\/\/www.satokangas.fi\/blogi\/category\/yliopistoelamaa\/"},"img":{"alt_text":"","src":"https:\/\/i0.wp.com\/www.satokangas.fi\/blogi\/wp-content\/uploads\/P%C3%A4iv%C3%A4npaiste-risukasaan-500x337.jpg?resize=350%2C200&ssl=1","width":350,"height":200},"classes":[]},{"id":23656,"url":"https:\/\/www.satokangas.fi\/blogi\/2015\/01\/oman-kunnan-historia-mahdollinen-arvontakin\/","url_meta":{"origin":30757,"position":5},"title":"Oman kunnan historia? &#8211; mahdollinen arvontakin&#8230;","author":"Reija","date":"15.1.2015","format":false,"excerpt":"Viime vuonna t\u00e4\u00e4ll\u00e4 Tuulestatemmatussa tein silloin meneill\u00e4\u00e4n olleeseen Arjen historia -luentosarjaani liittyv\u00e4n 1960-lukua k\u00e4sittelev\u00e4n kyselyn. Siihen tuli paljon hyvi\u00e4 vastauksia ja kommentteja. Nyt t\u00e4st\u00e4 t\u00e4m\u00e4nvuotisestakin voisin kysell\u00e4: opiskelijoiden kanssa kun keskusteltiin siit\u00e4, kuinka paljon koulujen historian tunneilla opettajat hy\u00f6dynt\u00e4v\u00e4t paikallishistoriallista tutkimusta, k\u00e4ytet\u00e4\u00e4nk\u00f6 kouluopetuksessa oman kotikunnan\/kaupungin historiaa esimerkkin\u00e4 tai el\u00e4v\u00f6itt\u00e4j\u00e4n\u00e4? Kyselin\u2026","rel":"","context":"Kategoriassa &quot;Historiaa&quot;","block_context":{"text":"Historiaa","link":"https:\/\/www.satokangas.fi\/blogi\/category\/historiaa\/"},"img":{"alt_text":"OWS","src":"https:\/\/i0.wp.com\/www.satokangas.fi\/blogi\/wp-content\/uploads\/2015\/01\/OWS-600x312.jpg?resize=350%2C200&ssl=1","width":350,"height":200,"srcset":"https:\/\/i0.wp.com\/www.satokangas.fi\/blogi\/wp-content\/uploads\/2015\/01\/OWS-600x312.jpg?resize=350%2C200&ssl=1 1x, https:\/\/i0.wp.com\/www.satokangas.fi\/blogi\/wp-content\/uploads\/2015\/01\/OWS-600x312.jpg?resize=525%2C300&ssl=1 1.5x"},"classes":[]}],"_links":{"self":[{"href":"https:\/\/www.satokangas.fi\/blogi\/wp-json\/wp\/v2\/posts\/30757","targetHints":{"allow":["GET"]}}],"collection":[{"href":"https:\/\/www.satokangas.fi\/blogi\/wp-json\/wp\/v2\/posts"}],"about":[{"href":"https:\/\/www.satokangas.fi\/blogi\/wp-json\/wp\/v2\/types\/post"}],"author":[{"embeddable":true,"href":"https:\/\/www.satokangas.fi\/blogi\/wp-json\/wp\/v2\/users\/1"}],"replies":[{"embeddable":true,"href":"https:\/\/www.satokangas.fi\/blogi\/wp-json\/wp\/v2\/comments?post=30757"}],"version-history":[{"count":0,"href":"https:\/\/www.satokangas.fi\/blogi\/wp-json\/wp\/v2\/posts\/30757\/revisions"}],"wp:attachment":[{"href":"https:\/\/www.satokangas.fi\/blogi\/wp-json\/wp\/v2\/media?parent=30757"}],"wp:term":[{"taxonomy":"category","embeddable":true,"href":"https:\/\/www.satokangas.fi\/blogi\/wp-json\/wp\/v2\/categories?post=30757"},{"taxonomy":"post_tag","embeddable":true,"href":"https:\/\/www.satokangas.fi\/blogi\/wp-json\/wp\/v2\/tags?post=30757"}],"curies":[{"name":"wp","href":"https:\/\/api.w.org\/{rel}","templated":true}]}}