{"id":30752,"date":"2017-05-14T20:54:55","date_gmt":"2017-05-14T17:54:55","guid":{"rendered":"https:\/\/www.satokangas.fi\/blogi\/?p=30752"},"modified":"2021-02-21T09:05:50","modified_gmt":"2021-02-21T07:05:50","slug":"aitienpaivan-suomalainen-melankolia","status":"publish","type":"post","link":"https:\/\/www.satokangas.fi\/blogi\/2017\/05\/aitienpaivan-suomalainen-melankolia\/","title":{"rendered":"\u00c4itienp\u00e4iv\u00e4n suomalainen melankolia"},"content":{"rendered":"<p style=\"text-align: justify;\">\n<p style=\"text-align: justify;\">Pikku prinssin laukku on pakattu, ja nuhanen\u00e4inen poika on palannut kotiin.<\/p>\n<p style=\"text-align: justify;\">Apsu oli kanssani \u00e4iti\u00e4\u00e4n t\u00f6ist\u00e4 vastassa. Kaksivuotiaan, el\u00e4m\u00e4ns\u00e4 ensimm\u00e4inen oikea (ei hampaiden tulosta johtuva) flunssa ei ollut se syy, miksi pojan silm\u00e4t kostuivat, kun h\u00e4n n\u00e4ki \u00e4itins\u00e4 tulevan ty\u00f6paikan ovesta ulos ja tulevan kohti parkkipaikkaa, jossa odottelimme. Emme suinkaan\u00a0olleet siell\u00e4 ensimm\u00e4ist\u00e4 kertaa, ja onhan poika ollut meill\u00e4 paljonkin, \u00f6it\u00e4kin jo monesti, mutta t\u00e4n\u00e4\u00e4n, \u00e4itienp\u00e4iv\u00e4n taikap\u00f6ly\u00e4 ilmassa?, &#8211; tai tied\u00e4 h\u00e4nt\u00e4 mit\u00e4! No ihan sama, min\u00e4 tietysti tillitin hiljaa mieless\u00e4ni, kun n\u00e4in Apsun ilosta itkev\u00e4n. Niin kuin tillitin sittenkin, kun heid\u00e4t kotipihalleen j\u00e4tin. Ett\u00e4 min\u00e4 ole kyynelehtij\u00e4!<\/p>\n<p style=\"text-align: justify;\">Ja kun katselen FB-p\u00e4ivityksi\u00e4 ja nettikirjoittelua niin ihan merkillisen paljon liikkeell\u00e4 on sellaista sentimentaalista, pohjavireisesti surumielist\u00e4, menetetty\u00e4 kaipaavaa,&#8230; Suomalaiset! Onko muualla \u00e4itienp\u00e4iv\u00e4ss\u00e4 sellaista melankoliaa kuin Suomessa? Vai onkohan vain kyse &#8211; taas kerran t\u00e4st\u00e4 loputtoman r\u00e4nt\u00e4sateen luomasta yleistunnelmasta ja minun, mummin, herkist\u00e4mist\u00e4 itkuantureista? Etteik\u00f6 sellaisia muka ole? \u00a0&#8211; Ihan satavarmasti on!.<\/p>\n<p style=\"text-align: justify;\">Onkos se niin, ett\u00e4 suomalaisessa \u00e4itienp\u00e4iv\u00e4ss\u00e4 on sellaista uhrimentaliteetin kunnioitusta, itsest\u00e4\u00e4n luopumisen hypetyst\u00e4? &#8211; Miksih\u00e4n?<\/p>\n<p style=\"text-align: justify;\">Meid\u00e4n perhepiiriss\u00e4 \u00e4itienp\u00e4iv\u00e4 on vuosia, liki vuosikymmeni\u00e4 <a href=\"https:\/\/www.satokangas.fi\/blogi\/2016\/05\/perinteinen-multakuorma\/\" target=\"_blank\" rel=\"noopener noreferrer\">kulunut multaa lapioimalla<\/a>, pihat\u00f6iss\u00e4, hyvin sy\u00f6den, &#8211; nyt on tosin ollut hieman erilainen \u00e4itienp\u00e4iv\u00e4. Hyv\u00e4 p\u00e4iv\u00e4 t\u00e4n\u00e4\u00e4nkin.<\/p>\n<p style=\"text-align: justify;\">Ja Luoja suokoon, ett\u00e4 pian alkaa oikea kev\u00e4t!! Loppuu t\u00e4m\u00e4 kyynelehtiminen ja menneeseen tuijottelu.<\/p>\n","protected":false},"excerpt":{"rendered":"<p>Pikku prinssin laukku on pakattu, ja nuhanen\u00e4inen poika on palannut kotiin. Apsu oli kanssani \u00e4iti\u00e4\u00e4n t\u00f6ist\u00e4 vastassa. Kaksivuotiaan, el\u00e4m\u00e4ns\u00e4 ensimm\u00e4inen oikea (ei hampaiden tulosta johtuva) flunssa ei ollut se syy, miksi pojan silm\u00e4t kostuivat, kun h\u00e4n n\u00e4ki \u00e4itins\u00e4 tulevan ty\u00f6paikan ovesta ulos ja tulevan kohti parkkipaikkaa, jossa odottelimme. Emme suinkaan\u00a0olleet siell\u00e4 ensimm\u00e4ist\u00e4 kertaa, ja onhan poika ollut meill\u00e4 paljonkin, \u00f6it\u00e4kin &hellip; <\/p>\n","protected":false},"author":1,"featured_media":0,"comment_status":"open","ping_status":"open","sticky":false,"template":"","format":"standard","meta":{"jetpack_post_was_ever_published":false,"_jetpack_newsletter_access":"","_jetpack_dont_email_post_to_subs":false,"_jetpack_newsletter_tier_id":0,"_jetpack_memberships_contains_paywalled_content":false,"_jetpack_memberships_contains_paid_content":false,"footnotes":"","jetpack_publicize_message":"","jetpack_publicize_feature_enabled":true,"jetpack_social_post_already_shared":true,"jetpack_social_options":{"image_generator_settings":{"template":"highway","default_image_id":0,"font":"","enabled":false},"version":2}},"categories":[1],"tags":[],"class_list":["post-30752","post","type-post","status-publish","format-standard","hentry","category-aiheeton","latest_post"],"jetpack_publicize_connections":[],"jetpack_featured_media_url":"","jetpack_shortlink":"https:\/\/wp.me\/pr4p4-800","jetpack_sharing_enabled":true,"jetpack_likes_enabled":false,"jetpack-related-posts":[{"id":49356,"url":"https:\/\/www.satokangas.fi\/blogi\/2024\/05\/aiteja-uusia-ja-menneita\/","url_meta":{"origin":30752,"position":0},"title":"\u00c4itej\u00e4 &#8211; uusia ja menneit\u00e4","author":"Reija","date":"12.5.2024","format":false,"excerpt":"\u00c4itienp\u00e4iv\u00e4 - siis minunkin. My\u00f6s tytt\u00e4rell\u00e4ni \u00e4itienp\u00e4iv\u00e4. H\u00e4nell\u00e4, jota niin kauan odotettiin, odotettiin h\u00e4nen tulonsa tekev\u00e4n meist\u00e4 vanhempia, tekev\u00e4n minusta \u00e4idin. T\u00e4n\u00e4\u00e4n oli h\u00e4nell\u00e4 ensimm\u00e4inen \u00e4itienp\u00e4iv\u00e4 \u00e4itin\u00e4. Min\u00e4h\u00e4n en koskaan unohda omaa ensimm\u00e4ist\u00e4 \u00e4itienp\u00e4iv\u00e4\u00e4, - taitaa se olla viel\u00e4kin v\u00e4h\u00e4n kipe\u00e4 muisto. \u00c4itini haudalla k\u00e4vin eilen, ja poikani tytt\u00e4relle sain\u2026","rel":"","context":"Kategoriassa &quot;Isovanhemmuus&quot;","block_context":{"text":"Isovanhemmuus","link":"https:\/\/www.satokangas.fi\/blogi\/category\/isovanhemmuus\/"},"img":{"alt_text":"","src":"https:\/\/i0.wp.com\/www.satokangas.fi\/blogi\/wp-content\/uploads\/2024\/05\/ruusut_2024.jpg?resize=350%2C200&ssl=1","width":350,"height":200,"srcset":"https:\/\/i0.wp.com\/www.satokangas.fi\/blogi\/wp-content\/uploads\/2024\/05\/ruusut_2024.jpg?resize=350%2C200&ssl=1 1x, https:\/\/i0.wp.com\/www.satokangas.fi\/blogi\/wp-content\/uploads\/2024\/05\/ruusut_2024.jpg?resize=525%2C300&ssl=1 1.5x"},"classes":[]},{"id":33999,"url":"https:\/\/www.satokangas.fi\/blogi\/2018\/05\/kesa-yllatti-aitienpaivana\/","url_meta":{"origin":30752,"position":1},"title":"Kes\u00e4 yll\u00e4tti \u00e4itienp\u00e4iv\u00e4n\u00e4!","author":"Reija","date":"13.5.2018","format":false,"excerpt":"Juhlaviikon lopuksi viel\u00e4 \u00e4itienp\u00e4iv\u00e4. Juhla jatkui s\u00e4\u00e4n, mutta my\u00f6s liikkumisen ja ruoan puolesta, seurakin l\u00e4hes yht\u00e4 t\u00e4ydellist\u00e4 kuin viime viikolla. Pehtoori & poika suunnittelivat jo eilen Rodoksen lentokent\u00e4ll\u00e4, mit\u00e4 t\u00e4n\u00e4\u00e4n kokkaavat, ostivat sielt\u00e4 jo punaviininkin grilliherkkujen oheen. Ja toisin kuin kreikkalaiset viinit yleens\u00e4, t\u00e4m\u00e4 oli oikeinkin hyv\u00e4\u00e4, eik\u00e4 ainakaan taxfreess\u00e4\u2026","rel":"","context":"Kategoriassa &quot;Oulu&quot;","block_context":{"text":"Oulu","link":"https:\/\/www.satokangas.fi\/blogi\/category\/oulu\/"},"img":{"alt_text":"","src":"https:\/\/i0.wp.com\/www.satokangas.fi\/blogi\/wp-content\/uploads\/2018\/05\/Nallikari.jpg?resize=350%2C200&ssl=1","width":350,"height":200,"srcset":"https:\/\/i0.wp.com\/www.satokangas.fi\/blogi\/wp-content\/uploads\/2018\/05\/Nallikari.jpg?resize=350%2C200&ssl=1 1x, https:\/\/i0.wp.com\/www.satokangas.fi\/blogi\/wp-content\/uploads\/2018\/05\/Nallikari.jpg?resize=525%2C300&ssl=1 1.5x, https:\/\/i0.wp.com\/www.satokangas.fi\/blogi\/wp-content\/uploads\/2018\/05\/Nallikari.jpg?resize=700%2C400&ssl=1 2x"},"classes":[]},{"id":7047,"url":"https:\/\/www.satokangas.fi\/blogi\/2010\/05\/aitienpaivan-synttarit\/","url_meta":{"origin":30752,"position":2},"title":"\u00c4itienp\u00e4iv\u00e4n syntt\u00e4rit","author":"Reija","date":"7.5.2010","format":false,"excerpt":"T\u00f6ist\u00e4 tullessa mies on keitti\u00f6ss\u00e4. Se ei ole harvinaista. Se ON harvinaista, ett\u00e4 h\u00e4n on juuri vispannut jotain. Yleiskone on esill\u00e4 ja tasoilla astioita ep\u00e4lukuinen m\u00e4\u00e4r\u00e4, jotain hyv\u00e4ntuoksuista leivonnaistakin on paistettu. T\u00e4m\u00e4k\u00e4\u00e4n ei minua oikeastaan h\u00e4mm\u00e4styt\u00e4. Onhan ylihuomenna \u00c4itienp\u00e4iv\u00e4n syntt\u00e4rit. Yhden laskutavan mukaan \u00e4itienp\u00e4iv\u00e4 t\u00e4ytt\u00e4\u00e4 ensi sunnuntaina 105 vuotta. Amerikkalainen\u2026","rel":"","context":"Kategoriassa &quot;Historiaa&quot;","block_context":{"text":"Historiaa","link":"https:\/\/www.satokangas.fi\/blogi\/category\/historiaa\/"},"img":{"alt_text":"","src":"","width":0,"height":0},"classes":[]},{"id":33048,"url":"https:\/\/www.satokangas.fi\/blogi\/2018\/01\/33048\/","url_meta":{"origin":30752,"position":3},"title":"Apsun kanssa yliopistolla","author":"Reija","date":"11.1.2018","format":false,"excerpt":"T\u00e4n\u00e4\u00e4n Apsu-p\u00e4iv\u00e4. Mummi ja Apsu olivat humputtelemassa t\u00e4n\u00e4\u00e4n. Poika puhuu suunnilleen koko ajan. Todellakaan en kaikkea osaa \"k\u00e4\u00e4nt\u00e4\u00e4\", mutta aika hyvin jo voi kanssaan jutella. Ja silloin kun ollaan tavanomaisen ulkopuolella, pois kotoa tai \"mummipapan luota\", kuten h\u00e4n miell\u00e4 k\u00e4yntej\u00e4\u00e4n nimitt\u00e4\u00e4, niin ymp\u00e4rist\u00f6n, \u00e4\u00e4nien, ihmisten, talojen, kaiken ison ja pienen\u2026","rel":"","context":"Kategoriassa &quot;Isovanhemmuus&quot;","block_context":{"text":"Isovanhemmuus","link":"https:\/\/www.satokangas.fi\/blogi\/category\/isovanhemmuus\/"},"img":{"alt_text":"","src":"https:\/\/i0.wp.com\/www.satokangas.fi\/blogi\/wp-content\/uploads\/2018\/01\/Apsu.jpg?resize=350%2C200&ssl=1","width":350,"height":200,"srcset":"https:\/\/i0.wp.com\/www.satokangas.fi\/blogi\/wp-content\/uploads\/2018\/01\/Apsu.jpg?resize=350%2C200&ssl=1 1x, https:\/\/i0.wp.com\/www.satokangas.fi\/blogi\/wp-content\/uploads\/2018\/01\/Apsu.jpg?resize=525%2C300&ssl=1 1.5x"},"classes":[]},{"id":27990,"url":"https:\/\/www.satokangas.fi\/blogi\/2016\/04\/itku-auttaa\/","url_meta":{"origin":30752,"position":4},"title":"Itku auttaa","author":"Reija","date":"7.4.2016","format":false,"excerpt":"Miksi jotkut itkev\u00e4t herkemmin kuin toiset, ja miksi itku helpottaa? Itkem\u00e4tt\u00f6myydest\u00e4 ei ole haittaa, mutta tunteiden tukahduttamisesta on, sanoo neurotieteen professori Lauri Nummenmaa. Hesarin t\u00e4m\u00e4np\u00e4iv\u00e4isess\u00e4 \"El\u00e4m\u00e4 ja hyvinvointi\" -osiossa oli artikkeli, jossa kerrottiin, ett\u00e4 Ihmisten v\u00e4lill\u00e4 on geneettisi\u00e4 eroja siin\u00e4, kuinka voimakkaasti he kokevat tunteita ja siin\u00e4, kuinka herk\u00e4sti he\u2026","rel":"","context":"Kategoriassa &quot;Niit\u00e4 n\u00e4it\u00e4&quot;","block_context":{"text":"Niit\u00e4 n\u00e4it\u00e4","link":"https:\/\/www.satokangas.fi\/blogi\/category\/aiheeton\/"},"img":{"alt_text":"11 20151009-IMG_9303-2","src":"https:\/\/i0.wp.com\/www.satokangas.fi\/blogi\/wp-content\/uploads\/2016\/04\/11-20151009-IMG_9303-2-574x400.jpg?resize=350%2C200&ssl=1","width":350,"height":200,"srcset":"https:\/\/i0.wp.com\/www.satokangas.fi\/blogi\/wp-content\/uploads\/2016\/04\/11-20151009-IMG_9303-2-574x400.jpg?resize=350%2C200&ssl=1 1x, https:\/\/i0.wp.com\/www.satokangas.fi\/blogi\/wp-content\/uploads\/2016\/04\/11-20151009-IMG_9303-2-574x400.jpg?resize=525%2C300&ssl=1 1.5x"},"classes":[]},{"id":40801,"url":"https:\/\/www.satokangas.fi\/blogi\/2021\/05\/yhtena-sunnuntaina\/","url_meta":{"origin":30752,"position":5},"title":"Yhten\u00e4 sunnuntaina","author":"Reija","date":"9.5.2021","format":false,"excerpt":"Yhten\u00e4 sunnuntaina on \u00e4itienp\u00e4iv\u00e4, Eurooppa-p\u00e4iv\u00e4 ja .... mun syntt\u00e4rip\u00e4iv\u00e4. Paljon liputettavaa yhdelle p\u00e4iv\u00e4lle. Ja seh\u00e4n merkitsee, ett\u00e4 Pehtoorilla on ollut keitti\u00f6huki! Ja onneksi ymm\u00e4rsin ennen ruokaa k\u00e4yd\u00e4 pitk\u00e4n py\u00f6r\u00e4lenkin. Oli ilo n\u00e4lk\u00e4isen\u00e4 sy\u00f6d\u00e4 kun (taas) joku muu oli tehnyt ruoan. Eik\u00e4 mit\u00e4 tahansa p\u00f6per\u00f6\u00e4 tai take away -aasialaista, vaan alkuun\u2026","rel":"","context":"Kategoriassa &quot;Isovanhemmuus&quot;","block_context":{"text":"Isovanhemmuus","link":"https:\/\/www.satokangas.fi\/blogi\/category\/isovanhemmuus\/"},"img":{"alt_text":"","src":"https:\/\/i0.wp.com\/www.satokangas.fi\/blogi\/wp-content\/uploads\/2021\/05\/ap-scaled.jpg?resize=350%2C200&ssl=1","width":350,"height":200,"srcset":"https:\/\/i0.wp.com\/www.satokangas.fi\/blogi\/wp-content\/uploads\/2021\/05\/ap-scaled.jpg?resize=350%2C200&ssl=1 1x, https:\/\/i0.wp.com\/www.satokangas.fi\/blogi\/wp-content\/uploads\/2021\/05\/ap-scaled.jpg?resize=525%2C300&ssl=1 1.5x, https:\/\/i0.wp.com\/www.satokangas.fi\/blogi\/wp-content\/uploads\/2021\/05\/ap-scaled.jpg?resize=700%2C400&ssl=1 2x, https:\/\/i0.wp.com\/www.satokangas.fi\/blogi\/wp-content\/uploads\/2021\/05\/ap-scaled.jpg?resize=1050%2C600&ssl=1 3x, https:\/\/i0.wp.com\/www.satokangas.fi\/blogi\/wp-content\/uploads\/2021\/05\/ap-scaled.jpg?resize=1400%2C800&ssl=1 4x"},"classes":[]}],"_links":{"self":[{"href":"https:\/\/www.satokangas.fi\/blogi\/wp-json\/wp\/v2\/posts\/30752","targetHints":{"allow":["GET"]}}],"collection":[{"href":"https:\/\/www.satokangas.fi\/blogi\/wp-json\/wp\/v2\/posts"}],"about":[{"href":"https:\/\/www.satokangas.fi\/blogi\/wp-json\/wp\/v2\/types\/post"}],"author":[{"embeddable":true,"href":"https:\/\/www.satokangas.fi\/blogi\/wp-json\/wp\/v2\/users\/1"}],"replies":[{"embeddable":true,"href":"https:\/\/www.satokangas.fi\/blogi\/wp-json\/wp\/v2\/comments?post=30752"}],"version-history":[{"count":0,"href":"https:\/\/www.satokangas.fi\/blogi\/wp-json\/wp\/v2\/posts\/30752\/revisions"}],"wp:attachment":[{"href":"https:\/\/www.satokangas.fi\/blogi\/wp-json\/wp\/v2\/media?parent=30752"}],"wp:term":[{"taxonomy":"category","embeddable":true,"href":"https:\/\/www.satokangas.fi\/blogi\/wp-json\/wp\/v2\/categories?post=30752"},{"taxonomy":"post_tag","embeddable":true,"href":"https:\/\/www.satokangas.fi\/blogi\/wp-json\/wp\/v2\/tags?post=30752"}],"curies":[{"name":"wp","href":"https:\/\/api.w.org\/{rel}","templated":true}]}}