{"id":30741,"date":"2017-05-12T18:18:28","date_gmt":"2017-05-12T15:18:28","guid":{"rendered":"https:\/\/www.satokangas.fi\/blogi\/?p=30741"},"modified":"2021-03-21T14:04:16","modified_gmt":"2021-03-21T12:04:16","slug":"parsa-ja-viini-onko-niissa-joku-ongelma","status":"publish","type":"post","link":"https:\/\/www.satokangas.fi\/blogi\/2017\/05\/parsa-ja-viini-onko-niissa-joku-ongelma\/","title":{"rendered":"Parsa ja viini &#8211; onko niiss\u00e4 joku ongelma?"},"content":{"rendered":"<p style=\"text-align: justify;\">Muistanpa kun aloitin sek\u00e4 viiniharrastuksen ett\u00e4 &#8221;parsafriikkiyden&#8221; suunnilleen samoihin aikoihin 90-luvun alussa, ja yritin opetella sit\u00e4, mitk\u00e4 viinit ja ruoat ovat kelpo kumppaneita, jopa toinen toisensa uusiin sv\u00e4\u00e4reihin nostavia, ja aika usein t\u00f6rm\u00e4sin ajatukseen, ett\u00e4 kananmuna ja PARSA ovat viinin vihollisia, tai ainakin, ett\u00e4 ne on vaikeita yhdist\u00e4\u00e4 onnistuneesti.<\/p>\n<p style=\"text-align: justify;\">Vuosien varrella olen oppinut, ettei juttu ole ihan n\u00e4in kategorinen, onnistuneita parsa ja viini -yhdistelmi\u00e4 on tullut koetuksi, mik\u00e4 ei ole taannut, ett\u00e4 olisi viel\u00e4k\u00e4\u00e4n mik\u00e4\u00e4n helppo juttu. Niinp\u00e4 ilolla otin vastaan tiedon, ett\u00e4 meill\u00e4 Oulun voutikunnan paistink\u00e4\u00e4nt\u00e4jill\u00e4 oli mahdollisuus ja ilo osallistua ravintola Puistolan Deliss\u00e4 iltaan, jossa ideana oli kokeilla parsaa ja viini\u00e4, ja nimenomaan niiden yhdist\u00e4mist\u00e4.<\/p>\n<p style=\"text-align: justify;\">Se ilta oli eilen. Olipa kyll\u00e4 mit\u00e4\u00a0opettavaisin ja makoisin ilta: kuusi viini\u00e4 (\u00e1 6 cl) \u00a0ja kolme erilaista (pienehk\u00f6\u00e4) parsa-annosta: alkuun parsacappuccino, sitten parsaa, hollandaisea ja serranoa ja viimeiseksi parsarisottoa! Ja viinit: \u00a0prosecco (Perlage), samppanja (Dangin-Fays), riesling (Kalk Glimmer), sauvignon blanc (Wohlmuth), verdicchio (Collestefano) ja muscat (Wolfberger)!<\/p>\n<p style=\"text-align: justify;\">\n<p style=\"text-align: justify;\">Heti on todettava, ett\u00e4 minulla on ihan henkil\u00f6kohtainen ongelma sauvignon blanc -viinien kanssa. En vain voi mit\u00e4\u00e4n, ett\u00e4 ruohoinen, viheromenainen, kirpakka SB ei ole minun makuuni. Min\u00e4 tunnistan sen \u00a0jo helposti. Ehk\u00e4 parhaiten tunnistan, onhan sen tuoksu ja maku niin ominainen, etten sanoisi omituinen. \ud83d\ude09 Olen jopa yritt\u00e4nyt &#8221;sied\u00e4tyshoitoa&#8221; ~ t\u00e4ss\u00e4 jokunen vuosi sitten ostimme toistuvasti viikonlopun valkoviiniksi sauvignon blanc -ryp\u00e4leest\u00e4 tehtyj\u00e4 viinej\u00e4, eri maista, eri mantereilta, kalliita ja halpoja, mutta ei.<\/p>\n<p style=\"text-align: justify;\">Olemmepa aika p\u00e4ivi\u00e4 sitten olleet viikon lomalla Loiren laaksossa, joka on sauvignon blancin syntysijoja, ja kyll\u00e4 min\u00e4 siell\u00e4 Fume blanc -viineist\u00e4 (nekin sb-ryp\u00e4leest\u00e4) pidin ja muutamat kalifornian fume blancit ovat mit\u00e4 mainioimpia, mutta vanhan maailman perinteinen tai vaikka uusseelantilainen SB, uuh!<\/p>\n<p style=\"text-align: justify;\">No mutta asiaan: meit\u00e4 oli ravintola Puistolan Deliss\u00e4 reilut 20 paistink\u00e4\u00e4nt\u00e4j\u00e4\u00e4 aveceineen, tunnelma oli v\u00e4lit\u00f6n ja vastaanottavainen. Saimme viiniasiantuntijan (J. J.) selke\u00e4n ja uusia makumaailmoja avaavan, sopivan lyhyen, mutta perusteellisen selvityksen jokaisesta viinist\u00e4.<\/p>\n<p style=\"text-align: justify;\">\n<p style=\"text-align: justify;\">Parsa-cappuccino (joka on t\u00e4ss\u00e4 samalla <em>&#8221;Jokaviikkonen soppamme&#8221;) <\/em>sek\u00e4 sen \u00a0kanssa maistetut prosecco ja samppanja saivat yleist\u00e4 hyv\u00e4ksyv\u00e4\u00e4 muminaa &#8230; Eik\u00e4 ket\u00e4\u00e4n h\u00e4mm\u00e4stytt\u00e4ne, ett\u00e4 samppanja todettiin proseccoa paremmaksi, jos kohta hieman pohdittiin, ett\u00e4 oliko niin, ett\u00e4 samppanjan voimakkaat kuplat veiv\u00e4t hennon hienolta parsavaahdolta mahdollisuuden loistaa.<\/p>\n<p style=\"text-align: justify;\">Seuraavaksi oli vuorossa vihre\u00e4\u00e4 ja valkoista parsaa hollandaise-kastikkeen ja rapeaksi paahdetun serrano-kinkun (ah, se oli ihan hirmuhyv\u00e4\u00e4!) kanssa. Ja viinein\u00e4 it\u00e4valtainen riesling ja se sitten se &#8221;The Sauvignon Blanc&#8221;, &#8211; maistelin viinej\u00e4 ennen parsaa, totesin &#8211; taas &#8211; ettei ole SB mun viini, mutta kuinkas k\u00e4vik\u00e4\u00e4n, kun parsa tuli mukaan. Sauvignonin kirpeys, ruohoisuus, hy\u00f6kk\u00e4\u00e4vyys talttuivat! Kastikkeen hapokkuus kontra viinin happo tekiv\u00e4t sen mit\u00e4 pitikin: kaksi miinusta on plus! Neh\u00e4n sopivat yhteen! Ainakin t\u00e4n\u00e4\u00e4n maistelussa ollut it\u00e4valtalainen riesling j\u00e4i hollandaisen ja serranon jalkoihin, ja muuttui melkein makeaksi, mik\u00e4 ei t\u00e4ss\u00e4 kompositiossa ollut ainoastaan hyv\u00e4 asia.<\/p>\n<p style=\"text-align: justify;\">Ja sokerina pohjalla: parsarisotto kera muscatin ja italialaisen verdicchion. Muscat ei aromaattisuudessaan, hapottomuudessaan, parfyymisyydess\u00e4\u00e4n ole koskaan ollut erityisesti mieleeni, mutta verdicchio on. Jopa niin, ett\u00e4 sit\u00e4 on Italiasta kotiin matkalaukuissa joskus roudattu. Ja niinh\u00e4n se t\u00e4ss\u00e4kin sitten k\u00e4vi, ett\u00e4 muscatin maku toimi tosi hyvin parsarisoton hapokkuuden kanssa. Olin yll\u00e4ttynyt, ja varsin iloinen, ett\u00e4 l\u00e4hdimme maistelemaan.<\/p>\n<p style=\"text-align: justify;\">Naapurip\u00f6yd\u00e4ss\u00e4 istui veteraani-paistink\u00e4\u00e4nt\u00e4j\u00e4, kymmenet keitti\u00f6mestarit kouluttanut, etel\u00e4n ravintoloissa ty\u00f6skennellyt herrasmies, jolta kyselin, ett\u00e4 mitenk\u00e4s parsacappuccino oikein tehd\u00e4\u00e4n ,&#8230; ett\u00e4 pit\u00e4isi resepti saada. Ja h\u00e4n kertoi oman versionsa:<\/p>\n<blockquote>\n<p style=\"padding-left: 30px;\">Kuori parsat kevyesti jos tarpeen, napsaise tyvest\u00e4 kuivat pois, ja s\u00e4\u00e4st\u00e4 muutama nuppu koristeeksi. Keit\u00e4 parsat suolavedess\u00e4 kypsiksi, kaada melkein kaikki vesi erilliseen astiaan (s\u00e4\u00e4st\u00e4 seuraavan p\u00e4iv\u00e4n parsakeittoa varten tms.) ja sekoita parsat sauvasekoittimella samettiseksi massaksi, laita takaisin kattilaan, kaada p\u00e4\u00e4lle nauhana ja sekoita sauvavatkaimella \u00a0kuuma kuohukerma ja sekoita koko ajan pamixilla kuohuvaksi vaahdoksi. Kaada kuppeihin. Pinnalle esim. ruohosipulisilppua. (kuva ylimm\u00e4isen\u00e4).<\/p>\n<\/blockquote>\n<p style=\"text-align: justify;\">Muuta ei tarvita. Ehk\u00e4 kuitenkin tilkka hyv\u00e4\u00e4 viini\u00e4, ehk\u00e4 samppanjaa tai sittenkin muscatia? Eilisen j\u00e4lkeen suosittelisin cappuccinolle muscatia ja parsa-hollandaise-serrano -annokselle samppanjaa.<\/p>\n<p style=\"text-align: justify;\">N\u00e4m\u00e4h\u00e4n ovat makuasioita, ja maku muuttuu. Sen muistan taas eilisen j\u00e4lkeen erityisen hyvin.<\/p>\n<p style=\"text-align: justify;\">PS. Muutama muu meill\u00e4 paljon k\u00e4ytetty tapa k\u00e4ytt\u00e4\u00e4 parsaa<\/p>\n<p style=\"text-align: justify;\"><a href=\"http:\/\/wp.me\/pr4p4-6lp\" target=\"_blank\" rel=\"noopener noreferrer\">parsaa, pecorinoa ja prosciuttoa<br \/>\n<\/a><\/p>\n<p style=\"text-align: justify;\"><a href=\"https:\/\/www.satokangas.fi\/blogi\/2011\/04\/makrokuva-kevaan-alkuruoka\/\" target=\"_blank\" rel=\"noopener noreferrer\">parsaa a la Kellog\u00b4s<\/a><\/p>\n","protected":false},"excerpt":{"rendered":"<p>Muistanpa kun aloitin sek\u00e4 viiniharrastuksen ett\u00e4 &#8221;parsafriikkiyden&#8221; suunnilleen samoihin aikoihin 90-luvun alussa, ja yritin opetella sit\u00e4, mitk\u00e4 viinit ja ruoat ovat kelpo kumppaneita, jopa toinen toisensa uusiin sv\u00e4\u00e4reihin nostavia, ja aika usein t\u00f6rm\u00e4sin ajatukseen, ett\u00e4 kananmuna ja PARSA ovat viinin vihollisia, tai ainakin, ett\u00e4 ne on vaikeita yhdist\u00e4\u00e4 onnistuneesti. Vuosien varrella olen oppinut, ettei juttu ole ihan n\u00e4in kategorinen, onnistuneita &hellip; <\/p>\n","protected":false},"author":1,"featured_media":0,"comment_status":"open","ping_status":"open","sticky":false,"template":"","format":"standard","meta":{"jetpack_post_was_ever_published":false,"_jetpack_newsletter_access":"","_jetpack_dont_email_post_to_subs":false,"_jetpack_newsletter_tier_id":0,"_jetpack_memberships_contains_paywalled_content":false,"_jetpack_memberships_contains_paid_content":false,"footnotes":"","jetpack_publicize_message":"","jetpack_publicize_feature_enabled":true,"jetpack_social_post_already_shared":true,"jetpack_social_options":{"image_generator_settings":{"template":"highway","default_image_id":0,"font":"","enabled":false},"version":2}},"categories":[1],"tags":[],"class_list":["post-30741","post","type-post","status-publish","format-standard","hentry","category-aiheeton","latest_post"],"jetpack_publicize_connections":[],"jetpack_featured_media_url":"","jetpack_shortlink":"https:\/\/wp.me\/pr4p4-7ZP","jetpack_sharing_enabled":true,"jetpack_likes_enabled":false,"jetpack-related-posts":[{"id":49263,"url":"https:\/\/www.satokangas.fi\/blogi\/2024\/05\/vanhoja-autoja-ja-parsa\/","url_meta":{"origin":30741,"position":0},"title":"Vanhoja autoja ja parsaa","author":"Reija","date":"1.5.2024","format":false,"excerpt":"Aloitin aurinkoisen ja melko l\u00e4mpim\u00e4nkin vappup\u00e4iv\u00e4n py\u00f6r\u00e4lenkkini M\u00f6lj\u00e4lt\u00e4, jonne mobilistit ja muutkin vanhojen autojen harrastajat kokoontuivat. Muutaman vuoden tauolla ollut Vappuajot-tapahtuma j\u00e4rjestettiin t\u00e4n\u00e4\u00e4n ensimm\u00e4ist\u00e4 kertaa koronasulkujen j\u00e4lkeen. Ja auto- ja yleis\u00f6m\u00e4\u00e4r\u00e4 kertoivat, ett\u00e4 tapahtumaa on kaivattu. Toisin kuin monena vuonna (esim. 2018 - silloin jaksoin kuvaillakin KLIKS) en ollut alueella\u2026","rel":"","context":"Kategoriassa &quot;Niit\u00e4 n\u00e4it\u00e4&quot;","block_context":{"text":"Niit\u00e4 n\u00e4it\u00e4","link":"https:\/\/www.satokangas.fi\/blogi\/category\/aiheeton\/"},"img":{"alt_text":"","src":"https:\/\/i0.wp.com\/www.satokangas.fi\/blogi\/wp-content\/uploads\/2024\/05\/Vanhatautot_vappu-2.jpg?resize=350%2C200&ssl=1","width":350,"height":200,"srcset":"https:\/\/i0.wp.com\/www.satokangas.fi\/blogi\/wp-content\/uploads\/2024\/05\/Vanhatautot_vappu-2.jpg?resize=350%2C200&ssl=1 1x, https:\/\/i0.wp.com\/www.satokangas.fi\/blogi\/wp-content\/uploads\/2024\/05\/Vanhatautot_vappu-2.jpg?resize=525%2C300&ssl=1 1.5x, https:\/\/i0.wp.com\/www.satokangas.fi\/blogi\/wp-content\/uploads\/2024\/05\/Vanhatautot_vappu-2.jpg?resize=700%2C400&ssl=1 2x"},"classes":[]},{"id":11532,"url":"https:\/\/www.satokangas.fi\/blogi\/2011\/04\/makrokuva-kevaan-alkuruoka\/","url_meta":{"origin":30741,"position":1},"title":"Makrokuva: kev\u00e4\u00e4n alku(ruoka)","author":"Reija","date":"27.4.2011","format":false,"excerpt":"Makroviikkojen haasteena on \"Kev\u00e4\u00e4n alkamista kuvaava makro. Voit ottaa kuvan sis\u00e4ll\u00e4 tai ulkona, kunhan aihe sivuaa jotenkin meid\u00e4n Suomessa vietett\u00e4v\u00e4\u00e4 vappua tai kev\u00e4\u00e4n ensimm\u00e4ist\u00e4 p\u00e4iv\u00e4\u00e4 (1st of May), kuten \"vappu\" muualla maailmalla tunnetaan!\" Meille parsa on varma merkki kev\u00e4\u00e4n alkamisesta. Parsa on meille kev\u00e4truokaa, vappuruokaa, arkiruokaa, juhlaruokaa -- ihan kuten\u2026","rel":"","context":"Kategoriassa &quot;Makrokuvaus&quot;","block_context":{"text":"Makrokuvaus","link":"https:\/\/www.satokangas.fi\/blogi\/category\/valokuvaus\/makrokuvaus\/"},"img":{"alt_text":"","src":"https:\/\/i0.wp.com\/www.satokangas.fi\/blogi\/wp-content\/uploads\/Parsalautasliina-600x382.jpg?resize=350%2C200&ssl=1","width":350,"height":200,"srcset":"https:\/\/i0.wp.com\/www.satokangas.fi\/blogi\/wp-content\/uploads\/Parsalautasliina-600x382.jpg?resize=350%2C200&ssl=1 1x, https:\/\/i0.wp.com\/www.satokangas.fi\/blogi\/wp-content\/uploads\/Parsalautasliina-600x382.jpg?resize=525%2C300&ssl=1 1.5x"},"classes":[]},{"id":7058,"url":"https:\/\/www.satokangas.fi\/blogi\/2010\/05\/keskustelua-parsasta\/","url_meta":{"origin":30741,"position":2},"title":"Keskustelua parsasta","author":"Reija","date":"8.5.2010","format":false,"excerpt":"T\u00e4n\u00e4\u00e4n juhlan ovat tehneet monet pienet ja suuret jutut. Esimerkiksi aurinko, cumulus-pilvet, l\u00e4mp\u00f6 ja ensimm\u00e4inen rullislenkki! Ah, onnea. Pehtoori kokkasi t\u00e4n\u00e4\u00e4n. Meritaimenta ja hollandaisea. Ja j\u00e4lkk\u00e4riksi t\u00e4ytekakkua. Ei huono, ei ollenkaan. Eka t\u00e4ykk\u00e4ri ever, jonka siippa on tehnyt ja jo vain se maistui. Nuoret tietysti sy\u00f6m\u00e4ss\u00e4, v\u00e4vykokelaskin, joka oli ostanut\u2026","rel":"","context":"Kategoriassa &quot;Niit\u00e4 n\u00e4it\u00e4&quot;","block_context":{"text":"Niit\u00e4 n\u00e4it\u00e4","link":"https:\/\/www.satokangas.fi\/blogi\/category\/aiheeton\/"},"img":{"alt_text":"","src":"https:\/\/i0.wp.com\/www.satokangas.fi\/blogi\/wp-content\/uploads\/2010\/05\/orkidea1-500x368.jpg?resize=350%2C200&ssl=1","width":350,"height":200},"classes":[]},{"id":49083,"url":"https:\/\/www.satokangas.fi\/blogi\/2024\/04\/2-2\/","url_meta":{"origin":30741,"position":3},"title":"Rotiss\u00f6\u00f6rin kotikeitti\u00f6ss\u00e4","author":"Reija","date":"20.4.2024","format":false,"excerpt":"Kilpip\u00e4iv\u00e4 Rotiss\u00f6\u00f6rien kilpip\u00e4iv\u00e4 on t\u00e4n\u00e4\u00e4n. Teemana t\u00e4n\u00e4 vuonna kansalliset perinteet; ja niinh\u00e4n min\u00e4 sitten kokkasin taas italialaista. \ud83d\ude0a Kilpip\u00e4iv\u00e4n idea on sy\u00f6d\u00e4 kilpiravintolassa, joiden m\u00e4\u00e4r\u00e4 Oulussa on kyll\u00e4 t\u00e4ll\u00e4 hetkell\u00e4 kovin alhainen. Mutta on me edelt\u00e4nein\u00e4 vuosina k\u00e4yty kaikissa mahdollisissa oululaisissa kilpiravintoloissa kilpip\u00e4iv\u00e4\u00e4 viett\u00e4m\u00e4ss\u00e4. T\u00e4n\u00e4\u00e4n kuitenkin kotona: sen vuoksi nostin\u2026","rel":"","context":"Kategoriassa &quot;Niit\u00e4 n\u00e4it\u00e4&quot;","block_context":{"text":"Niit\u00e4 n\u00e4it\u00e4","link":"https:\/\/www.satokangas.fi\/blogi\/category\/aiheeton\/"},"img":{"alt_text":"","src":"https:\/\/i0.wp.com\/www.satokangas.fi\/blogi\/wp-content\/uploads\/2024\/04\/tundra-15.webp?resize=350%2C200&ssl=1","width":350,"height":200,"srcset":"https:\/\/i0.wp.com\/www.satokangas.fi\/blogi\/wp-content\/uploads\/2024\/04\/tundra-15.webp?resize=350%2C200&ssl=1 1x, https:\/\/i0.wp.com\/www.satokangas.fi\/blogi\/wp-content\/uploads\/2024\/04\/tundra-15.webp?resize=525%2C300&ssl=1 1.5x"},"classes":[]},{"id":36027,"url":"https:\/\/www.satokangas.fi\/blogi\/2019\/03\/ruokaperjantai\/","url_meta":{"origin":30741,"position":4},"title":"Ruokaperjantai","author":"Reija","date":"1.3.2019","format":false,"excerpt":"Maaliskuu! Ah, onnea. Maaliskuu on hyv\u00e4 kuu. Niin kuin oikeastaan kaikki. Mutta\u00a0 maaliskuu, huhtikuu, toukokuu, elokuu, syyskuu... erityisesti. Ja tietysti joulukuu, koska on joulu. Maaliskuun aluksi k\u00e4vin ruokakaupassa kahden ison kassin kanssa - nyt kauppareissun j\u00e4lkeen olen valmis kohti ruokakev\u00e4\u00e4n alkua. Ja se aloitettiin t\u00e4n\u00e4\u00e4n parsalla! Tietysti! Tosin miesten MM-viestin\u2026","rel":"","context":"Kategoriassa &quot;Niit\u00e4 n\u00e4it\u00e4&quot;","block_context":{"text":"Niit\u00e4 n\u00e4it\u00e4","link":"https:\/\/www.satokangas.fi\/blogi\/category\/aiheeton\/"},"img":{"alt_text":"","src":"https:\/\/i0.wp.com\/www.satokangas.fi\/blogi\/wp-content\/uploads\/2019\/03\/skumppa-2.jpg?resize=350%2C200&ssl=1","width":350,"height":200,"srcset":"https:\/\/i0.wp.com\/www.satokangas.fi\/blogi\/wp-content\/uploads\/2019\/03\/skumppa-2.jpg?resize=350%2C200&ssl=1 1x, https:\/\/i0.wp.com\/www.satokangas.fi\/blogi\/wp-content\/uploads\/2019\/03\/skumppa-2.jpg?resize=525%2C300&ssl=1 1.5x, https:\/\/i0.wp.com\/www.satokangas.fi\/blogi\/wp-content\/uploads\/2019\/03\/skumppa-2.jpg?resize=700%2C400&ssl=1 2x"},"classes":[]},{"id":36263,"url":"https:\/\/www.satokangas.fi\/blogi\/2019\/04\/ei-niin-kiireinen-torstai\/","url_meta":{"origin":30741,"position":5},"title":"Ei niin kiireinen torstai","author":"Reija","date":"18.4.2019","format":false,"excerpt":"- Kuule, Tane, mun kummit\u00e4ti tulee t\u00e4n\u00e4\u00e4n Ouluun. Mun kummit\u00e4ti. Se tulee t\u00e4nne meille pelaamaan mun kanss Kimble\u00e4. N\u00e4in Apsu oli aamulla pikkusiskolleen kertonut. Tanelle siis. ;) Ja niin se kummit\u00e4ti tuli puolenp\u00e4iv\u00e4n junalla (\"halvempi, pystyy tekem\u00e4\u00e4n kouluhommia samalla, ja py\u00f6r\u00e4nkin voi tuoda\"). Ja nyt kummit\u00e4ti on Apsun kanssa pelaamassa\u2026","rel":"","context":"Kategoriassa &quot;Reseptit&quot;","block_context":{"text":"Reseptit","link":"https:\/\/www.satokangas.fi\/blogi\/category\/ruoka_ja_viini\/reseptit\/"},"img":{"alt_text":"","src":"https:\/\/i0.wp.com\/www.satokangas.fi\/blogi\/wp-content\/uploads\/2019\/04\/3-3.jpg?resize=350%2C200&ssl=1","width":350,"height":200,"srcset":"https:\/\/i0.wp.com\/www.satokangas.fi\/blogi\/wp-content\/uploads\/2019\/04\/3-3.jpg?resize=350%2C200&ssl=1 1x, https:\/\/i0.wp.com\/www.satokangas.fi\/blogi\/wp-content\/uploads\/2019\/04\/3-3.jpg?resize=525%2C300&ssl=1 1.5x"},"classes":[]}],"_links":{"self":[{"href":"https:\/\/www.satokangas.fi\/blogi\/wp-json\/wp\/v2\/posts\/30741","targetHints":{"allow":["GET"]}}],"collection":[{"href":"https:\/\/www.satokangas.fi\/blogi\/wp-json\/wp\/v2\/posts"}],"about":[{"href":"https:\/\/www.satokangas.fi\/blogi\/wp-json\/wp\/v2\/types\/post"}],"author":[{"embeddable":true,"href":"https:\/\/www.satokangas.fi\/blogi\/wp-json\/wp\/v2\/users\/1"}],"replies":[{"embeddable":true,"href":"https:\/\/www.satokangas.fi\/blogi\/wp-json\/wp\/v2\/comments?post=30741"}],"version-history":[{"count":0,"href":"https:\/\/www.satokangas.fi\/blogi\/wp-json\/wp\/v2\/posts\/30741\/revisions"}],"wp:attachment":[{"href":"https:\/\/www.satokangas.fi\/blogi\/wp-json\/wp\/v2\/media?parent=30741"}],"wp:term":[{"taxonomy":"category","embeddable":true,"href":"https:\/\/www.satokangas.fi\/blogi\/wp-json\/wp\/v2\/categories?post=30741"},{"taxonomy":"post_tag","embeddable":true,"href":"https:\/\/www.satokangas.fi\/blogi\/wp-json\/wp\/v2\/tags?post=30741"}],"curies":[{"name":"wp","href":"https:\/\/api.w.org\/{rel}","templated":true}]}}