{"id":30732,"date":"2017-05-06T20:55:09","date_gmt":"2017-05-06T17:55:09","guid":{"rendered":"https:\/\/www.satokangas.fi\/blogi\/?p=30732"},"modified":"2017-05-27T09:56:21","modified_gmt":"2017-05-27T06:56:21","slug":"kylla-se-kesa-viela-tulee","status":"publish","type":"post","link":"https:\/\/www.satokangas.fi\/blogi\/2017\/05\/kylla-se-kesa-viela-tulee\/","title":{"rendered":"Kyll\u00e4 se kes\u00e4 viel\u00e4 tulee"},"content":{"rendered":"<p style=\"text-align: justify;\">L\u00e4mp\u00f6tilan laskiessa (taas) kohti y\u00f6pakkasia, on ollut hyv\u00e4 leikki\u00e4 viime kes\u00e4n kuvilla &#8230;<\/p>\n<p style=\"text-align: justify;\"><img loading=\"lazy\" decoding=\"async\" class=\"alignnone wp-image-310 aligncenter\" src=\"http:\/\/www.tuulestatemmattua.fi\/wp-content\/uploads\/2017\/05\/1-7-871x1024.jpg\" alt=\"\" width=\"600\" height=\"705\" \/><\/p>\n<p style=\"text-align: justify;\">Surffailla ensi \u00a0kes\u00e4n lomakohteessa, ilahtua siit\u00e4, ett\u00e4 ty\u00e4r on varannut hein\u00e4kuulle lentoliput Helsinki &#8211; Ivalo, tehd\u00e4 ruoaksi\u00a0<a href=\"https:\/\/www.satokangas.fi\/blogi\/2012\/04\/kylla-se-kevat-on\/\" target=\"_blank\" rel=\"noopener noreferrer\">KEV\u00c4Tkananpoikia<\/a>\u00a0(<a href=\"https:\/\/www.instagram.com\/p\/8TQsMOAoHK\/?tagged=kev%C3%A4tkananpoika\" target=\"_blank\" rel=\"noopener noreferrer\">kuva<\/a>), mietti\u00e4 jo kalaasien ajankohtaa, (edes) aikoa l\u00e4hte\u00e4 puutarhalle hakemaan yrttien taimia, aloittaa uuden <a href=\"http:\/\/satokangas.fi\" target=\"_blank\" rel=\"noopener noreferrer\">nettisivuston<\/a> kokoaminen ihan alusta, lukea kes\u00e4kirjaa, mietti\u00e4, myisik\u00f6 rullaluistimet pois, harkita Facebookista luopumista tai ainakin rutkaa k\u00e4yt\u00f6n v\u00e4hent\u00e4mist\u00e4 nyt kun koulun takia siell\u00e4 ei ole en\u00e4\u00e4 tarvetta k\u00e4yd\u00e4, nauttia tekemisen v\u00e4h\u00e4st\u00e4 v\u00e4ltt\u00e4myydest\u00e4, kummastella sit\u00e4, ett\u00e4 kalenterissa on hyvin v\u00e4h\u00e4n menoja toukokuulle, todella v\u00e4h\u00e4n.<\/p>\n<p style=\"text-align: justify;\">Olla v\u00e4h\u00e4n pahoillaan, ettei ole saanut l\u00e4hdetyksi lenkille, mutta sent\u00e4\u00e4n luento melkein viimeistelty, pyykki silitetty, \u00e4idin veroilmoitus tehty, &#8211; oma sitten huomenna, hope so. \u00a0Sellainen kotilauantai on ollut.<\/p>\n<p style=\"text-align: justify;\">~~~~~~~~~~~~~~~~~~<\/p>\n<p style=\"text-align: justify;\">T\u00e4ss\u00e4 kuvassa &#8221;pensasbasilikat&#8221;, jotka ostin <a href=\"http:\/\/www.tuulestatemmattua.fi\/kerrallaan\/vappuetkot\/\" target=\"_blank\" rel=\"noopener noreferrer\">vappup\u00f6yd\u00e4n<\/a> koristeeksi. Ovat viikossa kasvaneet jo paljon, vaikka olen jo annosten koristeeksi noista nappaissut lehti\u00e4.<\/p>\n<p style=\"text-align: justify;\"><img loading=\"lazy\" decoding=\"async\" class=\"alignnone size-medium wp-image-311\" src=\"http:\/\/www.tuulestatemmattua.fi\/wp-content\/uploads\/2017\/05\/1-9-1024x756.jpg\" alt=\"\" width=\"1024\" height=\"756\" \/><\/p>\n","protected":false},"excerpt":{"rendered":"<p>L\u00e4mp\u00f6tilan laskiessa (taas) kohti y\u00f6pakkasia, on ollut hyv\u00e4 leikki\u00e4 viime kes\u00e4n kuvilla &#8230; Surffailla ensi \u00a0kes\u00e4n lomakohteessa, ilahtua siit\u00e4, ett\u00e4 ty\u00e4r on varannut hein\u00e4kuulle lentoliput Helsinki &#8211; Ivalo, tehd\u00e4 ruoaksi\u00a0KEV\u00c4Tkananpoikia\u00a0(kuva), mietti\u00e4 jo kalaasien ajankohtaa, (edes) aikoa l\u00e4hte\u00e4 puutarhalle hakemaan yrttien taimia, aloittaa uuden nettisivuston kokoaminen ihan alusta, lukea kes\u00e4kirjaa, mietti\u00e4, myisik\u00f6 rullaluistimet pois, harkita Facebookista luopumista tai ainakin rutkaa k\u00e4yt\u00f6n &hellip; <\/p>\n","protected":false},"author":1,"featured_media":0,"comment_status":"open","ping_status":"open","sticky":false,"template":"","format":"standard","meta":{"jetpack_post_was_ever_published":false,"_jetpack_newsletter_access":"","_jetpack_dont_email_post_to_subs":false,"_jetpack_newsletter_tier_id":0,"_jetpack_memberships_contains_paywalled_content":false,"_jetpack_memberships_contains_paid_content":false,"footnotes":"","jetpack_publicize_message":"","jetpack_publicize_feature_enabled":true,"jetpack_social_post_already_shared":true,"jetpack_social_options":{"image_generator_settings":{"template":"highway","default_image_id":0,"font":"","enabled":false},"version":2}},"categories":[1],"tags":[],"class_list":["post-30732","post","type-post","status-publish","format-standard","hentry","category-aiheeton","latest_post"],"jetpack_publicize_connections":[],"jetpack_featured_media_url":"","jetpack_shortlink":"https:\/\/wp.me\/pr4p4-7ZG","jetpack_sharing_enabled":true,"jetpack_likes_enabled":false,"jetpack-related-posts":[{"id":41077,"url":"https:\/\/www.satokangas.fi\/blogi\/2021\/06\/kissankellojen-aikaan\/","url_meta":{"origin":30732,"position":0},"title":"Kissankellojen aikaan","author":"Reija","date":"29.6.2021","format":false,"excerpt":"Aamulla lomalaiset (tyt\u00e4r & J.) l\u00e4htiv\u00e4t kohti pohjoista. T\u00e4ll\u00e4 kertaa ensin yhteist\u00e4 lomaa, ja viikon j\u00e4lkeen J:lla alkaa et\u00e4ty\u00f6t, mutta tyt\u00e4r voi viel\u00e4 lomailla (ja py\u00f6r\u00e4ill\u00e4) ainakin viikon verran ennen kuin h\u00e4nkin jatkaa et\u00e4t\u00f6it\u00e4. T\u00e4n\u00e4 kes\u00e4n\u00e4 ei aikonut suoritella mit\u00e4\u00e4n opintoja, vaan ihan vaan lomailla, mik\u00e4 on kyll\u00e4 hyv\u00e4 juttu.\u2026","rel":"","context":"Kategoriassa &quot;Niit\u00e4 n\u00e4it\u00e4&quot;","block_context":{"text":"Niit\u00e4 n\u00e4it\u00e4","link":"https:\/\/www.satokangas.fi\/blogi\/category\/aiheeton\/"},"img":{"alt_text":"","src":"https:\/\/i0.wp.com\/www.satokangas.fi\/blogi\/wp-content\/uploads\/2021\/06\/Kissankellot-2.jpg?resize=350%2C200&ssl=1","width":350,"height":200,"srcset":"https:\/\/i0.wp.com\/www.satokangas.fi\/blogi\/wp-content\/uploads\/2021\/06\/Kissankellot-2.jpg?resize=350%2C200&ssl=1 1x, https:\/\/i0.wp.com\/www.satokangas.fi\/blogi\/wp-content\/uploads\/2021\/06\/Kissankellot-2.jpg?resize=525%2C300&ssl=1 1.5x, https:\/\/i0.wp.com\/www.satokangas.fi\/blogi\/wp-content\/uploads\/2021\/06\/Kissankellot-2.jpg?resize=700%2C400&ssl=1 2x"},"classes":[]},{"id":21309,"url":"https:\/\/www.satokangas.fi\/blogi\/2014\/06\/ailahtelua-kesaista\/","url_meta":{"origin":30732,"position":1},"title":"Ailahtelua &#8211; kes\u00e4ist\u00e4","author":"Reija","date":"3.6.2014","format":false,"excerpt":"Tuntuu kes\u00e4lle. Tuntuu kes\u00e4lle, vaikka keskip\u00e4iv\u00e4ll\u00e4 alkoikin kokous Linnanmaan vanhan puolen tympe\u00e4ss\u00e4, 70-lukulaisessa oranssissa kokoushuoneessa, jossa on paksu kokolattiamatto, mink\u00e4 vuoksi osin aika varovais\u00e4\u00e4nisten osallistujien puhetta on vaikea seurata. Kahden tunnin kokoustamisella sent\u00e4\u00e4n selvit\u00e4\u00e4n, kierr\u00e4n ulkokautta takaisin \"omaan siipeen\", ja kes\u00e4, kes\u00e4... Hetken hulvahtaa ajatus, ett\u00e4 tyt\u00e4r tulee... mutta onnenhulvahdus\u2026","rel":"","context":"Kategoriassa &quot;Niit\u00e4 n\u00e4it\u00e4&quot;","block_context":{"text":"Niit\u00e4 n\u00e4it\u00e4","link":"https:\/\/www.satokangas.fi\/blogi\/category\/aiheeton\/"},"img":{"alt_text":"Kutsu-4","src":"https:\/\/i0.wp.com\/www.satokangas.fi\/blogi\/wp-content\/uploads\/2014\/06\/Kutsu-4-600x400.jpg?resize=350%2C200&ssl=1","width":350,"height":200,"srcset":"https:\/\/i0.wp.com\/www.satokangas.fi\/blogi\/wp-content\/uploads\/2014\/06\/Kutsu-4-600x400.jpg?resize=350%2C200&ssl=1 1x, https:\/\/i0.wp.com\/www.satokangas.fi\/blogi\/wp-content\/uploads\/2014\/06\/Kutsu-4-600x400.jpg?resize=525%2C300&ssl=1 1.5x"},"classes":[]},{"id":40448,"url":"https:\/\/www.satokangas.fi\/blogi\/2021\/03\/mietteita-ja-odotuksia\/","url_meta":{"origin":30732,"position":2},"title":"Mietteit\u00e4 ja odotuksia","author":"Reija","date":"15.3.2021","format":false,"excerpt":"Aina ei voi voittaa, ei edes joka kerta. Eik\u00e4 aina voi olla hyv\u00e4 mieli, eik\u00e4 huoleton. T\u00e4st\u00e4kin keskusteltiin Juniorin kanssa t\u00e4n\u00e4\u00e4n. Ja todettiin yksiss\u00e4 tuumin, ett\u00e4 saa ja ehk\u00e4 jopa pit\u00e4\u00e4 n\u00e4ytt\u00e4\u00e4, jos on huono p\u00e4iv\u00e4, olo. Miten ja kenelle sen n\u00e4ytt\u00e4\u00e4, on tietysti hyv\u00e4 kysymys. Jotain olen t\u00e4n\u00e4\u00e4n voittanutkin:\u2026","rel":"","context":"Kategoriassa &quot;Niit\u00e4 n\u00e4it\u00e4&quot;","block_context":{"text":"Niit\u00e4 n\u00e4it\u00e4","link":"https:\/\/www.satokangas.fi\/blogi\/category\/aiheeton\/"},"img":{"alt_text":"","src":"https:\/\/i0.wp.com\/www.satokangas.fi\/blogi\/wp-content\/uploads\/2021\/03\/1-15.jpg?resize=350%2C200&ssl=1","width":350,"height":200,"srcset":"https:\/\/i0.wp.com\/www.satokangas.fi\/blogi\/wp-content\/uploads\/2021\/03\/1-15.jpg?resize=350%2C200&ssl=1 1x, https:\/\/i0.wp.com\/www.satokangas.fi\/blogi\/wp-content\/uploads\/2021\/03\/1-15.jpg?resize=525%2C300&ssl=1 1.5x"},"classes":[]},{"id":36818,"url":"https:\/\/www.satokangas.fi\/blogi\/2019\/07\/paivia-kuvittaen-ja-sanoittaen\/","url_meta":{"origin":30732,"position":3},"title":"P\u00e4ivi\u00e4 kuvittaen ja sanoittaen","author":"Reija","date":"20.7.2019","format":false,"excerpt":"Yht\u00e4kki\u00e4 matkalla tunsin ratap\u00f6lkkyjen tuoksun, sitten taas n\u00e4in kimmelt\u00e4v\u00e4n joen, iloitsin kun aurinko pysyi sinnikk\u00e4\u00e4sti pilvien v\u00e4liss\u00e4 eik\u00e4 takana, tuntui kes\u00e4lle, vihdoin tuntui kes\u00e4lle. Oulujokivarren kapealla tiell\u00e4 Maikkulan j\u00e4lkeen oli levollista, lauantaiaamun hiljaisuus ja tuntui melkein vieraalta - kuin en Oulussa olisikaan. Oli poljettava hiljaksiin, melkein joutilaasti. Makustelin mieless\u00e4ni ja\u2026","rel":"","context":"Kategoriassa &quot;Historiaa&quot;","block_context":{"text":"Historiaa","link":"https:\/\/www.satokangas.fi\/blogi\/category\/historiaa\/"},"img":{"alt_text":"","src":"https:\/\/i0.wp.com\/www.satokangas.fi\/blogi\/wp-content\/uploads\/2019\/07\/Turkansaari-2.jpg?resize=350%2C200&ssl=1","width":350,"height":200,"srcset":"https:\/\/i0.wp.com\/www.satokangas.fi\/blogi\/wp-content\/uploads\/2019\/07\/Turkansaari-2.jpg?resize=350%2C200&ssl=1 1x, https:\/\/i0.wp.com\/www.satokangas.fi\/blogi\/wp-content\/uploads\/2019\/07\/Turkansaari-2.jpg?resize=525%2C300&ssl=1 1.5x, https:\/\/i0.wp.com\/www.satokangas.fi\/blogi\/wp-content\/uploads\/2019\/07\/Turkansaari-2.jpg?resize=700%2C400&ssl=1 2x"},"classes":[]},{"id":28391,"url":"https:\/\/www.satokangas.fi\/blogi\/2016\/06\/sunnuntain-hommia\/","url_meta":{"origin":30732,"position":4},"title":"Sunnuntain hommia","author":"Reija","date":"5.6.2016","format":false,"excerpt":"Ei todellakaan mennyt lenkill\u00e4 turhan kauan aikaa t\u00e4n\u00e4\u00e4n. Olipahan sen verran holotna, ett\u00e4 v\u00e4lill\u00e4 oli melkein juostava, ett\u00e4 tarkeni, vaikka oli sormikkaat ja kaulahuivi ja kaikkea goretexia ja windstopperia yll\u00e4. Kes\u00e4st\u00e4 en\u00e4\u00e4 tietoakaan. Eik\u00e4 opiskelijalla kes\u00e4lomasta; aamup\u00e4iv\u00e4 meni kuvia k\u00e4sitelless\u00e4. T\u00e4n\u00e4\u00e4n kun on taas viikkoteht\u00e4v\u00e4n palautus. 178 kuvaa tytt\u00e4rest\u00e4 n\u00e4yt\u00f6ll\u00e4,\u2026","rel":"","context":"Kategoriassa &quot;Niit\u00e4 n\u00e4it\u00e4&quot;","block_context":{"text":"Niit\u00e4 n\u00e4it\u00e4","link":"https:\/\/www.satokangas.fi\/blogi\/category\/aiheeton\/"},"img":{"alt_text":"Saaran ty\u00f6p\u00e4iv\u00e4_-3","src":"https:\/\/i0.wp.com\/www.satokangas.fi\/blogi\/wp-content\/uploads\/2016\/06\/Saaran-ty%C3%B6p%C3%A4iv%C3%A4_-3-683x1024.jpg?resize=350%2C200&ssl=1","width":350,"height":200},"classes":[]},{"id":35024,"url":"https:\/\/www.satokangas.fi\/blogi\/2018\/10\/vahan-syksyinen-fiilis-kuitenkin\/","url_meta":{"origin":30732,"position":5},"title":"V\u00e4h\u00e4n syksyinen fiilis &#8211; kuitenkin","author":"Reija","date":"13.10.2018","format":false,"excerpt":"Viel\u00e4 on + 13 C. Illalla lokakuun puoliv\u00e4liss\u00e4! Ei haittaa. T\u00e4n\u00e4\u00e4n j\u00e4i kuitenkin v\u00e4h\u00e4n vajaaksi ulkona olo, Aamup\u00e4iv\u00e4ll\u00e4 meill\u00e4 oli Apsun kanssa pieni rallituokio olohuoneen lattialla, sitten kaupan kautta kohti Caritasta, kahtakin Caritasta. Pitk\u00e4lle iltap\u00e4iv\u00e4\u00e4n meni ennen kuin olin takaisin kotosalla. Tosin olin hautausmaalla aika pitk\u00e4n tovin - siis ulkosalla\u2026","rel":"","context":"Kategoriassa &quot;Niit\u00e4 n\u00e4it\u00e4&quot;","block_context":{"text":"Niit\u00e4 n\u00e4it\u00e4","link":"https:\/\/www.satokangas.fi\/blogi\/category\/aiheeton\/"},"img":{"alt_text":"","src":"https:\/\/i0.wp.com\/www.satokangas.fi\/blogi\/wp-content\/uploads\/2018\/10\/yksin_kynttilanvalo.jpg?resize=350%2C200&ssl=1","width":350,"height":200,"srcset":"https:\/\/i0.wp.com\/www.satokangas.fi\/blogi\/wp-content\/uploads\/2018\/10\/yksin_kynttilanvalo.jpg?resize=350%2C200&ssl=1 1x, https:\/\/i0.wp.com\/www.satokangas.fi\/blogi\/wp-content\/uploads\/2018\/10\/yksin_kynttilanvalo.jpg?resize=525%2C300&ssl=1 1.5x"},"classes":[]}],"_links":{"self":[{"href":"https:\/\/www.satokangas.fi\/blogi\/wp-json\/wp\/v2\/posts\/30732","targetHints":{"allow":["GET"]}}],"collection":[{"href":"https:\/\/www.satokangas.fi\/blogi\/wp-json\/wp\/v2\/posts"}],"about":[{"href":"https:\/\/www.satokangas.fi\/blogi\/wp-json\/wp\/v2\/types\/post"}],"author":[{"embeddable":true,"href":"https:\/\/www.satokangas.fi\/blogi\/wp-json\/wp\/v2\/users\/1"}],"replies":[{"embeddable":true,"href":"https:\/\/www.satokangas.fi\/blogi\/wp-json\/wp\/v2\/comments?post=30732"}],"version-history":[{"count":0,"href":"https:\/\/www.satokangas.fi\/blogi\/wp-json\/wp\/v2\/posts\/30732\/revisions"}],"wp:attachment":[{"href":"https:\/\/www.satokangas.fi\/blogi\/wp-json\/wp\/v2\/media?parent=30732"}],"wp:term":[{"taxonomy":"category","embeddable":true,"href":"https:\/\/www.satokangas.fi\/blogi\/wp-json\/wp\/v2\/categories?post=30732"},{"taxonomy":"post_tag","embeddable":true,"href":"https:\/\/www.satokangas.fi\/blogi\/wp-json\/wp\/v2\/tags?post=30732"}],"curies":[{"name":"wp","href":"https:\/\/api.w.org\/{rel}","templated":true}]}}