{"id":30730,"date":"2017-05-04T20:47:39","date_gmt":"2017-05-04T17:47:39","guid":{"rendered":"https:\/\/www.satokangas.fi\/blogi\/?p=30730"},"modified":"2017-05-27T09:48:23","modified_gmt":"2017-05-27T06:48:23","slug":"30730","status":"publish","type":"post","link":"https:\/\/www.satokangas.fi\/blogi\/2017\/05\/30730\/","title":{"rendered":"Vanhentumisen merkeiss\u00e4"},"content":{"rendered":"<p style=\"text-align: justify;\"><img loading=\"lazy\" decoding=\"async\" class=\"alignnone size-medium wp-image-276\" src=\"http:\/\/www.tuulestatemmattua.fi\/wp-content\/uploads\/2017\/05\/1-1-1024x652.jpg\" alt=\"\" width=\"1024\" height=\"652\" \/><\/p>\n<p style=\"text-align: justify;\">Laulaa ne linnut jo.<\/p>\n<p style=\"text-align: justify;\">Isosti laulavat. Muutkin kuin lokit. Alkuillasta kaupunkiin k\u00e4velless\u00e4 mietin, kuinka kauan on ollut niin, ett\u00e4 Oulun keskustassa lokit kaartelevat ja r\u00e4\u00e4kyv\u00e4t todella isosti &#8211; ihan liki.<\/p>\n<p style=\"text-align: justify;\"><img loading=\"lazy\" decoding=\"async\" class=\"alignnone size-medium wp-image-277\" src=\"http:\/\/www.tuulestatemmattua.fi\/wp-content\/uploads\/2017\/05\/1-2-1024x683.jpg\" alt=\"\" width=\"1024\" height=\"683\" \/><\/p>\n<p style=\"text-align: justify;\">Mutta lokkien lis\u00e4ksi nyt on paljon muitakin, kauniitakin lintujen \u00e4\u00e4ni\u00e4, aamuissa, illoissa. T\u00e4t\u00e4h\u00e4n ei kauan kest\u00e4, joten kannattaa kuunnella.<\/p>\n<p style=\"text-align: justify;\">Hoksasinpa sitten, ett\u00e4 paitsi ett\u00e4 vappuaaton hillit\u00f6n vesisade madalsi hankia, on sulamista tapahtunut muutoinkin: t\u00e4t\u00e4 menoa p\u00e4\u00e4semme (joudumme\/Pehtoori p\u00e4\u00e4see\/joutuu) haravoimaan pihaa jo hyviss\u00e4 ajoin ennen juhannusta! \u00a0&#8211; Onhan t\u00e4m\u00e4 kev\u00e4t my\u00f6h\u00e4ss\u00e4, voi hyv\u00e4 tavaton, kuinka paljon my\u00f6h\u00e4ss\u00e4. Eiv\u00e4tk\u00e4 minulla edes proseminaarit, kandiseminaarit, kev\u00e4tlukukauden lopun rutistukset, aiheuta kalenterissa el\u00e4misen rytmi\u00e4.<\/p>\n<p style=\"text-align: justify;\">Kalenterista puheenollen, &#8211; ollaanpa t\u00e4ss\u00e4 sisareni kanssa syntym\u00e4p\u00e4iviemme (vain muutaman p\u00e4iv\u00e4n, v\u00e4h\u00e4n useamman vuoden ero) l\u00e4hell\u00e4, joten t\u00e4n\u00e4\u00e4n oli hyv\u00e4 hetki tavata yhdess\u00e4 sy\u00f6den. Paikaksi oli valikoitunut <a href=\"http:\/\/www.flyingreindeer.net\/\" target=\"_blank\" rel=\"noopener noreferrer\">Flying Reindeer<\/a>. Toistamiseen olin siell\u00e4, ja nyt ruoka viel\u00e4 parempaa kuin edellisell\u00e4 kerralla. Vahinko vain, ettei ollut oikeaa kameraa mukana. Olin l\u00e4htiess\u00e4ni (k\u00e4vellen) kaupunkiin ajatellut, etten kameraa tarvitse: typer\u00e4 ajatus. Mutta any way; jos menet ko. ravintolaan, kannattaa harkita sek\u00e4 paahdettua purjoa ett\u00e4 vitello tonnatoa. Molemmat ovat &#8221;alkuruokia&#8221;. Me tilasimme ne kaksi annosta p\u00e4\u00e4ruoaksi &#8211; sitenkin voi tehd\u00e4! ja kyll\u00e4 kannatti.<\/p>\n","protected":false},"excerpt":{"rendered":"<p>Laulaa ne linnut jo. Isosti laulavat. Muutkin kuin lokit. Alkuillasta kaupunkiin k\u00e4velless\u00e4 mietin, kuinka kauan on ollut niin, ett\u00e4 Oulun keskustassa lokit kaartelevat ja r\u00e4\u00e4kyv\u00e4t todella isosti &#8211; ihan liki. Mutta lokkien lis\u00e4ksi nyt on paljon muitakin, kauniitakin lintujen \u00e4\u00e4ni\u00e4, aamuissa, illoissa. T\u00e4t\u00e4h\u00e4n ei kauan kest\u00e4, joten kannattaa kuunnella. Hoksasinpa sitten, ett\u00e4 paitsi ett\u00e4 vappuaaton hillit\u00f6n vesisade madalsi hankia, on &hellip; <\/p>\n","protected":false},"author":1,"featured_media":0,"comment_status":"open","ping_status":"open","sticky":false,"template":"","format":"standard","meta":{"jetpack_post_was_ever_published":false,"_jetpack_newsletter_access":"","_jetpack_dont_email_post_to_subs":false,"_jetpack_newsletter_tier_id":0,"_jetpack_memberships_contains_paywalled_content":false,"_jetpack_memberships_contains_paid_content":false,"footnotes":"","jetpack_publicize_message":"","jetpack_publicize_feature_enabled":true,"jetpack_social_post_already_shared":true,"jetpack_social_options":{"image_generator_settings":{"template":"highway","default_image_id":0,"font":"","enabled":false},"version":2}},"categories":[1],"tags":[],"class_list":["post-30730","post","type-post","status-publish","format-standard","hentry","category-aiheeton","latest_post"],"jetpack_publicize_connections":[],"jetpack_featured_media_url":"","jetpack_shortlink":"https:\/\/wp.me\/sr4p4-30730","jetpack_sharing_enabled":true,"jetpack_likes_enabled":false,"jetpack-related-posts":[{"id":12273,"url":"https:\/\/www.satokangas.fi\/blogi\/2011\/08\/kaikenlaista-hyvaa\/","url_meta":{"origin":30730,"position":0},"title":"Kaikenlaista hyv\u00e4\u00e4","author":"Reija","date":"24.8.2011","format":false,"excerpt":"Nyt on niin paljon tullut kirjoitettua t\u00e4n\u00e4\u00e4n ettei l\u00e4hde kuin luettelo. Monta hyv\u00e4\u00e4 asiaa: - Lenkill\u00e4 klo 6.32 merenrannassa tyynt\u00e4, vain v\u00e4h\u00e4n viile\u00e4\u00e4, lokit on viel\u00e4 hiljaa. Aamut vaan on niin hyvi\u00e4. - Kaksi tuntia tuotan tieteellist\u00e4 teksti\u00e4 niin ettei moneen kuukauteen. - Lounaaksi j\u00e4\u00e4kahvia. Miksen tee sit\u00e4 useammin? -\u2026","rel":"","context":"Kategoriassa &quot;Niit\u00e4 n\u00e4it\u00e4&quot;","block_context":{"text":"Niit\u00e4 n\u00e4it\u00e4","link":"https:\/\/www.satokangas.fi\/blogi\/category\/aiheeton\/"},"img":{"alt_text":"","src":"","width":0,"height":0},"classes":[]},{"id":12788,"url":"https:\/\/www.satokangas.fi\/blogi\/2011\/11\/ulkona-ja-sisalla\/","url_meta":{"origin":30730,"position":1},"title":"Ulkona ja sis\u00e4ll\u00e4","author":"Reija","date":"6.11.2011","format":false,"excerpt":"Merenrannassa aamulla sorsat eiv\u00e4t halunneet kaislikosta l\u00e4hte\u00e4, lokitkin olivat hiljaa, lenteliv\u00e4t vain ilmavirran viem\u00e4n\u00e4 hiljalleen. Nallikarin aallonmurtajaa ei n\u00e4kynyt. Vaisua, kalseaa. Puistossa siltojen kannet liukkaita kosteudesta.\u00a0 Toppilassa talojen v\u00e4list\u00e4 tuuli puhalsi hyyt\u00e4v\u00e4sti. Ja siltikin oli hyv\u00e4 k\u00e4vell\u00e4. Reippaasti, paljon. Sain happea, raitista ilmaa, jolle osaa kyll\u00e4 Kiinan reissun j\u00e4lkeen kummasti\u2026","rel":"","context":"Kategoriassa &quot;Niit\u00e4 n\u00e4it\u00e4&quot;","block_context":{"text":"Niit\u00e4 n\u00e4it\u00e4","link":"https:\/\/www.satokangas.fi\/blogi\/category\/aiheeton\/"},"img":{"alt_text":"","src":"","width":0,"height":0},"classes":[]},{"id":47999,"url":"https:\/\/www.satokangas.fi\/blogi\/2023\/12\/ruusu-se-on-tamakin\/","url_meta":{"origin":30730,"position":2},"title":"Ruusu se on t\u00e4m\u00e4kin!","author":"Reija","date":"14.12.2023","format":false,"excerpt":"Nyt kyll\u00e4 sattuu! Mieleen ja kehoon, isosti. \u00a0","rel":"","context":"Kategoriassa &quot;Niit\u00e4 n\u00e4it\u00e4&quot;","block_context":{"text":"Niit\u00e4 n\u00e4it\u00e4","link":"https:\/\/www.satokangas.fi\/blogi\/category\/aiheeton\/"},"img":{"alt_text":"","src":"https:\/\/i0.wp.com\/www.satokangas.fi\/blogi\/wp-content\/uploads\/2012\/12\/jouluruusu.jpg?resize=350%2C200&ssl=1","width":350,"height":200,"srcset":"https:\/\/i0.wp.com\/www.satokangas.fi\/blogi\/wp-content\/uploads\/2012\/12\/jouluruusu.jpg?resize=350%2C200&ssl=1 1x, https:\/\/i0.wp.com\/www.satokangas.fi\/blogi\/wp-content\/uploads\/2012\/12\/jouluruusu.jpg?resize=525%2C300&ssl=1 1.5x, https:\/\/i0.wp.com\/www.satokangas.fi\/blogi\/wp-content\/uploads\/2012\/12\/jouluruusu.jpg?resize=700%2C400&ssl=1 2x, https:\/\/i0.wp.com\/www.satokangas.fi\/blogi\/wp-content\/uploads\/2012\/12\/jouluruusu.jpg?resize=1050%2C600&ssl=1 3x"},"classes":[]},{"id":15939,"url":"https:\/\/www.satokangas.fi\/blogi\/2012\/12\/kauniissa-kaamoksessa\/","url_meta":{"origin":30730,"position":3},"title":"Kauniissa kaamoksessa","author":"Reija","date":"8.12.2012","format":false,"excerpt":"Kohtsill\u00e4\u00e4n her\u00e4tty\u00e4ni halusin ulos, sill\u00e4 pakkasta juurikin sopivasti, hulppeasti vain -8 C. Ihan tyven, ei sada lunta. Ladulle l\u00e4hdin ja siell\u00e4 viihdyin. Hiljaisessa, hiljalleen h\u00e4m\u00e4r\u00e4st\u00e4 valkeaksi aukeavassa aamussa hiihtelin yksikseni, loistavassa keliss\u00e4, hyvill\u00e4 mielin.\u00a0K\u00e4nnykamera oli sent\u00e4\u00e4n mukana.\u00a0 P\u00e4iv\u00e4 kulunut Laanilan historia -projektin ja yhden kirjallisen joululahjan kanssa puuhatessa. Takkatulen loimussa,\u2026","rel":"","context":"Kategoriassa &quot;Lappi&quot;","block_context":{"text":"Lappi","link":"https:\/\/www.satokangas.fi\/blogi\/category\/lappi\/"},"img":{"alt_text":"","src":"https:\/\/i0.wp.com\/www.satokangas.fi\/blogi\/wp-content\/uploads\/2012\/12\/aamuladulla-1-532x400.jpg?resize=350%2C200&ssl=1","width":350,"height":200,"srcset":"https:\/\/i0.wp.com\/www.satokangas.fi\/blogi\/wp-content\/uploads\/2012\/12\/aamuladulla-1-532x400.jpg?resize=350%2C200&ssl=1 1x, https:\/\/i0.wp.com\/www.satokangas.fi\/blogi\/wp-content\/uploads\/2012\/12\/aamuladulla-1-532x400.jpg?resize=525%2C300&ssl=1 1.5x"},"classes":[]},{"id":3768,"url":"https:\/\/www.satokangas.fi\/blogi\/2009\/07\/ulkomaanmatkoja\/","url_meta":{"origin":30730,"position":4},"title":"Ulkomaanmatkoja","author":"Reija","date":"9.7.2009","format":false,"excerpt":"Niinh\u00e4n me tytt\u00e4ren kanssa tehtiin, ett\u00e4 puolilta p\u00e4ivin l\u00e4hdimme ulkomaille. Kohteena Haaparannan Ikea. Eih\u00e4n me t\u00e4t\u00e4 olisi uskottu, ett\u00e4 shoppaamaan l\u00e4hdet\u00e4\u00e4n, mutta niinh\u00e4n tehtiin. Ja shopattiinkin: paistinpannu tytt\u00e4relle ja grilliparila minulle. Tunti hurahti Ikeassa ihmetelless\u00e4, ja sitten Ica Maxiin ja Systembolagetiin. Kahdessa j\u00e4lkimm\u00e4isess\u00e4 meni melkein yht\u00e4 kauan kuin ensimm\u00e4isess\u00e4. V\u00e4h\u00e4n\u2026","rel":"","context":"Kategoriassa &quot;Niit\u00e4 n\u00e4it\u00e4&quot;","block_context":{"text":"Niit\u00e4 n\u00e4it\u00e4","link":"https:\/\/www.satokangas.fi\/blogi\/category\/aiheeton\/"},"img":{"alt_text":"","src":"","width":0,"height":0},"classes":[]},{"id":29504,"url":"https:\/\/www.satokangas.fi\/blogi\/2016\/10\/leppoisaa-lomailua\/","url_meta":{"origin":30730,"position":5},"title":"Leppoisaa lomailua","author":"Reija","date":"25.10.2016","format":false,"excerpt":"V\u00e4h\u00e4n erilainen patikka t\u00e4n\u00e4\u00e4n. Emmaljunga-yst\u00e4v\u00e4llinen reitti oli l\u00f6ydett\u00e4v\u00e4. Kyll\u00e4 meinasi minua naurattaa t\u00e4m\u00e4n jonon kannoilla kulkiessani. Arvaattekos, mik\u00e4 Lapin tunturien kupeissa, kurujen kyljiss\u00e4 Apsua eniten h\u00e4mm\u00e4stytti? - Orava? Isosti soliseva tunturipuro? Muutamat satunnaiset lumihiutaleet? Isot korkealle nousevat kelot? Mik\u00e4 h\u00e4mm\u00e4stytti? Mik\u00e4 sai pojanpojan katseen nauliintumaan n\u00e4in? ISO mets\u00e4traktori, joka n\u00e4htiin\u2026","rel":"","context":"Kategoriassa &quot;Isovanhemmuus&quot;","block_context":{"text":"Isovanhemmuus","link":"https:\/\/www.satokangas.fi\/blogi\/category\/isovanhemmuus\/"},"img":{"alt_text":"2","src":"https:\/\/i0.wp.com\/www.satokangas.fi\/blogi\/wp-content\/uploads\/2016\/10\/2-600x393.jpg?resize=350%2C200&ssl=1","width":350,"height":200,"srcset":"https:\/\/i0.wp.com\/www.satokangas.fi\/blogi\/wp-content\/uploads\/2016\/10\/2-600x393.jpg?resize=350%2C200&ssl=1 1x, https:\/\/i0.wp.com\/www.satokangas.fi\/blogi\/wp-content\/uploads\/2016\/10\/2-600x393.jpg?resize=525%2C300&ssl=1 1.5x"},"classes":[]}],"_links":{"self":[{"href":"https:\/\/www.satokangas.fi\/blogi\/wp-json\/wp\/v2\/posts\/30730","targetHints":{"allow":["GET"]}}],"collection":[{"href":"https:\/\/www.satokangas.fi\/blogi\/wp-json\/wp\/v2\/posts"}],"about":[{"href":"https:\/\/www.satokangas.fi\/blogi\/wp-json\/wp\/v2\/types\/post"}],"author":[{"embeddable":true,"href":"https:\/\/www.satokangas.fi\/blogi\/wp-json\/wp\/v2\/users\/1"}],"replies":[{"embeddable":true,"href":"https:\/\/www.satokangas.fi\/blogi\/wp-json\/wp\/v2\/comments?post=30730"}],"version-history":[{"count":0,"href":"https:\/\/www.satokangas.fi\/blogi\/wp-json\/wp\/v2\/posts\/30730\/revisions"}],"wp:attachment":[{"href":"https:\/\/www.satokangas.fi\/blogi\/wp-json\/wp\/v2\/media?parent=30730"}],"wp:term":[{"taxonomy":"category","embeddable":true,"href":"https:\/\/www.satokangas.fi\/blogi\/wp-json\/wp\/v2\/categories?post=30730"},{"taxonomy":"post_tag","embeddable":true,"href":"https:\/\/www.satokangas.fi\/blogi\/wp-json\/wp\/v2\/tags?post=30730"}],"curies":[{"name":"wp","href":"https:\/\/api.w.org\/{rel}","templated":true}]}}