{"id":30504,"date":"2017-03-20T21:31:03","date_gmt":"2017-03-20T19:31:03","guid":{"rendered":"https:\/\/www.satokangas.fi\/blogi\/?p=30504"},"modified":"2017-03-20T21:37:26","modified_gmt":"2017-03-20T19:37:26","slug":"nimen-parissa-viela","status":"publish","type":"post","link":"https:\/\/www.satokangas.fi\/blogi\/2017\/03\/nimen-parissa-viela\/","title":{"rendered":"Nimen parissa viel\u00e4"},"content":{"rendered":"<p style=\"text-align: justify;\">Olipas se viikonlopun intensiivisen koulupenkill\u00e4 ja auton ratissa istumisen j\u00e4lkeen ilo olla t\u00e4n\u00e4\u00e4n tepastelemassa ristiin rastiin kaupungilla ja rannoilla. Semminkin kun t\u00e4n\u00e4\u00e4n aurinko paistoi siniselt\u00e4 taivaalta ja hanget kimmelsiv\u00e4t.<\/p>\n<p style=\"text-align: justify;\">Ja siell\u00e4 k\u00e4velless\u00e4 se toiminimi sitten v\u00e4l\u00e4hti kirkkaana mieleen: monet hyv\u00e4t ehdotukset risteiliv\u00e4t mieless\u00e4, \u00a0&#8211; t\u00e4ss\u00e4 ne kaikki:<\/p>\n<p style=\"text-align: justify; padding-left: 30px;\"><em>Reijan kuva ja kirja, Tuulenvire, Aurinkotuuli, Voimatuuli, Fotolibro, Kyll\u00e4hoituu, Ilo ja kunnia, Elontaito, Silm\u00e4 kuin helmi, Lapinloimu, &#8221;tietysti Tuulestatemmattu&#8221;, Tuulestatempaaja, Kangastuksia, Kuva-Kangastus, Kuvasatoa, Reijailua, Sato-Kuva, Kuvien-Satoa, Fotokangas,\u00a0Tmi KuvanKaunista, Reijan Kuva &amp; Sana (t\u00e4ss\u00e4 on jotain turhan raamatullista \ud83d\ude09 ), Kuvasatoa, Ajankuva.<\/em><\/p>\n<p style=\"text-align: justify;\">Ja sitten <em>P\u00e4nti\u00f6nn\u00e4\u00e4n<\/em> (oululainen murresana, joka tarkoittaa jotain sellaista kuin yht\u00e4 mittaa, jatkuvasti, koko ajan). Ehdottaja kertoi, ett\u00e4\u00a0h\u00e4nelle on muodostunut minusta (blogin ja v\u00e4h\u00e4isen kirjeenvaihtomme kautta, emme tunne muuten) k\u00e4sitys sellaisesta &#8221;Hankkija &#8211; monessa mukana&#8221; -fiilis \ud83d\ude00 joten siksi P\u00e4nti\u00f6nn\u00e4\u00e4n sopisi kuulemma hyvin. Olisi ainakin erikoisuudellaan mieleenj\u00e4\u00e4v\u00e4 valokuvaus- ja historian tuotteistamisliikkeen nimi!<\/p>\n<p style=\"text-align: justify;\">Monesta pidin, muutama suosikki oli kyll\u00e4 jo varattukin, ja samaa nime\u00e4h\u00e4n ei saa valita. <em>Kuvasatoa<\/em> oli yksi lemppareitani, samoin kuin <em>Ajankuva<\/em>, sill\u00e4 siin\u00e4 on se historiaosuuskin hyvin mukana. Tuuli-jutut tietysti itsell\u00e4kin mieless\u00e4. Mutta kyll\u00e4 siin\u00e4 lopulta k\u00e4vi niin, ett\u00e4 Patentti- ja Rekisterihallitukseen l\u00e4htee huomenna toiminimihakemus, jossa ei ole yksik\u00e4\u00e4n noista nimist\u00e4, mutta sit\u00e4 en olisi keksinyt ilman noita hyvi\u00e4 ehdotuksia. Siis kiitos viel\u00e4 kaikille osallistuneille!<\/p>\n<p style=\"text-align: justify;\">Perheen markkinoinnin ja digitaalisen median asiantuntija arvioi, ett\u00e4 valinta on aika hyv\u00e4. Mutta en kerro viel\u00e4. Kunhan saan vastauksen sielt\u00e4 PRH:sta niin sitten julkistan.<\/p>\n<p style=\"text-align: justify;\"><a href=\"https:\/\/www.satokangas.fi\/blogi\/wp-content\/uploads\/2017\/03\/Tulppaani.jpg\"><img loading=\"lazy\" decoding=\"async\" data-attachment-id=\"30506\" data-permalink=\"https:\/\/www.satokangas.fi\/blogi\/2017\/03\/nimen-parissa-viela\/tulppaani-3\/\" data-orig-file=\"https:\/\/www.satokangas.fi\/blogi\/wp-content\/uploads\/2017\/03\/Tulppaani.jpg\" data-orig-size=\"1583,1600\" data-comments-opened=\"1\" data-image-meta=\"{&quot;aperture&quot;:&quot;5&quot;,&quot;credit&quot;:&quot;Reija Satokangas&quot;,&quot;camera&quot;:&quot;Canon EOS 6D&quot;,&quot;caption&quot;:&quot;&quot;,&quot;created_timestamp&quot;:&quot;1489320558&quot;,&quot;copyright&quot;:&quot;&quot;,&quot;focal_length&quot;:&quot;100&quot;,&quot;iso&quot;:&quot;1250&quot;,&quot;shutter_speed&quot;:&quot;0.003125&quot;,&quot;title&quot;:&quot;&quot;,&quot;orientation&quot;:&quot;0&quot;}\" data-image-title=\"Tulppaani\" data-image-description=\"\" data-image-caption=\"\" data-large-file=\"https:\/\/www.satokangas.fi\/blogi\/wp-content\/uploads\/2017\/03\/Tulppaani-1013x1024.jpg\" class=\"aligncenter size-medium wp-image-30506\" src=\"https:\/\/www.satokangas.fi\/blogi\/wp-content\/uploads\/2017\/03\/Tulppaani-396x400.jpg\" alt=\"\" width=\"396\" height=\"400\" srcset=\"https:\/\/www.satokangas.fi\/blogi\/wp-content\/uploads\/2017\/03\/Tulppaani-396x400.jpg 396w, https:\/\/www.satokangas.fi\/blogi\/wp-content\/uploads\/2017\/03\/Tulppaani-297x300.jpg 297w, https:\/\/www.satokangas.fi\/blogi\/wp-content\/uploads\/2017\/03\/Tulppaani-768x776.jpg 768w, https:\/\/www.satokangas.fi\/blogi\/wp-content\/uploads\/2017\/03\/Tulppaani-1013x1024.jpg 1013w, https:\/\/www.satokangas.fi\/blogi\/wp-content\/uploads\/2017\/03\/Tulppaani-1200x1213.jpg 1200w, https:\/\/www.satokangas.fi\/blogi\/wp-content\/uploads\/2017\/03\/Tulppaani-50x50.jpg 50w, https:\/\/www.satokangas.fi\/blogi\/wp-content\/uploads\/2017\/03\/Tulppaani.jpg 1583w\" sizes=\"auto, (max-width: 396px) 100vw, 396px\" \/><\/a><\/p>\n<p style=\"text-align: center;\"><span style=\"color: #808000;\"><em>Kuva kannattaa klikata isommaksi.\u00a0<\/em><\/span><\/p>\n","protected":false},"excerpt":{"rendered":"<p>Olipas se viikonlopun intensiivisen koulupenkill\u00e4 ja auton ratissa istumisen j\u00e4lkeen ilo olla t\u00e4n\u00e4\u00e4n tepastelemassa ristiin rastiin kaupungilla ja rannoilla. Semminkin kun t\u00e4n\u00e4\u00e4n aurinko paistoi siniselt\u00e4 taivaalta ja hanget kimmelsiv\u00e4t. Ja siell\u00e4 k\u00e4velless\u00e4 se toiminimi sitten v\u00e4l\u00e4hti kirkkaana mieleen: monet hyv\u00e4t ehdotukset risteiliv\u00e4t mieless\u00e4, \u00a0&#8211; t\u00e4ss\u00e4 ne kaikki: Reijan kuva ja kirja, Tuulenvire, Aurinkotuuli, Voimatuuli, Fotolibro, Kyll\u00e4hoituu, Ilo ja kunnia, Elontaito, &hellip; <\/p>\n","protected":false},"author":1,"featured_media":0,"comment_status":"open","ping_status":"open","sticky":false,"template":"","format":"standard","meta":{"jetpack_post_was_ever_published":false,"_jetpack_newsletter_access":"","_jetpack_dont_email_post_to_subs":true,"_jetpack_newsletter_tier_id":0,"_jetpack_memberships_contains_paywalled_content":false,"_jetpack_memberships_contains_paid_content":false,"footnotes":"","jetpack_publicize_message":"","jetpack_publicize_feature_enabled":true,"jetpack_social_post_already_shared":true,"jetpack_social_options":{"image_generator_settings":{"template":"highway","default_image_id":0,"font":"","enabled":false},"version":2}},"categories":[1],"tags":[],"class_list":["post-30504","post","type-post","status-publish","format-standard","hentry","category-aiheeton","latest_post"],"jetpack_publicize_connections":[],"jetpack_featured_media_url":"","jetpack_shortlink":"https:\/\/wp.me\/pr4p4-7W0","jetpack_sharing_enabled":true,"jetpack_likes_enabled":false,"jetpack-related-posts":[{"id":35529,"url":"https:\/\/www.satokangas.fi\/blogi\/2018\/12\/wienin-kuvasatoa\/","url_meta":{"origin":30504,"position":0},"title":"Wienin kuvasatoa","author":"Reija","date":"14.12.2018","format":false,"excerpt":"Olen t\u00e4ss\u00e4 illan valinnut ja muokkaillut Wienin kuvia. Kahden ensimm\u00e4isen p\u00e4iv\u00e4n sato pit\u00e4isi (huom. pit\u00e4isi) olla suunnilleen valmiina... En paljon selittele. Edellisten p\u00e4ivien p\u00e4iv\u00e4kirjamerkinn\u00e4t kertonevat mst\u00e4 n\u00e4iss\u00e4 on kyse...\u00a0 Huomenissa kuvamatka jatkuu. Toivottavasti. Sill\u00e4 on ollut v\u00e4h\u00e4n \"ruuhkaista\" t\u00e4m\u00e4 muutaman p\u00e4iv\u00e4n j\u00e4lkeinen kotiinpaluu...\u00a0 Ai niin, ennen kuin alatte katsella noita\u2026","rel":"","context":"Kategoriassa &quot;Niit\u00e4 n\u00e4it\u00e4&quot;","block_context":{"text":"Niit\u00e4 n\u00e4it\u00e4","link":"https:\/\/www.satokangas.fi\/blogi\/category\/aiheeton\/"},"img":{"alt_text":"","src":"https:\/\/i0.wp.com\/www.satokangas.fi\/blogi\/wp-content\/uploads\/2018\/12\/1_2_paiva_Wien-2-300x200.jpg?resize=350%2C200&ssl=1","width":350,"height":200,"srcset":"https:\/\/i0.wp.com\/www.satokangas.fi\/blogi\/wp-content\/uploads\/2018\/12\/1_2_paiva_Wien-2-300x200.jpg?resize=350%2C200&ssl=1 1x, https:\/\/i0.wp.com\/www.satokangas.fi\/blogi\/wp-content\/uploads\/2018\/12\/1_2_paiva_Wien-2-300x200.jpg?resize=525%2C300&ssl=1 1.5x, https:\/\/i0.wp.com\/www.satokangas.fi\/blogi\/wp-content\/uploads\/2018\/12\/1_2_paiva_Wien-2-300x200.jpg?resize=700%2C400&ssl=1 2x"},"classes":[]},{"id":25250,"url":"https:\/\/www.satokangas.fi\/blogi\/2015\/07\/kuvasatoa-kotiseuturetkelta\/","url_meta":{"origin":30504,"position":1},"title":"Kuvasatoa kotiseuturetkelt\u00e4","author":"Reija","date":"16.7.2015","format":false,"excerpt":"Viel\u00e4 eiliseen retkeeni ja sen kuvasatoon palaan ... T\u00e4llainenkin sattui retkell\u00e4 kohdalle, kyselin perheelt\u00e4, mink\u00e4 he ajattelivat sen olevan? - Ja miten loistavia arvauksia, todellakin arvauksia, eik\u00e4 tietoa: \"Puutarhap\u00f6yt\u00e4, jossa on ollut paksuvartinen muinainen aurinkovarjo\" ja \"Joku l\u00e4mmitt\u00e4v\u00e4 penkki, eli joku hiiliastia alle. ;)\" Ja sitten jatkuu: \"Kuuden hengen gt-p\u00f6yt\u00e4.\u2026","rel":"","context":"Kategoriassa &quot;Niit\u00e4 n\u00e4it\u00e4&quot;","block_context":{"text":"Niit\u00e4 n\u00e4it\u00e4","link":"https:\/\/www.satokangas.fi\/blogi\/category\/aiheeton\/"},"img":{"alt_text":"A-2","src":"https:\/\/i0.wp.com\/www.satokangas.fi\/blogi\/wp-content\/uploads\/2015\/07\/A-2-600x400.jpg?resize=350%2C200&ssl=1","width":350,"height":200,"srcset":"https:\/\/i0.wp.com\/www.satokangas.fi\/blogi\/wp-content\/uploads\/2015\/07\/A-2-600x400.jpg?resize=350%2C200&ssl=1 1x, https:\/\/i0.wp.com\/www.satokangas.fi\/blogi\/wp-content\/uploads\/2015\/07\/A-2-600x400.jpg?resize=525%2C300&ssl=1 1.5x"},"classes":[]},{"id":32528,"url":"https:\/\/www.satokangas.fi\/blogi\/2017\/11\/paivan-kuvasatoa\/","url_meta":{"origin":30504,"position":2},"title":"P\u00e4iv\u00e4n kuvasatoa","author":"Reija","date":"7.11.2017","format":false,"excerpt":"Eih\u00e4n t\u00e4ss\u00e4 mill\u00e4\u00e4n meinaa ehti\u00e4 blogin \u00e4\u00e4reen. Touhup\u00e4iv\u00e4, ja iltakin, ja sitten viel\u00e4 yht\u00e4kki\u00e4 puhelimessa revontuli-appsi ilmoittaa, ett\u00e4 t\u00e4n\u00e4\u00e4n voisi olla vihre\u00e4\u00e4 kuvattavaa. Ja siin\u00e4 samassa kotipihalle! Varttitunnin oli kauniita kaaria joka puolella, ja samaan aikaan kuu nousemassa id\u00e4n taivaalta. Onneksi en l\u00e4htenyt ajelemaan mihink\u00e4\u00e4n Nallikariin tms., sill\u00e4 valoshow oli\u2026","rel":"","context":"Kategoriassa &quot;Valokuvaus&quot;","block_context":{"text":"Valokuvaus","link":"https:\/\/www.satokangas.fi\/blogi\/category\/valokuvaus\/"},"img":{"alt_text":"","src":"https:\/\/i0.wp.com\/www.satokangas.fi\/blogi\/wp-content\/uploads\/2017\/11\/Nallikari-panoraama-pallona-2.jpg?resize=350%2C200&ssl=1","width":350,"height":200,"srcset":"https:\/\/i0.wp.com\/www.satokangas.fi\/blogi\/wp-content\/uploads\/2017\/11\/Nallikari-panoraama-pallona-2.jpg?resize=350%2C200&ssl=1 1x, https:\/\/i0.wp.com\/www.satokangas.fi\/blogi\/wp-content\/uploads\/2017\/11\/Nallikari-panoraama-pallona-2.jpg?resize=525%2C300&ssl=1 1.5x, https:\/\/i0.wp.com\/www.satokangas.fi\/blogi\/wp-content\/uploads\/2017\/11\/Nallikari-panoraama-pallona-2.jpg?resize=700%2C400&ssl=1 2x"},"classes":[]},{"id":22429,"url":"https:\/\/www.satokangas.fi\/blogi\/2014\/09\/kuvia-ajanlaskua-ja-flunssa-aaltoa\/","url_meta":{"origin":30504,"position":3},"title":"Kuvia, ajanlaskua ja flunssa-aaltoa","author":"Reija","date":"15.9.2014","format":false,"excerpt":"Viel\u00e4 v\u00e4h\u00e4n eilist\u00e4 kuvasatoa t\u00e4h\u00e4n. Ohi haasteiden. T\u00e4ss\u00e4 V\u00e4rt\u00f6n alikulun sein\u00e4\u00e4n maalatussa hengenpelastajan kopin sein\u00e4ss\u00e4 on viisaita sanoja... Ja monia muitakin pieni\u00e4 vieh\u00e4tt\u00e4vi\u00e4 yksityiskohtia .... hevosten lis\u00e4ksi. :) Kun t\u00e4m\u00e4 kilpurin kuva \"julkistuu\", on Tuulestatemmatussa yhteens\u00e4 9300 kuvaa!! 9300!! T\u00e4n\u00e4\u00e4n hurjan m\u00e4\u00e4r\u00e4n pikkuisia ty\u00f6juttuja sain tehdyksi. Sitten mietin, ett\u00e4 min\u00e4,\u2026","rel":"","context":"Kategoriassa &quot;Niit\u00e4 n\u00e4it\u00e4&quot;","block_context":{"text":"Niit\u00e4 n\u00e4it\u00e4","link":"https:\/\/www.satokangas.fi\/blogi\/category\/aiheeton\/"},"img":{"alt_text":"alikulkutaidetta-3","src":"https:\/\/i0.wp.com\/www.satokangas.fi\/blogi\/wp-content\/uploads\/2014\/09\/alikulkutaidetta-3-537x400.jpg?resize=350%2C200&ssl=1","width":350,"height":200,"srcset":"https:\/\/i0.wp.com\/www.satokangas.fi\/blogi\/wp-content\/uploads\/2014\/09\/alikulkutaidetta-3-537x400.jpg?resize=350%2C200&ssl=1 1x, https:\/\/i0.wp.com\/www.satokangas.fi\/blogi\/wp-content\/uploads\/2014\/09\/alikulkutaidetta-3-537x400.jpg?resize=525%2C300&ssl=1 1.5x"},"classes":[]},{"id":26350,"url":"https:\/\/www.satokangas.fi\/blogi\/2015\/09\/hajahuomioita-ligurian-vaelluksen-varrelta\/","url_meta":{"origin":30504,"position":4},"title":"Hajahuomioita Ligurian vaelluksen varrelta","author":"Reija","date":"28.9.2015","format":false,"excerpt":"Viel\u00e4 Liguriassa... sielu (tai oliskohan vaan mieli) tulee v\u00e4h\u00e4n hitaampaa per\u00e4ss\u00e4. P\u00e4iv\u00e4n pyykkien, pankkiasioiden, postien, Tahvon piipahduksen, \u00e4idin luona k\u00e4ynnin, j\u00e4\u00e4kaapin normalisoinnin, hanskojen ja l\u00e4mpim\u00e4n takin k\u00e4ytt\u00f6\u00f6noton, py\u00f6r\u00e4lenkin, kaikenmoisen matkaltapaluun s\u00e4l\u00e4n j\u00e4lkeen nyt alkaa palikat olla paikallaan. Pehtoori on - luonnollisesti - hoidellut puutarhaa, jonne min\u00e4 en viel\u00e4 ehtinyt. ...\u2026","rel":"","context":"Kategoriassa &quot;Italia&quot;","block_context":{"text":"Italia","link":"https:\/\/www.satokangas.fi\/blogi\/category\/italia\/"},"img":{"alt_text":"Milano-2","src":"https:\/\/i0.wp.com\/www.satokangas.fi\/blogi\/wp-content\/uploads\/2015\/09\/Milano-2-600x400.jpg?resize=350%2C200&ssl=1","width":350,"height":200,"srcset":"https:\/\/i0.wp.com\/www.satokangas.fi\/blogi\/wp-content\/uploads\/2015\/09\/Milano-2-600x400.jpg?resize=350%2C200&ssl=1 1x, https:\/\/i0.wp.com\/www.satokangas.fi\/blogi\/wp-content\/uploads\/2015\/09\/Milano-2-600x400.jpg?resize=525%2C300&ssl=1 1.5x"},"classes":[]},{"id":12251,"url":"https:\/\/www.satokangas.fi\/blogi\/2011\/08\/kuvasatoa-lounais-suomesta\/","url_meta":{"origin":30504,"position":5},"title":"Kuvasatoa Lounais-Suomesta","author":"Reija","date":"22.8.2011","format":false,"excerpt":"Viel\u00e4 lomasen tunnelmissa. Kapitulista ei minulla ole kuvia. Olen lopettanut kameran rahtaamisen illallisille. Siit\u00e4 ei tule kuin paha mieli, ja h\u00e4iri\u00f6t\u00e4. Ja kapitulista saa virallisen kuva-CD:n tilattua, joten omia kuvia ei ole. Mutta keskiviikon matka Oulusta Kristiinankaupungin kautta Raumalle on kuvattu. Ja Eurajoella olleen majapaikkamme Vuojoen kartanon fotografiirasin jotenkin huolellisesti.\u2026","rel":"","context":"Kategoriassa &quot;Valokuvaus&quot;","block_context":{"text":"Valokuvaus","link":"https:\/\/www.satokangas.fi\/blogi\/category\/valokuvaus\/"},"img":{"alt_text":"","src":"https:\/\/i0.wp.com\/www.satokangas.fi\/blogi\/wp-content\/uploads\/Kitukrann-370x400.jpg?resize=350%2C200&ssl=1","width":350,"height":200},"classes":[]}],"_links":{"self":[{"href":"https:\/\/www.satokangas.fi\/blogi\/wp-json\/wp\/v2\/posts\/30504","targetHints":{"allow":["GET"]}}],"collection":[{"href":"https:\/\/www.satokangas.fi\/blogi\/wp-json\/wp\/v2\/posts"}],"about":[{"href":"https:\/\/www.satokangas.fi\/blogi\/wp-json\/wp\/v2\/types\/post"}],"author":[{"embeddable":true,"href":"https:\/\/www.satokangas.fi\/blogi\/wp-json\/wp\/v2\/users\/1"}],"replies":[{"embeddable":true,"href":"https:\/\/www.satokangas.fi\/blogi\/wp-json\/wp\/v2\/comments?post=30504"}],"version-history":[{"count":0,"href":"https:\/\/www.satokangas.fi\/blogi\/wp-json\/wp\/v2\/posts\/30504\/revisions"}],"wp:attachment":[{"href":"https:\/\/www.satokangas.fi\/blogi\/wp-json\/wp\/v2\/media?parent=30504"}],"wp:term":[{"taxonomy":"category","embeddable":true,"href":"https:\/\/www.satokangas.fi\/blogi\/wp-json\/wp\/v2\/categories?post=30504"},{"taxonomy":"post_tag","embeddable":true,"href":"https:\/\/www.satokangas.fi\/blogi\/wp-json\/wp\/v2\/tags?post=30504"}],"curies":[{"name":"wp","href":"https:\/\/api.w.org\/{rel}","templated":true}]}}