{"id":30492,"date":"2017-03-17T21:21:04","date_gmt":"2017-03-17T19:21:04","guid":{"rendered":"https:\/\/www.satokangas.fi\/blogi\/?p=30492"},"modified":"2017-03-17T21:37:35","modified_gmt":"2017-03-17T19:37:35","slug":"30492","status":"publish","type":"post","link":"https:\/\/www.satokangas.fi\/blogi\/2017\/03\/30492\/","title":{"rendered":"Viimeinen kouluviikonloppu"},"content":{"rendered":"<p style=\"text-align: justify;\">Voiko jo maaliskuussa olla takatalvi? &#8211; T\u00e4n\u00e4 aamuna tuntui, ett\u00e4 voi. Keitti\u00f6n ikkunasta avautui vitivalkoinen maisema, johon viel\u00e4 satoi lis\u00e4\u00e4 r\u00e4nn\u00e4nsekaista lunta. Mik\u00e4 ei ilahduttanut, sill\u00e4 oli tien p\u00e4\u00e4lle l\u00e4ht\u00f6. Ajatuksenani oli ollut, ett\u00e4 l\u00e4hden hyviss\u00e4 ajoin, ajelen Kemin kautta, ja k\u00e4yn siell\u00e4 Lumilinnan katsomassa ja kuvailemassa, mutta ajatus R\u00e4nt\u00e4- saatikka vesisohjolinnasta ei houkuttanut, joten ajelinpa suoraan Tornioon. Lumilinna taitaa j\u00e4\u00e4d\u00e4 t\u00e4n\u00e4 vuonna k\u00e4ym\u00e4tt\u00e4, <a href=\"https:\/\/www.satokangas.fi\/blogi\/2016\/02\/viela-lumilinnassa\/\">viime vuonna<\/a> sen komeus kyll\u00e4 yll\u00e4tti ja juuri sen vuoksi olisi ollut mukava k\u00e4yd\u00e4 nytkin. Mutta ohi hurautin.<\/p>\n<p style=\"text-align: justify;\">Koskapa luulin koulun kest\u00e4v\u00e4n t\u00e4n\u00e4\u00e4n iltayhdeks\u00e4\u00e4n asti, k\u00e4vin jopa sy\u00f6m\u00e4ss\u00e4 ennen koululle menoa ja majoittumista. Perinteinen Systembolagetissa \u00a0ja Coopissa k\u00e4ynti ensin, ja sitten Haaparannan Leilani. Eip\u00e4 ollut siell\u00e4 pizza t\u00e4n\u00e4\u00e4n oikein onnistunutta.<\/p>\n<p style=\"text-align: justify;\">T\u00e4m\u00e4 viimeinen kouluviikonloppu on kovin erilainen kuin ne 15 edellist\u00e4 tai kolme n\u00e4ytt\u00f6viikonloppua. T\u00e4n\u00e4\u00e4n on vain &#8221;tunnilla&#8221; istumista. Ei kuvata &#8211; ei studiossa, ei milj\u00f6\u00f6ss\u00e4, ei maisemassa, ei k\u00e4sitell\u00e4 kuvia, ei katsella kuvia, ei keskustella kuvista, vaan opitaan mainontaa ja markkinointia, tekij\u00e4oikeuksia ja taloushallintoa, myynti\u00e4 ja meritoitumista. Tuosta vaan kolmessa p\u00e4iv\u00e4ss\u00e4 viiden, oikeastaan kuuden, eri asiantuntijan opastamana meist\u00e4 tulee kertaheitolla ammattilaisyritt\u00e4ji\u00e4. Tai ainakin varteenotettavia toiminimen haltijoita. Heh!<\/p>\n<p style=\"text-align: justify;\">Noh, ken leikkii ryhtyy, se leikin kest\u00e4k\u00f6\u00f6n. Eik\u00e4 koulu kest\u00e4nyt tavallista pidemp\u00e4\u00e4n, kahdeksalta jo t\u00e4\u00e4ll\u00e4 k\u00e4mpill\u00e4. T\u00e4m\u00e4 on taas uusi majapaikka: opiskelija-asuntoloista olen ollut jo Irmalassa, Kaunolassa (useimmiten), J\u00e4nk\u00e4l\u00e4ss\u00e4 ja Asuntola ykk\u00f6sess\u00e4 ja sitten hotelli Olofissa, Haaparannalla Vandrarhem Svefiss\u00e4 ja Vandrarhem Strand Motellissa. Nyt t\u00e4\u00e4ll\u00e4 Tipulassa. T\u00e4ll\u00e4 kertaa minulla yhden hengen huone, enk\u00e4 siis bunkkaa lattialla kuten Kaunolassa usein.<\/p>\n<p style=\"text-align: justify;\">Mietin vakavasti, ett\u00e4 jos viimeiseen &#8221;viralliseen&#8221; n\u00e4ytt\u00f6\u00f6n kolmen viikon p\u00e4\u00e4st\u00e4 tulisi ja majoittuisi Haaparannan <a href=\"http:\/\/www.haparandastadshotell.se\/fi\/\" target=\"_blank\">Kaunpunginhotellissa<\/a>. En ole koskaan edes k\u00e4ynyt siell\u00e4 sis\u00e4ll\u00e4.\u00a0En ole k\u00e4ynyt siell\u00e4 edes ravintolassa. Ja hotelli on v\u00e4h\u00e4n tyyriinpuoleinen opiskelijak\u00e4mp\u00e4ksi, \u00a0&#8230; joten joskopa majoittuisi jossain halpispaikassa ja k\u00e4visi hotellin ravintolassa sy\u00f6m\u00e4ss\u00e4 &#8211; sellainen minulle sopiva ratkaisu&#8230;<\/p>\n<p style=\"text-align: justify;\">\n","protected":false},"excerpt":{"rendered":"<p>Voiko jo maaliskuussa olla takatalvi? &#8211; T\u00e4n\u00e4 aamuna tuntui, ett\u00e4 voi. Keitti\u00f6n ikkunasta avautui vitivalkoinen maisema, johon viel\u00e4 satoi lis\u00e4\u00e4 r\u00e4nn\u00e4nsekaista lunta. Mik\u00e4 ei ilahduttanut, sill\u00e4 oli tien p\u00e4\u00e4lle l\u00e4ht\u00f6. Ajatuksenani oli ollut, ett\u00e4 l\u00e4hden hyviss\u00e4 ajoin, ajelen Kemin kautta, ja k\u00e4yn siell\u00e4 Lumilinnan katsomassa ja kuvailemassa, mutta ajatus R\u00e4nt\u00e4- saatikka vesisohjolinnasta ei houkuttanut, joten ajelinpa suoraan Tornioon. Lumilinna taitaa &hellip; <\/p>\n","protected":false},"author":1,"featured_media":0,"comment_status":"open","ping_status":"open","sticky":false,"template":"","format":"standard","meta":{"jetpack_post_was_ever_published":false,"_jetpack_newsletter_access":"","_jetpack_dont_email_post_to_subs":true,"_jetpack_newsletter_tier_id":0,"_jetpack_memberships_contains_paywalled_content":false,"_jetpack_memberships_contains_paid_content":false,"footnotes":"","jetpack_publicize_message":"","jetpack_publicize_feature_enabled":true,"jetpack_social_post_already_shared":true,"jetpack_social_options":{"image_generator_settings":{"template":"highway","default_image_id":0,"font":"","enabled":false},"version":2}},"categories":[1,77],"tags":[],"class_list":["post-30492","post","type-post","status-publish","format-standard","hentry","category-aiheeton","category-vat","latest_post"],"jetpack_publicize_connections":[],"jetpack_featured_media_url":"","jetpack_shortlink":"https:\/\/wp.me\/sr4p4-30492","jetpack_sharing_enabled":true,"jetpack_likes_enabled":false,"jetpack-related-posts":[{"id":27475,"url":"https:\/\/www.satokangas.fi\/blogi\/2016\/01\/kemin-lumilinnan-kautta-kouluun\/","url_meta":{"origin":30492,"position":0},"title":"Kemin Lumilinnan kautta kouluun","author":"Reija","date":"29.1.2016","format":false,"excerpt":"Aamu Iiss\u00e4 huikean kaunis, pakkasaamun hiljaisuus Iijoen rannalla. Mutta silti: l\u00e4hdin hyviss\u00e4 ajoin kohti Torniota, kohti koulua. Hyviss\u00e4 ajoin, jotta ehdin k\u00e4yd\u00e4 Kemin Lumilinnassa. Olen k\u00e4ynyt siell\u00e4 kerran aiemmin: lapset olivat ala-asteik\u00e4isi\u00e4, joten siit\u00e4 on kauan. Nyt on 21. linna; ja teema on keskiaika. Ulkona oli pakkasta -15 C, linnassa\u2026","rel":"","context":"Kategoriassa &quot;Niit\u00e4 n\u00e4it\u00e4&quot;","block_context":{"text":"Niit\u00e4 n\u00e4it\u00e4","link":"https:\/\/www.satokangas.fi\/blogi\/category\/aiheeton\/"},"img":{"alt_text":"Kemi Lumilinna_-6","src":"https:\/\/i0.wp.com\/www.satokangas.fi\/blogi\/wp-content\/uploads\/2016\/01\/Kemi-Lumilinna_-6-600x269.jpg?resize=350%2C200&ssl=1","width":350,"height":200,"srcset":"https:\/\/i0.wp.com\/www.satokangas.fi\/blogi\/wp-content\/uploads\/2016\/01\/Kemi-Lumilinna_-6-600x269.jpg?resize=350%2C200&ssl=1 1x, https:\/\/i0.wp.com\/www.satokangas.fi\/blogi\/wp-content\/uploads\/2016\/01\/Kemi-Lumilinna_-6-600x269.jpg?resize=525%2C300&ssl=1 1.5x"},"classes":[]},{"id":27586,"url":"https:\/\/www.satokangas.fi\/blogi\/2016\/02\/viela-lumilinnassa\/","url_meta":{"origin":30492,"position":1},"title":"Viel\u00e4 Lumilinnassa &#8230;","author":"Reija","date":"12.2.2016","format":false,"excerpt":"T\u00e4n\u00e4\u00e4n oli viininmaistiaiset. Juuri palasimme. Emme kuitenkaan olleet Kemiss\u00e4, emmek\u00e4 Lumilinnassa, jossa siell\u00e4kin on viinikellari, kuten kuvista n\u00e4kyy. [klikkaa isommaksi] N\u00e4it\u00e4 Lumilinna kuvia j\u00e4i silloin pari viikkoa sitten aika paljon laittelematta, ja kun se kerran oli niin hieno, niin t\u00e4h\u00e4n viel\u00e4 j\u00e4\u00e4taidetta sielt\u00e4. Keskiaikaisessa linnassa oli my\u00f6s hautaholvi, tai ainakin\u2026","rel":"","context":"Kategoriassa &quot;Niit\u00e4 n\u00e4it\u00e4&quot;","block_context":{"text":"Niit\u00e4 n\u00e4it\u00e4","link":"https:\/\/www.satokangas.fi\/blogi\/category\/aiheeton\/"},"img":{"alt_text":"Kemin Lumilinna 2016-5","src":"https:\/\/i0.wp.com\/www.satokangas.fi\/blogi\/wp-content\/uploads\/2016\/02\/Kemin-Lumilinna-2016-5-576x400.jpg?resize=350%2C200&ssl=1","width":350,"height":200,"srcset":"https:\/\/i0.wp.com\/www.satokangas.fi\/blogi\/wp-content\/uploads\/2016\/02\/Kemin-Lumilinna-2016-5-576x400.jpg?resize=350%2C200&ssl=1 1x, https:\/\/i0.wp.com\/www.satokangas.fi\/blogi\/wp-content\/uploads\/2016\/02\/Kemin-Lumilinna-2016-5-576x400.jpg?resize=525%2C300&ssl=1 1.5x"},"classes":[]},{"id":42425,"url":"https:\/\/www.satokangas.fi\/blogi\/2022\/02\/vain-yksi-pieni-vika\/","url_meta":{"origin":30492,"position":2},"title":"Vain yksi pieni vika","author":"Reija","date":"17.2.2022","format":false,"excerpt":"Hangasojalla kaikki hyvin, enemm\u00e4n kuin hyvin. Hiihtolomalaisia saapui iltap\u00e4iv\u00e4ll\u00e4. Ett\u00e4 olen iloinen, ett\u00e4 saimme heid\u00e4t t\u00e4nne, varsinkin kaksi pient\u00e4. Pehtoorin kanssa valmistelimme tuloaan aamup\u00e4iv\u00e4n ja p\u00e4iv\u00e4nkin. Ehdin k\u00e4yd\u00e4 lumiliukusuksilla tunnin lenkin, muutoin sapuskaa, petauksia, ja Pehtoori sai lumilinnan valmiiksi!! Ruoan j\u00e4lkeen kaikki ulos laskemaan m\u00e4ke\u00e4, lumilinnaan, purolle, linnuille ruokaa, rattikelkkarallia...\u2026","rel":"","context":"Kategoriassa &quot;Isovanhemmuus&quot;","block_context":{"text":"Isovanhemmuus","link":"https:\/\/www.satokangas.fi\/blogi\/category\/isovanhemmuus\/"},"img":{"alt_text":"","src":"https:\/\/i0.wp.com\/www.satokangas.fi\/blogi\/wp-content\/uploads\/2022\/02\/pihalla-3.jpg?resize=350%2C200&ssl=1","width":350,"height":200,"srcset":"https:\/\/i0.wp.com\/www.satokangas.fi\/blogi\/wp-content\/uploads\/2022\/02\/pihalla-3.jpg?resize=350%2C200&ssl=1 1x, https:\/\/i0.wp.com\/www.satokangas.fi\/blogi\/wp-content\/uploads\/2022\/02\/pihalla-3.jpg?resize=525%2C300&ssl=1 1.5x, https:\/\/i0.wp.com\/www.satokangas.fi\/blogi\/wp-content\/uploads\/2022\/02\/pihalla-3.jpg?resize=700%2C400&ssl=1 2x"},"classes":[]},{"id":26803,"url":"https:\/\/www.satokangas.fi\/blogi\/2015\/11\/kaupungin-valoja-kuvailemassa\/","url_meta":{"origin":30492,"position":3},"title":"Kaupungin valoja kuvailemassa","author":"Reija","date":"12.11.2015","format":false,"excerpt":"\"Kaupungin valot\" ajoivat aamuvarhaisella yl\u00f6s ja aika pian sitten uloskin. Olin ennen kahdeksaa Kiikelin rannassa, ja saman tien katulamput sammutettiin. Ja saman tien alkoi sataa r\u00e4nn\u00e4nsekaista tihkua, asfaltti kiilsi, oli kylm\u00e4 tuuli, ja ihan mielett\u00f6m\u00e4n harmaata. Eip\u00e4 ole ennen, aiemmin, tullut mielen viereenk\u00e4\u00e4n ajatus l\u00e4hte\u00e4\u00a0marraskuun\u00a0ankeana\u00a0(arki)aamuna ehdoin tahdoin ulkoilemaan. Saatikka kuvailemaan.\u2026","rel":"","context":"Kategoriassa &quot;Niit\u00e4 n\u00e4it\u00e4&quot;","block_context":{"text":"Niit\u00e4 n\u00e4it\u00e4","link":"https:\/\/www.satokangas.fi\/blogi\/category\/aiheeton\/"},"img":{"alt_text":"Kauppahalli MV_p","src":"https:\/\/i0.wp.com\/www.satokangas.fi\/blogi\/wp-content\/uploads\/2015\/11\/Kauppahalli-MV_p-600x400.jpg?resize=350%2C200&ssl=1","width":350,"height":200,"srcset":"https:\/\/i0.wp.com\/www.satokangas.fi\/blogi\/wp-content\/uploads\/2015\/11\/Kauppahalli-MV_p-600x400.jpg?resize=350%2C200&ssl=1 1x, https:\/\/i0.wp.com\/www.satokangas.fi\/blogi\/wp-content\/uploads\/2015\/11\/Kauppahalli-MV_p-600x400.jpg?resize=525%2C300&ssl=1 1.5x"},"classes":[]},{"id":40192,"url":"https:\/\/www.satokangas.fi\/blogi\/2021\/02\/ulkona-monenlaisissa-merkeissa\/","url_meta":{"origin":30492,"position":4},"title":"Ulkona monenlaisissa merkeiss\u00e4","author":"Reija","date":"6.2.2021","format":false,"excerpt":"\u00a0 Me on oltu ulkona sy\u00f6m\u00e4ss\u00e4. Me on tavattu yst\u00e4vi\u00e4. Me on nautittu valmiille menosta, ihanasta valpolicellasta ja alkuruoaksi huikean isosta blinitarjoilusta. P\u00e4\u00e4ruokana pehmeit\u00e4, aromaattisia, makeita, vihanneksin h\u00f6ystettyj\u00e4 possunposkia... Ja min\u00e4kin otin my\u00f6s j\u00e4lkk\u00e4rin! Vadelmasorbet ja salmiakki-pannacotta. Oi, ett\u00e4. Kyll\u00e4 kannatti. Ja totta puhuen, vaikka ruoka oli erinomaista, oli parasta\u2026","rel":"","context":"Kategoriassa &quot;Ravintolat&quot;","block_context":{"text":"Ravintolat","link":"https:\/\/www.satokangas.fi\/blogi\/category\/ruoka_ja_viini\/ravintolat-ruoka_ja_viini\/"},"img":{"alt_text":"","src":"https:\/\/i0.wp.com\/www.satokangas.fi\/blogi\/wp-content\/uploads\/2021\/02\/pastelli.jpg?resize=350%2C200&ssl=1","width":350,"height":200,"srcset":"https:\/\/i0.wp.com\/www.satokangas.fi\/blogi\/wp-content\/uploads\/2021\/02\/pastelli.jpg?resize=350%2C200&ssl=1 1x, https:\/\/i0.wp.com\/www.satokangas.fi\/blogi\/wp-content\/uploads\/2021\/02\/pastelli.jpg?resize=525%2C300&ssl=1 1.5x, https:\/\/i0.wp.com\/www.satokangas.fi\/blogi\/wp-content\/uploads\/2021\/02\/pastelli.jpg?resize=700%2C400&ssl=1 2x"},"classes":[]},{"id":48603,"url":"https:\/\/www.satokangas.fi\/blogi\/2024\/03\/palauduttua\/","url_meta":{"origin":30492,"position":5},"title":"Palauduttua","author":"Reija","date":"1.3.2024","format":false,"excerpt":"Maaliskuun ensimm\u00e4inen, vallanvaihto Suomessa, ilmastonmuutoksen todellisuus matkalla l\u00e4pi melkein puolen Suomen, uutisissa hautajaiset Ven\u00e4j\u00e4ll\u00e4, kotiin hyv\u00e4 palata kun saa viestin, ett\u00e4 Eepill\u00e4 on ollut ik\u00e4v\u00e4. Niin on ollut mummillakin. Liek\u00f6 meill\u00e4 koskaan ennen ollut kuukauden eroa? T\u00e4m\u00e4 ik\u00e4v\u00e4 oli hyv\u00e4 syy palata kotiin. Yhden sortin retriitti, suruaika, pohdiskelujen aika pohjoisessa\u2026","rel":"","context":"Kategoriassa &quot;Niit\u00e4 n\u00e4it\u00e4&quot;","block_context":{"text":"Niit\u00e4 n\u00e4it\u00e4","link":"https:\/\/www.satokangas.fi\/blogi\/category\/aiheeton\/"},"img":{"alt_text":"","src":"https:\/\/i0.wp.com\/www.satokangas.fi\/blogi\/wp-content\/uploads\/2024\/03\/Piilossa-2.jpg?resize=350%2C200&ssl=1","width":350,"height":200,"srcset":"https:\/\/i0.wp.com\/www.satokangas.fi\/blogi\/wp-content\/uploads\/2024\/03\/Piilossa-2.jpg?resize=350%2C200&ssl=1 1x, https:\/\/i0.wp.com\/www.satokangas.fi\/blogi\/wp-content\/uploads\/2024\/03\/Piilossa-2.jpg?resize=525%2C300&ssl=1 1.5x, https:\/\/i0.wp.com\/www.satokangas.fi\/blogi\/wp-content\/uploads\/2024\/03\/Piilossa-2.jpg?resize=700%2C400&ssl=1 2x, https:\/\/i0.wp.com\/www.satokangas.fi\/blogi\/wp-content\/uploads\/2024\/03\/Piilossa-2.jpg?resize=1050%2C600&ssl=1 3x, https:\/\/i0.wp.com\/www.satokangas.fi\/blogi\/wp-content\/uploads\/2024\/03\/Piilossa-2.jpg?resize=1400%2C800&ssl=1 4x"},"classes":[]}],"_links":{"self":[{"href":"https:\/\/www.satokangas.fi\/blogi\/wp-json\/wp\/v2\/posts\/30492","targetHints":{"allow":["GET"]}}],"collection":[{"href":"https:\/\/www.satokangas.fi\/blogi\/wp-json\/wp\/v2\/posts"}],"about":[{"href":"https:\/\/www.satokangas.fi\/blogi\/wp-json\/wp\/v2\/types\/post"}],"author":[{"embeddable":true,"href":"https:\/\/www.satokangas.fi\/blogi\/wp-json\/wp\/v2\/users\/1"}],"replies":[{"embeddable":true,"href":"https:\/\/www.satokangas.fi\/blogi\/wp-json\/wp\/v2\/comments?post=30492"}],"version-history":[{"count":0,"href":"https:\/\/www.satokangas.fi\/blogi\/wp-json\/wp\/v2\/posts\/30492\/revisions"}],"wp:attachment":[{"href":"https:\/\/www.satokangas.fi\/blogi\/wp-json\/wp\/v2\/media?parent=30492"}],"wp:term":[{"taxonomy":"category","embeddable":true,"href":"https:\/\/www.satokangas.fi\/blogi\/wp-json\/wp\/v2\/categories?post=30492"},{"taxonomy":"post_tag","embeddable":true,"href":"https:\/\/www.satokangas.fi\/blogi\/wp-json\/wp\/v2\/tags?post=30492"}],"curies":[{"name":"wp","href":"https:\/\/api.w.org\/{rel}","templated":true}]}}