{"id":30489,"date":"2017-03-16T19:29:12","date_gmt":"2017-03-16T17:29:12","guid":{"rendered":"https:\/\/www.satokangas.fi\/blogi\/?p=30489"},"modified":"2017-03-16T19:29:12","modified_gmt":"2017-03-16T17:29:12","slug":"eteenpain-on-yritettava","status":"publish","type":"post","link":"https:\/\/www.satokangas.fi\/blogi\/2017\/03\/eteenpain-on-yritettava\/","title":{"rendered":"Eteenp\u00e4in on yritett\u00e4v\u00e4"},"content":{"rendered":"<p><a href=\"https:\/\/www.satokangas.fi\/blogi\/wp-content\/uploads\/2017\/03\/Kanerva.jpg\"><img loading=\"lazy\" decoding=\"async\" data-attachment-id=\"30490\" data-permalink=\"https:\/\/www.satokangas.fi\/blogi\/2017\/03\/eteenpain-on-yritettava\/kanerva-5\/\" data-orig-file=\"https:\/\/www.satokangas.fi\/blogi\/wp-content\/uploads\/2017\/03\/Kanerva.jpg\" data-orig-size=\"2500,1592\" data-comments-opened=\"1\" data-image-meta=\"{&quot;aperture&quot;:&quot;6.3&quot;,&quot;credit&quot;:&quot;Reija Satokangas&quot;,&quot;camera&quot;:&quot;Canon EOS 5D Mark IV&quot;,&quot;caption&quot;:&quot;&quot;,&quot;created_timestamp&quot;:&quot;1489663807&quot;,&quot;copyright&quot;:&quot;&quot;,&quot;focal_length&quot;:&quot;16&quot;,&quot;iso&quot;:&quot;1000&quot;,&quot;shutter_speed&quot;:&quot;0.016666666666667&quot;,&quot;title&quot;:&quot;&quot;,&quot;orientation&quot;:&quot;0&quot;}\" data-image-title=\"Kanerva\" data-image-description=\"\" data-image-caption=\"\" data-large-file=\"https:\/\/www.satokangas.fi\/blogi\/wp-content\/uploads\/2017\/03\/Kanerva-1600x1019.jpg\" class=\"aligncenter size-medium wp-image-30490\" src=\"https:\/\/www.satokangas.fi\/blogi\/wp-content\/uploads\/2017\/03\/Kanerva-600x382.jpg\" alt=\"\" width=\"600\" height=\"382\" srcset=\"https:\/\/www.satokangas.fi\/blogi\/wp-content\/uploads\/2017\/03\/Kanerva-600x382.jpg 600w, https:\/\/www.satokangas.fi\/blogi\/wp-content\/uploads\/2017\/03\/Kanerva-300x191.jpg 300w, https:\/\/www.satokangas.fi\/blogi\/wp-content\/uploads\/2017\/03\/Kanerva-768x489.jpg 768w, https:\/\/www.satokangas.fi\/blogi\/wp-content\/uploads\/2017\/03\/Kanerva-1600x1019.jpg 1600w, https:\/\/www.satokangas.fi\/blogi\/wp-content\/uploads\/2017\/03\/Kanerva-1200x764.jpg 1200w\" sizes=\"auto, (max-width: 600px) 100vw, 600px\" \/><\/a><\/p>\n<p style=\"text-align: justify;\">Tuonne menen ensi viikolla kuvauskeikalle. K\u00e4vin t\u00e4n\u00e4\u00e4n kukkakauppa Kanervassa sopimassa kuvauksesta. Ja V\u00e4nmannissa (teatteriravintola) k\u00e4vin my\u00f6s; siell\u00e4kin sopimassa kuvauksesta ensi viikolle.<\/p>\n<p style=\"text-align: justify;\">Samaisella rundilla kiertelin kaupunkia ristiin rastiin koettaen saada kaunista, komeaa kev\u00e4ttalven kuvaa Oulun eri silloista, mutta olipa niin kova valo, ettei oikein simahtanut. Tulipahan liikuttua. Ihana kev\u00e4tp\u00e4iv\u00e4 oli jo.<\/p>\n<p style=\"text-align: justify;\"><a href=\"https:\/\/www.satokangas.fi\/blogi\/wp-content\/uploads\/2017\/03\/Pikisaari-2.jpg\"><img loading=\"lazy\" decoding=\"async\" data-attachment-id=\"30491\" data-permalink=\"https:\/\/www.satokangas.fi\/blogi\/2017\/03\/eteenpain-on-yritettava\/pikisaari-2-2\/\" data-orig-file=\"https:\/\/www.satokangas.fi\/blogi\/wp-content\/uploads\/2017\/03\/Pikisaari-2.jpg\" data-orig-size=\"800,1200\" data-comments-opened=\"1\" data-image-meta=\"{&quot;aperture&quot;:&quot;11&quot;,&quot;credit&quot;:&quot;Reija Satokangas&quot;,&quot;camera&quot;:&quot;Canon EOS 5D Mark IV&quot;,&quot;caption&quot;:&quot;&quot;,&quot;created_timestamp&quot;:&quot;1489661101&quot;,&quot;copyright&quot;:&quot;&quot;,&quot;focal_length&quot;:&quot;16&quot;,&quot;iso&quot;:&quot;400&quot;,&quot;shutter_speed&quot;:&quot;0.001&quot;,&quot;title&quot;:&quot;&quot;,&quot;orientation&quot;:&quot;0&quot;}\" data-image-title=\"Pikisaari-2\" data-image-description=\"\" data-image-caption=\"\" data-large-file=\"https:\/\/www.satokangas.fi\/blogi\/wp-content\/uploads\/2017\/03\/Pikisaari-2-683x1024.jpg\" class=\"aligncenter size-medium wp-image-30491\" src=\"https:\/\/www.satokangas.fi\/blogi\/wp-content\/uploads\/2017\/03\/Pikisaari-2-267x400.jpg\" alt=\"\" width=\"267\" height=\"400\" srcset=\"https:\/\/www.satokangas.fi\/blogi\/wp-content\/uploads\/2017\/03\/Pikisaari-2-267x400.jpg 267w, https:\/\/www.satokangas.fi\/blogi\/wp-content\/uploads\/2017\/03\/Pikisaari-2-200x300.jpg 200w, https:\/\/www.satokangas.fi\/blogi\/wp-content\/uploads\/2017\/03\/Pikisaari-2-768x1152.jpg 768w, https:\/\/www.satokangas.fi\/blogi\/wp-content\/uploads\/2017\/03\/Pikisaari-2-683x1024.jpg 683w, https:\/\/www.satokangas.fi\/blogi\/wp-content\/uploads\/2017\/03\/Pikisaari-2.jpg 800w\" sizes=\"auto, (max-width: 267px) 100vw, 267px\" \/><\/a><\/p>\n<p style=\"text-align: justify;\">Liikentoimintasuunnitelmastani uhkaa tulla oman (menneen) uran selvitys. Luonnostelussa SWOT-analyysille on varattu &#8221;perinteinen&#8221;, yksi vaakasuuntainen aanelonen, mutta minulla alkaa olla vahvuuksia, heikkouksia ja mahdollisuuksia kirjattuna jo niin paljon, ettei aakolmonenkaan fonttikoolla 10 tule riitt\u00e4m\u00e4\u00e4n. Ja uhkia en siis\u00a0ole viel\u00e4 edes aloittanut kirjaamaan! Ehk\u00e4 ensimm\u00e4inen uhka voisi olla monisanaisuuteni&#8230; ?<\/p>\n<p style=\"text-align: justify;\">Toiminimelle on tullut (vasta) muutamia, kyll\u00e4kin mit\u00e4 mainioimpia, ehdotuksia kommentteihin ja minulle suoraan s\u00e4hk\u00f6postilla, mutta kyll\u00e4 toivoisin viel\u00e4 monia, monia lis\u00e4\u00e4. Kaikkien ehdotuksensa j\u00e4tt\u00e4neiden kesken on arvontakin. Ja palkintona on joko pullollinen skumppaa tai kymmnen taitekorttia (ks. <a href=\"https:\/\/www.ifolor.fi\/kuvakortit\/klassiset-taitekortit\" target=\"_blank\">t\u00e4\u00e4lt\u00e4<\/a>), joihin otan kuvan\u00a0(tai k\u00e4ytet\u00e4\u00e4n jotain valmista jos joku aiemmista kuvistani miellytt\u00e4\u00e4) ja teen tekstit toiveiden mukaisesti. \u00a0P\u00e4\u00e4si\u00e4is- tai \u00e4itienp\u00e4iv\u00e4kortit tai -kuohuva voittona? Eih\u00e4n olisi huono?<\/p>\n<p style=\"text-align: justify;\">T\u00e4\u00e4ll\u00e4 <a href=\"https:\/\/www.satokangas.fi\/blogi\/2017\/03\/nimi-toiminimelle\/\">nimiasiaa enemm\u00e4n<\/a> ja artikkelin kommenteissa on jo ensimm\u00e4iset ehdotuksetkin&#8230;<\/p>\n","protected":false},"excerpt":{"rendered":"<p>Tuonne menen ensi viikolla kuvauskeikalle. K\u00e4vin t\u00e4n\u00e4\u00e4n kukkakauppa Kanervassa sopimassa kuvauksesta. Ja V\u00e4nmannissa (teatteriravintola) k\u00e4vin my\u00f6s; siell\u00e4kin sopimassa kuvauksesta ensi viikolle. Samaisella rundilla kiertelin kaupunkia ristiin rastiin koettaen saada kaunista, komeaa kev\u00e4ttalven kuvaa Oulun eri silloista, mutta olipa niin kova valo, ettei oikein simahtanut. Tulipahan liikuttua. Ihana kev\u00e4tp\u00e4iv\u00e4 oli jo. Liikentoimintasuunnitelmastani uhkaa tulla oman (menneen) uran selvitys. Luonnostelussa SWOT-analyysille on &hellip; <\/p>\n","protected":false},"author":1,"featured_media":0,"comment_status":"open","ping_status":"open","sticky":false,"template":"","format":"standard","meta":{"jetpack_post_was_ever_published":false,"_jetpack_newsletter_access":"","_jetpack_dont_email_post_to_subs":false,"_jetpack_newsletter_tier_id":0,"_jetpack_memberships_contains_paywalled_content":false,"_jetpack_memberships_contains_paid_content":false,"footnotes":"","jetpack_publicize_message":"","jetpack_publicize_feature_enabled":true,"jetpack_social_post_already_shared":true,"jetpack_social_options":{"image_generator_settings":{"template":"highway","default_image_id":0,"font":"","enabled":false},"version":2}},"categories":[1,37],"tags":[],"class_list":["post-30489","post","type-post","status-publish","format-standard","hentry","category-aiheeton","category-valokuvaus","latest_post"],"jetpack_publicize_connections":[],"jetpack_featured_media_url":"","jetpack_shortlink":"https:\/\/wp.me\/pr4p4-7VL","jetpack_sharing_enabled":true,"jetpack_likes_enabled":false,"jetpack-related-posts":[{"id":53922,"url":"https:\/\/www.satokangas.fi\/blogi\/2026\/02\/suunnitelmat-uusiksi\/","url_meta":{"origin":30489,"position":0},"title":"Suunnitelmat uusiksi!","author":"Reija","date":"3.2.2026","format":false,"excerpt":"K\u00e4vin t\u00e4n\u00e4\u00e4n Linnanmaalla, yliopisto kampuksella. Opinahjossani, vuosikymmenten ty\u00f6paikallani, tai noh vain yliopiston kirjastossa. Ty\u00f6huoneeni ei en\u00e4\u00e4 \"ole olemassa\", sill\u00e4 koko Humanistinen tiedekunta on muuttanut Ammattikorkean \u00b4vallattua\u00b4 jo vuosia sitten meid\u00e4n tilat. K\u00e4vin siis vain sopimassa huomisesta pienest\u00e4 kuvausjutusta ja kirjastossa, koska tarvitsin yhden kirjan (hautausmaihin liittyen, taas) ja asiakaspalvelussa ollut\u2026","rel":"","context":"Kategoriassa &quot;Niit\u00e4 n\u00e4it\u00e4&quot;","block_context":{"text":"Niit\u00e4 n\u00e4it\u00e4","link":"https:\/\/www.satokangas.fi\/blogi\/category\/aiheeton\/"},"img":{"alt_text":"","src":"https:\/\/i0.wp.com\/www.satokangas.fi\/blogi\/wp-content\/uploads\/2026\/02\/Linnanmaalla_2026-2.jpg?resize=350%2C200&ssl=1","width":350,"height":200,"srcset":"https:\/\/i0.wp.com\/www.satokangas.fi\/blogi\/wp-content\/uploads\/2026\/02\/Linnanmaalla_2026-2.jpg?resize=350%2C200&ssl=1 1x, https:\/\/i0.wp.com\/www.satokangas.fi\/blogi\/wp-content\/uploads\/2026\/02\/Linnanmaalla_2026-2.jpg?resize=525%2C300&ssl=1 1.5x, https:\/\/i0.wp.com\/www.satokangas.fi\/blogi\/wp-content\/uploads\/2026\/02\/Linnanmaalla_2026-2.jpg?resize=700%2C400&ssl=1 2x"},"classes":[]},{"id":42625,"url":"https:\/\/www.satokangas.fi\/blogi\/2022\/03\/maanantainen-leipamme\/","url_meta":{"origin":30489,"position":1},"title":"Maanantainen leip\u00e4mme","author":"Reija","date":"28.3.2022","format":false,"excerpt":"Aikamoinen s\u00e4l\u00e4p\u00e4iv\u00e4. Enk\u00e4 min\u00e4 oikein viihdy sellaisissa p\u00e4iviss\u00e4. Ainoa asia joka hoitui asianmukaisesti oli kun k\u00e4vin asiakkaan luona sopimassa ruokakuvauksista, jotka on parin viikon p\u00e4\u00e4st\u00e4. Projektiin tehtiin suunnitelma, ja vaikuttaa ihan mukavalle. Mutta kotosalla ei sitten kovin j\u00e4rjestelm\u00e4llist\u00e4 - ei mik\u00e4\u00e4n. No tein sent\u00e4\u00e4n leiv\u00e4n. Kaapissa on pitk\u00e4\u00e4\u00e4\u00e4\u00e4n lojunut leip\u00e4jauhosekoitus-paketti:\u2026","rel":"","context":"Kategoriassa &quot;Niit\u00e4 n\u00e4it\u00e4&quot;","block_context":{"text":"Niit\u00e4 n\u00e4it\u00e4","link":"https:\/\/www.satokangas.fi\/blogi\/category\/aiheeton\/"},"img":{"alt_text":"","src":"https:\/\/i0.wp.com\/www.satokangas.fi\/blogi\/wp-content\/uploads\/2022\/03\/kotoillen-7.jpg?resize=350%2C200&ssl=1","width":350,"height":200,"srcset":"https:\/\/i0.wp.com\/www.satokangas.fi\/blogi\/wp-content\/uploads\/2022\/03\/kotoillen-7.jpg?resize=350%2C200&ssl=1 1x, https:\/\/i0.wp.com\/www.satokangas.fi\/blogi\/wp-content\/uploads\/2022\/03\/kotoillen-7.jpg?resize=525%2C300&ssl=1 1.5x, https:\/\/i0.wp.com\/www.satokangas.fi\/blogi\/wp-content\/uploads\/2022\/03\/kotoillen-7.jpg?resize=700%2C400&ssl=1 2x"},"classes":[]},{"id":11655,"url":"https:\/\/www.satokangas.fi\/blogi\/2011\/05\/helpotus\/","url_meta":{"origin":30489,"position":2},"title":"Helpotus","author":"Reija","date":"19.5.2011","format":false,"excerpt":"\u00a0 \u00a0 \u00a0 \u00a0 Energians\u00e4\u00e4st\u00f6ohjelmalla ylioppilaaksi! Ei tiedolla, ei taidolla vaan tuurilla! Opiskelupatistus palkittiin! L:n paperit - kuten is\u00e4ll\u00e4\u00e4n. Ja t\u00e4ss\u00e4 perheess\u00e4 \u00e4ll\u00e4 on lubenter. \u00a0 Poika itse nauraa kaikille meille tulleille onnitteluille: \"Min\u00e4h\u00e4n \u00e4ipp\u00e4 sanoin, ett\u00e4 musta viel\u00e4 tulee ylioppilas!\" Tulee siit\u00e4. Yesh, yesh! \u00a0Ja min\u00e4 saan j\u00e4rjest\u00e4\u00e4 juhlat!\u2026","rel":"","context":"Kategoriassa &quot;Niit\u00e4 n\u00e4it\u00e4&quot;","block_context":{"text":"Niit\u00e4 n\u00e4it\u00e4","link":"https:\/\/www.satokangas.fi\/blogi\/category\/aiheeton\/"},"img":{"alt_text":"","src":"https:\/\/i0.wp.com\/www.satokangas.fi\/blogi\/wp-content\/uploads\/yo-600x387.jpg?resize=350%2C200&ssl=1","width":350,"height":200},"classes":[]},{"id":12790,"url":"https:\/\/www.satokangas.fi\/blogi\/2011\/11\/ihmiskuva-pohdinnassa\/","url_meta":{"origin":30489,"position":3},"title":"Ihmiskuva pohdinnassa","author":"Reija","date":"7.11.2011","format":false,"excerpt":"Oletteko ikin\u00e4 tulleet ajatelleeksi, ett\u00e4 ortodokseilla on my\u00f6nteisempi, iloisempi ihmiskuva kuin luterilaisilla? Ett\u00e4 l\u00e4ntisen kristikunnan kirkoissa, nimenomaan luterilaisten, mutta my\u00f6s roomalaiskatolisten, kirkkojen\u00a0 alttaritauluissa ja sein\u00e4maalauksissa, yleens\u00e4kin kirkkotaiteessa, viimeinen tuomio on hyvin korostetusti esill\u00e4, ja ett\u00e4 ortodoksikirkkojen kuvissa, ikoneissa, kuvaohjelmissa viimeist\u00e4 tuomiota ei kuvata. Min\u00e4 en ole tullut sit\u00e4 ajatelleeksi. Mutta\u2026","rel":"","context":"Kategoriassa &quot;Oulu&quot;","block_context":{"text":"Oulu","link":"https:\/\/www.satokangas.fi\/blogi\/category\/oulu\/"},"img":{"alt_text":"","src":"https:\/\/i0.wp.com\/www.satokangas.fi\/blogi\/wp-content\/uploads\/apsis-2-161x200.jpg?resize=350%2C200&ssl=1","width":350,"height":200},"classes":[]},{"id":2048,"url":"https:\/\/www.satokangas.fi\/blogi\/2009\/01\/maailma-muuttuu-aitiseni\/","url_meta":{"origin":30489,"position":4},"title":"Maailma muuttuu, \u00e4itiseni","author":"Reija","date":"7.1.2009","format":false,"excerpt":"Maailma muuttuu, \u00e4itiseni, saivat perheen molemmat nuoret meitsille erikseen todeta. Tyt\u00e4r on aloittanut ty\u00f6t hampurilaisravintolassa. Niinp\u00e4 palasin viel\u00e4 ty\u00f6h\u00f6nottohaastatteluun ja siihen, mit\u00e4 esikoisellamme t\u00e4ss\u00e4 uudessa duunipaikassa on edess\u00e4, ja k\u00e4vin utelemaan, mit\u00e4 vaatimuksia ty\u00f6h\u00f6nottotilanteessa esitettiin: - Tuskin markkinointitaitoja viel\u00e4 muutaman kuukauden opiskelleelta kauppatieteen ylioppilaalta vaadittaisikaan? - Ei siit\u00e4 ollut mit\u00e4\u00e4n\u2026","rel":"","context":"Kategoriassa &quot;Vanhemmuus&quot;","block_context":{"text":"Vanhemmuus","link":"https:\/\/www.satokangas.fi\/blogi\/category\/vanhemmuus\/"},"img":{"alt_text":"","src":"","width":0,"height":0},"classes":[]},{"id":45310,"url":"https:\/\/www.satokangas.fi\/blogi\/2023\/04\/kylmaa-ja-lamminta\/","url_meta":{"origin":30489,"position":5},"title":"Kylm\u00e4\u00e4 ja l\u00e4mmint\u00e4 &#8211; Mario-riddari","author":"Reija","date":"14.4.2023","format":false,"excerpt":"Aurinko paistaa, mutta jostain Siperian talvesta tuulee. Aika nopsasti luovutin ulkoilut. Passin ja henkil\u00f6kortin k\u00e4vin hakemassa toimipaikasta, py\u00f6r\u00e4ll\u00e4, ja olin konttaj\u00e4\u00e4ss\u00e4 kun kotiin palasin. Positiivista oli, ett\u00e4 vanhaa passia ei tarvinnut luovuttaa pois. Olisipa saanut pit\u00e4\u00e4 itsell\u00e4\u00e4n ne kaikki, varsinkin 70-luvun lopun ja\u00a0 80-luvun alun passit, joihin ker\u00e4sin leimatkin. Autolla\u2026","rel":"","context":"Kategoriassa &quot;Isovanhemmuus&quot;","block_context":{"text":"Isovanhemmuus","link":"https:\/\/www.satokangas.fi\/blogi\/category\/isovanhemmuus\/"},"img":{"alt_text":"","src":"https:\/\/i0.wp.com\/www.satokangas.fi\/blogi\/wp-content\/uploads\/2023\/04\/Mario_paita_islantilainen_neule-2.jpg?resize=350%2C200&ssl=1","width":350,"height":200,"srcset":"https:\/\/i0.wp.com\/www.satokangas.fi\/blogi\/wp-content\/uploads\/2023\/04\/Mario_paita_islantilainen_neule-2.jpg?resize=350%2C200&ssl=1 1x, https:\/\/i0.wp.com\/www.satokangas.fi\/blogi\/wp-content\/uploads\/2023\/04\/Mario_paita_islantilainen_neule-2.jpg?resize=525%2C300&ssl=1 1.5x, https:\/\/i0.wp.com\/www.satokangas.fi\/blogi\/wp-content\/uploads\/2023\/04\/Mario_paita_islantilainen_neule-2.jpg?resize=700%2C400&ssl=1 2x"},"classes":[]}],"_links":{"self":[{"href":"https:\/\/www.satokangas.fi\/blogi\/wp-json\/wp\/v2\/posts\/30489","targetHints":{"allow":["GET"]}}],"collection":[{"href":"https:\/\/www.satokangas.fi\/blogi\/wp-json\/wp\/v2\/posts"}],"about":[{"href":"https:\/\/www.satokangas.fi\/blogi\/wp-json\/wp\/v2\/types\/post"}],"author":[{"embeddable":true,"href":"https:\/\/www.satokangas.fi\/blogi\/wp-json\/wp\/v2\/users\/1"}],"replies":[{"embeddable":true,"href":"https:\/\/www.satokangas.fi\/blogi\/wp-json\/wp\/v2\/comments?post=30489"}],"version-history":[{"count":0,"href":"https:\/\/www.satokangas.fi\/blogi\/wp-json\/wp\/v2\/posts\/30489\/revisions"}],"wp:attachment":[{"href":"https:\/\/www.satokangas.fi\/blogi\/wp-json\/wp\/v2\/media?parent=30489"}],"wp:term":[{"taxonomy":"category","embeddable":true,"href":"https:\/\/www.satokangas.fi\/blogi\/wp-json\/wp\/v2\/categories?post=30489"},{"taxonomy":"post_tag","embeddable":true,"href":"https:\/\/www.satokangas.fi\/blogi\/wp-json\/wp\/v2\/tags?post=30489"}],"curies":[{"name":"wp","href":"https:\/\/api.w.org\/{rel}","templated":true}]}}