{"id":30464,"date":"2017-03-13T19:41:25","date_gmt":"2017-03-13T17:41:25","guid":{"rendered":"https:\/\/www.satokangas.fi\/blogi\/?p=30464"},"modified":"2023-09-18T11:43:42","modified_gmt":"2023-09-18T08:43:42","slug":"nimi-toiminimelle","status":"publish","type":"post","link":"https:\/\/www.satokangas.fi\/blogi\/2017\/03\/nimi-toiminimelle\/","title":{"rendered":"Nimi toiminimelle?"},"content":{"rendered":"<p style=\"text-align: justify;\">Liiketoimintasuunnitelma koulua, n\u00e4ytt\u00f6\u00e4 ja ehk\u00e4p\u00e4 el\u00e4m\u00e4\u00e4 ja elantoa varten on nyt \u2013 vihdoin ja pakosta\u00a0&#8211; ty\u00f6n alla. Seuraava n\u00e4ytt\u00f6, nelj\u00e4s ja varsinaisesti viimeinen n\u00e4ytt\u00f6, on huhtikuun alussa, ja sen keskeisin osa on liiketoimintasuunnitelma. On teht\u00e4v\u00e4 realistinen ja kunnolla tehty <strong><em>suunnitelma<\/em><\/strong> siit\u00e4, miten hy\u00f6dynt\u00e4\u00e4 saatua koulutusta ja miten saada valokuvauksesta elanto, &#8211; tai ainakin osa siit\u00e4.<\/p>\n<p style=\"text-align: justify;\"><img loading=\"lazy\" decoding=\"async\" data-attachment-id=\"30468\" data-permalink=\"https:\/\/www.satokangas.fi\/blogi\/2017\/03\/nimi-toiminimelle\/silta-8\/\" data-orig-file=\"https:\/\/www.satokangas.fi\/blogi\/wp-content\/uploads\/2017\/03\/silta.jpg\" data-orig-size=\"1024,1536\" data-comments-opened=\"1\" data-image-meta=\"{&quot;aperture&quot;:&quot;5.6&quot;,&quot;credit&quot;:&quot;&quot;,&quot;camera&quot;:&quot;Canon EOS 5D Mark II&quot;,&quot;caption&quot;:&quot;&quot;,&quot;created_timestamp&quot;:&quot;1414064804&quot;,&quot;copyright&quot;:&quot;&quot;,&quot;focal_length&quot;:&quot;24&quot;,&quot;iso&quot;:&quot;320&quot;,&quot;shutter_speed&quot;:&quot;0.0005&quot;,&quot;title&quot;:&quot;&quot;,&quot;orientation&quot;:&quot;1&quot;}\" data-image-title=\"silta\" data-image-description=\"\" data-image-caption=\"\" data-large-file=\"https:\/\/www.satokangas.fi\/blogi\/wp-content\/uploads\/2017\/03\/silta-683x1024.jpg\" class=\"aligncenter size-medium wp-image-30468\" src=\"https:\/\/www.satokangas.fi\/blogi\/wp-content\/uploads\/2017\/03\/silta-267x400.jpg\" alt=\"\" width=\"267\" height=\"400\" srcset=\"https:\/\/www.satokangas.fi\/blogi\/wp-content\/uploads\/2017\/03\/silta-267x400.jpg 267w, https:\/\/www.satokangas.fi\/blogi\/wp-content\/uploads\/2017\/03\/silta-200x300.jpg 200w, https:\/\/www.satokangas.fi\/blogi\/wp-content\/uploads\/2017\/03\/silta-768x1152.jpg 768w, https:\/\/www.satokangas.fi\/blogi\/wp-content\/uploads\/2017\/03\/silta-683x1024.jpg 683w, https:\/\/www.satokangas.fi\/blogi\/wp-content\/uploads\/2017\/03\/silta.jpg 1024w\" sizes=\"auto, (max-width: 267px) 100vw, 267px\" \/><\/p>\n<p style=\"text-align: justify;\">Olen siis p\u00e4\u00e4tt\u00e4nyt, ett\u00e4 ryhdyn virallisesti yksityiseksi elinkeinonharjoittajaksi, perustan yrityksen, en osakeyhti\u00f6t\u00e4, mutta toiminimen. Sen kautta on k\u00e4tev\u00e4mpi ja helpompi laskuttaakin. \u00a0Ja t\u00e4rke\u00e4 osa toiminnan br\u00e4nd\u00e4yksess\u00e4 on hyv\u00e4, mieleen j\u00e4\u00e4v\u00e4, erottuva, toiminnasta kertova tai sen tuotteisiin viittaava nimi.<\/p>\n<p style=\"text-align: justify;\">Valtaosa valokuvaajien toiminimist\u00e4 ovat muotoa \u201dPhotography S. S.\u201d tai \u201dPhoto N.N.\u201d tai \u201dValokuvaaja M.M.\u201d Ks. esimerkiksi muutamien koulukavereideni sivuilta:<\/p>\n<p style=\"padding-left: 30px;\"><em><span style=\"color: #666699;\"><a style=\"color: #666699;\" href=\"https:\/\/www.miikahamalainen.com\/\">https:\/\/www.miikahamalainen.com\/<br \/>\n<\/a><a style=\"color: #666699;\" href=\"http:\/\/www.miikakangasniemi.net\/#portfolio\">http:\/\/www.miikakangasniemi.net\/#portfolio<br \/>\n<\/a><a style=\"color: #666699;\" href=\"http:\/\/jaanifohr.fi\/\">http:\/\/jaanifohr.fi\/<\/a><\/span><\/em><br \/>\n<em><span style=\"color: #666699;\"><a style=\"color: #666699;\" href=\"https:\/\/kristakuu.galleria.fi\/\">https:\/\/kristakuu.galleria.fi\/<\/a><\/span><\/em><\/p>\n<p style=\"text-align: justify;\">Mutta min\u00e4 en halua sellaista. Semmink\u00e4\u00e4n kun minun toiminimeni ala ei ole pelk\u00e4st\u00e4\u00e4n valokuvaus. Kun edelleen, ja taas koulun j\u00e4lkeen nykyist\u00e4 enemm\u00e4n, teen, kuten vuosikymmeni\u00e4 olen tehnyt, esitelm\u00e4- ja luentokeikkoja, kirjoittelen artikkeleita, toimin tiedottajana, ehk\u00e4 teen viel\u00e4 omakustannekirjoja ja -kalentereita, ehk\u00e4 kortteja ja toimitan kirjoja. Enk\u00e4 sit\u00e4 \u201dVuotuisjuhlien historialliset juuret\u201d &#8211;<a href=\"https:\/\/www.satokangas.fi\/blogi\/2015\/05\/tietokirja-juhlista-historiasta-ruuasta\/\" target=\"_blank\" rel=\"noopener\">kirjahanketta<\/a> ole ihan kokonaan viel\u00e4 haudannut. Siis valokuvausta sek\u00e4 historiaa puhuen ja kirjoittaen.<\/p>\n<ul>\n<li>Valokuvaus: milj\u00f6\u00f6-, mainos- ja tuotekuvaus erityisesti, mutta my\u00f6s henkil\u00f6- ja tapahtumakuvaus (esim. lapsi-, h\u00e4\u00e4-, v\u00e4it\u00f6skuvaus) sek\u00e4 vanhojen kuvien korjaus ja digitointi.<\/li>\n<li>Historian popularisointi: esitelm\u00e4t, luennot, artikkelit, esim. yritysten www-sivuille ja mainontaan sis\u00e4ll\u00f6ntuotantoa.<\/li>\n<li>Julkaisujen tuotanto: lehtisten ja kirjojen toimitusty\u00f6, kuvitus ja kuvatoimitus, ehk\u00e4 my\u00f6s taitto (InDesign).<\/li>\n<\/ul>\n<p><img loading=\"lazy\" decoding=\"async\" data-attachment-id=\"30467\" data-permalink=\"https:\/\/www.satokangas.fi\/blogi\/2017\/03\/nimi-toiminimelle\/ford\/\" data-orig-file=\"https:\/\/www.satokangas.fi\/blogi\/wp-content\/uploads\/2017\/03\/Ford.jpg\" data-orig-size=\"2048,1365\" data-comments-opened=\"1\" data-image-meta=\"{&quot;aperture&quot;:&quot;5.6&quot;,&quot;credit&quot;:&quot;Reija Satokangas&quot;,&quot;camera&quot;:&quot;Canon EOS 6D&quot;,&quot;caption&quot;:&quot;&quot;,&quot;created_timestamp&quot;:&quot;1458561545&quot;,&quot;copyright&quot;:&quot;&quot;,&quot;focal_length&quot;:&quot;35&quot;,&quot;iso&quot;:&quot;200&quot;,&quot;shutter_speed&quot;:&quot;0.125&quot;,&quot;title&quot;:&quot;&quot;,&quot;orientation&quot;:&quot;1&quot;}\" data-image-title=\"Ford\" data-image-description=\"\" data-image-caption=\"\" data-large-file=\"https:\/\/www.satokangas.fi\/blogi\/wp-content\/uploads\/2017\/03\/Ford-1536x1024.jpg\" class=\"aligncenter size-medium wp-image-30467\" src=\"https:\/\/www.satokangas.fi\/blogi\/wp-content\/uploads\/2017\/03\/Ford-600x400.jpg\" alt=\"\" width=\"600\" height=\"400\" srcset=\"https:\/\/www.satokangas.fi\/blogi\/wp-content\/uploads\/2017\/03\/Ford-600x400.jpg 600w, https:\/\/www.satokangas.fi\/blogi\/wp-content\/uploads\/2017\/03\/Ford-300x200.jpg 300w, https:\/\/www.satokangas.fi\/blogi\/wp-content\/uploads\/2017\/03\/Ford-768x512.jpg 768w, https:\/\/www.satokangas.fi\/blogi\/wp-content\/uploads\/2017\/03\/Ford-1536x1024.jpg 1536w, https:\/\/www.satokangas.fi\/blogi\/wp-content\/uploads\/2017\/03\/Ford-1200x800.jpg 1200w, https:\/\/www.satokangas.fi\/blogi\/wp-content\/uploads\/2017\/03\/Ford.jpg 2048w\" sizes=\"auto, (max-width: 600px) 100vw, 600px\" \/><\/p>\n<p style=\"text-align: justify;\">Eli valokuvauksen lis\u00e4ksi kaikkea sit\u00e4, mit\u00e4 olen jo aiemmin tehnyt, johon aiempi koulutus ja kokemus on tuonut osaamista yllin kyllin, mutta nyt teen ja tekisin hommia freen\u00e4, sivutoimisena, ilman alvia.<\/p>\n<h5 style=\"text-align: center;\"><span style=\"color: #008080;\">Ja nyt t\u00e4llaiselle paketille pit\u00e4isi saada nimi!<\/span><\/h5>\n<p style=\"text-align: justify;\">Huutelenkin teit\u00e4, ihmiset hyv\u00e4t, avuksi! Keksi toiminimelleni nimi! Heitt\u00e4ydy ja ehdota useitakin, hassujakin, tai ryhdy vakavasti pohtimaan t\u00e4t\u00e4.<\/p>\n<p style=\"text-align: justify;\">Laita ehdotuksesi kommentteihin tai suoraan s\u00e4hk\u00f6postilla. Kaikkien ehdotuksia l\u00e4hett\u00e4neiden kesken arvon palkinnonkin. Ehdotuksia nimeksi odottelen ensi sunnuntain puoleen p\u00e4iv\u00e4\u00e4n asti \u2013 illalla koulusta palattuani on sitten arvonta.<\/p>\n<p style=\"text-align: justify;\">\n<p><noscript>&lt;br \/&gt;<br \/>\n&lt;a href=&#8221;http:\/\/www.opentracker.net&#8221; target=&#8221;_blank&#8221;&gt;&lt;img src=&#8221;http:\/\/img.opentracker.net\/?cmd=nojs&amp;site=www.satokangas.fi&#8221; alt=&#8221;web stats&#8221; border=&#8221;0&#8243;\/&gt;&lt;\/a&gt;&lt;br \/&gt;<br \/>\n<\/noscript><\/p>\n","protected":false},"excerpt":{"rendered":"<p>Liiketoimintasuunnitelma koulua, n\u00e4ytt\u00f6\u00e4 ja ehk\u00e4p\u00e4 el\u00e4m\u00e4\u00e4 ja elantoa varten on nyt \u2013 vihdoin ja pakosta\u00a0&#8211; ty\u00f6n alla. Seuraava n\u00e4ytt\u00f6, nelj\u00e4s ja varsinaisesti viimeinen n\u00e4ytt\u00f6, on huhtikuun alussa, ja sen keskeisin osa on liiketoimintasuunnitelma. On teht\u00e4v\u00e4 realistinen ja kunnolla tehty suunnitelma siit\u00e4, miten hy\u00f6dynt\u00e4\u00e4 saatua koulutusta ja miten saada valokuvauksesta elanto, &#8211; tai ainakin osa siit\u00e4. Olen siis p\u00e4\u00e4tt\u00e4nyt, ett\u00e4 ryhdyn &hellip; <\/p>\n","protected":false},"author":1,"featured_media":0,"comment_status":"open","ping_status":"open","sticky":false,"template":"","format":"standard","meta":{"jetpack_post_was_ever_published":false,"_jetpack_newsletter_access":"","_jetpack_dont_email_post_to_subs":true,"_jetpack_newsletter_tier_id":0,"_jetpack_memberships_contains_paywalled_content":false,"_jetpack_memberships_contains_paid_content":false,"footnotes":"","jetpack_publicize_message":"","jetpack_publicize_feature_enabled":true,"jetpack_social_post_already_shared":true,"jetpack_social_options":{"image_generator_settings":{"template":"highway","default_image_id":0,"font":"","enabled":false},"version":2}},"categories":[13,37,77],"tags":[],"class_list":["post-30464","post","type-post","status-publish","format-standard","hentry","category-historiaa","category-valokuvaus","category-vat","latest_post"],"jetpack_publicize_connections":[],"jetpack_featured_media_url":"","jetpack_shortlink":"https:\/\/wp.me\/pr4p4-7Vm","jetpack_sharing_enabled":true,"jetpack_likes_enabled":false,"jetpack-related-posts":[{"id":30611,"url":"https:\/\/www.satokangas.fi\/blogi\/2017\/04\/toiminimi\/","url_meta":{"origin":30464,"position":0},"title":"Toiminimi","author":"Reija","date":"4.4.2017","format":false,"excerpt":"klikkaa isommaksi! Muistikuvia. \u00a0Se siis on toiminimeni nimi. Mit\u00e4s pid\u00e4tte? Ent\u00e4s mainoksesta? Muokkailin Oulussa ilmestyneess\u00e4 Kaiku-lehdess\u00e4 syksyll\u00e4 1909 olleesta F. Suomelan valokuvausliikkeen mainoksesta. ;) . Nimi on vain markkinointinimi. Sill\u00e4: k\u00e4vip\u00e4 nimitt\u00e4in niin, ett\u00e4 kun l\u00e4hetin Patentti- ja rekisterihallitukseen rekister\u00f6intipaperit (onnistuu 1.3. alkaen my\u00f6s s\u00e4hk\u00f6isesti ja maksaa vain 75 euroa)\u2026","rel":"","context":"Kategoriassa &quot;Niit\u00e4 n\u00e4it\u00e4&quot;","block_context":{"text":"Niit\u00e4 n\u00e4it\u00e4","link":"https:\/\/www.satokangas.fi\/blogi\/category\/aiheeton\/"},"img":{"alt_text":"","src":"https:\/\/i0.wp.com\/www.satokangas.fi\/blogi\/wp-content\/uploads\/2017\/04\/Valokuvausliikkeen-mainos-3_72-dpi-281x400.jpg?resize=350%2C200&ssl=1","width":350,"height":200},"classes":[]},{"id":30617,"url":"https:\/\/www.satokangas.fi\/blogi\/2017\/04\/kohti-viimeista-virallista-nayttoa\/","url_meta":{"origin":30464,"position":1},"title":"Kohti viimeist\u00e4 virallista n\u00e4ytt\u00f6\u00e4","author":"Reija","date":"5.4.2017","format":false,"excerpt":"Kyll\u00e4 nyt on rutistettu! Siin\u00e4 se kuitenkin on. Kymmenen sivua miniyritykseni liiketoimintasuunnitelmaa rahoitus-, myynti- ja kannattavuuslaskelmineen. \u00a0 Kaikkea sit\u00e4! Onneksi on netiss\u00e4 varsin perusteellinen ja hyvin ohjattu sivusto, jossa voi tuota suunnitelmaa ty\u00f6st\u00e4\u00e4. https:\/\/www.liiketoimintasuunnitelma.com\/ mutta tuskien taival tuo oli. Ja viel\u00e4 CV ja julkaisuluettelokin piti p\u00e4ivitt\u00e4\u00e4. Yhteens\u00e4 parikymment\u00e4 sivua on\u2026","rel":"","context":"Kategoriassa &quot;VAT&quot;","block_context":{"text":"VAT","link":"https:\/\/www.satokangas.fi\/blogi\/category\/valokuvaus\/vat\/"},"img":{"alt_text":"","src":"","width":0,"height":0},"classes":[]},{"id":30177,"url":"https:\/\/www.satokangas.fi\/blogi\/2017\/01\/taas-torniossa\/","url_meta":{"origin":30464,"position":2},"title":"Taas Torniossa","author":"Reija","date":"27.1.2017","format":false,"excerpt":"Siin\u00e4 ne on: samanlaiset melkein joka kerta. \u00a0VATtilaisen viikonloppuev\u00e4\u00e4t, - ja l\u00e4ht\u00f6oletuksena on, ett\u00e4 huomenna l\u00e4hden iltasella kaupungille sy\u00f6m\u00e4\u00e4n. On taas l\u00e4hiopetusviikonloppu Torniossa, nyt jo viidestoista. T\u00e4m\u00e4 on viimeinen varsinainen valokuvauksen opetukseen liittyv\u00e4 viikonloppu. Maaliskuussa on viel\u00e4 yksi opetusjakso, mutta silloin k\u00e4yd\u00e4\u00e4n l\u00e4pi liiketoimintasuunnitelmaa ja ammatillistumista, toiminimen ja yrityksen perustamista,\u2026","rel":"","context":"Kategoriassa &quot;Niit\u00e4 n\u00e4it\u00e4&quot;","block_context":{"text":"Niit\u00e4 n\u00e4it\u00e4","link":"https:\/\/www.satokangas.fi\/blogi\/category\/aiheeton\/"},"img":{"alt_text":"","src":"https:\/\/i0.wp.com\/www.satokangas.fi\/blogi\/wp-content\/uploads\/2017\/01\/FOTO6008-600x385.jpg?resize=350%2C200&ssl=1","width":350,"height":200,"srcset":"https:\/\/i0.wp.com\/www.satokangas.fi\/blogi\/wp-content\/uploads\/2017\/01\/FOTO6008-600x385.jpg?resize=350%2C200&ssl=1 1x, https:\/\/i0.wp.com\/www.satokangas.fi\/blogi\/wp-content\/uploads\/2017\/01\/FOTO6008-600x385.jpg?resize=525%2C300&ssl=1 1.5x"},"classes":[]},{"id":30631,"url":"https:\/\/www.satokangas.fi\/blogi\/2017\/04\/neljas-naytto-torniossa-lopuillaan\/","url_meta":{"origin":30464,"position":3},"title":"Nelj\u00e4s n\u00e4ytt\u00f6 Torniossa lopuillaan","author":"Reija","date":"8.4.2017","format":false,"excerpt":"Kisastudiosta palattu. Meit\u00e4 oli vain kuusi, kuten koko viikonloppuna. Opinpa taas paljon uutta, el\u00e4m\u00e4st\u00e4 ja itsest\u00e4ni. Muistanpa taas ett\u00e4 min\u00e4h\u00e4n el\u00e4n - yleens\u00e4, tavallisesti - melkoisessa kuplassa. Onhan t\u00e4n\u00e4\u00e4n taas ollut aika mukava ja hieno p\u00e4iv\u00e4- \u00a0--- ~~~~~~~~~~~~~~~~~~~~~~~~ T\u00e4n\u00e4\u00e4n ei ole ollut vattilaisia kuvaamassa simultaaneja Tornion kaduilla, ja sen huomaa\u2026","rel":"","context":"Kategoriassa &quot;Niit\u00e4 n\u00e4it\u00e4&quot;","block_context":{"text":"Niit\u00e4 n\u00e4it\u00e4","link":"https:\/\/www.satokangas.fi\/blogi\/category\/aiheeton\/"},"img":{"alt_text":"","src":"https:\/\/i0.wp.com\/www.satokangas.fi\/blogi\/wp-content\/uploads\/2017\/04\/1-2-600x400.jpg?resize=350%2C200&ssl=1","width":350,"height":200,"srcset":"https:\/\/i0.wp.com\/www.satokangas.fi\/blogi\/wp-content\/uploads\/2017\/04\/1-2-600x400.jpg?resize=350%2C200&ssl=1 1x, https:\/\/i0.wp.com\/www.satokangas.fi\/blogi\/wp-content\/uploads\/2017\/04\/1-2-600x400.jpg?resize=525%2C300&ssl=1 1.5x"},"classes":[]},{"id":30497,"url":"https:\/\/www.satokangas.fi\/blogi\/2017\/03\/koulu-on-kayty\/","url_meta":{"origin":30464,"position":4},"title":"Koulu on k\u00e4yty!","author":"Reija","date":"19.3.2017","format":false,"excerpt":"Kyll\u00e4 oli mummin, \u00e4idin, vaimon, anopin hyv\u00e4 palata kotiin kouluviikonlopun j\u00e4lkeen, kun vastassa on mummia hokeva pieni ihanuus, ruokaa laittavat Juniori ja Mini\u00e4, ja pinjansiemenpiirakan\u00a0leiponut ja tulppaanit ostanut aviomies. Nyt \"Valokuvaajan ammattitutkintoon valmistava koulutus\" on k\u00e4yty, suoritettu, ohi, eletty, nautittu, opittu, Tornion ammattiopisto Lappian anti minun kouluttamiseksi on (ainakin t\u00e4lt\u00e4\u2026","rel":"","context":"Kategoriassa &quot;Niit\u00e4 n\u00e4it\u00e4&quot;","block_context":{"text":"Niit\u00e4 n\u00e4it\u00e4","link":"https:\/\/www.satokangas.fi\/blogi\/category\/aiheeton\/"},"img":{"alt_text":"","src":"https:\/\/i0.wp.com\/www.satokangas.fi\/blogi\/wp-content\/uploads\/2017\/03\/Kotiinpaluu-3-600x382.jpg?resize=350%2C200&ssl=1","width":350,"height":200,"srcset":"https:\/\/i0.wp.com\/www.satokangas.fi\/blogi\/wp-content\/uploads\/2017\/03\/Kotiinpaluu-3-600x382.jpg?resize=350%2C200&ssl=1 1x, https:\/\/i0.wp.com\/www.satokangas.fi\/blogi\/wp-content\/uploads\/2017\/03\/Kotiinpaluu-3-600x382.jpg?resize=525%2C300&ssl=1 1.5x"},"classes":[]},{"id":33254,"url":"https:\/\/www.satokangas.fi\/blogi\/2018\/02\/pari-muuttuvaa-tekijaa\/","url_meta":{"origin":30464,"position":5},"title":"Pari muuttuvaa tekij\u00e4\u00e4&#8230;","author":"Reija","date":"4.2.2018","format":false,"excerpt":"Nyt on kriisi. Eilen illalla, jo aiemmin varoitellut, tietokoneen toimintavarmuuden heikkeneminen vei v\u00e4\u00e4j\u00e4\u00e4m\u00e4tt\u00e4 siihen tuskastuttavaan tilanteeseen, ett\u00e4 kone simahti totaalisesti. Se ei en\u00e4\u00e4 k\u00e4ynnisty kunnolla. Jo alkuy\u00f6st\u00e4 nukkumaan menness\u00e4ni olin hajoamisen vuoksi v\u00e4hint\u00e4\u00e4nkin huolissani, monestakin syyst\u00e4, ja niinh\u00e4n sitten aamuy\u00f6n valvoin pari tuntia kirjaimellisesti tuskanhiest\u00e4 m\u00e4rk\u00e4n\u00e4 ja mietin, mit\u00e4 kaikkia\u2026","rel":"","context":"Kategoriassa &quot;Niit\u00e4 n\u00e4it\u00e4&quot;","block_context":{"text":"Niit\u00e4 n\u00e4it\u00e4","link":"https:\/\/www.satokangas.fi\/blogi\/category\/aiheeton\/"},"img":{"alt_text":"","src":"https:\/\/i0.wp.com\/www.satokangas.fi\/blogi\/wp-content\/uploads\/2018\/02\/Tilhi-2.jpg?resize=350%2C200&ssl=1","width":350,"height":200,"srcset":"https:\/\/i0.wp.com\/www.satokangas.fi\/blogi\/wp-content\/uploads\/2018\/02\/Tilhi-2.jpg?resize=350%2C200&ssl=1 1x, https:\/\/i0.wp.com\/www.satokangas.fi\/blogi\/wp-content\/uploads\/2018\/02\/Tilhi-2.jpg?resize=525%2C300&ssl=1 1.5x, https:\/\/i0.wp.com\/www.satokangas.fi\/blogi\/wp-content\/uploads\/2018\/02\/Tilhi-2.jpg?resize=700%2C400&ssl=1 2x"},"classes":[]}],"_links":{"self":[{"href":"https:\/\/www.satokangas.fi\/blogi\/wp-json\/wp\/v2\/posts\/30464","targetHints":{"allow":["GET"]}}],"collection":[{"href":"https:\/\/www.satokangas.fi\/blogi\/wp-json\/wp\/v2\/posts"}],"about":[{"href":"https:\/\/www.satokangas.fi\/blogi\/wp-json\/wp\/v2\/types\/post"}],"author":[{"embeddable":true,"href":"https:\/\/www.satokangas.fi\/blogi\/wp-json\/wp\/v2\/users\/1"}],"replies":[{"embeddable":true,"href":"https:\/\/www.satokangas.fi\/blogi\/wp-json\/wp\/v2\/comments?post=30464"}],"version-history":[{"count":0,"href":"https:\/\/www.satokangas.fi\/blogi\/wp-json\/wp\/v2\/posts\/30464\/revisions"}],"wp:attachment":[{"href":"https:\/\/www.satokangas.fi\/blogi\/wp-json\/wp\/v2\/media?parent=30464"}],"wp:term":[{"taxonomy":"category","embeddable":true,"href":"https:\/\/www.satokangas.fi\/blogi\/wp-json\/wp\/v2\/categories?post=30464"},{"taxonomy":"post_tag","embeddable":true,"href":"https:\/\/www.satokangas.fi\/blogi\/wp-json\/wp\/v2\/tags?post=30464"}],"curies":[{"name":"wp","href":"https:\/\/api.w.org\/{rel}","templated":true}]}}