{"id":30458,"date":"2017-03-12T19:27:42","date_gmt":"2017-03-12T17:27:42","guid":{"rendered":"https:\/\/www.satokangas.fi\/blogi\/?p=30458"},"modified":"2023-09-18T11:44:56","modified_gmt":"2023-09-18T08:44:56","slug":"viikonlopun-jalkeen","status":"publish","type":"post","link":"https:\/\/www.satokangas.fi\/blogi\/2017\/03\/viikonlopun-jalkeen\/","title":{"rendered":"Viikonlopun j\u00e4lkeen"},"content":{"rendered":"<blockquote><p>Kuka voisi kellot seisauttaa?<\/p><\/blockquote>\n<p style=\"text-align: justify;\">Sit\u00e4 eilen illalla jossain vaiheessa hiljaa mietin, kun perhe istui ruokap\u00f6yd\u00e4n ymp\u00e4rill\u00e4, keskustelu polveili, oli hyv\u00e4\u00e4 ruokaa, samppanjaakin, naurettiin, katseltiin vanhoja kuvia, muisteltiin ja suunniteltiin reissuja, puhuttiin el\u00e4m\u00e4n k\u00e4\u00e4nnekohdista, menneist\u00e4 sukupolvista, el\u00e4m\u00e4st\u00e4 &#8230; Aapeli leikki lattialla, joku meist\u00e4 vuorotellen meni pojan kaveriksi leikkeihin. Taustalla soi hyv\u00e4 musiikki, oli l\u00e4mmin, hyv\u00e4, s\u00e4ryt\u00f6n, helppo, hetken ajan ajaton olo.<\/p>\n<p style=\"text-align: justify;\">Ja kun kerran olin luvannut laittaa hyv\u00e4\u00e4 ruokaa, niin sit\u00e4 sitten tein. Eilisell\u00e4 p\u00e4iv\u00e4llisell\u00e4 nautittiin alkuun mm. n\u00e4ist\u00e4.<\/p>\n<p style=\"text-align: justify;\"><a href=\"https:\/\/www.satokangas.fi\/blogi\/wp-content\/uploads\/2017\/03\/10.3._-7.jpg\"><img loading=\"lazy\" decoding=\"async\" data-attachment-id=\"30459\" data-permalink=\"https:\/\/www.satokangas.fi\/blogi\/2017\/03\/viikonlopun-jalkeen\/10-3-_-7\/\" data-orig-file=\"https:\/\/www.satokangas.fi\/blogi\/wp-content\/uploads\/2017\/03\/10.3._-7.jpg\" data-orig-size=\"2048,1049\" data-comments-opened=\"1\" data-image-meta=\"{&quot;aperture&quot;:&quot;4&quot;,&quot;credit&quot;:&quot;Reija Satokangas&quot;,&quot;camera&quot;:&quot;Canon EOS 5D Mark IV&quot;,&quot;caption&quot;:&quot;&quot;,&quot;created_timestamp&quot;:&quot;1489246903&quot;,&quot;copyright&quot;:&quot;&quot;,&quot;focal_length&quot;:&quot;50&quot;,&quot;iso&quot;:&quot;800&quot;,&quot;shutter_speed&quot;:&quot;0.00625&quot;,&quot;title&quot;:&quot;&quot;,&quot;orientation&quot;:&quot;0&quot;}\" data-image-title=\"10.3._-7\" data-image-description=\"\" data-image-caption=\"\" data-large-file=\"https:\/\/www.satokangas.fi\/blogi\/wp-content\/uploads\/2017\/03\/10.3._-7-1600x820.jpg\" class=\"aligncenter size-medium wp-image-30459\" src=\"https:\/\/www.satokangas.fi\/blogi\/wp-content\/uploads\/2017\/03\/10.3._-7-600x307.jpg\" alt=\"\" width=\"600\" height=\"307\" srcset=\"https:\/\/www.satokangas.fi\/blogi\/wp-content\/uploads\/2017\/03\/10.3._-7-600x307.jpg 600w, https:\/\/www.satokangas.fi\/blogi\/wp-content\/uploads\/2017\/03\/10.3._-7-300x154.jpg 300w, https:\/\/www.satokangas.fi\/blogi\/wp-content\/uploads\/2017\/03\/10.3._-7-768x393.jpg 768w, https:\/\/www.satokangas.fi\/blogi\/wp-content\/uploads\/2017\/03\/10.3._-7-1600x820.jpg 1600w, https:\/\/www.satokangas.fi\/blogi\/wp-content\/uploads\/2017\/03\/10.3._-7-1200x615.jpg 1200w, https:\/\/www.satokangas.fi\/blogi\/wp-content\/uploads\/2017\/03\/10.3._-7.jpg 2048w\" sizes=\"auto, (max-width: 600px) 100vw, 600px\" \/><\/a><\/p>\n<p style=\"text-align: justify;\">Vasemmalla m\u00f6kkimaastosta poimituista sienist\u00e4 tehty\u00e4 sienisalaattia Kauppahallin Jaanan Puodista ostetun ruisvarraspalasten p\u00e4\u00e4ll\u00e4, keskell\u00e4 lohi-sinappi-cremefraiche-rullan viipaleita rieska-tilli-pedill\u00e4 ja oikealla omatekoisella saaristolaisleiv\u00e4ll\u00e4 m\u00e4timoussea.<\/p>\n<p style=\"text-align: justify;\">Lohirullan t\u00e4ytteen kehittelin itse: \u00bd prk creme fraichea, 1 tl raastettua sitruunan kuorta, pari rkl siianm\u00e4ti\u00e4, 1 rkl dijon-hunajasinappia ja 3 rkl ruohosipulituorejuustoa sekoitetaan kesken\u00e4\u00e4n ja levitet\u00e4\u00e4n vierekk\u00e4in ladottujen graavilohiviipaleiden p\u00e4\u00e4lle ja rullataan kelmun avulla ja sis\u00e4\u00e4n tiukaksi k\u00e4\u00e4r\u00f6ksi. Rulla pakastimeen (muutamaksi tunniksi) ja j\u00e4isen\u00e4 siit\u00e4 leikataan viipaleita ja asetellaan voideltujen ja tillisilpulla peiteltyjen rieskapalasten p\u00e4\u00e4lle. Teen toistekin.<\/p>\n<p style=\"text-align: justify;\">P\u00e4\u00e4ruokana porofileit\u00e4 korvasienikastikkeella, palsternakkaa, puikuloita, herukkahyytel\u00f6\u00e4 ja j\u00e4lkkk\u00e4riksi hilla creme br\u00fbl\u00e9e. Kukaan ei valittanut.<\/p>\n<p style=\"text-align: justify;\">\n<p style=\"text-align: justify;\">Pikkuperhe hiipui (Juniori nilkutti: perjantaina mursi jalkansa t\u00f6iss\u00e4: iso rautalevy putosi jalkater\u00e4n p\u00e4\u00e4lle&#8230; \ud83d\ude41 ) kotiin yhdeks\u00e4n tienoilla, Pehtoori vet\u00e4ytyi unille pian sen j\u00e4lkeen, mutta min\u00e4 j\u00e4in tytt\u00e4ren ja kaverinsa kanssa viel\u00e4 istuksimaan Festaan, h\u00f6p\u00f6teltiin viel\u00e4 &#8230;<\/p>\n<p style=\"text-align: justify;\">T\u00e4n\u00e4\u00e4n sitten hyvin erilainen p\u00e4iv\u00e4. Aamulla viel\u00e4 ensisijaisesti \u00e4itin\u00e4, sitten tytt\u00e4ren\u00e4, ja iltap\u00e4iv\u00e4ll\u00e4 mummina ja siin\u00e4 ohessa koko ajan ja v\u00e4lill\u00e4 vaimona, anoppina, tovin yksikseni.<\/p>\n<p style=\"text-align: justify;\">Miten olikin niin &#8221;iso&#8221; viikonloppu? \u00a0\ud83d\ude09<\/p>\n","protected":false},"excerpt":{"rendered":"<p>Kuka voisi kellot seisauttaa? Sit\u00e4 eilen illalla jossain vaiheessa hiljaa mietin, kun perhe istui ruokap\u00f6yd\u00e4n ymp\u00e4rill\u00e4, keskustelu polveili, oli hyv\u00e4\u00e4 ruokaa, samppanjaakin, naurettiin, katseltiin vanhoja kuvia, muisteltiin ja suunniteltiin reissuja, puhuttiin el\u00e4m\u00e4n k\u00e4\u00e4nnekohdista, menneist\u00e4 sukupolvista, el\u00e4m\u00e4st\u00e4 &#8230; Aapeli leikki lattialla, joku meist\u00e4 vuorotellen meni pojan kaveriksi leikkeihin. Taustalla soi hyv\u00e4 musiikki, oli l\u00e4mmin, hyv\u00e4, s\u00e4ryt\u00f6n, helppo, hetken ajan ajaton olo. &hellip; <\/p>\n","protected":false},"author":1,"featured_media":0,"comment_status":"open","ping_status":"open","sticky":false,"template":"","format":"standard","meta":{"jetpack_post_was_ever_published":false,"_jetpack_newsletter_access":"","_jetpack_dont_email_post_to_subs":true,"_jetpack_newsletter_tier_id":0,"_jetpack_memberships_contains_paywalled_content":false,"_jetpack_memberships_contains_paid_content":false,"footnotes":"","jetpack_publicize_message":"","jetpack_publicize_feature_enabled":true,"jetpack_social_post_already_shared":true,"jetpack_social_options":{"image_generator_settings":{"template":"highway","default_image_id":0,"font":"","enabled":false},"version":2}},"categories":[75,17,22],"tags":[],"class_list":["post-30458","post","type-post","status-publish","format-standard","hentry","category-isovanhemmuus","category-ruoka_ja_viini","category-vanhemmuus","latest_post"],"jetpack_publicize_connections":[],"jetpack_featured_media_url":"","jetpack_shortlink":"https:\/\/wp.me\/pr4p4-7Vg","jetpack_sharing_enabled":true,"jetpack_likes_enabled":false,"jetpack-related-posts":[{"id":41860,"url":"https:\/\/www.satokangas.fi\/blogi\/2021\/11\/aina-on-hyva-syy-syoda-hyvin\/","url_meta":{"origin":30458,"position":0},"title":"Aina on hyv\u00e4 syy sy\u00f6d\u00e4 hyvin","author":"Reija","date":"6.11.2021","format":false,"excerpt":"Pyh\u00e4inp\u00e4iv\u00e4n aamunakin minun kroppani ilmoitti aamuviidelt\u00e4, ett\u00e4 unta on jo tarpeeksi takana (en kyll\u00e4 ollut ihan samaa mielt\u00e4, mutta mink\u00e4s teet). P\u00e4iv\u00e4 on ollut pitk\u00e4. No olenpa ehtinytkin. ... Iltap\u00e4iv\u00e4ll\u00e4 saimme tytt\u00e4ren kotikotiin, ja sit\u00e4 varten olin varustautunut hyvill\u00e4 ruoka-aineilla. Taas perunaa, jota meill\u00e4 on viimeisen nelj\u00e4n kuukauden aikana sy\u00f6ty\u2026","rel":"","context":"Kategoriassa &quot;Reseptit&quot;","block_context":{"text":"Reseptit","link":"https:\/\/www.satokangas.fi\/blogi\/category\/ruoka_ja_viini\/reseptit\/"},"img":{"alt_text":"","src":"https:\/\/i0.wp.com\/www.satokangas.fi\/blogi\/wp-content\/uploads\/2021\/11\/pyhainpaiva.jpg?resize=350%2C200&ssl=1","width":350,"height":200,"srcset":"https:\/\/i0.wp.com\/www.satokangas.fi\/blogi\/wp-content\/uploads\/2021\/11\/pyhainpaiva.jpg?resize=350%2C200&ssl=1 1x, https:\/\/i0.wp.com\/www.satokangas.fi\/blogi\/wp-content\/uploads\/2021\/11\/pyhainpaiva.jpg?resize=525%2C300&ssl=1 1.5x, https:\/\/i0.wp.com\/www.satokangas.fi\/blogi\/wp-content\/uploads\/2021\/11\/pyhainpaiva.jpg?resize=700%2C400&ssl=1 2x"},"classes":[]},{"id":35965,"url":"https:\/\/www.satokangas.fi\/blogi\/2019\/02\/hyva-ruoka-parempi-mieli-3\/","url_meta":{"origin":30458,"position":1},"title":"Hyv\u00e4 ruoka, parempi mieli","author":"Reija","date":"17.2.2019","format":false,"excerpt":"Eilen illalla Olli Lindholmin \"Vain el\u00e4m\u00e4\u00e4\" -muisto-ohjelma ja t\u00e4n\u00e4\u00e4n aamup\u00e4iv\u00e4ll\u00e4 Novalla \"Muistoisamme - Sari Sepp\u00e4l\u00e4\". Hiljaiseksi on vet\u00e4nyt, uniinkiin ovat tulleet n\u00e4m\u00e4 poisl\u00e4hd\u00f6t. Antaneet leimansa t\u00e4lle viikonlopulle. ~~~~~~~~~~~~~~~~~~~~ Mutta pienest\u00e4 alakulosta huolimatta ei huolta t\u00e4n\u00e4\u00e4n. Aamup\u00e4iv\u00e4ll\u00e4 nettikoulutusta paistink\u00e4\u00e4nt\u00e4jien uuteen tiedotusj\u00e4rjestelm\u00e4\u00e4n, sitten radio auki, lenkille ja ... Pikkuperhe tuli sy\u00f6m\u00e4\u00e4n. P\u00e4\u00e4ruokana\u2026","rel":"","context":"Kategoriassa &quot;Niit\u00e4 n\u00e4it\u00e4&quot;","block_context":{"text":"Niit\u00e4 n\u00e4it\u00e4","link":"https:\/\/www.satokangas.fi\/blogi\/category\/aiheeton\/"},"img":{"alt_text":"","src":"https:\/\/i0.wp.com\/www.satokangas.fi\/blogi\/wp-content\/uploads\/2019\/02\/sitruunapiirakka.jpg?resize=350%2C200&ssl=1","width":350,"height":200,"srcset":"https:\/\/i0.wp.com\/www.satokangas.fi\/blogi\/wp-content\/uploads\/2019\/02\/sitruunapiirakka.jpg?resize=350%2C200&ssl=1 1x, https:\/\/i0.wp.com\/www.satokangas.fi\/blogi\/wp-content\/uploads\/2019\/02\/sitruunapiirakka.jpg?resize=525%2C300&ssl=1 1.5x, https:\/\/i0.wp.com\/www.satokangas.fi\/blogi\/wp-content\/uploads\/2019\/02\/sitruunapiirakka.jpg?resize=700%2C400&ssl=1 2x"},"classes":[]},{"id":33667,"url":"https:\/\/www.satokangas.fi\/blogi\/2018\/03\/paljon-hyvaa-yhtena-paivana\/","url_meta":{"origin":30458,"position":2},"title":"Paljon hyv\u00e4\u00e4 yhten\u00e4 p\u00e4iv\u00e4n\u00e4","author":"Reija","date":"28.3.2018","format":false,"excerpt":"P\u00e4\u00e4si\u00e4isviikko, perinteisest\u00e4 retriitist\u00e4ni Lapissa ei tietoakaan. Mutta Oulussakin on s\u00e4\u00e4 ollut kuin parhaina p\u00e4\u00e4si\u00e4isin\u00e4 m\u00f6kill\u00e4. Valkoisia, kimmelt\u00e4vi\u00e4 hankia, auringon h\u00e4ik\u00e4isev\u00e4\u00e4 valoa ja l\u00e4mmitt\u00e4v\u00e4\u00e4 tunnetta. Olen t\u00e4m\u00e4n talven kovien y\u00f6pakkasten aikana oppinut l\u00e4htem\u00e4\u00e4n ulos vasta puolelta p\u00e4ivin, enk\u00e4 ole s\u00e4nn\u00e4nnyt auringon sarastuksen aikaan, heti her\u00e4tty\u00e4ni, tarpomaan jonnekin mets\u00e4poluille. T\u00e4n\u00e4\u00e4n k\u00e4velin puolelta\u2026","rel":"","context":"Kategoriassa &quot;Isovanhemmuus&quot;","block_context":{"text":"Isovanhemmuus","link":"https:\/\/www.satokangas.fi\/blogi\/category\/isovanhemmuus\/"},"img":{"alt_text":"","src":"https:\/\/i0.wp.com\/www.satokangas.fi\/blogi\/wp-content\/uploads\/2018\/03\/2-14.jpg?resize=350%2C200&ssl=1","width":350,"height":200,"srcset":"https:\/\/i0.wp.com\/www.satokangas.fi\/blogi\/wp-content\/uploads\/2018\/03\/2-14.jpg?resize=350%2C200&ssl=1 1x, https:\/\/i0.wp.com\/www.satokangas.fi\/blogi\/wp-content\/uploads\/2018\/03\/2-14.jpg?resize=525%2C300&ssl=1 1.5x, https:\/\/i0.wp.com\/www.satokangas.fi\/blogi\/wp-content\/uploads\/2018\/03\/2-14.jpg?resize=700%2C400&ssl=1 2x"},"classes":[]},{"id":42258,"url":"https:\/\/www.satokangas.fi\/blogi\/2022\/01\/hyva-ruoka\/","url_meta":{"origin":30458,"position":3},"title":"Hyv\u00e4 ruoka","author":"Reija","date":"10.1.2022","format":false,"excerpt":"Sitruunapastasta omanlainen pastasalaatti on p\u00e4iv\u00e4n paras anti.\u00a0Lohimedaljongeilla aloitettiin t\u00e4m\u00e4n viikon menu ja niille piti saada hyv\u00e4 ruokaisa lisuke.\u00a0Pastasalaatin kehittelin saatavilla olevista aineksista. T\u00e4m\u00e4 on sovellettavissa vaikka ja miten. Kehitteleh\u00e4n oma versiosi tai kokeile t\u00e4t\u00e4. :) Sitruunapasta, jota hankin Haukiputaan Keltainen kolibri-kaupasta (toki sit\u00e4 on n\u00e4kynyt my\u00f6s Puistolan bakeryn hyllyill\u00e4 ja\u2026","rel":"","context":"Kategoriassa &quot;Niit\u00e4 n\u00e4it\u00e4&quot;","block_context":{"text":"Niit\u00e4 n\u00e4it\u00e4","link":"https:\/\/www.satokangas.fi\/blogi\/category\/aiheeton\/"},"img":{"alt_text":"","src":"https:\/\/i0.wp.com\/www.satokangas.fi\/blogi\/wp-content\/uploads\/2022\/01\/sitruunapasta.jpg?resize=350%2C200&ssl=1","width":350,"height":200,"srcset":"https:\/\/i0.wp.com\/www.satokangas.fi\/blogi\/wp-content\/uploads\/2022\/01\/sitruunapasta.jpg?resize=350%2C200&ssl=1 1x, https:\/\/i0.wp.com\/www.satokangas.fi\/blogi\/wp-content\/uploads\/2022\/01\/sitruunapasta.jpg?resize=525%2C300&ssl=1 1.5x, https:\/\/i0.wp.com\/www.satokangas.fi\/blogi\/wp-content\/uploads\/2022\/01\/sitruunapasta.jpg?resize=700%2C400&ssl=1 2x"},"classes":[]},{"id":44583,"url":"https:\/\/www.satokangas.fi\/blogi\/2023\/01\/muistikuvia-tanaankin\/","url_meta":{"origin":30458,"position":4},"title":"Muistikuvia t\u00e4n\u00e4\u00e4nkin","author":"Reija","date":"15.1.2023","format":false,"excerpt":"Kuvia, kuvia. Ruokakuvia, v\u00e4it\u00f6skuvia, annoskuvia, v\u00e4it\u00f6skahvikuvia, blinikuvia, luentosalikuvia... Nyt vilisee silmiss\u00e4. P\u00e4iv\u00e4n on mennyt ediittihommissa. About 500 kuvaa on tullut perattua, valittua ja paljon jo ty\u00f6stetty\u00e4kin. Sek\u00e4 De Gamlas Hemin annoskuvat ett\u00e4 v\u00e4it\u00f6skuvat perjantailta ovat olleet ty\u00f6stett\u00e4v\u00e4n\u00e4. Ei siis ihan perinteinen pyhitetty sunnuntai. Lenkill\u00e4 (vesisadetta tammikuun puoliv\u00e4liss\u00e4, ei hyv\u00e4!) ja\u2026","rel":"","context":"Kategoriassa &quot;Muistikuvia&quot;","block_context":{"text":"Muistikuvia","link":"https:\/\/www.satokangas.fi\/blogi\/category\/muistikuvia\/"},"img":{"alt_text":"","src":"https:\/\/i0.wp.com\/www.satokangas.fi\/blogi\/wp-content\/uploads\/2023\/01\/Yashica_studio.jpg?resize=350%2C200&ssl=1","width":350,"height":200},"classes":[]},{"id":5684,"url":"https:\/\/www.satokangas.fi\/blogi\/2010\/01\/nuoren-miehen-unihairioita\/","url_meta":{"origin":30458,"position":5},"title":"Nuoren miehen unih\u00e4iri\u00f6it\u00e4","author":"Reija","date":"7.1.2010","format":false,"excerpt":"Mik\u00e4 ajastinh\u00e4iri\u00f6 tuossa meid\u00e4n nuoressa miehess\u00e4 oikein on? Ensin el\u00e4m\u00e4ns\u00e4 ensimm\u00e4isen\u00e4 vuonna ei suostunut juurikaan nukkumaan, ei varsinkaan \u00f6isin. Pieni\u00e4 parin tunnin p\u00e4tki\u00e4 vain kerrallaan... Sitten leikki-ik\u00e4isen\u00e4 nukahteli kesken leikinkin suoraan Duplojen p\u00e4\u00e4lle tai ruokap\u00f6yt\u00e4\u00e4nkin tai huoletta hurautti kolmen tunnin p\u00e4ikk\u00e4rit, mik\u00e4 oli kyll\u00e4 aika hyv\u00e4 juttu, koskapa minulla oli\u2026","rel":"","context":"Kategoriassa &quot;Vanhemmuus&quot;","block_context":{"text":"Vanhemmuus","link":"https:\/\/www.satokangas.fi\/blogi\/category\/vanhemmuus\/"},"img":{"alt_text":"","src":"","width":0,"height":0},"classes":[]}],"_links":{"self":[{"href":"https:\/\/www.satokangas.fi\/blogi\/wp-json\/wp\/v2\/posts\/30458","targetHints":{"allow":["GET"]}}],"collection":[{"href":"https:\/\/www.satokangas.fi\/blogi\/wp-json\/wp\/v2\/posts"}],"about":[{"href":"https:\/\/www.satokangas.fi\/blogi\/wp-json\/wp\/v2\/types\/post"}],"author":[{"embeddable":true,"href":"https:\/\/www.satokangas.fi\/blogi\/wp-json\/wp\/v2\/users\/1"}],"replies":[{"embeddable":true,"href":"https:\/\/www.satokangas.fi\/blogi\/wp-json\/wp\/v2\/comments?post=30458"}],"version-history":[{"count":0,"href":"https:\/\/www.satokangas.fi\/blogi\/wp-json\/wp\/v2\/posts\/30458\/revisions"}],"wp:attachment":[{"href":"https:\/\/www.satokangas.fi\/blogi\/wp-json\/wp\/v2\/media?parent=30458"}],"wp:term":[{"taxonomy":"category","embeddable":true,"href":"https:\/\/www.satokangas.fi\/blogi\/wp-json\/wp\/v2\/categories?post=30458"},{"taxonomy":"post_tag","embeddable":true,"href":"https:\/\/www.satokangas.fi\/blogi\/wp-json\/wp\/v2\/tags?post=30458"}],"curies":[{"name":"wp","href":"https:\/\/api.w.org\/{rel}","templated":true}]}}