{"id":30321,"date":"2017-02-20T20:29:57","date_gmt":"2017-02-20T18:29:57","guid":{"rendered":"https:\/\/www.satokangas.fi\/blogi\/?p=30321"},"modified":"2017-02-21T09:51:24","modified_gmt":"2017-02-21T07:51:24","slug":"femes-450-mpy-huiputettu","status":"publish","type":"post","link":"https:\/\/www.satokangas.fi\/blogi\/2017\/02\/femes-450-mpy-huiputettu\/","title":{"rendered":"Femes (450 mpy) huiputettu"},"content":{"rendered":"<p style=\"text-align: justify;\">R &amp; P patikoi! Voi hyv\u00e4 tavaton! Kyll\u00e4 me taisimme jossain v\u00e4liss\u00e4 todeta, etteik\u00f6 <a href=\"https:\/\/www.satokangas.fi\/blogi\/2013\/10\/seikkailusunnuntai-levadoilla\/\" target=\"_blank\">Madeiran seikkailusta<\/a>\u00a0ollut mit\u00e4\u00e4n opittu: ihan ilman karttaa ja varmaa tietoa reitist\u00e4 l\u00e4hdimme heti aamiaisen j\u00e4lkeen reippaasti kohti kukkuloita, ja varmana tavoitteena Femez. Olisihan sinne v\u00e4h\u00e4n matkaa, ja mit\u00e4h\u00e4n kautta takaisin, mutta patikoimaanhan t\u00e4nne on tultu.<\/p>\n<p style=\"text-align: justify;\">Ja kun s\u00e4\u00e4kin tuntui t\u00e4n\u00e4\u00e4n olevan mit\u00e4 mainioin. Eilisen\u00e4 iltana t\u00e4\u00e4ll\u00e4 Yaizassa satoi kovasti, mutta mep\u00e4 olimmekin illan rannikolla Playa Blancalla jossa ei satanut. Se oli enemm\u00e4n sellainen kanarialainen rantalomakohde, jollaiseksi min\u00e4 aina Kanarian v\u00e4ist\u00e4m\u00e4tt\u00e4 ajattelen. K\u00e4velimme siell\u00e4 rantabulevardilla muiden turistien joukossa, k\u00e4vimme rantabaarissa aperitiivilla ja seitsem\u00e4n j\u00e4lkeen menimme <a href=\"http:\/\/www.larutadelbuenyantar.com\/chalanita.html\">La Chalanita<\/a> -ravintolaan, joka olikin mit\u00e4 mainioin. Sen olivat liki t\u00e4ytt\u00e4neet englantilaiset ja tanskalaiset talviasukit. Teen varmasti t\u00e4m\u00e4n reissun ruokakokemuksista erillisen postauksen j\u00e4lkeen p\u00e4in, ja tuo ravintolakokemus tulee varmasti olemaan viikon kohokohtia. No kun sitten kymmenen tiet\u00e4miss\u00e4 palasimme Yaizaan ja hotelliin hoksattiin, ett\u00e4 kovasti oli t\u00e4\u00e4ll\u00e4 sis\u00e4maassa illalla satanut.<\/p>\n<p style=\"text-align: justify;\">Viel\u00e4 aamullakin ilma tuntui kostealta &#8211; ja syksyiselt\u00e4. Mutta syksyinen poutas\u00e4\u00e4h\u00e4n on mit\u00e4 mainioin patikkakeli. Niinh\u00e4n siin\u00e4 sitten k\u00e4vi, ett\u00e4 patikka vei yli nelj\u00e4 tuntia, &#8211; ja me todella tepastelimme koko ajan, eik\u00e4 mit\u00e4\u00e4n h\u00fctteill\u00e4 istuskelua ja maisemien ihailua. Sen ett\u00e4 pikaiset juoma- ja kuvaustauot pidettiin, ja matka jatkui. Yl\u00f6s, alas, soraa, kivikkoa, laavarinnett\u00e4, asfalttia, autotiet\u00e4 (k\u00e4vip\u00e4 poliisikin meit\u00e4 puhuttamassa: pit\u00e4isi olla huomioliivit tai ainakin k\u00e4sivarressa \u00a0nauha, jos kerran kapealla vuoristotiell\u00e4 tepastelee).<\/p>\n<p style=\"text-align: justify;\">Femez oli p\u00e4\u00e4kohde, ja sen miradoresilla, n\u00e4k\u00f6alapaikalla, yhytimme hotellihuonenaapurimme, englantilais-el\u00e4kel\u00e4ispariskunnan. Tovi juteltiin, pohdittiin paluureittej\u00e4, ja heill\u00e4 oli KARTTA. Sellaistahan meill\u00e4 ei ollut. Kannattaisi olla, koska t\u00e4\u00e4ll\u00e4 ei todellakaan ole n\u00e4it\u00e4 patikkareitteje\u00e4 merkitty maastoon yht\u00e4\u00e4n mihink\u00e4\u00e4n. Ja onneksemme tapasimme saman pariskunnan tunnin my\u00f6hemminkin, siin\u00e4 vaiheessa kun olimme viel\u00e4 noin 300 metriss\u00e4, jumalattoman sadekuuron kastelemia, hieman ep\u00e4tietoisia siit\u00e4, miss\u00e4 olemme, ja jo harkitsimme laskeutumista rantaviivan l\u00e4heisyyteen ja turvautumista bussi- tai taksikyytiin, jotta p\u00e4\u00e4st\u00e4isiin omalle kyl\u00e4lle. Mutta eip\u00e4 siin\u00e4 mit\u00e4\u00e4n: yhdess\u00e4 paikallistimme miss\u00e4 oltiin, l\u00f6ydettiin kivikkoisesta maastosta polku ja l\u00e4hdettiin laskeutumaan kohti Yaizaa.<\/p>\n<p style=\"text-align: justify;\"><a href=\"https:\/\/www.satokangas.fi\/blogi\/wp-content\/uploads\/2017\/02\/Femez-Yaiza-Lanzarote-hiking-35.jpg\"><img loading=\"lazy\" decoding=\"async\" data-attachment-id=\"30323\" data-permalink=\"https:\/\/www.satokangas.fi\/blogi\/2017\/02\/femes-450-mpy-huiputettu\/femez-yaiza-lanzarote-hiking-35\/\" data-orig-file=\"https:\/\/www.satokangas.fi\/blogi\/wp-content\/uploads\/2017\/02\/Femez-Yaiza-Lanzarote-hiking-35.jpg\" data-orig-size=\"1600,1067\" data-comments-opened=\"1\" data-image-meta=\"{&quot;aperture&quot;:&quot;5.6&quot;,&quot;credit&quot;:&quot;&quot;,&quot;camera&quot;:&quot;Canon EOS 6D&quot;,&quot;caption&quot;:&quot;&quot;,&quot;created_timestamp&quot;:&quot;1487606054&quot;,&quot;copyright&quot;:&quot;&quot;,&quot;focal_length&quot;:&quot;93&quot;,&quot;iso&quot;:&quot;640&quot;,&quot;shutter_speed&quot;:&quot;0.00025&quot;,&quot;title&quot;:&quot;&quot;,&quot;orientation&quot;:&quot;0&quot;}\" data-image-title=\"Femez, Yaiza, Lanzarote hiking-35\" data-image-description=\"\" data-image-caption=\"\" data-large-file=\"https:\/\/www.satokangas.fi\/blogi\/wp-content\/uploads\/2017\/02\/Femez-Yaiza-Lanzarote-hiking-35-1536x1024.jpg\" class=\"aligncenter size-medium wp-image-30323\" src=\"https:\/\/www.satokangas.fi\/blogi\/wp-content\/uploads\/2017\/02\/Femez-Yaiza-Lanzarote-hiking-35-600x400.jpg\" alt=\"\" width=\"600\" height=\"400\" srcset=\"https:\/\/www.satokangas.fi\/blogi\/wp-content\/uploads\/2017\/02\/Femez-Yaiza-Lanzarote-hiking-35-600x400.jpg 600w, https:\/\/www.satokangas.fi\/blogi\/wp-content\/uploads\/2017\/02\/Femez-Yaiza-Lanzarote-hiking-35-300x200.jpg 300w, https:\/\/www.satokangas.fi\/blogi\/wp-content\/uploads\/2017\/02\/Femez-Yaiza-Lanzarote-hiking-35-768x512.jpg 768w, https:\/\/www.satokangas.fi\/blogi\/wp-content\/uploads\/2017\/02\/Femez-Yaiza-Lanzarote-hiking-35-1536x1024.jpg 1536w, https:\/\/www.satokangas.fi\/blogi\/wp-content\/uploads\/2017\/02\/Femez-Yaiza-Lanzarote-hiking-35-1200x800.jpg 1200w, https:\/\/www.satokangas.fi\/blogi\/wp-content\/uploads\/2017\/02\/Femez-Yaiza-Lanzarote-hiking-35.jpg 1600w\" sizes=\"auto, (max-width: 600px) 100vw, 600px\" \/><\/a><\/p>\n<p style=\"text-align: justify;\">Kun onnellisesti huoneeseen palasimme, looppi ranteessa n\u00e4ytti 22 000 askelta, mik\u00e4 merkitsee reilusti toistakymment\u00e4 kilometri\u00e4, josta osa oli v\u00e4hint\u00e4\u00e4nkin vaikeakulkuista. No mutta maisemat oli hienoja, liikuttu on, muistikortilla 150 kuvaa ja ahavasta punaiset posket.<\/p>\n<p style=\"text-align: justify;\">Tein kuvista kansion: siell\u00e4 on saaren flooraa ja faunaa. Polkua ja pikkutiet\u00e4, maantiet\u00e4 ja maisemaa. L\u00e4hdeh\u00e4n nojatuolipatikalle. Me l\u00e4hdemme pian sy\u00f6m\u00e4\u00e4n! Nyt on kyll\u00e4 eiliset kalorit kulutettu joten taas maistuu.<\/p>\n<p style=\"text-align: justify;\"><span style=\"color: #666699;\"><em>Klikkaamalla oikean yl\u00e4reunan nuolista p\u00e4\u00e4set koko ruudun n\u00e4ytt\u00f6\u00f6n: kannattaa kyll\u00e4. Kest\u00e4\u00e4 tovin, sitten vain klikkailet oikean reunan nuolista eteenp\u00e4in.\u00a0<\/em><\/span><\/p>\n<p><iframe loading=\"lazy\" src=\"https:\/\/satokangas.kuvat.fi\/kuvat\/Patikkareissut\/Lanzarote+2017\/Femez\/embed\" width=\"100%\" height=\"746\" frameborder=\"0\" scrolling=\"no\" allowfullscreen=\"allowfullscreen\"><\/iframe><\/p>\n","protected":false},"excerpt":{"rendered":"<p>R &amp; P patikoi! Voi hyv\u00e4 tavaton! Kyll\u00e4 me taisimme jossain v\u00e4liss\u00e4 todeta, etteik\u00f6 Madeiran seikkailusta\u00a0ollut mit\u00e4\u00e4n opittu: ihan ilman karttaa ja varmaa tietoa reitist\u00e4 l\u00e4hdimme heti aamiaisen j\u00e4lkeen reippaasti kohti kukkuloita, ja varmana tavoitteena Femez. Olisihan sinne v\u00e4h\u00e4n matkaa, ja mit\u00e4h\u00e4n kautta takaisin, mutta patikoimaanhan t\u00e4nne on tultu. Ja kun s\u00e4\u00e4kin tuntui t\u00e4n\u00e4\u00e4n olevan mit\u00e4 mainioin. Eilisen\u00e4 iltana t\u00e4\u00e4ll\u00e4 &hellip; <\/p>\n","protected":false},"author":1,"featured_media":0,"comment_status":"open","ping_status":"open","sticky":false,"template":"","format":"gallery","meta":{"jetpack_post_was_ever_published":false,"_jetpack_newsletter_access":"","_jetpack_dont_email_post_to_subs":true,"_jetpack_newsletter_tier_id":0,"_jetpack_memberships_contains_paywalled_content":false,"_jetpack_memberships_contains_paid_content":false,"footnotes":"","jetpack_publicize_message":"","jetpack_publicize_feature_enabled":true,"jetpack_social_post_already_shared":true,"jetpack_social_options":{"image_generator_settings":{"template":"highway","default_image_id":0,"font":"","enabled":false},"version":2}},"categories":[33,1],"tags":[],"class_list":["post-30321","post","type-post","status-publish","format-gallery","hentry","category-liikkuminen","category-aiheeton","post_format-post-format-gallery","latest_post"],"jetpack_publicize_connections":[],"jetpack_featured_media_url":"","jetpack_shortlink":"https:\/\/wp.me\/pr4p4-7T3","jetpack_sharing_enabled":true,"jetpack_likes_enabled":false,"jetpack-related-posts":[{"id":34222,"url":"https:\/\/www.satokangas.fi\/blogi\/2018\/06\/kesalauantai-koti-oulussa\/","url_meta":{"origin":30321,"position":0},"title":"Kes\u00e4lauantai koti-Oulussa&#8230;","author":"Reija","date":"16.6.2018","format":false,"excerpt":"Nyt olen aika lyhytsanainen. On ollut kes\u00e4lauantai. Oulussa, kotona. Usein t\u00e4m\u00e4 on ollut jotenkin hirmu hieno lauantai: viikko ennen juhannusta, viikko tai kaksi ennen loman aloitusta. Nyt t\u00e4m\u00e4 on ollut siirtyminen lomalta lomalle. M\u00f6kilt\u00e4 kotiin. Ja t\u00e4n\u00e4\u00e4n on ollut mit\u00e4 mainioin kes\u00e4inen ilma. L\u00e4mmin, merellinen, mielytt\u00e4v\u00e4 tuuli. Ja aamuun her\u00e4sin\u2026","rel":"","context":"Kategoriassa &quot;Isovanhemmuus&quot;","block_context":{"text":"Isovanhemmuus","link":"https:\/\/www.satokangas.fi\/blogi\/category\/isovanhemmuus\/"},"img":{"alt_text":"","src":"https:\/\/i0.wp.com\/www.satokangas.fi\/blogi\/wp-content\/uploads\/2018\/06\/1-3.jpg?resize=350%2C200&ssl=1","width":350,"height":200,"srcset":"https:\/\/i0.wp.com\/www.satokangas.fi\/blogi\/wp-content\/uploads\/2018\/06\/1-3.jpg?resize=350%2C200&ssl=1 1x, https:\/\/i0.wp.com\/www.satokangas.fi\/blogi\/wp-content\/uploads\/2018\/06\/1-3.jpg?resize=525%2C300&ssl=1 1.5x, https:\/\/i0.wp.com\/www.satokangas.fi\/blogi\/wp-content\/uploads\/2018\/06\/1-3.jpg?resize=700%2C400&ssl=1 2x"},"classes":[]},{"id":51654,"url":"https:\/\/www.satokangas.fi\/blogi\/2025\/01\/51654\/","url_meta":{"origin":30321,"position":1},"title":"Pakkaslauantaina &#8221;sijaistoimintoja&#8221;","author":"Reija","date":"4.1.2025","format":false,"excerpt":"-35 C. Aamukahdeksalta terassin iso mittari n\u00e4ytti karuja lukemia. Lauantai. Taas viikonloppu, jo eilen aamup\u00e4iv\u00e4ll\u00e4 siivoilimme, petivaatteet p\u00f6p\u00f6karkotukseen pakkaseen, kaamosajan viikkosiivoukseen ei kauaa mennyt, joten t\u00e4n\u00e4\u00e4n ei edes siivousp\u00e4iv\u00e4. Siis mit\u00e4 mainioin p\u00e4iv\u00e4 ajella Ivaloon kauppa-asioille. Perinteiset: K-Market, Apteekki, Alko, Ekstrapiste ja sitten minulla viel\u00e4 yksi kalenteritoimituskin. Ivalo oli t\u00e4ysin\u2026","rel":"","context":"Kategoriassa &quot;Niit\u00e4 n\u00e4it\u00e4&quot;","block_context":{"text":"Niit\u00e4 n\u00e4it\u00e4","link":"https:\/\/www.satokangas.fi\/blogi\/category\/aiheeton\/"},"img":{"alt_text":"","src":"https:\/\/i0.wp.com\/www.satokangas.fi\/blogi\/wp-content\/uploads\/2025\/01\/Urupaankohdalla.jpg?resize=350%2C200&ssl=1","width":350,"height":200,"srcset":"https:\/\/i0.wp.com\/www.satokangas.fi\/blogi\/wp-content\/uploads\/2025\/01\/Urupaankohdalla.jpg?resize=350%2C200&ssl=1 1x, https:\/\/i0.wp.com\/www.satokangas.fi\/blogi\/wp-content\/uploads\/2025\/01\/Urupaankohdalla.jpg?resize=525%2C300&ssl=1 1.5x, https:\/\/i0.wp.com\/www.satokangas.fi\/blogi\/wp-content\/uploads\/2025\/01\/Urupaankohdalla.jpg?resize=700%2C400&ssl=1 2x"},"classes":[]},{"id":30705,"url":"https:\/\/www.satokangas.fi\/blogi\/2017\/05\/unen-ja-valveen-rajamailla\/","url_meta":{"origin":30321,"position":2},"title":"Unen ja valveen rajamailla","author":"Reija","date":"21.5.2017","format":false,"excerpt":"S\u00e4lekaihtimien v\u00e4list\u00e4 siivil\u00f6ityv\u00e4 ilta-auringon valo tuo hyv\u00e4n olon, varmistaa sen, ett\u00e4 kev\u00e4t on tullut. Kes\u00e4st\u00e4 en viel\u00e4 puhuisi. Eilen promootiokulkueen j\u00e4lkeen humpsahdin muistojen sy\u00f6vereihin, menneeseen maailmaan niin syv\u00e4lle, ett\u00e4 y\u00f6ll\u00e4 her\u00e4sin monta kertaa. Elin unissani menneit\u00e4 vuosia, \u2013 ja sitten monta kertaa her\u00e4sin taas hillitt\u00f6m\u00e4\u00e4n ysk\u00e4\u00e4n. P\u00e4ivisin on jo hyv\u00e4,\u2026","rel":"","context":"Kategoriassa &quot;Niit\u00e4 n\u00e4it\u00e4&quot;","block_context":{"text":"Niit\u00e4 n\u00e4it\u00e4","link":"https:\/\/www.satokangas.fi\/blogi\/category\/aiheeton\/"},"img":{"alt_text":"","src":"","width":0,"height":0},"classes":[]},{"id":35154,"url":"https:\/\/www.satokangas.fi\/blogi\/2018\/11\/marraskuun-tapoja\/","url_meta":{"origin":30321,"position":3},"title":"Marraskuun tapoja","author":"Reija","date":"5.11.2018","format":false,"excerpt":"Marraskuu on ollut minulle perinteisesti mit\u00e4 mainioin ty\u00f6-, opiskelu-, kirjoittamis-, ajattelu- ja jopa luova kuukausi. T\u00e4n\u00e4 vuonna se ei tunnu k\u00e4ynnistyv\u00e4n sellaisena. Kummallista junnaamista kaikkinensa. Monelle maaliskuu tai yleens\u00e4 kev\u00e4t on sisustamisen aikaa, mutta usein, niin kuin nytkin, minulle sit\u00e4 on marraskuu. Ei mit\u00e4\u00e4n uusia huonekaluja, ei talviverhoja vaan jotenkin\u2026","rel":"","context":"Kategoriassa &quot;Niit\u00e4 n\u00e4it\u00e4&quot;","block_context":{"text":"Niit\u00e4 n\u00e4it\u00e4","link":"https:\/\/www.satokangas.fi\/blogi\/category\/aiheeton\/"},"img":{"alt_text":"","src":"https:\/\/i0.wp.com\/www.satokangas.fi\/blogi\/wp-content\/uploads\/2018\/11\/1-2.jpg?resize=350%2C200&ssl=1","width":350,"height":200,"srcset":"https:\/\/i0.wp.com\/www.satokangas.fi\/blogi\/wp-content\/uploads\/2018\/11\/1-2.jpg?resize=350%2C200&ssl=1 1x, https:\/\/i0.wp.com\/www.satokangas.fi\/blogi\/wp-content\/uploads\/2018\/11\/1-2.jpg?resize=525%2C300&ssl=1 1.5x"},"classes":[]},{"id":5196,"url":"https:\/\/www.satokangas.fi\/blogi\/2009\/11\/erikoiset-etunimet-vol-iii\/","url_meta":{"origin":30321,"position":4},"title":"Erikoiset etunimet vol. III","author":"Reija","date":"25.11.2009","format":false,"excerpt":"Erikoisten etunimien bongausharrastuksestani olen t\u00e4\u00e4ll\u00e4 Tuulestatemmatun \"sivuilla\" kirjoittanut ensimm\u00e4isen kerran jo vuosi sitten (klik, klik -) ja helmikuussa uudelleen. N\u00e4iden blogitekstien ja opiskelijoille aiheesta puhumisen j\u00e4lkeen olen saanut \u00a0hyvi\u00e4 nimivinkkej\u00e4 lis\u00e4\u00e4: pari viikkoa sitten oli Kalevan kuolinilmoituksissa Euli. Aika moni siit\u00e4 minulle sanoi. Suomessa on kastettu kaikkiaan vain yhdeks\u00e4n tytt\u00f6\u00e4\u2026","rel":"","context":"Kategoriassa &quot;Historiaa&quot;","block_context":{"text":"Historiaa","link":"https:\/\/www.satokangas.fi\/blogi\/category\/historiaa\/"},"img":{"alt_text":"101","src":"https:\/\/i0.wp.com\/www.satokangas.fi\/blogi\/wp-content\/uploads\/2009\/11\/101-398x400.jpg?resize=350%2C200&ssl=1","width":350,"height":200},"classes":[]},{"id":51244,"url":"https:\/\/www.satokangas.fi\/blogi\/2024\/11\/lumoavaa-2\/","url_meta":{"origin":30321,"position":5},"title":"Lumoavaa","author":"Reija","date":"23.11.2024","format":false,"excerpt":"On LUMO-viikonloppu. Lumo-valofestivaali on nyt j\u00e4rjestyksess\u00e4\u00e4n kahdestoista ja t\u00e4n\u00e4 vuonna teoksia on 15. Suunnilleen puolet me k\u00e4vimme t\u00e4n\u00e4\u00e4n katsomassa. Juniori, Apsu ja Eepi olivat mukana. Menimme heti nelj\u00e4ksi, joten ei mennyt jonoissa k\u00e4velyksi ja p\u00e4\u00e4simme ihan liki kaikkia teoksia, vaikka keskustassa oli todella paljon v\u00e4ke\u00e4. Jopa niin ett\u00e4 pian nelj\u00e4n\u2026","rel":"","context":"Kategoriassa &quot;Oulu&quot;","block_context":{"text":"Oulu","link":"https:\/\/www.satokangas.fi\/blogi\/category\/oulu\/"},"img":{"alt_text":"","src":"https:\/\/i0.wp.com\/www.satokangas.fi\/blogi\/wp-content\/uploads\/2024\/11\/Lumo_2024-2.jpg?resize=350%2C200&ssl=1","width":350,"height":200,"srcset":"https:\/\/i0.wp.com\/www.satokangas.fi\/blogi\/wp-content\/uploads\/2024\/11\/Lumo_2024-2.jpg?resize=350%2C200&ssl=1 1x, https:\/\/i0.wp.com\/www.satokangas.fi\/blogi\/wp-content\/uploads\/2024\/11\/Lumo_2024-2.jpg?resize=525%2C300&ssl=1 1.5x, https:\/\/i0.wp.com\/www.satokangas.fi\/blogi\/wp-content\/uploads\/2024\/11\/Lumo_2024-2.jpg?resize=700%2C400&ssl=1 2x"},"classes":[]}],"_links":{"self":[{"href":"https:\/\/www.satokangas.fi\/blogi\/wp-json\/wp\/v2\/posts\/30321","targetHints":{"allow":["GET"]}}],"collection":[{"href":"https:\/\/www.satokangas.fi\/blogi\/wp-json\/wp\/v2\/posts"}],"about":[{"href":"https:\/\/www.satokangas.fi\/blogi\/wp-json\/wp\/v2\/types\/post"}],"author":[{"embeddable":true,"href":"https:\/\/www.satokangas.fi\/blogi\/wp-json\/wp\/v2\/users\/1"}],"replies":[{"embeddable":true,"href":"https:\/\/www.satokangas.fi\/blogi\/wp-json\/wp\/v2\/comments?post=30321"}],"version-history":[{"count":0,"href":"https:\/\/www.satokangas.fi\/blogi\/wp-json\/wp\/v2\/posts\/30321\/revisions"}],"wp:attachment":[{"href":"https:\/\/www.satokangas.fi\/blogi\/wp-json\/wp\/v2\/media?parent=30321"}],"wp:term":[{"taxonomy":"category","embeddable":true,"href":"https:\/\/www.satokangas.fi\/blogi\/wp-json\/wp\/v2\/categories?post=30321"},{"taxonomy":"post_tag","embeddable":true,"href":"https:\/\/www.satokangas.fi\/blogi\/wp-json\/wp\/v2\/tags?post=30321"}],"curies":[{"name":"wp","href":"https:\/\/api.w.org\/{rel}","templated":true}]}}