{"id":30291,"date":"2017-02-17T19:50:22","date_gmt":"2017-02-17T17:50:22","guid":{"rendered":"https:\/\/www.satokangas.fi\/blogi\/?p=30291"},"modified":"2017-02-17T20:35:05","modified_gmt":"2017-02-17T18:35:05","slug":"matkalle-lahtiessa","status":"publish","type":"post","link":"https:\/\/www.satokangas.fi\/blogi\/2017\/02\/matkalle-lahtiessa\/","title":{"rendered":"Matkalle l\u00e4htiess\u00e4"},"content":{"rendered":"<p style=\"text-align: justify;\">Joskus oli tapana loman aluksi ja ennen reissuun l\u00e4ht\u00f6\u00e4 k\u00e4yd\u00e4 verenluovutuksessa, mutta kun sellainen aiheutti py\u00f6rtyily\u00e4 lentokoneessa, olen luopunut.<\/p>\n<p style=\"text-align: justify;\">Muistan kuinka vuosikymmenen ajan k\u00e4vin aina l\u00e4ht\u00f6\u00e4 edelt\u00e4v\u00e4n\u00e4 p\u00e4iv\u00e4n\u00e4 viem\u00e4ss\u00e4 is\u00e4n haudalle kynttil\u00e4n, kertomassa, mihin ollaan menossa. T\u00e4n\u00e4\u00e4n\u00a0olen viett\u00e4nyt koko p\u00e4iv\u00e4n pojanpojan kanssa.<\/p>\n<p style=\"text-align: justify;\">Usein oli tapana siin\u00e4, v\u00e4h\u00e4n kuin ohi mennen, pakkaamisen ohessa, siivota koti, jotta paluu on mukava, &#8211; onhan se ihana tulla reissusta siistiin kotiin. Nyt olen sopinut, ett\u00e4 meid\u00e4n S., meid\u00e4n luottosiistij\u00e4, k\u00e4y meill\u00e4 kun olemme poissa. Edelleen on ihana tulla siistiin kotiin, vaikka seuraavana p\u00e4iv\u00e4n\u00e4 ei t\u00f6ihin tarvitsekaan menn\u00e4.<\/p>\n<p style=\"text-align: justify;\">Ennen k\u00e4vin jos vain mahdollista kasvo- ja jalkahoidossa ennen reissua: nyt tein eilen molemmat ihan itse. On ollut aikaa, eik\u00e4 ihan v\u00e4h\u00e4p\u00e4t\u00f6inen juttu ole sek\u00e4\u00e4n, ett\u00e4 tulevat n\u00e4in paljon halvemmiksi. Ripset ja kulmat k\u00e4vin sent\u00e4\u00e4n <a href=\"https:\/\/fi-fi.facebook.com\/pg\/kauneushoitolapinja\/notes\/\" target=\"_blank\">Pinjassa<\/a> laittattamassa siistiksi. Siell\u00e4 K-a osaa hommansa.<\/p>\n<p style=\"text-align: justify;\">Kun lapset olivat pieni\u00e4, oli meill\u00e4 tapana hommata matkalle mukaan pieni vara-apteekki antibiootti- ja Ciproxin-kuureineen, mutta niist\u00e4kin on luovuttu &#8211; semminkin kun kohteessa usein k\u00e4ytiin l\u00e4\u00e4k\u00e4riss\u00e4 kuitenkin &#8211; en ikin\u00e4 unohda Hua-Hinin turistivastaanottoa enk\u00e4 Gran Canarian lastenl\u00e4\u00e4k\u00e4ri\u00e4. Apteekissa toki on nykyisinkin ennen reissua k\u00e4yt\u00e4v\u00e4, &#8211; ja minun hammasl\u00e4\u00e4k\u00e4riss\u00e4. Siell\u00e4h\u00e4n nyt k\u00e4yn muutenkin liki viikottain, ja toissap\u00e4iv\u00e4n\u00e4\u00a0sitten sain &#8211; vaihteeksi!!! &#8211; antibioottikuurin matkalle. Kertaamatta yksityiskohtia niin totean vain, ett\u00e4 marraskuisen Japanin matkan <a href=\"https:\/\/www.satokangas.fi\/blogi\/2016\/11\/japanin-matkan-makuja\/\" target=\"_blank\">kahden antibioottikuurin<\/a> j\u00e4lkeen hammas kuitenkin jouduttiin poistamaan, eik\u00e4 implanttia viel\u00e4 ole laitettu, mutta viereinen hammas on ihan oma-aloitteisesti ja kivuliaasti l\u00e4hd\u00f6ss\u00e4 pois! Ja aina reissujen aikaan n\u00e4m\u00e4!!!<\/p>\n<p style=\"text-align: justify;\"><a href=\"https:\/\/www.satokangas.fi\/blogi\/wp-content\/uploads\/2017\/02\/Vedoksia-2-5.jpg\"><img loading=\"lazy\" decoding=\"async\" data-attachment-id=\"30294\" data-permalink=\"https:\/\/www.satokangas.fi\/blogi\/2017\/02\/matkalle-lahtiessa\/vedoksia-2-5\/\" data-orig-file=\"https:\/\/www.satokangas.fi\/blogi\/wp-content\/uploads\/2017\/02\/Vedoksia-2-5.jpg\" data-orig-size=\"1600,1067\" data-comments-opened=\"1\" data-image-meta=\"{&quot;aperture&quot;:&quot;18&quot;,&quot;credit&quot;:&quot;&quot;,&quot;camera&quot;:&quot;Canon EOS 5D Mark II&quot;,&quot;caption&quot;:&quot;&quot;,&quot;created_timestamp&quot;:&quot;1288272675&quot;,&quot;copyright&quot;:&quot;&quot;,&quot;focal_length&quot;:&quot;32&quot;,&quot;iso&quot;:&quot;100&quot;,&quot;shutter_speed&quot;:&quot;0.16666666666667&quot;,&quot;title&quot;:&quot;&quot;,&quot;orientation&quot;:&quot;0&quot;}\" data-image-title=\"Vedoksia 2-5\" data-image-description=\"\" data-image-caption=\"\" data-large-file=\"https:\/\/www.satokangas.fi\/blogi\/wp-content\/uploads\/2017\/02\/Vedoksia-2-5-1536x1024.jpg\" class=\"aligncenter size-medium wp-image-30294\" src=\"https:\/\/www.satokangas.fi\/blogi\/wp-content\/uploads\/2017\/02\/Vedoksia-2-5-600x400.jpg\" alt=\"\" width=\"600\" height=\"400\" srcset=\"https:\/\/www.satokangas.fi\/blogi\/wp-content\/uploads\/2017\/02\/Vedoksia-2-5-600x400.jpg 600w, https:\/\/www.satokangas.fi\/blogi\/wp-content\/uploads\/2017\/02\/Vedoksia-2-5-300x200.jpg 300w, https:\/\/www.satokangas.fi\/blogi\/wp-content\/uploads\/2017\/02\/Vedoksia-2-5-768x512.jpg 768w, https:\/\/www.satokangas.fi\/blogi\/wp-content\/uploads\/2017\/02\/Vedoksia-2-5-1536x1024.jpg 1536w, https:\/\/www.satokangas.fi\/blogi\/wp-content\/uploads\/2017\/02\/Vedoksia-2-5-1200x800.jpg 1200w, https:\/\/www.satokangas.fi\/blogi\/wp-content\/uploads\/2017\/02\/Vedoksia-2-5.jpg 1600w\" sizes=\"auto, (max-width: 600px) 100vw, 600px\" \/><\/a><\/p>\n<p style=\"text-align: justify;\">Ja sitten meill\u00e4h\u00e4n on enemm\u00e4n s\u00e4\u00e4nt\u00f6 kuin poikkeus, ett\u00e4 matkalle l\u00e4ht\u00f6mme p\u00e4\u00e4ll\u00e4 on lakon uhka, joka mahdollistaa lentojen peruuntumisen. En ole laskenut, kuinka monta kertaa syys- ja hiihtoloman (kymppiviikko) aikana jokin lakko (lennonjohto, lentoemot, lent\u00e4j\u00e4t, FinnAvia, AKT, koneisiin polttoaineen roudaajat!) on uhannut ja onkin siirt\u00e4nyt lomaamme tai aiheuttanut sen perumisen. Nyt kun ei ole lasten eik\u00e4 minunkaan lukukausiin sidottuja lomia, varasin matkan (vahingossa kyll\u00e4kin) etel\u00e4n hiihtolomaksi, ja niinh\u00e4n se nyt on ettei lakonuhka meit\u00e4k\u00e4\u00e4n koske. Se koskee vain keh\u00e4kolmosen ulkopuolisia lukukausiin sidottuja ihmisi\u00e4, jollaisia me emme en\u00e4\u00e4 ole. Eih\u00e4n t\u00e4m\u00e4 reilua ole, mutta onneksi NYT meill\u00e4 ei &#8211; tiet\u00e4\u00e4kseni &#8211; ole lakkoa eik\u00e4 muutakaan lentoihin liittyv\u00e4\u00e4 peruuntumisuhkaa ilmassa.<\/p>\n<p style=\"text-align: justify;\">Siis olisiko syyt\u00e4 ryhty\u00e4 pakkaamaan, semminkin kun l\u00e4ht\u00f6 kotoa on aamunelj\u00e4lt\u00e4.<\/p>\n<p style=\"text-align: justify;\"><a href=\"https:\/\/www.satokangas.fi\/blogi\/wp-content\/uploads\/2017\/02\/Vedoksia-2-6.jpg\"><img loading=\"lazy\" decoding=\"async\" data-attachment-id=\"30295\" data-permalink=\"https:\/\/www.satokangas.fi\/blogi\/2017\/02\/matkalle-lahtiessa\/vedoksia-2-6\/\" data-orig-file=\"https:\/\/www.satokangas.fi\/blogi\/wp-content\/uploads\/2017\/02\/Vedoksia-2-6.jpg\" data-orig-size=\"1067,1600\" data-comments-opened=\"1\" data-image-meta=\"{&quot;aperture&quot;:&quot;10&quot;,&quot;credit&quot;:&quot;&quot;,&quot;camera&quot;:&quot;Canon EOS 5D Mark II&quot;,&quot;caption&quot;:&quot;&quot;,&quot;created_timestamp&quot;:&quot;1288276776&quot;,&quot;copyright&quot;:&quot;&quot;,&quot;focal_length&quot;:&quot;100&quot;,&quot;iso&quot;:&quot;100&quot;,&quot;shutter_speed&quot;:&quot;0.008&quot;,&quot;title&quot;:&quot;&quot;,&quot;orientation&quot;:&quot;0&quot;}\" data-image-title=\"Vedoksia 2-6\" data-image-description=\"\" data-image-caption=\"\" data-large-file=\"https:\/\/www.satokangas.fi\/blogi\/wp-content\/uploads\/2017\/02\/Vedoksia-2-6-683x1024.jpg\" class=\"aligncenter size-medium wp-image-30295\" src=\"https:\/\/www.satokangas.fi\/blogi\/wp-content\/uploads\/2017\/02\/Vedoksia-2-6-267x400.jpg\" alt=\"\" width=\"267\" height=\"400\" srcset=\"https:\/\/www.satokangas.fi\/blogi\/wp-content\/uploads\/2017\/02\/Vedoksia-2-6-267x400.jpg 267w, https:\/\/www.satokangas.fi\/blogi\/wp-content\/uploads\/2017\/02\/Vedoksia-2-6-200x300.jpg 200w, https:\/\/www.satokangas.fi\/blogi\/wp-content\/uploads\/2017\/02\/Vedoksia-2-6-768x1152.jpg 768w, https:\/\/www.satokangas.fi\/blogi\/wp-content\/uploads\/2017\/02\/Vedoksia-2-6-683x1024.jpg 683w, https:\/\/www.satokangas.fi\/blogi\/wp-content\/uploads\/2017\/02\/Vedoksia-2-6.jpg 1067w\" sizes=\"auto, (max-width: 267px) 100vw, 267px\" \/><\/a><\/p>\n<p>Ett\u00e4 min\u00e4 olen iloinen, ett\u00e4 jotkin asiat j\u00e4\u00e4v\u00e4t viikoksi!<\/p>\n","protected":false},"excerpt":{"rendered":"<p>Joskus oli tapana loman aluksi ja ennen reissuun l\u00e4ht\u00f6\u00e4 k\u00e4yd\u00e4 verenluovutuksessa, mutta kun sellainen aiheutti py\u00f6rtyily\u00e4 lentokoneessa, olen luopunut. Muistan kuinka vuosikymmenen ajan k\u00e4vin aina l\u00e4ht\u00f6\u00e4 edelt\u00e4v\u00e4n\u00e4 p\u00e4iv\u00e4n\u00e4 viem\u00e4ss\u00e4 is\u00e4n haudalle kynttil\u00e4n, kertomassa, mihin ollaan menossa. T\u00e4n\u00e4\u00e4n\u00a0olen viett\u00e4nyt koko p\u00e4iv\u00e4n pojanpojan kanssa. Usein oli tapana siin\u00e4, v\u00e4h\u00e4n kuin ohi mennen, pakkaamisen ohessa, siivota koti, jotta paluu on mukava, &#8211; onhan &hellip; <\/p>\n","protected":false},"author":1,"featured_media":0,"comment_status":"open","ping_status":"open","sticky":false,"template":"","format":"standard","meta":{"jetpack_post_was_ever_published":false,"_jetpack_newsletter_access":"","_jetpack_dont_email_post_to_subs":true,"_jetpack_newsletter_tier_id":0,"_jetpack_memberships_contains_paywalled_content":false,"_jetpack_memberships_contains_paid_content":false,"footnotes":"","jetpack_publicize_message":"","jetpack_publicize_feature_enabled":true,"jetpack_social_post_already_shared":true,"jetpack_social_options":{"image_generator_settings":{"template":"highway","default_image_id":0,"font":"","enabled":false},"version":2}},"categories":[1],"tags":[],"class_list":["post-30291","post","type-post","status-publish","format-standard","hentry","category-aiheeton","latest_post"],"jetpack_publicize_connections":[],"jetpack_featured_media_url":"","jetpack_shortlink":"https:\/\/wp.me\/pr4p4-7Sz","jetpack_sharing_enabled":true,"jetpack_likes_enabled":false,"jetpack-related-posts":[{"id":47776,"url":"https:\/\/www.satokangas.fi\/blogi\/2023\/11\/viela-toipuessa-reissussa\/","url_meta":{"origin":30291,"position":0},"title":"Viel\u00e4 toipuessa, viel\u00e4 reissussa","author":"Reija","date":"23.11.2023","format":false,"excerpt":"Tietysti sit\u00e4 voisi istua siestan aikaan, auringon viel\u00e4 hyvinkin l\u00e4mmitt\u00e4ess\u00e4, Malagan kehutuissa tapasbaareissa. Lautasella olisi tammenterhoilla ruokituista sioista saatava jam\u00f3n ib\u00e9rico de bellota, seh\u00e4n se on viel\u00e4 parempaa kuin serrano- tai ibericokinkku. Bellota-kinkku on ilmakuivattujen kinkkujen kunkku - ainakin t\u00e4\u00e4ll\u00e4 Espanjassa! Jokaisen itse\u00e4\u00e4n kunnioittavan rotiss\u00f6\u00f6rin tulisi mahdollisuuksien mukaan ruokkia sellaisella\u2026","rel":"","context":"Kategoriassa &quot;Andalusia&quot;","block_context":{"text":"Andalusia","link":"https:\/\/www.satokangas.fi\/blogi\/category\/reissut\/andalusia\/"},"img":{"alt_text":"","src":"https:\/\/i0.wp.com\/www.satokangas.fi\/blogi\/wp-content\/uploads\/2023\/11\/Lomanlopulla-37.jpg?resize=350%2C200&ssl=1","width":350,"height":200,"srcset":"https:\/\/i0.wp.com\/www.satokangas.fi\/blogi\/wp-content\/uploads\/2023\/11\/Lomanlopulla-37.jpg?resize=350%2C200&ssl=1 1x, https:\/\/i0.wp.com\/www.satokangas.fi\/blogi\/wp-content\/uploads\/2023\/11\/Lomanlopulla-37.jpg?resize=525%2C300&ssl=1 1.5x, https:\/\/i0.wp.com\/www.satokangas.fi\/blogi\/wp-content\/uploads\/2023\/11\/Lomanlopulla-37.jpg?resize=700%2C400&ssl=1 2x"},"classes":[]},{"id":37076,"url":"https:\/\/www.satokangas.fi\/blogi\/2019\/08\/viela-muistan\/","url_meta":{"origin":30291,"position":1},"title":"Viel\u00e4 muistan &#8230;","author":"Reija","date":"27.8.2019","format":false,"excerpt":"Taas vietet\u00e4\u00e4n tasavuosijuhlaa. Olenko kertonut meid\u00e4n kihlajaisista? Niist\u00e4 on nyt 40 vuotta. Kes\u00e4ll\u00e4 1979 olimme seurustelleet kolmisen vuotta, kun olimme l\u00e4hd\u00f6ss\u00e4 kolmatta kertaa Eurooppaan telttaretkelle. Silloin olimme molemmat opiskelleet vuoden, Pehtoori (22 v.) tekulla ja min\u00e4 (21 v.) yliopistolla, olimme molemmat tehneet\u00a0 vapusta asti rutkasti t\u00f6it\u00e4 ja elokuu oli tarkoitus\u2026","rel":"","context":"Kategoriassa &quot;Niit\u00e4 n\u00e4it\u00e4&quot;","block_context":{"text":"Niit\u00e4 n\u00e4it\u00e4","link":"https:\/\/www.satokangas.fi\/blogi\/category\/aiheeton\/"},"img":{"alt_text":"","src":"https:\/\/i0.wp.com\/www.satokangas.fi\/blogi\/wp-content\/uploads\/2019\/08\/1979.jpg?resize=350%2C200&ssl=1","width":350,"height":200,"srcset":"https:\/\/i0.wp.com\/www.satokangas.fi\/blogi\/wp-content\/uploads\/2019\/08\/1979.jpg?resize=350%2C200&ssl=1 1x, https:\/\/i0.wp.com\/www.satokangas.fi\/blogi\/wp-content\/uploads\/2019\/08\/1979.jpg?resize=525%2C300&ssl=1 1.5x"},"classes":[]},{"id":38969,"url":"https:\/\/www.satokangas.fi\/blogi\/2020\/07\/kesalomamatkalla\/","url_meta":{"origin":30291,"position":2},"title":"Kes\u00e4lomamatkalla","author":"Reija","date":"12.7.2020","format":false,"excerpt":"Lomamatkalla jossain ...\u00a0Meid\u00e4n kes\u00e4lomareissu on nyt! Ainahan se reissuun l\u00e4ht\u00f6 j\u00e4nnitt\u00e4\u00e4, mutta t\u00e4n\u00e4\u00e4n onnistuimme kuin onnistuimmekin nukkumaan melkein seitsem\u00e4\u00e4n, ja hyviss\u00e4 ajoin ennen yhdeks\u00e4\u00e4 olimme baanalla. T\u00e4m\u00e4n pienen reissumme\u00a0 kohteena on Tampere, ykk\u00f6stavoite k\u00e4yd\u00e4\u00a0 - vihdoin - Serlachius-museoissa. Muutoin ei suurempia suunnitelmia. Niin ja tavoitteena olla liikkeell\u00e4, nauttia matkalla olosta,\u2026","rel":"","context":"Kategoriassa &quot;Reissut&quot;","block_context":{"text":"Reissut","link":"https:\/\/www.satokangas.fi\/blogi\/category\/reissut\/"},"img":{"alt_text":"","src":"https:\/\/i0.wp.com\/www.satokangas.fi\/blogi\/wp-content\/uploads\/2020\/07\/kesalomareissu-17.jpg?resize=350%2C200&ssl=1","width":350,"height":200,"srcset":"https:\/\/i0.wp.com\/www.satokangas.fi\/blogi\/wp-content\/uploads\/2020\/07\/kesalomareissu-17.jpg?resize=350%2C200&ssl=1 1x, https:\/\/i0.wp.com\/www.satokangas.fi\/blogi\/wp-content\/uploads\/2020\/07\/kesalomareissu-17.jpg?resize=525%2C300&ssl=1 1.5x, https:\/\/i0.wp.com\/www.satokangas.fi\/blogi\/wp-content\/uploads\/2020\/07\/kesalomareissu-17.jpg?resize=700%2C400&ssl=1 2x"},"classes":[]},{"id":9020,"url":"https:\/\/www.satokangas.fi\/blogi\/2010\/10\/ei-mitaan-mista-kirjoittaa\/","url_meta":{"origin":30291,"position":3},"title":"Ei mit\u00e4\u00e4n mist\u00e4 kirjoittaa","author":"Reija","date":"12.10.2010","format":false,"excerpt":"T\u00e4n\u00e4\u00e4n tuntuu,\u00a0 ettei ole mit\u00e4\u00e4n annettavaa, ei ole mit\u00e4\u00e4n Tuulestatemmattuun tilitett\u00e4v\u00e4\u00e4. Ei menneit\u00e4 muistoja, ei tulevia toiveita. Ei ruokaa, ei reissuja. Ehk\u00e4 voisin kuitenkin kirjoittaa siit\u00e4 - kuinka aamulla pakastui yht\u00e4kki\u00e4. Ennen kuutta tiet eiv\u00e4t olleet j\u00e4\u00e4ss\u00e4, mutta kahdeksalta olivat. - kuinka mukavaa olikaan olla runotuomariston j\u00e4sen. Kuinka paljon taas\u2026","rel":"","context":"Kategoriassa &quot;Bloggailu&quot;","block_context":{"text":"Bloggailu","link":"https:\/\/www.satokangas.fi\/blogi\/category\/bloggailu\/"},"img":{"alt_text":"","src":"","width":0,"height":0},"classes":[]},{"id":41036,"url":"https:\/\/www.satokangas.fi\/blogi\/2021\/06\/myrskyisaa-ja-reissukuumetta\/","url_meta":{"origin":30291,"position":4},"title":"Myrskyis\u00e4\u00e4 ja reissukuumetta","author":"Reija","date":"21.6.2021","format":false,"excerpt":"Hillitt\u00f6m\u00e4n myrskyn Oulu - enp\u00e4 muista vastaavaa kokeneeni Aamup\u00e4iv\u00e4ll\u00e4 py\u00f6r\u00e4lenkille l\u00e4ht\u00f6 vitkuttui tunnin ja toisenkin, ja k\u00e4vin viel\u00e4 torin ja \u00e4idin kautta ennen kuin kunnolla otin \"lenkkivaihteen\" p\u00e4\u00e4lle. Ei tarvinnut untuvatakkia t\u00e4n\u00e4\u00e4n: painostava helle ja aika kova lounaistuuli etel\u00e4\u00e4n kulkiessa: sek\u00e4 l\u00e4mp\u00f6 ja kes\u00e4tuuli tuntuivat mahdottoman hyv\u00e4lle. Vitkuttelin kuvaillen, poiketen\u2026","rel":"","context":"Kategoriassa &quot;Niit\u00e4 n\u00e4it\u00e4&quot;","block_context":{"text":"Niit\u00e4 n\u00e4it\u00e4","link":"https:\/\/www.satokangas.fi\/blogi\/category\/aiheeton\/"},"img":{"alt_text":"","src":"https:\/\/i0.wp.com\/www.satokangas.fi\/blogi\/wp-content\/uploads\/2021\/06\/reissu.jpg?resize=350%2C200&ssl=1","width":350,"height":200,"srcset":"https:\/\/i0.wp.com\/www.satokangas.fi\/blogi\/wp-content\/uploads\/2021\/06\/reissu.jpg?resize=350%2C200&ssl=1 1x, https:\/\/i0.wp.com\/www.satokangas.fi\/blogi\/wp-content\/uploads\/2021\/06\/reissu.jpg?resize=525%2C300&ssl=1 1.5x"},"classes":[]},{"id":25317,"url":"https:\/\/www.satokangas.fi\/blogi\/2015\/07\/missa-kaukana\/","url_meta":{"origin":30291,"position":5},"title":"Miss\u00e4 kaukana?","author":"Reija","date":"24.7.2015","format":false,"excerpt":"Puhelu Tuttu: No moi! Miss\u00e4s olet? Enh\u00e4n h\u00e4irinny? Min\u00e4: Reissussa ollaan, ei mit\u00e4\u00e4n h\u00e4iri\u00f6t\u00e4. P\u00e4invastoin, mukava kun soitit. T: Jossain l\u00e4mpim\u00e4ss\u00e4, rantalomallako ootte? Vai joku kaupunkiloma? M: Eiku patikoimaanhan me taas... Ja ihan vaan oleilemaan. T: Taas jossain Alpeilla. Onko hienot maisemat? Ent\u00e4s reitit? M: Maisemat on hulppeat, ja reittej\u00e4\u2026","rel":"","context":"Kategoriassa &quot;Lappi&quot;","block_context":{"text":"Lappi","link":"https:\/\/www.satokangas.fi\/blogi\/category\/lappi\/"},"img":{"alt_text":"Patikkareissu-2-2","src":"https:\/\/i0.wp.com\/www.satokangas.fi\/blogi\/wp-content\/uploads\/2015\/07\/Patikkareissu-2-2-600x235.jpg?resize=350%2C200&ssl=1","width":350,"height":200,"srcset":"https:\/\/i0.wp.com\/www.satokangas.fi\/blogi\/wp-content\/uploads\/2015\/07\/Patikkareissu-2-2-600x235.jpg?resize=350%2C200&ssl=1 1x, https:\/\/i0.wp.com\/www.satokangas.fi\/blogi\/wp-content\/uploads\/2015\/07\/Patikkareissu-2-2-600x235.jpg?resize=525%2C300&ssl=1 1.5x"},"classes":[]}],"_links":{"self":[{"href":"https:\/\/www.satokangas.fi\/blogi\/wp-json\/wp\/v2\/posts\/30291","targetHints":{"allow":["GET"]}}],"collection":[{"href":"https:\/\/www.satokangas.fi\/blogi\/wp-json\/wp\/v2\/posts"}],"about":[{"href":"https:\/\/www.satokangas.fi\/blogi\/wp-json\/wp\/v2\/types\/post"}],"author":[{"embeddable":true,"href":"https:\/\/www.satokangas.fi\/blogi\/wp-json\/wp\/v2\/users\/1"}],"replies":[{"embeddable":true,"href":"https:\/\/www.satokangas.fi\/blogi\/wp-json\/wp\/v2\/comments?post=30291"}],"version-history":[{"count":0,"href":"https:\/\/www.satokangas.fi\/blogi\/wp-json\/wp\/v2\/posts\/30291\/revisions"}],"wp:attachment":[{"href":"https:\/\/www.satokangas.fi\/blogi\/wp-json\/wp\/v2\/media?parent=30291"}],"wp:term":[{"taxonomy":"category","embeddable":true,"href":"https:\/\/www.satokangas.fi\/blogi\/wp-json\/wp\/v2\/categories?post=30291"},{"taxonomy":"post_tag","embeddable":true,"href":"https:\/\/www.satokangas.fi\/blogi\/wp-json\/wp\/v2\/tags?post=30291"}],"curies":[{"name":"wp","href":"https:\/\/api.w.org\/{rel}","templated":true}]}}