{"id":30279,"date":"2017-02-15T20:37:01","date_gmt":"2017-02-15T18:37:01","guid":{"rendered":"https:\/\/www.satokangas.fi\/blogi\/?p=30279"},"modified":"2017-02-15T21:13:00","modified_gmt":"2017-02-15T19:13:00","slug":"manifestin-vuosipaiva-vei-nimien-aarelle","status":"publish","type":"post","link":"https:\/\/www.satokangas.fi\/blogi\/2017\/02\/manifestin-vuosipaiva-vei-nimien-aarelle\/","title":{"rendered":"Manifestin vuosip\u00e4iv\u00e4 vei nimien \u00e4\u00e4relle"},"content":{"rendered":"<p style=\"text-align: justify;\">On tasan 118 vuotta siit\u00e4 kun Nikolai II s\u00e4\u00e4ti helmikuun manifestin. Tieto siit\u00e4 tuli julki pari p\u00e4iv\u00e4\u00e4 my\u00f6hemmin, ja manifestin\u00a0tiedettiin johtavan Suomen autonomisen aseman kaventumiseen, my\u00f6hemmin on puhuttu ensimm\u00e4isen sortokauden alkamisesta. Se oli tapahtuma-ajankohtanaan, juuri tuossa hetkess\u00e4, paljon enemm\u00e4n ihmisten arkeen, yhteiskunnalliseen tietoisuuteen ja poliittiseen ajatteluun vaikuttava valtiollinen\u00a0tapahtuma kuin itsen\u00e4isyysjulistus\u00a018 vuotta my\u00f6hemmin.<\/p>\n<p style=\"text-align: justify;\">Helsinkil\u00e4isess\u00e4 katukuvassakin tieto ja manifestin \u00a0n\u00e4kyi monin tavoin, mm. kauppojen n\u00e4yteikkunoissa oli surunauhoja, Suurtorille kokoontui ihmisi\u00e4, pidettiin salaisia kokouksia &#8230;<\/p>\n<p style=\"text-align: justify;\">Ja manifestin purkamiseksi ker\u00e4ttiin Suuri Adressi. \u00a0Vajaassa kahdessa viikossa suomalaiset ylioppilaat ja muut aktiiviset kansalaiset ker\u00e4siv\u00e4t yli puoli miljoonaa (v\u00e4kil. n. 2,5 milj.) nime\u00e4 kiert\u00e4m\u00e4ll\u00e4 hiiht\u00e4en kyl\u00e4st\u00e4 kyl\u00e4\u00e4n. Is\u00e4nmaallinen innostus oli valtava, ja Suuri L\u00e4hetyst\u00f6 (500 miest\u00e4, ei muistaakseni yht\u00e4\u00e4n naista) l\u00e4hetettiin 13.3. Pietariin viem\u00e4\u00e4n keisarille adressia ja kansan vetoomusta manifestin kumoamiseksi. Nikolaihan ei edes ottanut l\u00e4hetyst\u00f6\u00e4 vastaan, ilmoitti kuitenkin, ettei ole heille vihainen. Ja kehotti suomalaisia palaamaan kotiin. Ja muutaman vuoden p\u00e4\u00e4st\u00e4 voitiin sitten s\u00e4\u00e4t\u00e4\u00e4 asevelvollisuuslaki.<\/p>\n<p style=\"text-align: justify;\">Tuo manifestia vastaan ker\u00e4tty Suuri Adressi on ollut historiantutkijoiden tutkimusten kohteena monesta n\u00e4k\u00f6kulmasta, ja olenpa min\u00e4kin sen perusteella tehnyt p\u00e4\u00e4telmi\u00e4 Kemin maalaiskunnan, Iin ja Kiimingin suomalaisuusliikkeen voimasta ja voimistumisesta, poliittisesta her\u00e4\u00e4misest\u00e4 ja sen sellaisesta. Ja teet\u00e4tt\u00e4nyt opiskelijoilla jotain pieni\u00e4 harkkoja Adressi l\u00e4hdeaineistona.<\/p>\n<p><a href=\"https:\/\/www.satokangas.fi\/blogi\/wp-content\/uploads\/2017\/02\/Arkisto.jpg\"><img loading=\"lazy\" decoding=\"async\" data-attachment-id=\"30282\" data-permalink=\"https:\/\/www.satokangas.fi\/blogi\/2017\/02\/manifestin-vuosipaiva-vei-nimien-aarelle\/arkisto\/\" data-orig-file=\"https:\/\/www.satokangas.fi\/blogi\/wp-content\/uploads\/2017\/02\/Arkisto.jpg\" data-orig-size=\"1147,511\" data-comments-opened=\"1\" data-image-meta=\"{&quot;aperture&quot;:&quot;0&quot;,&quot;credit&quot;:&quot;Reija&quot;,&quot;camera&quot;:&quot;&quot;,&quot;caption&quot;:&quot;&quot;,&quot;created_timestamp&quot;:&quot;1487186121&quot;,&quot;copyright&quot;:&quot;&quot;,&quot;focal_length&quot;:&quot;0&quot;,&quot;iso&quot;:&quot;0&quot;,&quot;shutter_speed&quot;:&quot;0&quot;,&quot;title&quot;:&quot;&quot;,&quot;orientation&quot;:&quot;0&quot;}\" data-image-title=\"Arkisto\" data-image-description=\"\" data-image-caption=\"\" data-large-file=\"https:\/\/www.satokangas.fi\/blogi\/wp-content\/uploads\/2017\/02\/Arkisto.jpg\" class=\"aligncenter size-medium wp-image-30282\" src=\"https:\/\/www.satokangas.fi\/blogi\/wp-content\/uploads\/2017\/02\/Arkisto-600x267.jpg\" alt=\"\" width=\"600\" height=\"267\" srcset=\"https:\/\/www.satokangas.fi\/blogi\/wp-content\/uploads\/2017\/02\/Arkisto-600x267.jpg 600w, https:\/\/www.satokangas.fi\/blogi\/wp-content\/uploads\/2017\/02\/Arkisto-300x134.jpg 300w, https:\/\/www.satokangas.fi\/blogi\/wp-content\/uploads\/2017\/02\/Arkisto-768x342.jpg 768w, https:\/\/www.satokangas.fi\/blogi\/wp-content\/uploads\/2017\/02\/Arkisto.jpg 1147w\" sizes=\"auto, (max-width: 600px) 100vw, 600px\" \/><\/a><\/p>\n<p style=\"text-align: justify;\">Nyt kun koko Adressi on digitoitu ja julkaistu Kansallisarkiston\u00a0<a href=\"http:\/\/digi.narc.fi\/digi\/dosearch.ka?atun=230588.KA\" target=\"_blank\">Digiarkistossa<\/a>, se on kaikkien k\u00e4ytett\u00e4viss\u00e4 kotikoneelta.<\/p>\n<p style=\"text-align: justify;\"><a href=\"https:\/\/www.satokangas.fi\/blogi\/wp-content\/uploads\/2017\/02\/Suuri-Adressi.jpg\"><img loading=\"lazy\" decoding=\"async\" data-attachment-id=\"30283\" data-permalink=\"https:\/\/www.satokangas.fi\/blogi\/2017\/02\/manifestin-vuosipaiva-vei-nimien-aarelle\/suuri-adressi\/\" data-orig-file=\"https:\/\/www.satokangas.fi\/blogi\/wp-content\/uploads\/2017\/02\/Suuri-Adressi.jpg\" data-orig-size=\"3061,2196\" data-comments-opened=\"1\" data-image-meta=\"{&quot;aperture&quot;:&quot;0&quot;,&quot;credit&quot;:&quot;Picasa&quot;,&quot;camera&quot;:&quot;&quot;,&quot;caption&quot;:&quot;&quot;,&quot;created_timestamp&quot;:&quot;1487179605&quot;,&quot;copyright&quot;:&quot;&quot;,&quot;focal_length&quot;:&quot;0&quot;,&quot;iso&quot;:&quot;0&quot;,&quot;shutter_speed&quot;:&quot;0&quot;,&quot;title&quot;:&quot;&quot;,&quot;orientation&quot;:&quot;1&quot;}\" data-image-title=\"Suuri Adressi\" data-image-description=\"\" data-image-caption=\"\" data-large-file=\"https:\/\/www.satokangas.fi\/blogi\/wp-content\/uploads\/2017\/02\/Suuri-Adressi-1427x1024.jpg\" class=\"aligncenter size-medium wp-image-30283\" src=\"https:\/\/www.satokangas.fi\/blogi\/wp-content\/uploads\/2017\/02\/Suuri-Adressi-558x400.jpg\" alt=\"\" width=\"558\" height=\"400\" srcset=\"https:\/\/www.satokangas.fi\/blogi\/wp-content\/uploads\/2017\/02\/Suuri-Adressi-558x400.jpg 558w, https:\/\/www.satokangas.fi\/blogi\/wp-content\/uploads\/2017\/02\/Suuri-Adressi-300x215.jpg 300w, https:\/\/www.satokangas.fi\/blogi\/wp-content\/uploads\/2017\/02\/Suuri-Adressi-768x551.jpg 768w, https:\/\/www.satokangas.fi\/blogi\/wp-content\/uploads\/2017\/02\/Suuri-Adressi-1427x1024.jpg 1427w, https:\/\/www.satokangas.fi\/blogi\/wp-content\/uploads\/2017\/02\/Suuri-Adressi-1200x861.jpg 1200w\" sizes=\"auto, (max-width: 558px) 100vw, 558px\" \/><\/a><\/p>\n<p style=\"text-align: justify;\">\n<p style=\"text-align: justify;\">Ehdottomasti klikkaa isommaksi, ja sitten viel\u00e4 paina ctrl ja klikkaile plussaa n\u00e4pp\u00e4imist\u00f6ll\u00e4 (suurentaa ja sitten kun painat v\u00e4lily\u00f6nti-palkkia alhaalla kuvan p\u00e4\u00e4lle ilmestyy k\u00e4si, joka voit vet\u00e4\u00e4 hiirt\u00e4 liikuttamalla, p\u00e4\u00e4see kuvassa liikkumaan nurkasta toiseen), jotta n\u00e4et nimi\u00e4 ja kiinnostavia ammattinimikkeit\u00e4. Siell\u00e4 on mm.\u00a0talolliset\u00a0Sipriit Sepp\u00e4 ja Hioppi Tiltti (minulle uudet <a href=\"https:\/\/www.satokangas.fi\/blogi\/2009\/11\/erikoiset-etunimet-vol-iii\/\" target=\"_blank\">etunimet kokoelmiini<\/a>), siell\u00e4 on monta Ratiaa, siell\u00e4 on monta Kokkalaa, jotka ovat minulle \u00e4idin\u00e4idin kautta sukua ja siell\u00e4 on monta Tuulia, mm. vasemmalla ylh\u00e4\u00e4ll\u00e4 sellainenkin harvinaisuus kuin Eeva Tuuli, talollinen. H\u00e4n oli miehens\u00e4 kuoltua, leskeksi j\u00e4\u00e4ty\u00e4\u00e4n seitsem\u00e4n lapsen \u00e4iti ja talollinen. En ole ihan varma mutta luulenpa, ett\u00e4 h\u00e4n on pappani sed\u00e4n vaimo. SUomen talollisista oli tuolloin ehk\u00e4 noin kaksi prosenttia naisia.<\/p>\n<p style=\"text-align: justify;\">Mit\u00e4 n\u00e4m\u00e4 Karjalan Koivistolla asuneet talolliset ja l\u00e4ksij\u00e4t, l\u00e4ksinten lapset, torpparit, opettajat ja talollisten lapset ajattelivat, kun nimens\u00e4 Suureen Adressiin kirjoittivat. Nuo tuohon valitsemani muutamat sivut ovat \u00e4idin syntysijoilta ker\u00e4tty; pappani, joka syntyi\u00a01888 oli tuolloin 11-vuotias, mutta Elisa-mummu vasta muutaman kuukauden. Lounais-Suomesta Perni\u00f6n pit\u00e4j\u00e4n nimilistoja en viel\u00e4 k\u00e4ynyt l\u00e4pi, &#8211; niiss\u00e4k\u00e4\u00e4n ei isovanhempieni nimi\u00e4 ole: Irene-mummu oli tuolloin 14-vuotias ja Riku-pappa 8-vuotias, joten ei heid\u00e4n nimi\u00e4\u00e4n sielt\u00e4 voisikaan l\u00f6yty\u00e4, mutta ent\u00e4s heid\u00e4n vanhempansa?<\/p>\n<p style=\"text-align: justify;\">L\u00f6yd\u00e4tk\u00f6 omien esivanhempiesi nimi\u00e4? <a href=\"http:\/\/digi.narc.fi\/digi\/dosearch.ka?atun=230588.KA\" target=\"_blank\">KLIKS<\/a><\/p>\n","protected":false},"excerpt":{"rendered":"<p>On tasan 118 vuotta siit\u00e4 kun Nikolai II s\u00e4\u00e4ti helmikuun manifestin. Tieto siit\u00e4 tuli julki pari p\u00e4iv\u00e4\u00e4 my\u00f6hemmin, ja manifestin\u00a0tiedettiin johtavan Suomen autonomisen aseman kaventumiseen, my\u00f6hemmin on puhuttu ensimm\u00e4isen sortokauden alkamisesta. Se oli tapahtuma-ajankohtanaan, juuri tuossa hetkess\u00e4, paljon enemm\u00e4n ihmisten arkeen, yhteiskunnalliseen tietoisuuteen ja poliittiseen ajatteluun vaikuttava valtiollinen\u00a0tapahtuma kuin itsen\u00e4isyysjulistus\u00a018 vuotta my\u00f6hemmin. Helsinkil\u00e4isess\u00e4 katukuvassakin tieto ja manifestin \u00a0n\u00e4kyi monin tavoin, &hellip; <\/p>\n","protected":false},"author":1,"featured_media":0,"comment_status":"open","ping_status":"open","sticky":false,"template":"","format":"standard","meta":{"jetpack_post_was_ever_published":false,"_jetpack_newsletter_access":"","_jetpack_dont_email_post_to_subs":true,"_jetpack_newsletter_tier_id":0,"_jetpack_memberships_contains_paywalled_content":false,"_jetpack_memberships_contains_paid_content":false,"footnotes":"","jetpack_publicize_message":"","jetpack_publicize_feature_enabled":true,"jetpack_social_post_already_shared":true,"jetpack_social_options":{"image_generator_settings":{"template":"highway","default_image_id":0,"font":"","enabled":false},"version":2}},"categories":[13,1],"tags":[],"class_list":["post-30279","post","type-post","status-publish","format-standard","hentry","category-historiaa","category-aiheeton","latest_post"],"jetpack_publicize_connections":[],"jetpack_featured_media_url":"","jetpack_shortlink":"https:\/\/wp.me\/pr4p4-7Sn","jetpack_sharing_enabled":true,"jetpack_likes_enabled":false,"jetpack-related-posts":[{"id":21266,"url":"https:\/\/www.satokangas.fi\/blogi\/2014\/05\/21266\/","url_meta":{"origin":30279,"position":0},"title":"Vuosikurssit vaihtuvat","author":"Reija","date":"28.5.2014","format":false,"excerpt":"Kuinka hyv\u00e4lt\u00e4 tuntuu minusta, kun saan syd\u00e4mest\u00e4ni tuntea sit\u00e4 yksinkertaista ja viatonta iloa, jota ihminen tuntee, kun h\u00e4n voi laskea p\u00f6yd\u00e4lleen kaalinker\u00e4n, jonka h\u00e4n on itse kasvattanut, ja kun h\u00e4n samassa silm\u00e4nr\u00e4p\u00e4yksess\u00e4 voi nauttia, ei ainoastaan kaalista, vaan kaikista niist\u00e4 onnellisista p\u00e4ivist\u00e4, siit\u00e4 kauniista aamusta, jona h\u00e4n sen istutti, ja\u2026","rel":"","context":"Kategoriassa &quot;Niit\u00e4 n\u00e4it\u00e4&quot;","block_context":{"text":"Niit\u00e4 n\u00e4it\u00e4","link":"https:\/\/www.satokangas.fi\/blogi\/category\/aiheeton\/"},"img":{"alt_text":"kampus-2","src":"https:\/\/i0.wp.com\/www.satokangas.fi\/blogi\/wp-content\/uploads\/2014\/05\/kampus-2-266x400.jpg?resize=350%2C200&ssl=1","width":350,"height":200},"classes":[]},{"id":49263,"url":"https:\/\/www.satokangas.fi\/blogi\/2024\/05\/vanhoja-autoja-ja-parsa\/","url_meta":{"origin":30279,"position":1},"title":"Vanhoja autoja ja parsaa","author":"Reija","date":"1.5.2024","format":false,"excerpt":"Aloitin aurinkoisen ja melko l\u00e4mpim\u00e4nkin vappup\u00e4iv\u00e4n py\u00f6r\u00e4lenkkini M\u00f6lj\u00e4lt\u00e4, jonne mobilistit ja muutkin vanhojen autojen harrastajat kokoontuivat. Muutaman vuoden tauolla ollut Vappuajot-tapahtuma j\u00e4rjestettiin t\u00e4n\u00e4\u00e4n ensimm\u00e4ist\u00e4 kertaa koronasulkujen j\u00e4lkeen. Ja auto- ja yleis\u00f6m\u00e4\u00e4r\u00e4 kertoivat, ett\u00e4 tapahtumaa on kaivattu. Toisin kuin monena vuonna (esim. 2018 - silloin jaksoin kuvaillakin KLIKS) en ollut alueella\u2026","rel":"","context":"Kategoriassa &quot;Niit\u00e4 n\u00e4it\u00e4&quot;","block_context":{"text":"Niit\u00e4 n\u00e4it\u00e4","link":"https:\/\/www.satokangas.fi\/blogi\/category\/aiheeton\/"},"img":{"alt_text":"","src":"https:\/\/i0.wp.com\/www.satokangas.fi\/blogi\/wp-content\/uploads\/2024\/05\/Vanhatautot_vappu-2.jpg?resize=350%2C200&ssl=1","width":350,"height":200,"srcset":"https:\/\/i0.wp.com\/www.satokangas.fi\/blogi\/wp-content\/uploads\/2024\/05\/Vanhatautot_vappu-2.jpg?resize=350%2C200&ssl=1 1x, https:\/\/i0.wp.com\/www.satokangas.fi\/blogi\/wp-content\/uploads\/2024\/05\/Vanhatautot_vappu-2.jpg?resize=525%2C300&ssl=1 1.5x, https:\/\/i0.wp.com\/www.satokangas.fi\/blogi\/wp-content\/uploads\/2024\/05\/Vanhatautot_vappu-2.jpg?resize=700%2C400&ssl=1 2x"},"classes":[]},{"id":36058,"url":"https:\/\/www.satokangas.fi\/blogi\/2019\/03\/naistenpaivana-ikava-historiaa\/","url_meta":{"origin":30279,"position":2},"title":"Naistenp\u00e4iv\u00e4n\u00e4 ik\u00e4v\u00e4 historiaa ..","author":"Reija","date":"8.3.2019","format":false,"excerpt":"Naisten p\u00e4iv\u00e4. Miksi juuri t\u00e4n\u00e4\u00e4n? - Vuotuisjuhlahistorioitsijana (vaude mink\u00e4 \"tittelin\" itselleni keksink\u00e4\u00e4n!!) rupesin (vasta t\u00e4n\u00e4\u00e4n) etsim\u00e4\u00e4n tietoa, ett\u00e4 miksi naisten p\u00e4iv\u00e4 on juuri 8.3. Ja \u00e4kki\u00e4h\u00e4n se tieto l\u00f6ytyi - yhdelt\u00e4 lempisivustoltani:\u00a0 https:\/\/almanakka.helsinki.fi\/fi\/ Kuvan naisista monet ovat minulle \"tuttuja\". Heid\u00e4n ajatuksiaan ja aikaansaannoksiaan sivusin ja selitin aika usein luennoilla tai\u2026","rel":"","context":"Kategoriassa &quot;Historiaa&quot;","block_context":{"text":"Historiaa","link":"https:\/\/www.satokangas.fi\/blogi\/category\/historiaa\/"},"img":{"alt_text":"","src":"https:\/\/i0.wp.com\/www.satokangas.fi\/blogi\/wp-content\/uploads\/2019\/03\/SKS.jpg?resize=350%2C200&ssl=1","width":350,"height":200,"srcset":"https:\/\/i0.wp.com\/www.satokangas.fi\/blogi\/wp-content\/uploads\/2019\/03\/SKS.jpg?resize=350%2C200&ssl=1 1x, https:\/\/i0.wp.com\/www.satokangas.fi\/blogi\/wp-content\/uploads\/2019\/03\/SKS.jpg?resize=525%2C300&ssl=1 1.5x, https:\/\/i0.wp.com\/www.satokangas.fi\/blogi\/wp-content\/uploads\/2019\/03\/SKS.jpg?resize=700%2C400&ssl=1 2x"},"classes":[]},{"id":31902,"url":"https:\/\/www.satokangas.fi\/blogi\/2017\/09\/paluu-alas\/","url_meta":{"origin":30279,"position":3},"title":"Paluu alas","author":"Reija","date":"7.9.2017","format":false,"excerpt":"Kaikki hyv\u00e4 p\u00e4\u00e4ttyy aikanaan. Oli aika palata Lapin aurinkoisesta ruskasta kohti Oulua, kohti kotia, kaikkea hyv\u00e4\u00e4 ja velvoittavaa, joka t\u00e4\u00e4ll\u00e4 on, - kohti syksyn sateita? Hangasojan aamuun her\u00e4sin aikaisin. Aikaisin huolimatta siit\u00e4, ett\u00e4 viime y\u00f6n\u00e4 seisoskelin m\u00f6kkipihalla viel\u00e4 puolen y\u00f6n aikoihin odotellen ennustettua \"revontulimyrsky\u00e4\", joka ei sitten koskaan tullut. Tunteroisen\u2026","rel":"","context":"Kategoriassa &quot;Lappi&quot;","block_context":{"text":"Lappi","link":"https:\/\/www.satokangas.fi\/blogi\/category\/lappi\/"},"img":{"alt_text":"","src":"https:\/\/i0.wp.com\/www.satokangas.fi\/blogi\/wp-content\/uploads\/2017\/09\/Taysikuu-paluu-ruska-4.jpg?resize=350%2C200&ssl=1","width":350,"height":200,"srcset":"https:\/\/i0.wp.com\/www.satokangas.fi\/blogi\/wp-content\/uploads\/2017\/09\/Taysikuu-paluu-ruska-4.jpg?resize=350%2C200&ssl=1 1x, https:\/\/i0.wp.com\/www.satokangas.fi\/blogi\/wp-content\/uploads\/2017\/09\/Taysikuu-paluu-ruska-4.jpg?resize=525%2C300&ssl=1 1.5x, https:\/\/i0.wp.com\/www.satokangas.fi\/blogi\/wp-content\/uploads\/2017\/09\/Taysikuu-paluu-ruska-4.jpg?resize=700%2C400&ssl=1 2x"},"classes":[]},{"id":9351,"url":"https:\/\/www.satokangas.fi\/blogi\/2010\/11\/hiukset-ja-identiteetti\/","url_meta":{"origin":30279,"position":4},"title":"Hiukset ja identiteetti","author":"Reija","date":"5.11.2010","format":false,"excerpt":"Kampaajalla k\u00e4ydess\u00e4 mietin, kuinka paljon ihmisen oleminen, identiteetti, arki, oma kuva, on kiinni ulkon\u00e4\u00f6st\u00e4? Sit\u00e4 vaan, ett\u00e4 taidan palata \u00a0blondiksi, blondimmaksi... Vaikka t\u00e4m\u00e4 brunettius on luomumpaa, paljon halvempaa, paljon nopeampaa, oikeasti aidompaa \u00a0kuin jatkuva v\u00e4rj\u00e4ys ... mutta jos blondius on kuitenkin\u00a0 omempi ... vaikuttaako se persoonallisuuteeni....? Minulle hiukset, tukka, on\u2026","rel":"","context":"Kategoriassa &quot;Niit\u00e4 n\u00e4it\u00e4&quot;","block_context":{"text":"Niit\u00e4 n\u00e4it\u00e4","link":"https:\/\/www.satokangas.fi\/blogi\/category\/aiheeton\/"},"img":{"alt_text":"","src":"https:\/\/i0.wp.com\/www.satokangas.fi\/blogi\/wp-content\/uploads\/Johtava-rengasmyyj%C3%A41-266x400.jpg?resize=350%2C200&ssl=1","width":350,"height":200},"classes":[]},{"id":46828,"url":"https:\/\/www.satokangas.fi\/blogi\/2023\/08\/kivikoira-ja-ikkunanpesutarina\/","url_meta":{"origin":30279,"position":5},"title":"Kivikoira ja ikkunanpesutarina","author":"Reija","date":"24.8.2023","format":false,"excerpt":"Sieni\u00e4 ja kvartsia Raskaiden pilvien uhkaillessa sadekuuroja ja aamup\u00e4iv\u00e4n touhuilujen j\u00e4lkeen p\u00e4\u00e4tin l\u00e4hte\u00e4 mets\u00e4\u00e4n, ei siis sittenk\u00e4\u00e4n huiputuksia t\u00e4n\u00e4\u00e4n. Kutturantienvarren lanssille parkkeerasin auton, ja kori kainalossa ja p\u00e4\u00e4llimm\u00e4isen\u00e4 toiveissa poimia mustikat lettuj\u00e4lkk\u00e4rille ja l\u00f6yt\u00e4\u00e4 sieni\u00e4, tietysti sieni\u00e4 ja varsinkin kaarnikoita (= variksenmarjoja). L\u00f6ytyi vain yksi herkkutatti, aika paljon koivunpunikkitatteja, joista\u2026","rel":"","context":"Kategoriassa &quot;Niit\u00e4 n\u00e4it\u00e4&quot;","block_context":{"text":"Niit\u00e4 n\u00e4it\u00e4","link":"https:\/\/www.satokangas.fi\/blogi\/category\/aiheeton\/"},"img":{"alt_text":"","src":"https:\/\/i0.wp.com\/www.satokangas.fi\/blogi\/wp-content\/uploads\/2023\/08\/vklpalkoi-4.jpg?resize=350%2C200&ssl=1","width":350,"height":200,"srcset":"https:\/\/i0.wp.com\/www.satokangas.fi\/blogi\/wp-content\/uploads\/2023\/08\/vklpalkoi-4.jpg?resize=350%2C200&ssl=1 1x, https:\/\/i0.wp.com\/www.satokangas.fi\/blogi\/wp-content\/uploads\/2023\/08\/vklpalkoi-4.jpg?resize=525%2C300&ssl=1 1.5x, https:\/\/i0.wp.com\/www.satokangas.fi\/blogi\/wp-content\/uploads\/2023\/08\/vklpalkoi-4.jpg?resize=700%2C400&ssl=1 2x"},"classes":[]}],"_links":{"self":[{"href":"https:\/\/www.satokangas.fi\/blogi\/wp-json\/wp\/v2\/posts\/30279","targetHints":{"allow":["GET"]}}],"collection":[{"href":"https:\/\/www.satokangas.fi\/blogi\/wp-json\/wp\/v2\/posts"}],"about":[{"href":"https:\/\/www.satokangas.fi\/blogi\/wp-json\/wp\/v2\/types\/post"}],"author":[{"embeddable":true,"href":"https:\/\/www.satokangas.fi\/blogi\/wp-json\/wp\/v2\/users\/1"}],"replies":[{"embeddable":true,"href":"https:\/\/www.satokangas.fi\/blogi\/wp-json\/wp\/v2\/comments?post=30279"}],"version-history":[{"count":0,"href":"https:\/\/www.satokangas.fi\/blogi\/wp-json\/wp\/v2\/posts\/30279\/revisions"}],"wp:attachment":[{"href":"https:\/\/www.satokangas.fi\/blogi\/wp-json\/wp\/v2\/media?parent=30279"}],"wp:term":[{"taxonomy":"category","embeddable":true,"href":"https:\/\/www.satokangas.fi\/blogi\/wp-json\/wp\/v2\/categories?post=30279"},{"taxonomy":"post_tag","embeddable":true,"href":"https:\/\/www.satokangas.fi\/blogi\/wp-json\/wp\/v2\/tags?post=30279"}],"curies":[{"name":"wp","href":"https:\/\/api.w.org\/{rel}","templated":true}]}}