{"id":30265,"date":"2017-02-13T21:53:25","date_gmt":"2017-02-13T19:53:25","guid":{"rendered":"https:\/\/www.satokangas.fi\/blogi\/?p=30265"},"modified":"2017-02-13T21:58:08","modified_gmt":"2017-02-13T19:58:08","slug":"lomamaanantai-3","status":"publish","type":"post","link":"https:\/\/www.satokangas.fi\/blogi\/2017\/02\/lomamaanantai-3\/","title":{"rendered":"Lomamaanantai"},"content":{"rendered":"<p style=\"text-align: justify;\">Ihan huikea auringonpaiste ja l\u00e4mp\u00f6 t\u00e4n\u00e4\u00e4n. Kirist\u00e4v\u00e4st\u00e4 helmikuusta ei tietoakaan. Aamup\u00e4iv\u00e4ll\u00e4 ei edes tuullut, joten olipa pitk\u00e4 lenkki, pitk\u00e4st\u00e4 aikaa Meri-Toppilan rannassa, raikas ja hyv\u00e4\u00e4 tekev\u00e4.<\/p>\n<p style=\"text-align: justify;\">Muutoin p\u00e4iv\u00e4 mennyt j\u00e4rjestelless\u00e4, kaikenmoista.\u00a0Muiden muassa vaatekaappia, ja nimenomaan sill\u00e4 silm\u00e4ll\u00e4, mit\u00e4 ottaisi reissuun mukaan.<\/p>\n<p style=\"text-align: justify;\">Lienee helppo arvata, mist\u00e4 t\u00e4m\u00e4 kuva on otettu?<\/p>\n<p><a href=\"https:\/\/www.satokangas.fi\/blogi\/wp-content\/uploads\/2017\/02\/FOTO7089.jpg\"><img loading=\"lazy\" decoding=\"async\" data-attachment-id=\"30266\" data-permalink=\"https:\/\/www.satokangas.fi\/blogi\/2017\/02\/lomamaanantai-3\/foto7089\/\" data-orig-file=\"https:\/\/www.satokangas.fi\/blogi\/wp-content\/uploads\/2017\/02\/FOTO7089.jpg\" data-orig-size=\"800,614\" data-comments-opened=\"1\" data-image-meta=\"{&quot;aperture&quot;:&quot;4&quot;,&quot;credit&quot;:&quot;&quot;,&quot;camera&quot;:&quot;Canon EOS 5D Mark IV&quot;,&quot;caption&quot;:&quot;&quot;,&quot;created_timestamp&quot;:&quot;1486889697&quot;,&quot;copyright&quot;:&quot;&quot;,&quot;focal_length&quot;:&quot;65&quot;,&quot;iso&quot;:&quot;400&quot;,&quot;shutter_speed&quot;:&quot;0.0025&quot;,&quot;title&quot;:&quot;&quot;,&quot;orientation&quot;:&quot;1&quot;}\" data-image-title=\"FOTO7089\" data-image-description=\"\" data-image-caption=\"\" data-large-file=\"https:\/\/www.satokangas.fi\/blogi\/wp-content\/uploads\/2017\/02\/FOTO7089.jpg\" class=\"aligncenter size-full wp-image-30266\" src=\"https:\/\/www.satokangas.fi\/blogi\/wp-content\/uploads\/2017\/02\/FOTO7089.jpg\" alt=\"\" width=\"800\" height=\"614\" srcset=\"https:\/\/www.satokangas.fi\/blogi\/wp-content\/uploads\/2017\/02\/FOTO7089.jpg 800w, https:\/\/www.satokangas.fi\/blogi\/wp-content\/uploads\/2017\/02\/FOTO7089-300x230.jpg 300w, https:\/\/www.satokangas.fi\/blogi\/wp-content\/uploads\/2017\/02\/FOTO7089-521x400.jpg 521w, https:\/\/www.satokangas.fi\/blogi\/wp-content\/uploads\/2017\/02\/FOTO7089-768x589.jpg 768w\" sizes=\"auto, (max-width: 800px) 100vw, 800px\" \/><\/a><\/p>\n<p style=\"text-align: justify;\">Mutta ent\u00e4s\u00a0mihin me ollaan l\u00e4hd\u00f6ss\u00e4? Se ei ehk\u00e4 ihan niin helppo arvata? Mutta lauantaina l\u00e4hdet\u00e4\u00e4n. Vaikka koulu nyt ei ihan ohi olekaan, niin on lomamatkan aika.<\/p>\n<p style=\"text-align: justify;\">Muuta lomatouhua lenkin ja kaappien siivouksen lis\u00e4ksi on ollut nukkuminen. Ah, onnea.\u00a0Ja kuten lomalla kuuluukin, niin on nautittu pitk\u00e4 illallinen. Oli paistink\u00e4\u00e4nt\u00e4jien hallituksen kokous, sen j\u00e4lkeen yleiskokous ja sen p\u00e4\u00e4lle sitten illallinen. Luonnollisesti.<\/p>\n<p style=\"text-align: justify; padding-left: 30px;\"><i><b>Menu<\/b><\/i><\/p>\n<p style=\"padding-left: 30px;\"><i>Hummerilient\u00e4, rapumoussea ja kiiskisipsi\u00e4 <\/i><br \/>\n<i>*** <\/i><br \/>\n<i>Limegranitea ja granaattiomenaa <\/i><br \/>\n<i>*** <\/i><br \/>\n<i>Ankankoipi confit ja tummaa appelsiinisiirappia <\/i><br \/>\n<i>Riisikakkua ja grillattua kiinankaalta <\/i><br \/>\n<i>*** <\/i><br \/>\n<i>Lakkaparfait ja karamellisoitua leip\u00e4juustoa<\/i><\/p>\n<p>Menu vaikuttaa v\u00e4hint\u00e4\u00e4nkin erinomaiselta, mutta jos rehellinen olen, niin ei kannata olla kateellinen. Ankankoipi oli aika hyv\u00e4\u00e4.<\/p>\n<p><a href=\"https:\/\/www.satokangas.fi\/blogi\/wp-content\/uploads\/2017\/02\/Hummeriliemi.jpg\"><img loading=\"lazy\" decoding=\"async\" data-attachment-id=\"30268\" data-permalink=\"https:\/\/www.satokangas.fi\/blogi\/2017\/02\/lomamaanantai-3\/hummeriliemi\/\" data-orig-file=\"https:\/\/www.satokangas.fi\/blogi\/wp-content\/uploads\/2017\/02\/Hummeriliemi.jpg\" data-orig-size=\"1600,1067\" data-comments-opened=\"1\" data-image-meta=\"{&quot;aperture&quot;:&quot;2.2&quot;,&quot;credit&quot;:&quot;&quot;,&quot;camera&quot;:&quot;Canon EOS 5D Mark IV&quot;,&quot;caption&quot;:&quot;&quot;,&quot;created_timestamp&quot;:&quot;1487015075&quot;,&quot;copyright&quot;:&quot;&quot;,&quot;focal_length&quot;:&quot;50&quot;,&quot;iso&quot;:&quot;1250&quot;,&quot;shutter_speed&quot;:&quot;0.076923076923077&quot;,&quot;title&quot;:&quot;&quot;,&quot;orientation&quot;:&quot;0&quot;}\" data-image-title=\"Hummeriliemi\" data-image-description=\"\" data-image-caption=\"\" data-large-file=\"https:\/\/www.satokangas.fi\/blogi\/wp-content\/uploads\/2017\/02\/Hummeriliemi-1536x1024.jpg\" class=\"aligncenter size-medium wp-image-30268\" src=\"https:\/\/www.satokangas.fi\/blogi\/wp-content\/uploads\/2017\/02\/Hummeriliemi-600x400.jpg\" alt=\"\" width=\"600\" height=\"400\" srcset=\"https:\/\/www.satokangas.fi\/blogi\/wp-content\/uploads\/2017\/02\/Hummeriliemi-600x400.jpg 600w, https:\/\/www.satokangas.fi\/blogi\/wp-content\/uploads\/2017\/02\/Hummeriliemi-300x200.jpg 300w, https:\/\/www.satokangas.fi\/blogi\/wp-content\/uploads\/2017\/02\/Hummeriliemi-768x512.jpg 768w, https:\/\/www.satokangas.fi\/blogi\/wp-content\/uploads\/2017\/02\/Hummeriliemi-1536x1024.jpg 1536w, https:\/\/www.satokangas.fi\/blogi\/wp-content\/uploads\/2017\/02\/Hummeriliemi-1200x800.jpg 1200w, https:\/\/www.satokangas.fi\/blogi\/wp-content\/uploads\/2017\/02\/Hummeriliemi.jpg 1600w\" sizes=\"auto, (max-width: 600px) 100vw, 600px\" \/><\/a><\/p>\n<p style=\"text-align: justify;\">\n","protected":false},"excerpt":{"rendered":"<p>Ihan huikea auringonpaiste ja l\u00e4mp\u00f6 t\u00e4n\u00e4\u00e4n. Kirist\u00e4v\u00e4st\u00e4 helmikuusta ei tietoakaan. Aamup\u00e4iv\u00e4ll\u00e4 ei edes tuullut, joten olipa pitk\u00e4 lenkki, pitk\u00e4st\u00e4 aikaa Meri-Toppilan rannassa, raikas ja hyv\u00e4\u00e4 tekev\u00e4. Muutoin p\u00e4iv\u00e4 mennyt j\u00e4rjestelless\u00e4, kaikenmoista.\u00a0Muiden muassa vaatekaappia, ja nimenomaan sill\u00e4 silm\u00e4ll\u00e4, mit\u00e4 ottaisi reissuun mukaan. Lienee helppo arvata, mist\u00e4 t\u00e4m\u00e4 kuva on otettu? Mutta ent\u00e4s\u00a0mihin me ollaan l\u00e4hd\u00f6ss\u00e4? Se ei ehk\u00e4 ihan niin helppo &hellip; <\/p>\n","protected":false},"author":1,"featured_media":0,"comment_status":"open","ping_status":"open","sticky":false,"template":"","format":"standard","meta":{"jetpack_post_was_ever_published":false,"_jetpack_newsletter_access":"","_jetpack_dont_email_post_to_subs":true,"_jetpack_newsletter_tier_id":0,"_jetpack_memberships_contains_paywalled_content":false,"_jetpack_memberships_contains_paid_content":false,"footnotes":"","jetpack_publicize_message":"","jetpack_publicize_feature_enabled":true,"jetpack_social_post_already_shared":true,"jetpack_social_options":{"image_generator_settings":{"template":"highway","default_image_id":0,"font":"","enabled":false},"version":2}},"categories":[17],"tags":[],"class_list":["post-30265","post","type-post","status-publish","format-standard","hentry","category-ruoka_ja_viini","latest_post"],"jetpack_publicize_connections":[],"jetpack_featured_media_url":"","jetpack_shortlink":"https:\/\/wp.me\/pr4p4-7S9","jetpack_sharing_enabled":true,"jetpack_likes_enabled":false,"jetpack-related-posts":[{"id":519,"url":"https:\/\/www.satokangas.fi\/blogi\/2008\/08\/tunturipurojen-raikkautta\/","url_meta":{"origin":30265,"position":0},"title":"Tunturipurojen raikkautta","author":"Reija","date":"22.8.2008","format":false,"excerpt":"Aamulla ikkunasta purolle p\u00e4in katsellessa huoli: sy\u00f6v\u00e4tk\u00f6 porot pyh\u00e4n pihlajan, lahjapihlajani? Pit\u00e4isik\u00f6h\u00e4n ne suojata talveksi? M\u00f6kin pihapiiriss\u00e4 on usein, erityisesti n\u00e4in syksyisin ja talvisin poroja. Kotiporotokka :), j\u00e4k\u00e4l\u00e4kangas kun ei m\u00f6kkiasutukseen lopu. T\u00e4\u00e4ll\u00e4 on viel\u00e4 valoisaa, valoisampaa kuin etel\u00e4ss\u00e4, - viel\u00e4 ennen kuin auringon kierto kohti kaamosaikaa alkaa. T\u00e4n\u00e4\u00e4n p\u00e4iv\u00e4npituus\u2026","rel":"","context":"Kategoriassa &quot;Lappi&quot;","block_context":{"text":"Lappi","link":"https:\/\/www.satokangas.fi\/blogi\/category\/lappi\/"},"img":{"alt_text":"","src":"","width":0,"height":0},"classes":[]},{"id":36182,"url":"https:\/\/www.satokangas.fi\/blogi\/2019\/04\/niin-hieno-maisteluilta\/","url_meta":{"origin":30265,"position":1},"title":"Niin hieno maisteluilta","author":"Reija","date":"1.4.2019","format":false,"excerpt":"Kun kaikki me kymmenen viinikerhon j\u00e4sent\u00e4 olemme pois ty\u00f6el\u00e4m\u00e4n kiihkeimm\u00e4st\u00e4 kierteest\u00e4, arki-iltojen kotiin kannetuista t\u00f6ist\u00e4, tiistaiaamujen aikaisista her\u00e4\u00e4misist\u00e4, pitkist\u00e4 ilta- tai aamukokouksista, saatoimme kokoontua maanantai-iltana Iskossa vanhojen (viime vuosituhannen vuosikertojen!) \u00e4\u00e4relle. Maistelimme, sokkona kommentoimme, koetimme arvailla ja tunnistaa, arvailimme ja tunnistimmekin. Puhuimme paljon viineist\u00e4, ohi ja oikeinkin. Arvasimme, arvelimme ja\u2026","rel":"","context":"Kategoriassa &quot;Niit\u00e4 n\u00e4it\u00e4&quot;","block_context":{"text":"Niit\u00e4 n\u00e4it\u00e4","link":"https:\/\/www.satokangas.fi\/blogi\/category\/aiheeton\/"},"img":{"alt_text":"","src":"https:\/\/i0.wp.com\/www.satokangas.fi\/blogi\/wp-content\/uploads\/2019\/04\/2-2.jpg?resize=350%2C200&ssl=1","width":350,"height":200,"srcset":"https:\/\/i0.wp.com\/www.satokangas.fi\/blogi\/wp-content\/uploads\/2019\/04\/2-2.jpg?resize=350%2C200&ssl=1 1x, https:\/\/i0.wp.com\/www.satokangas.fi\/blogi\/wp-content\/uploads\/2019\/04\/2-2.jpg?resize=525%2C300&ssl=1 1.5x, https:\/\/i0.wp.com\/www.satokangas.fi\/blogi\/wp-content\/uploads\/2019\/04\/2-2.jpg?resize=700%2C400&ssl=1 2x"},"classes":[]},{"id":29890,"url":"https:\/\/www.satokangas.fi\/blogi\/2016\/12\/joulukalenteriarvonta\/","url_meta":{"origin":30265,"position":2},"title":"Joulukalenteriarvonta","author":"Reija","date":"12.12.2016","format":false,"excerpt":"T\u00e4m\u00e4np\u00e4iv\u00e4inen joulukalenterin kuva on Kiotosta. klikkaa isommaksi Kioton asema valmistui kaupungin 1200-vuotisjuhliin parikymment\u00e4 vuotta sitten (1997). Se on huikea rakennuskompleksi, joka paikoin tuo mieleen tieteissarjojen futuristiset rakennelmat. Se on 15-kerroksinen ja monta sataa metri\u00e4 pitk\u00e4. Me k\u00e4vimme sen huipulla Naran retkip\u00e4iv\u00e4n j\u00e4lkeen. N\u00e4kym\u00e4t olivat iltavalaistuksessa vaikuttavat. Ja siell\u00e4 on tuo\u2026","rel":"","context":"Kategoriassa &quot;Bloggailu&quot;","block_context":{"text":"Bloggailu","link":"https:\/\/www.satokangas.fi\/blogi\/category\/bloggailu\/"},"img":{"alt_text":"","src":"https:\/\/i0.wp.com\/www.satokangas.fi\/blogi\/wp-content\/uploads\/2016\/12\/palkinto.jpg?resize=350%2C200&ssl=1","width":350,"height":200},"classes":[]},{"id":34699,"url":"https:\/\/www.satokangas.fi\/blogi\/2018\/08\/miljoona-arvonta\/","url_meta":{"origin":30265,"position":3},"title":"&#8221;Miljoona-arvonta&#8221;","author":"Reija","date":"28.8.2018","format":false,"excerpt":"Joka ilta minulla on edess\u00e4ni t\u00e4llainen n\u00e4kym\u00e4. Tabula rasa! Tyhj\u00e4 taulu! Nytkin. Ja tuo \"Lis\u00e4\u00e4 uusi artikkeli\" aika harvoin tuskastuttaa.\u00a0Nyt tuskastuttaa. Kun ei ole mit\u00e4\u00e4n sanomista. Huomasin, ett\u00e4 blogin laskurin, joka on vuoden verran j\u00e4ljess\u00e4, mukaan miljoona k\u00e4ynti\u00e4 tulee ihan pian t\u00e4yteen (rullaa sivu alas asti; alareunassa on palkissa juokseva\u2026","rel":"","context":"Kategoriassa &quot;Bloggailu&quot;","block_context":{"text":"Bloggailu","link":"https:\/\/www.satokangas.fi\/blogi\/category\/bloggailu\/"},"img":{"alt_text":"","src":"https:\/\/i0.wp.com\/www.satokangas.fi\/blogi\/wp-content\/uploads\/2018\/08\/nakyma-800x297.jpg?resize=350%2C200&ssl=1","width":350,"height":200,"srcset":"https:\/\/i0.wp.com\/www.satokangas.fi\/blogi\/wp-content\/uploads\/2018\/08\/nakyma-800x297.jpg?resize=350%2C200&ssl=1 1x, https:\/\/i0.wp.com\/www.satokangas.fi\/blogi\/wp-content\/uploads\/2018\/08\/nakyma-800x297.jpg?resize=525%2C300&ssl=1 1.5x, https:\/\/i0.wp.com\/www.satokangas.fi\/blogi\/wp-content\/uploads\/2018\/08\/nakyma-800x297.jpg?resize=700%2C400&ssl=1 2x"},"classes":[]},{"id":29991,"url":"https:\/\/www.satokangas.fi\/blogi\/2016\/12\/kaarnapojan-luona\/","url_meta":{"origin":30265,"position":4},"title":"Kaarnapojan luona","author":"Reija","date":"26.12.2016","format":false,"excerpt":"Kirkonmenojen aikaan olimme tytt\u00e4ren kanssa Tapaninp\u00e4iv\u00e4n aamup\u00e4iv\u00e4ll\u00e4 liikkeell\u00e4. Tuomiokirkko ja jumalanpalvelus j\u00e4tettiin kyll\u00e4 v\u00e4liin; enemm\u00e4n ruumiin- kuin hengenravintoa haimme. Niin ja ty\u00e4rh\u00e4n haki tietysti Pokeja.\u00a0Takavasemmalla n\u00e4kyy Kaarnapoika-patsas (Uno Aro 1956), joka sekin (kuten mm. Tiernapojat) on ollut Oulussa yhdess\u00e4 jos toisessakin paikassa, ja nyt on siis Ainolan puistossa entisen Tuomenkukka-kahvilan\u2026","rel":"","context":"Kategoriassa &quot;Niit\u00e4 n\u00e4it\u00e4&quot;","block_context":{"text":"Niit\u00e4 n\u00e4it\u00e4","link":"https:\/\/www.satokangas.fi\/blogi\/category\/aiheeton\/"},"img":{"alt_text":"","src":"https:\/\/i0.wp.com\/www.satokangas.fi\/blogi\/wp-content\/uploads\/2016\/12\/joulu-8-452x400.jpg?resize=350%2C200&ssl=1","width":350,"height":200},"classes":[]},{"id":21364,"url":"https:\/\/www.satokangas.fi\/blogi\/2014\/06\/keskiviikko-liki-keskella-kesakuuta\/","url_meta":{"origin":30265,"position":5},"title":"Keskiviikko liki keskell\u00e4 kes\u00e4kuuta","author":"Reija","date":"11.6.2014","format":false,"excerpt":"N\u00e4in lukukauden lopulla, vaikkei olisi mik\u00e4\u00e4n erityisen kiire ollutkaan, olen yleens\u00e4 aika univajeinen, liian v\u00e4h\u00e4n nukkunut, vaikken varsinaisesti ty\u00f6ntekoon tai siit\u00e4 v\u00e4synyt olisikaan. Joskus kyll\u00e4 sit\u00e4kin. Mutta olen ollut huono nukkuja jo kauan - kiire ja murhe, huoli tai hillit\u00f6n odotus (ennen matkaa, juhlaa, tapaamista, jonkun valmiiksi saamista tms.) viev\u00e4t\u2026","rel":"","context":"Kategoriassa &quot;Niit\u00e4 n\u00e4it\u00e4&quot;","block_context":{"text":"Niit\u00e4 n\u00e4it\u00e4","link":"https:\/\/www.satokangas.fi\/blogi\/category\/aiheeton\/"},"img":{"alt_text":"","src":"","width":0,"height":0},"classes":[]}],"_links":{"self":[{"href":"https:\/\/www.satokangas.fi\/blogi\/wp-json\/wp\/v2\/posts\/30265","targetHints":{"allow":["GET"]}}],"collection":[{"href":"https:\/\/www.satokangas.fi\/blogi\/wp-json\/wp\/v2\/posts"}],"about":[{"href":"https:\/\/www.satokangas.fi\/blogi\/wp-json\/wp\/v2\/types\/post"}],"author":[{"embeddable":true,"href":"https:\/\/www.satokangas.fi\/blogi\/wp-json\/wp\/v2\/users\/1"}],"replies":[{"embeddable":true,"href":"https:\/\/www.satokangas.fi\/blogi\/wp-json\/wp\/v2\/comments?post=30265"}],"version-history":[{"count":0,"href":"https:\/\/www.satokangas.fi\/blogi\/wp-json\/wp\/v2\/posts\/30265\/revisions"}],"wp:attachment":[{"href":"https:\/\/www.satokangas.fi\/blogi\/wp-json\/wp\/v2\/media?parent=30265"}],"wp:term":[{"taxonomy":"category","embeddable":true,"href":"https:\/\/www.satokangas.fi\/blogi\/wp-json\/wp\/v2\/categories?post=30265"},{"taxonomy":"post_tag","embeddable":true,"href":"https:\/\/www.satokangas.fi\/blogi\/wp-json\/wp\/v2\/tags?post=30265"}],"curies":[{"name":"wp","href":"https:\/\/api.w.org\/{rel}","templated":true}]}}