{"id":30254,"date":"2017-02-11T20:45:38","date_gmt":"2017-02-11T18:45:38","guid":{"rendered":"https:\/\/www.satokangas.fi\/blogi\/?p=30254"},"modified":"2017-02-11T21:50:24","modified_gmt":"2017-02-11T19:50:24","slug":"torniossa-historian-havinaa-ja-saheltamista","status":"publish","type":"post","link":"https:\/\/www.satokangas.fi\/blogi\/2017\/02\/torniossa-historian-havinaa-ja-saheltamista\/","title":{"rendered":"Torniossa historian havinaa &#8211; ja s\u00e4helt\u00e4mist\u00e4"},"content":{"rendered":"<p><a href=\"https:\/\/www.satokangas.fi\/blogi\/wp-content\/uploads\/2017\/02\/full-1.jpg\"><img loading=\"lazy\" decoding=\"async\" data-attachment-id=\"30255\" data-permalink=\"https:\/\/www.satokangas.fi\/blogi\/2017\/02\/torniossa-historian-havinaa-ja-saheltamista\/illaksi-kotiin-turvallinen-ja-idyllinen-tornio-on-kaunis-talvi\/\" data-orig-file=\"https:\/\/www.satokangas.fi\/blogi\/wp-content\/uploads\/2017\/02\/full-1.jpg\" data-orig-size=\"1024,1536\" data-comments-opened=\"1\" data-image-meta=\"{&quot;aperture&quot;:&quot;4.5&quot;,&quot;credit&quot;:&quot;Reija Satokangas&quot;,&quot;camera&quot;:&quot;Canon EOS 5D Mark IV&quot;,&quot;caption&quot;:&quot;&quot;,&quot;created_timestamp&quot;:&quot;1486754669&quot;,&quot;copyright&quot;:&quot;\\u00a9Reija Satokangas\\rAll rights reserved&quot;,&quot;focal_length&quot;:&quot;23&quot;,&quot;iso&quot;:&quot;800&quot;,&quot;shutter_speed&quot;:&quot;5&quot;,&quot;title&quot;:&quot;Illaksi kotiin - turvallinen ja idyllinen Tornio on kaunis talvi&quot;,&quot;orientation&quot;:&quot;1&quot;}\" data-image-title=\"Illaksi kotiin &amp;#8211; turvallinen ja idyllinen Tornio on kaunis talvi\" data-image-description=\"\" data-image-caption=\"\" data-large-file=\"https:\/\/www.satokangas.fi\/blogi\/wp-content\/uploads\/2017\/02\/full-1-683x1024.jpg\" class=\"aligncenter size-medium wp-image-30255\" src=\"https:\/\/www.satokangas.fi\/blogi\/wp-content\/uploads\/2017\/02\/full-1-267x400.jpg\" alt=\"\" width=\"267\" height=\"400\" srcset=\"https:\/\/www.satokangas.fi\/blogi\/wp-content\/uploads\/2017\/02\/full-1-267x400.jpg 267w, https:\/\/www.satokangas.fi\/blogi\/wp-content\/uploads\/2017\/02\/full-1-200x300.jpg 200w, https:\/\/www.satokangas.fi\/blogi\/wp-content\/uploads\/2017\/02\/full-1-768x1152.jpg 768w, https:\/\/www.satokangas.fi\/blogi\/wp-content\/uploads\/2017\/02\/full-1-683x1024.jpg 683w, https:\/\/www.satokangas.fi\/blogi\/wp-content\/uploads\/2017\/02\/full-1.jpg 1024w\" sizes=\"auto, (max-width: 267px) 100vw, 267px\" \/><\/a><\/p>\n<p style=\"text-align: center;\"><em>Ehdottomasti kannattaa klikata kuvat isommiksi.\u00a0<\/em><\/p>\n<p style=\"text-align: justify;\">Eilinen ilta oli pakkashankineen ja kuutamoinen, ja sellaisena kovin kaunis. T\u00e4ysikuun aattoilta, joten tarvoin vinkkelit jalassa J\u00e4\u00e4k\u00e4rikadun (tunnetaan usein paremmin Rantakatuna) ja Kaupunginlahden \u00a0v\u00e4liss\u00e4 ja kuvailin Vanhan Tornion vieh\u00e4tt\u00e4v\u00e4\u00e4 idylli\u00e4, kauniita vanhoja taloja.<\/p>\n<p style=\"text-align: justify;\">Aiemmin p\u00e4iv\u00e4ll\u00e4 kun kiertelin kameran kanssa tapasin tuossa J\u00e4\u00e4k\u00e4rikadulla vanhan herrasmiehen, jonka kanssa j\u00e4imme juttusille, ja h\u00e4n kertoi minulle noista taloisa. Tuo kuvassa n\u00e4kyv\u00e4 on aikanaan ollut kirkkoherran puustelli, ja kirkkoherranvirasto siin\u00e4 samassa kuten usein tapana oli. Nyt se on viime vuodet ollut vammaisten hoivakotina, mutta parhaillaan muuttavat sielt\u00e4 pois uudempiin, parempikuntoisiin tiloihin.<\/p>\n<p style=\"text-align: justify;\">Eilisen postauksen\u00a0kuvassa n\u00e4kyv\u00e4 punainen talo oli kondukt\u00f6\u00f6rin talo. V\u00e4liin j\u00e4\u00e4 kauniin keltainen talo (<a href=\"https:\/\/www.satokangas.fi\/blogi\/2015\/11\/26817\/\">KLIKS)<\/a>, joka oli kuulemma tullivirkamies Aspion talo. Kirkkoherra, tullivirkamies ja kondukt\u00f6\u00f6ri, &#8212; j\u00e4in miettim\u00e4\u00e4n el\u00e4m\u00e4\u00e4 tuolla kadulla 100 vuotta sitten.<\/p>\n<p style=\"text-align: justify;\">Ja v\u00e4h\u00e4n yli sata vuotta sitten samaisen kadun p\u00e4\u00e4ss\u00e4 olleessa, nyt siniharmaassa, rakennuksessa oli t\u00e4rke\u00e4\u00e4, salaista toimintaa, joka osaltaan johti Suomea kohti itsen\u00e4istymist\u00e4.\u00a0<span data-ft=\"{&quot;tn&quot;:&quot;K&quot;}\"><span class=\"UFICommentBody _1n4g\">Kun suomalaisnuorukaiset vuosina 1915 \u2013 1916 l\u00e4htiv\u00e4t j\u00e4\u00e4k\u00e4rikoulutukseen Saksaan, se piti tapahtua salassa: yksi t\u00e4rke\u00e4 reitti, ns. etappireitti, kulki Tornion kautta Ruotsiin ja sielt\u00e4 edelleen Saksaan. Ja juuri t\u00e4ss\u00e4 kuvassa olevassa talossa n\u00e4it\u00e4 rekryyttiasioita hoideltiin. T\u00e4m\u00e4n talon historiaa sivuaa my\u00f6s se itsen\u00e4isyysp\u00e4iv\u00e4kynttil\u00f6iden polttaminen&#8230;<a href=\"https:\/\/www.satokangas.fi\/blogi\/kaksi-kynttilaa\/\"> KLIKS<\/a><\/span><\/span><\/p>\n<p><a href=\"https:\/\/www.satokangas.fi\/blogi\/wp-content\/uploads\/2017\/02\/Tornio-4.jpg\"><img loading=\"lazy\" decoding=\"async\" data-attachment-id=\"30257\" data-permalink=\"https:\/\/www.satokangas.fi\/blogi\/2017\/02\/torniossa-historian-havinaa-ja-saheltamista\/tornio-4-3\/\" data-orig-file=\"https:\/\/www.satokangas.fi\/blogi\/wp-content\/uploads\/2017\/02\/Tornio-4.jpg\" data-orig-size=\"1521,1600\" data-comments-opened=\"1\" data-image-meta=\"{&quot;aperture&quot;:&quot;10&quot;,&quot;credit&quot;:&quot;&quot;,&quot;camera&quot;:&quot;Canon EOS 5D Mark IV&quot;,&quot;caption&quot;:&quot;&quot;,&quot;created_timestamp&quot;:&quot;1486755184&quot;,&quot;copyright&quot;:&quot;&quot;,&quot;focal_length&quot;:&quot;23&quot;,&quot;iso&quot;:&quot;200&quot;,&quot;shutter_speed&quot;:&quot;30&quot;,&quot;title&quot;:&quot;&quot;,&quot;orientation&quot;:&quot;0&quot;}\" data-image-title=\"Tornio-4\" data-image-description=\"\" data-image-caption=\"\" data-large-file=\"https:\/\/www.satokangas.fi\/blogi\/wp-content\/uploads\/2017\/02\/Tornio-4-973x1024.jpg\" class=\"aligncenter size-medium wp-image-30257\" src=\"https:\/\/www.satokangas.fi\/blogi\/wp-content\/uploads\/2017\/02\/Tornio-4-380x400.jpg\" alt=\"\" width=\"380\" height=\"400\" srcset=\"https:\/\/www.satokangas.fi\/blogi\/wp-content\/uploads\/2017\/02\/Tornio-4-380x400.jpg 380w, https:\/\/www.satokangas.fi\/blogi\/wp-content\/uploads\/2017\/02\/Tornio-4-285x300.jpg 285w, https:\/\/www.satokangas.fi\/blogi\/wp-content\/uploads\/2017\/02\/Tornio-4-768x808.jpg 768w, https:\/\/www.satokangas.fi\/blogi\/wp-content\/uploads\/2017\/02\/Tornio-4-973x1024.jpg 973w, https:\/\/www.satokangas.fi\/blogi\/wp-content\/uploads\/2017\/02\/Tornio-4-1200x1262.jpg 1200w, https:\/\/www.satokangas.fi\/blogi\/wp-content\/uploads\/2017\/02\/Tornio-4.jpg 1521w\" sizes=\"auto, (max-width: 380px) 100vw, 380px\" \/><\/a><\/p>\n<p>Toki Torniossa on idyllisi\u00e4, vanhoja puutaloja muuallakin kuin tuossa Rannassa. Niit\u00e4 eilen kuvailin: <a href=\"https:\/\/satokangas.kuvat.fi\/kuvat\/VAT+Valokuvausopinnot\/DIGITAALINEN+KUVANK%C3%84SITTELY+N%C3%84YTT%C3%96+2_2017\/Simultaani+-+Ihmisten+arkea+Torniossa+\/\">kuvasarjassani<\/a> ideana, ett\u00e4 henkil\u00f6iden taustalla olisi aina jokin kaunis vanha puutalo&#8230; ja ett\u00e4 henkil\u00f6\/asia on kuvasarjassa aina samassa kohtaa&#8230;<\/p>\n<p><a href=\"https:\/\/www.satokangas.fi\/blogi\/wp-content\/uploads\/2017\/02\/asemakaava1936.jpg\"><img loading=\"lazy\" decoding=\"async\" data-attachment-id=\"30256\" data-permalink=\"https:\/\/www.satokangas.fi\/blogi\/2017\/02\/torniossa-historian-havinaa-ja-saheltamista\/asemakaava1936\/\" data-orig-file=\"https:\/\/www.satokangas.fi\/blogi\/wp-content\/uploads\/2017\/02\/asemakaava1936.jpg\" data-orig-size=\"375,350\" data-comments-opened=\"1\" data-image-meta=\"{&quot;aperture&quot;:&quot;0&quot;,&quot;credit&quot;:&quot;&quot;,&quot;camera&quot;:&quot;&quot;,&quot;caption&quot;:&quot;&quot;,&quot;created_timestamp&quot;:&quot;0&quot;,&quot;copyright&quot;:&quot;&quot;,&quot;focal_length&quot;:&quot;0&quot;,&quot;iso&quot;:&quot;0&quot;,&quot;shutter_speed&quot;:&quot;0&quot;,&quot;title&quot;:&quot;&quot;,&quot;orientation&quot;:&quot;0&quot;}\" data-image-title=\"asemakaava1936\" data-image-description=\"\" data-image-caption=\"\" data-large-file=\"https:\/\/www.satokangas.fi\/blogi\/wp-content\/uploads\/2017\/02\/asemakaava1936.jpg\" class=\"aligncenter size-full wp-image-30256\" src=\"https:\/\/www.satokangas.fi\/blogi\/wp-content\/uploads\/2017\/02\/asemakaava1936.jpg\" alt=\"\" width=\"375\" height=\"350\" srcset=\"https:\/\/www.satokangas.fi\/blogi\/wp-content\/uploads\/2017\/02\/asemakaava1936.jpg 375w, https:\/\/www.satokangas.fi\/blogi\/wp-content\/uploads\/2017\/02\/asemakaava1936-300x280.jpg 300w\" sizes=\"auto, (max-width: 375px) 100vw, 375px\" \/><\/a><\/p>\n<p style=\"text-align: justify;\">Suensaaren, Tornion vanhan keskustan asemakaavakartta yll\u00e4 on vuodelta 1936. Siin\u00e4p\u00e4 ei meid\u00e4n koulua, Lappiaa, n\u00e4y. Sen on juuri tuolla yl\u00e4reunassa, jossa kartassa ei n\u00e4y mit\u00e4\u00e4n.<\/p>\n<p style=\"text-align: justify;\">Sinne taas huomenna aamulla varhain. T\u00e4n\u00e4\u00e4n olin jo seitsem\u00e4lt\u00e4, muokkaamassa viel\u00e4 eilisi\u00e4 kuvia, ja sitten aamup\u00e4iv\u00e4ll\u00e4 studiosimultaanin uusinta, jonka s\u00e4helsin ja tein kaiken maailman huolimattomuusvirheita niin, ett\u00e4 meni heikommin kuin edellisell\u00e4 kerralla.<\/p>\n<p style=\"text-align: justify;\">Huomenna ei tarvi ihan kovin\u00a0aikaisin (vasta 9.30) menn\u00e4. Onneksi. Nyt v\u00e4sy.<\/p>\n","protected":false},"excerpt":{"rendered":"<p>Ehdottomasti kannattaa klikata kuvat isommiksi.\u00a0 Eilinen ilta oli pakkashankineen ja kuutamoinen, ja sellaisena kovin kaunis. T\u00e4ysikuun aattoilta, joten tarvoin vinkkelit jalassa J\u00e4\u00e4k\u00e4rikadun (tunnetaan usein paremmin Rantakatuna) ja Kaupunginlahden \u00a0v\u00e4liss\u00e4 ja kuvailin Vanhan Tornion vieh\u00e4tt\u00e4v\u00e4\u00e4 idylli\u00e4, kauniita vanhoja taloja. Aiemmin p\u00e4iv\u00e4ll\u00e4 kun kiertelin kameran kanssa tapasin tuossa J\u00e4\u00e4k\u00e4rikadulla vanhan herrasmiehen, jonka kanssa j\u00e4imme juttusille, ja h\u00e4n kertoi minulle noista taloisa. Tuo &hellip; <\/p>\n","protected":false},"author":1,"featured_media":0,"comment_status":"open","ping_status":"open","sticky":false,"template":"","format":"standard","meta":{"jetpack_post_was_ever_published":false,"_jetpack_newsletter_access":"","_jetpack_dont_email_post_to_subs":true,"_jetpack_newsletter_tier_id":0,"_jetpack_memberships_contains_paywalled_content":false,"_jetpack_memberships_contains_paid_content":false,"footnotes":"","jetpack_publicize_message":"","jetpack_publicize_feature_enabled":true,"jetpack_social_post_already_shared":true,"jetpack_social_options":{"image_generator_settings":{"template":"highway","default_image_id":0,"font":"","enabled":false},"version":2}},"categories":[13,1,37,77],"tags":[],"class_list":["post-30254","post","type-post","status-publish","format-standard","hentry","category-historiaa","category-aiheeton","category-valokuvaus","category-vat","latest_post"],"jetpack_publicize_connections":[],"jetpack_featured_media_url":"","jetpack_shortlink":"https:\/\/wp.me\/pr4p4-7RY","jetpack_sharing_enabled":true,"jetpack_likes_enabled":false,"jetpack-related-posts":[{"id":29167,"url":"https:\/\/www.satokangas.fi\/blogi\/2016\/09\/kaupunkipatikka-tornio-haaparannassa\/","url_meta":{"origin":30254,"position":0},"title":"Kaupunkipatikka Tornio &#8211; Haaparannassa","author":"Reija","date":"10.9.2016","format":false,"excerpt":"Simultaaniharjoitus. Se on ollut p\u00e4iv\u00e4n teema. Se on kuljettanut autolla ja jalan Haaparantaan, takaisin Tornioon. Koululle, ja taas ulos kuvailemaan. Aamup\u00e4iv\u00e4n tihkussa otetut kuvat tuli iltap\u00e4iv\u00e4ll\u00e4 otetuksi uudelleen. Ei ihan kaikkia. Min\u00e4 valitsin n\u00e4k\u00f6kulmaksi rajakaupungin omanlaisensa milj\u00f6\u00f6n\u00a0kirjoitettuna\/symboleina. Mukava l\u00f6yt\u00f6 oli Haaparannan rantatiell\u00e4 olleet suojatiemerkit. Niit\u00e4 on ainakin seitsem\u00e4n eri versiota.\u2026","rel":"","context":"Kategoriassa &quot;Niit\u00e4 n\u00e4it\u00e4&quot;","block_context":{"text":"Niit\u00e4 n\u00e4it\u00e4","link":"https:\/\/www.satokangas.fi\/blogi\/category\/aiheeton\/"},"img":{"alt_text":"1-20","src":"https:\/\/i0.wp.com\/www.satokangas.fi\/blogi\/wp-content\/uploads\/2016\/09\/1-20-431x400.jpg?resize=350%2C200&ssl=1","width":350,"height":200},"classes":[]},{"id":29187,"url":"https:\/\/www.satokangas.fi\/blogi\/2016\/09\/kirjoja-ja-viineja\/","url_meta":{"origin":30254,"position":1},"title":"Kirjoja ja viinej\u00e4","author":"Reija","date":"13.9.2016","format":false,"excerpt":"[Postauksen kuvat ovat viime viikonlopulta sateisesta Torniosta. Kuvista\u00a0kun ei mihink\u00e4\u00e4n teht\u00e4v\u00e4nantoon oikein ole, niin julkaisenpahan t\u00e4\u00e4lll\u00e4. Kannattaa klikata isommiksi. On niist\u00e4 sellainen yhteinen nimitt\u00e4j\u00e4 kuin \"rajakaupunki\"; pikkukaupungin\/kaupunkien idylli\u00e4, kaupunkin\u00e4kymi\u00e4 rajan molemmin puolin.] N\u00e4it\u00e4 kuulaan kirkkaita p\u00e4ivi\u00e4 on ihana katsella kotoa, lenkkipolun varresta. El\u00e4\u00e4 niiss\u00e4. Niist\u00e4 nauttimisen \"upgradasin\", kun k\u00e4vin viett\u00e4m\u00e4ss\u00e4\u2026","rel":"","context":"Kategoriassa &quot;Niit\u00e4 n\u00e4it\u00e4&quot;","block_context":{"text":"Niit\u00e4 n\u00e4it\u00e4","link":"https:\/\/www.satokangas.fi\/blogi\/category\/aiheeton\/"},"img":{"alt_text":"tornio","src":"https:\/\/i0.wp.com\/www.satokangas.fi\/blogi\/wp-content\/uploads\/2016\/09\/Tornio-563x400.jpg?resize=350%2C200&ssl=1","width":350,"height":200,"srcset":"https:\/\/i0.wp.com\/www.satokangas.fi\/blogi\/wp-content\/uploads\/2016\/09\/Tornio-563x400.jpg?resize=350%2C200&ssl=1 1x, https:\/\/i0.wp.com\/www.satokangas.fi\/blogi\/wp-content\/uploads\/2016\/09\/Tornio-563x400.jpg?resize=525%2C300&ssl=1 1.5x"},"classes":[]},{"id":28241,"url":"https:\/\/www.satokangas.fi\/blogi\/2016\/05\/torniossa-hautausmaalla\/","url_meta":{"origin":30254,"position":2},"title":"Torniossa hautausmaalla","author":"Reija","date":"15.5.2016","format":false,"excerpt":"Monta viikonloppua Torniossa asuneena olen miettinyt ett\u00e4 koulun ja sen asuntoloiden l\u00e4heiselle hautausmaalle olisi syyt\u00e4 l\u00e4hte\u00e4 yksin\u00e4iselle ekskursiolle. Muutaman kerran olen ohi kulkiessa poikennut kirkkomaan kautta, kamerankin kanssa, mutta ei mit\u00e4\u00e4n kunnon perehtymist\u00e4 vaikka t\u00e4m\u00e4 hautalehto on oikeastaan aika pieni. [kaikki kuvat suurenevat - ja paranevat - klikkaamalla] (Yll\u00e4olevassa on\u2026","rel":"","context":"Kategoriassa &quot;Hautausmailla&quot;","block_context":{"text":"Hautausmailla","link":"https:\/\/www.satokangas.fi\/blogi\/category\/hautausmailla\/"},"img":{"alt_text":"Hiljainen kaupunki - Tornion hautausmaalla_-2","src":"https:\/\/i0.wp.com\/www.satokangas.fi\/blogi\/wp-content\/uploads\/2016\/05\/Hiljainen-kaupunki-Tornion-hautausmaalla_-2-267x400.jpg?resize=350%2C200&ssl=1","width":350,"height":200},"classes":[]},{"id":52254,"url":"https:\/\/www.satokangas.fi\/blogi\/2025\/03\/aika-havittaa-kuluttaa-kulkee\/","url_meta":{"origin":30254,"position":3},"title":"Aika h\u00e4vitt\u00e4\u00e4, kuluttaa, kulkee","author":"Reija","date":"20.3.2025","format":false,"excerpt":"T\u00e4n\u00e4\u00e4n auringon keskipiste siirtyi etel\u00e4iselt\u00e4 t\u00e4htitaivaalta pohjoiselle t\u00e4htitaivaalle. Paistakoon p\u00e4iv\u00e4, tulkoon jo kev\u00e4iset p\u00e4iv\u00e4t ja pime\u00e4 painukoon - jonnekin. Olen v\u00e4h\u00e4n turhan realisti, mutta toisaalta historioitsija, vuodenkiertoa ja menneit\u00e4 ja ajan k\u00e4sityksi\u00e4 aikanaan tutkimus- ja opetust\u00f6iss\u00e4ni useinkin sivunnut, joten ehk\u00e4 siksikin \"j\u00e4\u00e4nyt p\u00e4\u00e4lle\". Joten toivon, ett\u00e4 t\u00e4m\u00e4 vanhan kansan tiet\u00e4mys\u2026","rel":"","context":"Kategoriassa &quot;Historiaa&quot;","block_context":{"text":"Historiaa","link":"https:\/\/www.satokangas.fi\/blogi\/category\/historiaa\/"},"img":{"alt_text":"","src":"https:\/\/i0.wp.com\/www.satokangas.fi\/blogi\/wp-content\/uploads\/2025\/03\/tasaus-3.jpg?resize=350%2C200&ssl=1","width":350,"height":200,"srcset":"https:\/\/i0.wp.com\/www.satokangas.fi\/blogi\/wp-content\/uploads\/2025\/03\/tasaus-3.jpg?resize=350%2C200&ssl=1 1x, https:\/\/i0.wp.com\/www.satokangas.fi\/blogi\/wp-content\/uploads\/2025\/03\/tasaus-3.jpg?resize=525%2C300&ssl=1 1.5x, https:\/\/i0.wp.com\/www.satokangas.fi\/blogi\/wp-content\/uploads\/2025\/03\/tasaus-3.jpg?resize=700%2C400&ssl=1 2x"},"classes":[]},{"id":30250,"url":"https:\/\/www.satokangas.fi\/blogi\/2017\/02\/ihmisten-arkea-torniossa\/","url_meta":{"origin":30254,"position":4},"title":"Ihmisten arkea Torniossa","author":"Reija","date":"10.2.2017","format":false,"excerpt":"Seh\u00e4n se on ollut t\u00e4m\u00e4n p\u00e4iv\u00e4n aiheena, simultaaniteht\u00e4v\u00e4n otsikko. Kuten arvelinkin, oli kuvattava ihmisi\u00e4, kuvattava pakkasessa, harmaassa maisemassa, aika v\u00e4h\u00e4ss\u00e4 valossa. Ja teht\u00e4v\u00e4n rajaus viel\u00e4 Tornioon, - min\u00e4 kun olin taas ajatellut kuvailevani Haaparannan puolella, jossa ihmiset oikeasti ovat helpommin kuvattavia, ainakin suostuvat, jolleiv\u00e4t nyt ihan tyrkytt\u00e4ydyk\u00e4\u00e4n, kuviin. No ja\u2026","rel":"","context":"Kategoriassa &quot;VAT&quot;","block_context":{"text":"VAT","link":"https:\/\/www.satokangas.fi\/blogi\/category\/valokuvaus\/vat\/"},"img":{"alt_text":"","src":"https:\/\/i0.wp.com\/www.satokangas.fi\/blogi\/wp-content\/uploads\/2017\/02\/Tornio-2-294x400.jpg?resize=350%2C200&ssl=1","width":350,"height":200},"classes":[]},{"id":45280,"url":"https:\/\/www.satokangas.fi\/blogi\/2023\/04\/taalla-viela-tanaankin\/","url_meta":{"origin":30254,"position":5},"title":"T\u00e4\u00e4ll\u00e4 viel\u00e4 t\u00e4n\u00e4\u00e4nkin!","author":"Reija","date":"10.4.2023","format":false,"excerpt":"[Artikkelikuva nelj\u00e4n ladun risteyksest\u00e4] On p\u00e4\u00e4si\u00e4isen toinen pyh\u00e4, eik\u00e4 t\u00e4n\u00e4\u00e4n ollut syyt\u00e4 l\u00e4hte\u00e4 alas, ei l\u00e4hte\u00e4 ajelemaan Ouluun. Ei t\u00f6it\u00e4, ei kandiseminaaria, ei kokoussumaa, ei Torniossa valokuvausopintojen l\u00e4hiopetusjaksoa, ei yhdistystoiminnassa vuosikokouksen valmistelua, ei toimintakertomusten tekoa, ei kuvauskeikkoja, ei hammasl\u00e4\u00e4k\u00e4ri\u00e4, ei mit\u00e4\u00e4n pelottavia tutkimuksia, ei perhep\u00e4iv\u00e4hoitoa, ei \u00e4idist\u00e4 huolehtimisjuttuja eik\u00e4 sairaalak\u00e4yntej\u00e4,\u2026","rel":"","context":"Kategoriassa &quot;Lappi&quot;","block_context":{"text":"Lappi","link":"https:\/\/www.satokangas.fi\/blogi\/category\/lappi\/"},"img":{"alt_text":"","src":"https:\/\/i0.wp.com\/www.satokangas.fi\/blogi\/wp-content\/uploads\/2023\/04\/mokilla-12.jpg?resize=350%2C200&ssl=1","width":350,"height":200,"srcset":"https:\/\/i0.wp.com\/www.satokangas.fi\/blogi\/wp-content\/uploads\/2023\/04\/mokilla-12.jpg?resize=350%2C200&ssl=1 1x, https:\/\/i0.wp.com\/www.satokangas.fi\/blogi\/wp-content\/uploads\/2023\/04\/mokilla-12.jpg?resize=525%2C300&ssl=1 1.5x, https:\/\/i0.wp.com\/www.satokangas.fi\/blogi\/wp-content\/uploads\/2023\/04\/mokilla-12.jpg?resize=700%2C400&ssl=1 2x"},"classes":[]}],"_links":{"self":[{"href":"https:\/\/www.satokangas.fi\/blogi\/wp-json\/wp\/v2\/posts\/30254","targetHints":{"allow":["GET"]}}],"collection":[{"href":"https:\/\/www.satokangas.fi\/blogi\/wp-json\/wp\/v2\/posts"}],"about":[{"href":"https:\/\/www.satokangas.fi\/blogi\/wp-json\/wp\/v2\/types\/post"}],"author":[{"embeddable":true,"href":"https:\/\/www.satokangas.fi\/blogi\/wp-json\/wp\/v2\/users\/1"}],"replies":[{"embeddable":true,"href":"https:\/\/www.satokangas.fi\/blogi\/wp-json\/wp\/v2\/comments?post=30254"}],"version-history":[{"count":0,"href":"https:\/\/www.satokangas.fi\/blogi\/wp-json\/wp\/v2\/posts\/30254\/revisions"}],"wp:attachment":[{"href":"https:\/\/www.satokangas.fi\/blogi\/wp-json\/wp\/v2\/media?parent=30254"}],"wp:term":[{"taxonomy":"category","embeddable":true,"href":"https:\/\/www.satokangas.fi\/blogi\/wp-json\/wp\/v2\/categories?post=30254"},{"taxonomy":"post_tag","embeddable":true,"href":"https:\/\/www.satokangas.fi\/blogi\/wp-json\/wp\/v2\/tags?post=30254"}],"curies":[{"name":"wp","href":"https:\/\/api.w.org\/{rel}","templated":true}]}}