{"id":30211,"date":"2017-02-03T19:35:53","date_gmt":"2017-02-03T17:35:53","guid":{"rendered":"https:\/\/www.satokangas.fi\/blogi\/?p=30211"},"modified":"2017-02-03T19:35:53","modified_gmt":"2017-02-03T17:35:53","slug":"lukulampun-valossa","status":"publish","type":"post","link":"https:\/\/www.satokangas.fi\/blogi\/2017\/02\/lukulampun-valossa\/","title":{"rendered":"Lukulampun valossa"},"content":{"rendered":"<p style=\"text-align: justify;\">Perjantai-ilta kotona. Koko viikonloppu kotona&#8230; Eik\u00e4 mit\u00e4\u00e4n erityist\u00e4. Sellainen tuntuu nyt hyv\u00e4lle.<\/p>\n<p><a href=\"https:\/\/www.satokangas.fi\/blogi\/wp-content\/uploads\/2017\/02\/1-9.jpg\"><img loading=\"lazy\" decoding=\"async\" data-attachment-id=\"30212\" data-permalink=\"https:\/\/www.satokangas.fi\/blogi\/2017\/02\/lukulampun-valossa\/1-9-19\/\" data-orig-file=\"https:\/\/www.satokangas.fi\/blogi\/wp-content\/uploads\/2017\/02\/1-9.jpg\" data-orig-size=\"1600,1049\" data-comments-opened=\"1\" data-image-meta=\"{&quot;aperture&quot;:&quot;2.5&quot;,&quot;credit&quot;:&quot;&quot;,&quot;camera&quot;:&quot;Canon EOS 5D Mark IV&quot;,&quot;caption&quot;:&quot;&quot;,&quot;created_timestamp&quot;:&quot;1486143959&quot;,&quot;copyright&quot;:&quot;&quot;,&quot;focal_length&quot;:&quot;50&quot;,&quot;iso&quot;:&quot;200&quot;,&quot;shutter_speed&quot;:&quot;0.025&quot;,&quot;title&quot;:&quot;&quot;,&quot;orientation&quot;:&quot;0&quot;}\" data-image-title=\"1-9\" data-image-description=\"\" data-image-caption=\"\" data-large-file=\"https:\/\/www.satokangas.fi\/blogi\/wp-content\/uploads\/2017\/02\/1-9-1562x1024.jpg\" class=\"aligncenter size-medium wp-image-30212\" src=\"https:\/\/www.satokangas.fi\/blogi\/wp-content\/uploads\/2017\/02\/1-9-600x393.jpg\" alt=\"\" width=\"600\" height=\"393\" srcset=\"https:\/\/www.satokangas.fi\/blogi\/wp-content\/uploads\/2017\/02\/1-9-600x393.jpg 600w, https:\/\/www.satokangas.fi\/blogi\/wp-content\/uploads\/2017\/02\/1-9-300x197.jpg 300w, https:\/\/www.satokangas.fi\/blogi\/wp-content\/uploads\/2017\/02\/1-9-768x504.jpg 768w, https:\/\/www.satokangas.fi\/blogi\/wp-content\/uploads\/2017\/02\/1-9-1562x1024.jpg 1562w, https:\/\/www.satokangas.fi\/blogi\/wp-content\/uploads\/2017\/02\/1-9-1200x787.jpg 1200w, https:\/\/www.satokangas.fi\/blogi\/wp-content\/uploads\/2017\/02\/1-9.jpg 1600w\" sizes=\"auto, (max-width: 600px) 100vw, 600px\" \/><\/a><\/p>\n<p style=\"text-align: justify;\">Juuri nyt tuon kuvan tunnelma tuntuu houkuttelevalle, ja siit\u00e4 tulee mieleen 30 vuoden (oikeastiko jo 30 vuotta on siit\u00e4!!!) takaiset tunnelmat. Tuo lamppu sen tekee.<\/p>\n<p style=\"text-align: justify;\">Muistan kun syksyll\u00e4 (1986), talven tullessa ja viel\u00e4 n\u00e4in keskitalvella, ajoimme iltasella t\u00f6iden j\u00e4lkeen tai viikonloppuisin aikaisin, viel\u00e4 pime\u00e4n aikaan Toivoniemest\u00e4, Tuirasta, t\u00e4nne Rantapeltoon meid\u00e4n raksalle&#8230; ja kuinka aina n\u00e4in yhdess\u00e4 talossa (tuossa aika l\u00e4hell\u00e4, pappilan kent\u00e4n reunalla olevassa talossa) ikkunassa palavan lukulampun ja sen valossa varjon laiskanlinnasta, jossa joku luki lehte\u00e4 tai kirjaa&#8230;\u00a0Sellainen kodikas, levollinen tunnelma n\u00e4kyi ulos asti.<\/p>\n<p style=\"text-align: justify;\">Muistan, kuinka ajattelin, ett\u00e4 pian meill\u00e4kin on uusi koti valmiina, pian mekin voimme istahtaa t\u00f6iden j\u00e4lkeen isoon tuoliin lukemaan lehte\u00e4 tai kirjaa, voimme ottaa viereen juusto- ja kurkkuleipi\u00e4, sytytt\u00e4\u00e4 kynttil\u00e4n ja takan!! Sellainenhan uudessa kodissamme oli, ja olla vailla tekemist\u00e4. Ei tarvitse maalata, k\u00e4rr\u00e4t\u00e4, siivota, tapiseerata, saumata, pest\u00e4, \u00a0&#8211; ja sitten iski taas ep\u00e4usko: ei ikin\u00e4 p\u00e4\u00e4st\u00e4 muuttamaan! Talo ei valmistu ikin\u00e4!<\/p>\n<p style=\"text-align: justify;\">Mutta valmistui se.<\/p>\n<p style=\"text-align: justify;\">Ja kohta istun isossa lepotuolissa takkatulen \u00e4\u00e4ress\u00e4 lukien, lukulampun palaessa. Eik\u00e4 l\u00e4hdet\u00e4 Pehtoorin kanssa mihink\u00e4\u00e4n. Ollaan kotona, koko viikonloppu.<\/p>\n<p style=\"text-align: justify;\">Olen min\u00e4 t\u00e4st\u00e4 ennenkin maininnut, kyll\u00e4 t\u00e4t\u00e4 saa aina v\u00e4lill\u00e4 Suomestakin, mutta\u00a0silti roudasin t\u00e4m\u00e4n viime viikonloppuna Haaparannasta: <a href=\"https:\/\/www.alko.fi\/tuotteet\/519647\/Rotari-Riserva-Brut-2011\">Rotarin 2011 <\/a>kuohuvan avasimme, avasimme ihan muuten vaan.<\/p>\n<p style=\"text-align: justify;\"><a href=\"https:\/\/www.satokangas.fi\/blogi\/wp-content\/uploads\/2017\/02\/1-11.jpg\"><img loading=\"lazy\" decoding=\"async\" data-attachment-id=\"30213\" data-permalink=\"https:\/\/www.satokangas.fi\/blogi\/2017\/02\/lukulampun-valossa\/1-11-9\/\" data-orig-file=\"https:\/\/www.satokangas.fi\/blogi\/wp-content\/uploads\/2017\/02\/1-11.jpg\" data-orig-size=\"1229,1600\" data-comments-opened=\"1\" data-image-meta=\"{&quot;aperture&quot;:&quot;2.5&quot;,&quot;credit&quot;:&quot;&quot;,&quot;camera&quot;:&quot;Canon EOS 5D Mark IV&quot;,&quot;caption&quot;:&quot;&quot;,&quot;created_timestamp&quot;:&quot;1486142686&quot;,&quot;copyright&quot;:&quot;&quot;,&quot;focal_length&quot;:&quot;50&quot;,&quot;iso&quot;:&quot;100&quot;,&quot;shutter_speed&quot;:&quot;0.5&quot;,&quot;title&quot;:&quot;&quot;,&quot;orientation&quot;:&quot;0&quot;}\" data-image-title=\"1-11\" data-image-description=\"\" data-image-caption=\"\" data-large-file=\"https:\/\/www.satokangas.fi\/blogi\/wp-content\/uploads\/2017\/02\/1-11-787x1024.jpg\" class=\"aligncenter size-medium wp-image-30213\" src=\"https:\/\/www.satokangas.fi\/blogi\/wp-content\/uploads\/2017\/02\/1-11-307x400.jpg\" alt=\"\" width=\"307\" height=\"400\" srcset=\"https:\/\/www.satokangas.fi\/blogi\/wp-content\/uploads\/2017\/02\/1-11-307x400.jpg 307w, https:\/\/www.satokangas.fi\/blogi\/wp-content\/uploads\/2017\/02\/1-11-230x300.jpg 230w, https:\/\/www.satokangas.fi\/blogi\/wp-content\/uploads\/2017\/02\/1-11-768x1000.jpg 768w, https:\/\/www.satokangas.fi\/blogi\/wp-content\/uploads\/2017\/02\/1-11-787x1024.jpg 787w, https:\/\/www.satokangas.fi\/blogi\/wp-content\/uploads\/2017\/02\/1-11-1200x1562.jpg 1200w, https:\/\/www.satokangas.fi\/blogi\/wp-content\/uploads\/2017\/02\/1-11.jpg 1229w\" sizes=\"auto, (max-width: 307px) 100vw, 307px\" \/><\/a><\/p>\n<p style=\"text-align: justify;\">Koti-ilta.<\/p>\n<p style=\"text-align: justify;\">~~~~~~~~~~~~~~~~~~~~<\/p>\n<p style=\"text-align: justify;\">PS. Eilinen arvontavideo ei useimmille auennut. T\u00e4ss\u00e4 toimiva linkki. <a href=\"https:\/\/satokangas.kuvat.fi\/kuvat\/2016\/arvontavideo\/\" target=\"_blank\">KLIKS!\u00a0<\/a><\/p>\n","protected":false},"excerpt":{"rendered":"<p>Perjantai-ilta kotona. Koko viikonloppu kotona&#8230; Eik\u00e4 mit\u00e4\u00e4n erityist\u00e4. Sellainen tuntuu nyt hyv\u00e4lle. Juuri nyt tuon kuvan tunnelma tuntuu houkuttelevalle, ja siit\u00e4 tulee mieleen 30 vuoden (oikeastiko jo 30 vuotta on siit\u00e4!!!) takaiset tunnelmat. Tuo lamppu sen tekee. Muistan kun syksyll\u00e4 (1986), talven tullessa ja viel\u00e4 n\u00e4in keskitalvella, ajoimme iltasella t\u00f6iden j\u00e4lkeen tai viikonloppuisin aikaisin, viel\u00e4 pime\u00e4n aikaan Toivoniemest\u00e4, Tuirasta, t\u00e4nne &hellip; <\/p>\n","protected":false},"author":1,"featured_media":0,"comment_status":"open","ping_status":"open","sticky":false,"template":"","format":"standard","meta":{"jetpack_post_was_ever_published":false,"_jetpack_newsletter_access":"","_jetpack_dont_email_post_to_subs":false,"_jetpack_newsletter_tier_id":0,"_jetpack_memberships_contains_paywalled_content":false,"_jetpack_memberships_contains_paid_content":false,"footnotes":"","jetpack_publicize_message":"","jetpack_publicize_feature_enabled":true,"jetpack_social_post_already_shared":true,"jetpack_social_options":{"image_generator_settings":{"template":"highway","default_image_id":0,"font":"","enabled":false},"version":2}},"categories":[1],"tags":[],"class_list":["post-30211","post","type-post","status-publish","format-standard","hentry","category-aiheeton","latest_post"],"jetpack_publicize_connections":[],"jetpack_featured_media_url":"","jetpack_shortlink":"https:\/\/wp.me\/pr4p4-7Rh","jetpack_sharing_enabled":true,"jetpack_likes_enabled":false,"jetpack-related-posts":[{"id":13727,"url":"https:\/\/www.satokangas.fi\/blogi\/2012\/03\/jotain-erilaista-tassa-blogissa\/","url_meta":{"origin":30211,"position":0},"title":"Jotain erilaista t\u00e4ss\u00e4 blogissa","author":"Reija","date":"15.3.2012","format":false,"excerpt":"On maaliskuun idus: \u00a0Gaius Julius Caesar murhattiin maaliskuun iduksena ja Tampereella Finlaysonin tehtaalla ensimm\u00e4isen\u00e4 Pohjoismaissa sytytettiin s\u00e4hk\u00f6valot tasan 130 vuotta sitten. Mit\u00e4 muuta merkitt\u00e4v\u00e4\u00e4 maailmanhistoriassa?\u00a0 Meid\u00e4n juniorin laskettu aika (joka meni yli 10 p\u00e4iv\u00e4\u00e4) oli maaliskuun iduksena. Brutuksia ja puukkoja kannattaa siis varoa, s\u00e4hk\u00f6ist\u00e4 nauttia ja juniorin syntt\u00e4rilahjaa on ryhdytt\u00e4v\u00e4\u2026","rel":"","context":"Kategoriassa &quot;Niit\u00e4 n\u00e4it\u00e4&quot;","block_context":{"text":"Niit\u00e4 n\u00e4it\u00e4","link":"https:\/\/www.satokangas.fi\/blogi\/category\/aiheeton\/"},"img":{"alt_text":"","src":"https:\/\/i0.wp.com\/www.satokangas.fi\/blogi\/wp-content\/uploads\/Uusi-kampe-247x400.jpg?resize=350%2C200&ssl=1","width":350,"height":200},"classes":[]},{"id":33207,"url":"https:\/\/www.satokangas.fi\/blogi\/2018\/01\/kamera-pakkaspaivan-valo-ja-mina\/","url_meta":{"origin":30211,"position":1},"title":"Kamera, pakkasp\u00e4iv\u00e4n valo ja min\u00e4","author":"Reija","date":"30.1.2018","format":false,"excerpt":"Yksi kuva kertoo enemm\u00e4n kuin tuhat sanaa. Kuvan on kerrottava tarina ilman sanoja. Hyv\u00e4 kuva ei selittelyj\u00e4 kaipaa. Pelkk\u00e4 kohteen hyv\u00e4k\u00e4\u00e4n toisto - repro - ei riit\u00e4 tekem\u00e4\u00e4n kuvasta hyv\u00e4\u00e4. Kuvan tunnelma, valo, rytmi ja kerronta ovat t\u00e4rkeit\u00e4. T\u00e4llaisia oppeja olen vuosien varrella oppinut valokuvauskursseilla, lukenut kirjoista, oppinut katselemalla ja\u2026","rel":"","context":"Kategoriassa &quot;Lappi&quot;","block_context":{"text":"Lappi","link":"https:\/\/www.satokangas.fi\/blogi\/category\/lappi\/"},"img":{"alt_text":"","src":"https:\/\/i0.wp.com\/www.satokangas.fi\/blogi\/wp-content\/uploads\/2018\/01\/Tammikuu-tiistai-tunturi-Saariselka-lunta_-6-1.jpg?resize=350%2C200&ssl=1","width":350,"height":200,"srcset":"https:\/\/i0.wp.com\/www.satokangas.fi\/blogi\/wp-content\/uploads\/2018\/01\/Tammikuu-tiistai-tunturi-Saariselka-lunta_-6-1.jpg?resize=350%2C200&ssl=1 1x, https:\/\/i0.wp.com\/www.satokangas.fi\/blogi\/wp-content\/uploads\/2018\/01\/Tammikuu-tiistai-tunturi-Saariselka-lunta_-6-1.jpg?resize=525%2C300&ssl=1 1.5x, https:\/\/i0.wp.com\/www.satokangas.fi\/blogi\/wp-content\/uploads\/2018\/01\/Tammikuu-tiistai-tunturi-Saariselka-lunta_-6-1.jpg?resize=700%2C400&ssl=1 2x"},"classes":[]},{"id":28400,"url":"https:\/\/www.satokangas.fi\/blogi\/2016\/06\/kuvien-paiva\/","url_meta":{"origin":30211,"position":2},"title":"Kuvien p\u00e4iv\u00e4","author":"Reija","date":"7.6.2016","format":false,"excerpt":"Halo. Sekin viel\u00e4. Kuvia ja unia, unikuvia. Merkillinen p\u00e4iv\u00e4. Ja y\u00f6ll\u00e4 merkillisi\u00e4 unia, joiden repliikit ja tunnelmat j\u00e4iv\u00e4t el\u00e4m\u00e4\u00e4n valveillekin. Donna Leonin uusin dekkari, joka on v\u00e4kivallattomin kaikista, mit\u00e4 min\u00e4 pid\u00e4n hyv\u00e4n\u00e4 asian, mutta ei siin\u00e4 kyll\u00e4 ole paljon ruokakohtiakaan, ja kirje, joka minulla on ollut aikeena viikon verran kirjoittaa,\u2026","rel":"","context":"Kategoriassa &quot;Isovanhemmuus&quot;","block_context":{"text":"Isovanhemmuus","link":"https:\/\/www.satokangas.fi\/blogi\/category\/isovanhemmuus\/"},"img":{"alt_text":"Halo","src":"https:\/\/i0.wp.com\/www.satokangas.fi\/blogi\/wp-content\/uploads\/2016\/06\/Halo-600x400.jpg?resize=350%2C200&ssl=1","width":350,"height":200,"srcset":"https:\/\/i0.wp.com\/www.satokangas.fi\/blogi\/wp-content\/uploads\/2016\/06\/Halo-600x400.jpg?resize=350%2C200&ssl=1 1x, https:\/\/i0.wp.com\/www.satokangas.fi\/blogi\/wp-content\/uploads\/2016\/06\/Halo-600x400.jpg?resize=525%2C300&ssl=1 1.5x"},"classes":[]},{"id":37809,"url":"https:\/\/www.satokangas.fi\/blogi\/2019\/12\/tulkoon-joulu-3\/","url_meta":{"origin":30211,"position":3},"title":"Tulkoon joulu","author":"Reija","date":"22.12.2019","format":false,"excerpt":"\u00a0 Nyt saa joulu tulla... kaikki ei ole valmista. Mutta tarviikokaan? Onko koskaan? Olen t\u00e4ss\u00e4 jo illan fiilistellyt, ripotellut kynttil\u00f6it\u00e4, kuvaillut tuokioita, koristellut huomisia viemisi\u00e4, surffaillut joulu- ja somesivuilla, ja kuunnellut joulumusiikkia. Se on parasta juuri n\u00e4in: v\u00e4h\u00e4n ennen joulua. Siit\u00e4 tulee tunnelma. Siit\u00e4 tulee muistoja, se rauhoittaa... Melkein mielummin\u2026","rel":"","context":"Kategoriassa &quot;Joulu&quot;","block_context":{"text":"Joulu","link":"https:\/\/www.satokangas.fi\/blogi\/category\/joulu\/"},"img":{"alt_text":"","src":"https:\/\/i0.wp.com\/www.satokangas.fi\/blogi\/wp-content\/uploads\/2019\/12\/vuodenPimein-8-600x400.jpg?resize=350%2C200&ssl=1","width":350,"height":200,"srcset":"https:\/\/i0.wp.com\/www.satokangas.fi\/blogi\/wp-content\/uploads\/2019\/12\/vuodenPimein-8-600x400.jpg?resize=350%2C200&ssl=1 1x, https:\/\/i0.wp.com\/www.satokangas.fi\/blogi\/wp-content\/uploads\/2019\/12\/vuodenPimein-8-600x400.jpg?resize=525%2C300&ssl=1 1.5x"},"classes":[]},{"id":12091,"url":"https:\/\/www.satokangas.fi\/blogi\/2011\/07\/rotissoori-piknik-ohi\/","url_meta":{"origin":30211,"position":4},"title":"Rotiss\u00f6\u00f6ri-piknik ohi","author":"Reija","date":"30.7.2011","format":false,"excerpt":"Eilen meill\u00e4 oli 29 vierasta, joista enemm\u00e4n kuin puolet oli rotiss\u00f6\u00f6rej\u00e4. Ja suunnilleen puolet ravintola-alan ammattilaisia. Tulivat kahdelta. Bussilla kaarsivat Rantapeltoon \u00a0- kuten sovittu oli. Vieraat toivat ruoat tullessaan, viinit oli tuotu jo edellisen\u00e4 p\u00e4iv\u00e4n\u00e4. Olin osaltani tehnyt salaattia, j\u00e4lkk\u00e4ri\u00e4 ja sen sellaista muuta pient\u00e4 piknik-ev\u00e4st\u00e4. Olimme liinoittaneet ja koristelleet\u2026","rel":"","context":"Kategoriassa &quot;Niit\u00e4 n\u00e4it\u00e4&quot;","block_context":{"text":"Niit\u00e4 n\u00e4it\u00e4","link":"https:\/\/www.satokangas.fi\/blogi\/category\/aiheeton\/"},"img":{"alt_text":"","src":"https:\/\/i0.wp.com\/www.satokangas.fi\/blogi\/wp-content\/uploads\/IMG_7154-Large1-600x400.jpg?resize=350%2C200&ssl=1","width":350,"height":200,"srcset":"https:\/\/i0.wp.com\/www.satokangas.fi\/blogi\/wp-content\/uploads\/IMG_7154-Large1-600x400.jpg?resize=350%2C200&ssl=1 1x, https:\/\/i0.wp.com\/www.satokangas.fi\/blogi\/wp-content\/uploads\/IMG_7154-Large1-600x400.jpg?resize=525%2C300&ssl=1 1.5x"},"classes":[]},{"id":27172,"url":"https:\/\/www.satokangas.fi\/blogi\/2015\/12\/jouluihminen-aatonaattona\/","url_meta":{"origin":30211,"position":5},"title":"Jouluihminen aatonaattona","author":"Reija","date":"23.12.2015","format":false,"excerpt":"T\u00e4m\u00e4 on blogini kolmastuhannes kahdestoista (3012!) postaus.\u00a0Edellisess\u00e4 blogini lukijakyselyss\u00e4 joku kommentoi kirjoittamistani, ja piti hyv\u00e4n\u00e4 asiana \"itsens\u00e4 likoon panemista\". Saman tyylist\u00e4 palautetta sain usein opiskelijoilta. Itse en aina, en kovinkaan usein, pid\u00e4 sit\u00e4 vahvuutena. Mutta... menk\u00f6\u00f6n nyt taas, herkill\u00e4h\u00e4n sit\u00e4 n\u00e4in aatonaattoiltana ty\u00e4rt\u00e4 kotikotiin odotellessa on. Kyll\u00e4h\u00e4n tuulestatemmattuja juttujani lukeneet\u2026","rel":"","context":"Kategoriassa &quot;Niit\u00e4 n\u00e4it\u00e4&quot;","block_context":{"text":"Niit\u00e4 n\u00e4it\u00e4","link":"https:\/\/www.satokangas.fi\/blogi\/category\/aiheeton\/"},"img":{"alt_text":"Jouluihminen-2","src":"https:\/\/i0.wp.com\/www.satokangas.fi\/blogi\/wp-content\/uploads\/2015\/12\/Jouluihminen-2-600x341.jpg?resize=350%2C200&ssl=1","width":350,"height":200,"srcset":"https:\/\/i0.wp.com\/www.satokangas.fi\/blogi\/wp-content\/uploads\/2015\/12\/Jouluihminen-2-600x341.jpg?resize=350%2C200&ssl=1 1x, https:\/\/i0.wp.com\/www.satokangas.fi\/blogi\/wp-content\/uploads\/2015\/12\/Jouluihminen-2-600x341.jpg?resize=525%2C300&ssl=1 1.5x"},"classes":[]}],"_links":{"self":[{"href":"https:\/\/www.satokangas.fi\/blogi\/wp-json\/wp\/v2\/posts\/30211","targetHints":{"allow":["GET"]}}],"collection":[{"href":"https:\/\/www.satokangas.fi\/blogi\/wp-json\/wp\/v2\/posts"}],"about":[{"href":"https:\/\/www.satokangas.fi\/blogi\/wp-json\/wp\/v2\/types\/post"}],"author":[{"embeddable":true,"href":"https:\/\/www.satokangas.fi\/blogi\/wp-json\/wp\/v2\/users\/1"}],"replies":[{"embeddable":true,"href":"https:\/\/www.satokangas.fi\/blogi\/wp-json\/wp\/v2\/comments?post=30211"}],"version-history":[{"count":0,"href":"https:\/\/www.satokangas.fi\/blogi\/wp-json\/wp\/v2\/posts\/30211\/revisions"}],"wp:attachment":[{"href":"https:\/\/www.satokangas.fi\/blogi\/wp-json\/wp\/v2\/media?parent=30211"}],"wp:term":[{"taxonomy":"category","embeddable":true,"href":"https:\/\/www.satokangas.fi\/blogi\/wp-json\/wp\/v2\/categories?post=30211"},{"taxonomy":"post_tag","embeddable":true,"href":"https:\/\/www.satokangas.fi\/blogi\/wp-json\/wp\/v2\/tags?post=30211"}],"curies":[{"name":"wp","href":"https:\/\/api.w.org\/{rel}","templated":true}]}}