{"id":30154,"date":"2017-01-23T19:49:16","date_gmt":"2017-01-23T17:49:16","guid":{"rendered":"https:\/\/www.satokangas.fi\/blogi\/?p=30154"},"modified":"2024-12-25T18:28:05","modified_gmt":"2024-12-25T16:28:05","slug":"uskovaisten-pastilli","status":"publish","type":"post","link":"https:\/\/www.satokangas.fi\/blogi\/2017\/01\/uskovaisten-pastilli\/","title":{"rendered":"Uskovaisten pastilli"},"content":{"rendered":"<p style=\"text-align: justify;\">Uskovaisten pastilli. Sill\u00e4 nimell\u00e4 min\u00e4 ne jo lapsena opin tuntemaan: valkoisia, soikeita (tai joskus py\u00f6reit\u00e4), jauhoisia, kuitenkin makeita, piparmintulle maistuvia pastilleja, joita myytiin siin\u00e4 myym\u00e4l\u00e4autossa, joka lapsuuden kotini ja Koskelantien v\u00e4liss\u00e4, tallin pihalla, siin\u00e4 tankkauspisteen vieress\u00e4, pys\u00e4htyi arkip\u00e4ivisin kymment\u00e4 vaille yksitoista. Puolisen tuntia se siin\u00e4 parkkeerasi, juuri sen aikaa, ett\u00e4 ihmiset ehtiv\u00e4t rieskansa ja irtomaitonsa ostaa.<\/p>\n<p style=\"text-align: justify;\">Ja min\u00e4 salmiakkiaskin (20 penni\u00e4) ja Jenkki-purkan (5 penni\u00e4) &#8211; sik\u00e4li mik\u00e4li sattui\u00a0niin onnellisesti, ett\u00e4 viikkorahasta oli jotain j\u00e4ljell\u00e4. Vain kes\u00e4isinh\u00e4n sit\u00e4 mymskyll\u00e4 p\u00e4\u00e4si k\u00e4ym\u00e4\u00e4n, muulloin oltiin tietysti koulussa kun kauppa-auto pihapiiriin ajoi.\u00a0Mutta uskovaisten pastilleja en ostanut. Ne maksoivat niin paljon, enk\u00e4 pentuna edes tyk\u00e4nnyt niist\u00e4.<\/p>\n<p style=\"text-align: justify;\">Joskus niihin kuitenkin viel\u00e4 t\u00f6rm\u00e4\u00e4. Niin kuin nyt vastik\u00e4\u00e4n, joulukuun alussa, matkalla Kuusamoon. K\u00e4ytiin \u2013 kuten tapana tuolla suunnalla liikkuessa on \u2013 Taivalkoskella Jalavan kaupassa kahvilla, ja siell\u00e4 niit\u00e4 uskovaisten pastilleja myyd\u00e4\u00e4n viel\u00e4kin. Ostinpa pussillisen, ja sitten ryhdyttiin oikein porukalla miettim\u00e4\u00e4n, mist\u00e4 nimi \u201duskovaisten pastilleja\u201d on l\u00e4ht\u00f6isin.<\/p>\n<p style=\"text-align: justify;\"><a href=\"https:\/\/www.satokangas.fi\/blogi\/wp-content\/uploads\/2017\/01\/Uskovaisten-pastilli.jpg\"><img loading=\"lazy\" decoding=\"async\" data-attachment-id=\"30156\" data-permalink=\"https:\/\/www.satokangas.fi\/blogi\/2017\/01\/uskovaisten-pastilli\/uskovaisten-pastilli\/\" data-orig-file=\"https:\/\/www.satokangas.fi\/blogi\/wp-content\/uploads\/2017\/01\/Uskovaisten-pastilli.jpg\" data-orig-size=\"1000,611\" data-comments-opened=\"1\" data-image-meta=\"{&quot;aperture&quot;:&quot;3.2&quot;,&quot;credit&quot;:&quot;&quot;,&quot;camera&quot;:&quot;Canon EOS 6D&quot;,&quot;caption&quot;:&quot;&quot;,&quot;created_timestamp&quot;:&quot;1483136060&quot;,&quot;copyright&quot;:&quot;&quot;,&quot;focal_length&quot;:&quot;100&quot;,&quot;iso&quot;:&quot;250&quot;,&quot;shutter_speed&quot;:&quot;0.005&quot;,&quot;title&quot;:&quot;&quot;,&quot;orientation&quot;:&quot;0&quot;}\" data-image-title=\"Uskovaisten pastilli\" data-image-description=\"\" data-image-caption=\"\" data-large-file=\"https:\/\/www.satokangas.fi\/blogi\/wp-content\/uploads\/2017\/01\/Uskovaisten-pastilli.jpg\" class=\"aligncenter size-medium wp-image-30156\" src=\"https:\/\/www.satokangas.fi\/blogi\/wp-content\/uploads\/2017\/01\/Uskovaisten-pastilli-600x367.jpg\" alt=\"\" width=\"600\" height=\"367\" srcset=\"https:\/\/www.satokangas.fi\/blogi\/wp-content\/uploads\/2017\/01\/Uskovaisten-pastilli-600x367.jpg 600w, https:\/\/www.satokangas.fi\/blogi\/wp-content\/uploads\/2017\/01\/Uskovaisten-pastilli-300x183.jpg 300w, https:\/\/www.satokangas.fi\/blogi\/wp-content\/uploads\/2017\/01\/Uskovaisten-pastilli-768x469.jpg 768w, https:\/\/www.satokangas.fi\/blogi\/wp-content\/uploads\/2017\/01\/Uskovaisten-pastilli.jpg 1000w\" sizes=\"auto, (max-width: 600px) 100vw, 600px\" \/><\/a><\/p>\n<p style=\"text-align: justify;\">Sokerisella piparminttupastillilla on monia nimi\u00e4, eri puolilla Suomea se tunnetaan eri nimill\u00e4. Minusta nimivariaatiot viittaavat siihen, ett\u00e4 sen syntyhistoria taitaa olla Pohjanmaan lakeuksilla, sill\u00e4 se tunnetaan mm. <em>k\u00f6rttipastillina<\/em>, <em>maalaisliittolaisena<\/em> tai <em>Lapuan pastillina<\/em>. \u00a0Muita nimi\u00e4 on esimerkiksi <em>punkanpohja<\/em> ja <em>soikonpohja<\/em>, joilla viitataan pastillin tavallisimpaan soikeaan, matalaan\u00a0muotoon. My\u00f6s <em>navettakarkki<\/em> nimell\u00e4 niit\u00e4 on kutsuttu. Kirkolliseen el\u00e4m\u00e4\u00e4n liittyv\u00e4ksi pastillin liitt\u00e4v\u00e4t my\u00f6s nimitykset <em>papinpastilli<\/em> ja <em>kirkkopastilli.<\/em><\/p>\n<p style=\"text-align: justify;\">K\u00f6rttiseuroissa pastilleja myyd\u00e4\u00e4n edelleen, ja pussin mainoslauseessa todetaan pastillit &#8221;puheen mittaisiksi ja maailmalta maistuviksi&#8221;, mik\u00e4 kertoo siit\u00e4, ett\u00e4 pastillit ovat my\u00f6s \u201dajanmittareita\u201d. Perinteisesti k\u00f6rttipastillilla on kuulemma mitattu sopivaa puheen kestoaikaa. Her\u00e4nn\u00e4isten seuroissa kun kuka tahansa saa puhua, ja on todettu, ett\u00e4 reilun viiden minuutin ajan suussa sulava pastilli on sopiva mittari puheen kestolle.<\/p>\n<p style=\"text-align: justify;\">Papinpastilli-nimi viittaa siihen, ett\u00e4 nimenomaan papit olisivat niit\u00e4 sy\u00f6neet, jotta jaksoivat puhua pitk\u00e4\u00e4n ja toisaalta on kerrottu, ett\u00e4 seurakuntalaiset tai seurav\u00e4ki niit\u00e4 s\u00f6iv\u00e4t, etteiv\u00e4t olisi rupatelleet tai yskineet kesken saarnaan ja puheen, vaan olisivat hiljakseen imeskelleet pastilleja.<\/p>\n<p style=\"text-align: justify;\">On my\u00f6s esitetty, ett\u00e4 uskovaisten ja k\u00f6rttipastelleja seuroissa sy\u00f6d\u00e4\u00e4n, jotta korkealentoisia seurapuheita kuunnellessa oli jotain makeaa ja ett\u00e4 &#8221;muistettaisiin t\u00e4\u00e4ll\u00e4 yh\u00e4 elett\u00e4v\u00e4n v\u00e4hint\u00e4\u00e4nkin toinen jalka maan p\u00e4\u00e4ll\u00e4\u201d kuten Sein\u00e4joen her\u00e4tt\u00e4j\u00e4juhlissa nuorisosihteeri totesi.<\/p>\n<p style=\"text-align: justify;\"><a href=\"https:\/\/www.satokangas.fi\/blogi\/wp-content\/uploads\/2017\/01\/Uskovaisten-pastilli-2.jpg\"><img loading=\"lazy\" decoding=\"async\" data-attachment-id=\"30157\" data-permalink=\"https:\/\/www.satokangas.fi\/blogi\/2017\/01\/uskovaisten-pastilli\/uskovaisten-pastilli-2\/\" data-orig-file=\"https:\/\/www.satokangas.fi\/blogi\/wp-content\/uploads\/2017\/01\/Uskovaisten-pastilli-2.jpg\" data-orig-size=\"1000,1000\" data-comments-opened=\"1\" data-image-meta=\"{&quot;aperture&quot;:&quot;3.2&quot;,&quot;credit&quot;:&quot;&quot;,&quot;camera&quot;:&quot;Canon EOS 6D&quot;,&quot;caption&quot;:&quot;&quot;,&quot;created_timestamp&quot;:&quot;1483136133&quot;,&quot;copyright&quot;:&quot;&quot;,&quot;focal_length&quot;:&quot;100&quot;,&quot;iso&quot;:&quot;250&quot;,&quot;shutter_speed&quot;:&quot;0.005&quot;,&quot;title&quot;:&quot;&quot;,&quot;orientation&quot;:&quot;0&quot;}\" data-image-title=\"Uskovaisten pastilli-2\" data-image-description=\"\" data-image-caption=\"\" data-large-file=\"https:\/\/www.satokangas.fi\/blogi\/wp-content\/uploads\/2017\/01\/Uskovaisten-pastilli-2.jpg\" class=\"aligncenter size-medium wp-image-30157\" src=\"https:\/\/www.satokangas.fi\/blogi\/wp-content\/uploads\/2017\/01\/Uskovaisten-pastilli-2-400x400.jpg\" alt=\"\" width=\"400\" height=\"400\" srcset=\"https:\/\/www.satokangas.fi\/blogi\/wp-content\/uploads\/2017\/01\/Uskovaisten-pastilli-2-400x400.jpg 400w, https:\/\/www.satokangas.fi\/blogi\/wp-content\/uploads\/2017\/01\/Uskovaisten-pastilli-2-300x300.jpg 300w, https:\/\/www.satokangas.fi\/blogi\/wp-content\/uploads\/2017\/01\/Uskovaisten-pastilli-2-768x768.jpg 768w, https:\/\/www.satokangas.fi\/blogi\/wp-content\/uploads\/2017\/01\/Uskovaisten-pastilli-2-50x50.jpg 50w, https:\/\/www.satokangas.fi\/blogi\/wp-content\/uploads\/2017\/01\/Uskovaisten-pastilli-2.jpg 1000w\" sizes=\"auto, (max-width: 400px) 100vw, 400px\" \/><\/a><\/p>\n<p style=\"text-align: justify;\">Pohjanmaalla k\u00f6rttipastillien tuotolla tuetaan her\u00e4nn\u00e4isnuorten toimintaa, ja siell\u00e4 onkin myynniss\u00e4 my\u00f6s aniksella ja salmiakilla maustettuja pastilleja. Taivalkosken <a href=\"http:\/\/jalavankauppa.fi\" target=\"_blank\" rel=\"noopener\">Jalavan kaupassa<\/a>\u00a0karkkeja on tehty paikan p\u00e4\u00e4ll\u00e4 vasta 2000-luvun alusta asti. Karkkeja on kyll\u00e4 ollut myynniss\u00e4 jo vuosikymmeni\u00e4, sill\u00e4 Jalava on Suomen vanhin, vuonna 1883 perustettu yht\u00e4jaksoisesti toiminut kauppa. Jalavan karkeilla on niill\u00e4kin <em>pohajalaaset juuret<\/em>, sill\u00e4 2000-luvun alussa ostettu, 1920-luvulla tehty, saksalainen karkkikone ostettiin Etel\u00e4-Pohjanmaalta.<\/p>\n<p style=\"text-align: justify;\">Mik\u00e4s sinun kotiseudullasi on n\u00e4iden nimi? Onko viel\u00e4 muita nimi\u00e4 kuin nuo l\u00f6yt\u00e4m\u00e4ni?<\/p>\n<p style=\"text-align: justify;\">L\u00f6ysinp\u00e4 netist\u00e4 yhden <a href=\"http:\/\/www.kotikokki.net\/reseptit\/nayta\/211162\/Mummon%20ysk%C3%A4npastillit\/\" target=\"_blank\" rel=\"noopener\">reseptin<\/a>, jolla voisi itsekin tehd\u00e4 uskovaisten pastilleja. Ohjeen nimi on tosin \u201dMummon ysk\u00e4npastillit\u201d, mutta kovin selke\u00e4sti ohje viittaa\u00a0uskovaisten pastilleihin.\u00a0Ehk\u00e4 j\u00e4t\u00e4n tekem\u00e4tt\u00e4, minun el\u00e4m\u00e4nmenossani edelleen <a href=\"https:\/\/www.satokangas.fi\/blogi\/2016\/12\/samppanjaa-ja-vaahtokarkkeja\/\" target=\"_blank\" rel=\"noopener\">omatekoiset vaahtokarkit<\/a> (ja samppanja \ud83d\ude09 ) ovat l\u00e4heisempi\u00e4 kuin k\u00f6rttipastillit.<\/p>\n<p style=\"text-align: justify;\">Ja huomenna on hieman raamatullisesti nimetyn\u00a0<a href=\"https:\/\/www.satokangas.fi\/blogi\/2017\/01\/jokaviikkoinen-soppamme\/\" target=\"_blank\" rel=\"noopener\">&#8221;Jokaviikkoisen soppamme&#8221;<\/a> -p\u00e4iv\u00e4!<\/p>\n","protected":false},"excerpt":{"rendered":"<p>Uskovaisten pastilli. Sill\u00e4 nimell\u00e4 min\u00e4 ne jo lapsena opin tuntemaan: valkoisia, soikeita (tai joskus py\u00f6reit\u00e4), jauhoisia, kuitenkin makeita, piparmintulle maistuvia pastilleja, joita myytiin siin\u00e4 myym\u00e4l\u00e4autossa, joka lapsuuden kotini ja Koskelantien v\u00e4liss\u00e4, tallin pihalla, siin\u00e4 tankkauspisteen vieress\u00e4, pys\u00e4htyi arkip\u00e4ivisin kymment\u00e4 vaille yksitoista. Puolisen tuntia se siin\u00e4 parkkeerasi, juuri sen aikaa, ett\u00e4 ihmiset ehtiv\u00e4t rieskansa ja irtomaitonsa ostaa. Ja min\u00e4 salmiakkiaskin (20 &hellip; <\/p>\n","protected":false},"author":1,"featured_media":0,"comment_status":"open","ping_status":"open","sticky":false,"template":"","format":"standard","meta":{"jetpack_post_was_ever_published":false,"_jetpack_newsletter_access":"","_jetpack_dont_email_post_to_subs":true,"_jetpack_newsletter_tier_id":0,"_jetpack_memberships_contains_paywalled_content":false,"_jetpack_memberships_contains_paid_content":false,"footnotes":"","jetpack_publicize_message":"","jetpack_publicize_feature_enabled":true,"jetpack_social_post_already_shared":true,"jetpack_social_options":{"image_generator_settings":{"template":"highway","default_image_id":0,"font":"","enabled":false},"version":2}},"categories":[13,1],"tags":[],"class_list":["post-30154","post","type-post","status-publish","format-standard","hentry","category-historiaa","category-aiheeton","latest_post"],"jetpack_publicize_connections":[],"jetpack_featured_media_url":"","jetpack_shortlink":"https:\/\/wp.me\/pr4p4-7Qm","jetpack_sharing_enabled":true,"jetpack_likes_enabled":false,"jetpack-related-posts":[{"id":40197,"url":"https:\/\/www.satokangas.fi\/blogi\/2021\/02\/keittiohommissa-3\/","url_meta":{"origin":30154,"position":0},"title":"Keitti\u00f6hommissa","author":"Reija","date":"7.2.2021","format":false,"excerpt":"Alunperin oli ajatuksena l\u00e4hte\u00e4 joko hiihtolenkille (tavallista pidemm\u00e4lle) tai pienten ja is\u00e4ns\u00e4 kanssa Talvikyl\u00e4\u00e4n, mutta lopulta monestakin syyst\u00e4 k\u00e4vikin niin, ett\u00e4 olin vain sis\u00e4ll\u00e4 koko p\u00e4iv\u00e4n. Jotenkin - melkein vastentahtoisesti - sorruin kokkailemaan moneksi tunniksi. Home-made pitaleipi\u00e4 monenmoisine tyk\u00f6tarpeineen ja j\u00e4lkk\u00e4riksi laskiaispullia - pinkill\u00e4 kermavaahdolla ihan Eeviksen iloksi. Ja kyll\u00e4\u2026","rel":"","context":"Kategoriassa &quot;Bloggailu&quot;","block_context":{"text":"Bloggailu","link":"https:\/\/www.satokangas.fi\/blogi\/category\/bloggailu\/"},"img":{"alt_text":"","src":"https:\/\/i0.wp.com\/www.satokangas.fi\/blogi\/wp-content\/uploads\/2021\/02\/leipomuksia-2.jpg?resize=350%2C200&ssl=1","width":350,"height":200,"srcset":"https:\/\/i0.wp.com\/www.satokangas.fi\/blogi\/wp-content\/uploads\/2021\/02\/leipomuksia-2.jpg?resize=350%2C200&ssl=1 1x, https:\/\/i0.wp.com\/www.satokangas.fi\/blogi\/wp-content\/uploads\/2021\/02\/leipomuksia-2.jpg?resize=525%2C300&ssl=1 1.5x, https:\/\/i0.wp.com\/www.satokangas.fi\/blogi\/wp-content\/uploads\/2021\/02\/leipomuksia-2.jpg?resize=700%2C400&ssl=1 2x"},"classes":[]},{"id":42139,"url":"https:\/\/www.satokangas.fi\/blogi\/2021\/12\/menneen-maailman-juttuja\/","url_meta":{"origin":30154,"position":1},"title":"Menneen maailman juttuja","author":"Reija","date":"15.12.2021","format":false,"excerpt":"Minulla on ollut aikeissa\u00a0 - toki monikin asia - mutta my\u00f6s k\u00e4yd\u00e4 kuvaamassa \"Tervaleijonan kuusi\", joka on Oulussa Tuiran siltojen kupeessa. Ent. PYP\/SYP-talon puistossa on aina joulunaikaan komea kuusi, jonka valaisusta vastaa Lions Club Terva Oulu. Ja koska kerrostalon katolla on j\u00e4\u00e4nteen\u00e4 menneest\u00e4 Merijalin Tervaleijonan mainos, kuusi on mulle \"Tervaleijonan\u2026","rel":"","context":"Kategoriassa &quot;Historiaa&quot;","block_context":{"text":"Historiaa","link":"https:\/\/www.satokangas.fi\/blogi\/category\/historiaa\/"},"img":{"alt_text":"","src":"https:\/\/i0.wp.com\/www.satokangas.fi\/blogi\/wp-content\/uploads\/2021\/12\/Matila-4.jpg?resize=350%2C200&ssl=1","width":350,"height":200,"srcset":"https:\/\/i0.wp.com\/www.satokangas.fi\/blogi\/wp-content\/uploads\/2021\/12\/Matila-4.jpg?resize=350%2C200&ssl=1 1x, https:\/\/i0.wp.com\/www.satokangas.fi\/blogi\/wp-content\/uploads\/2021\/12\/Matila-4.jpg?resize=525%2C300&ssl=1 1.5x, https:\/\/i0.wp.com\/www.satokangas.fi\/blogi\/wp-content\/uploads\/2021\/12\/Matila-4.jpg?resize=700%2C400&ssl=1 2x"},"classes":[]},{"id":9875,"url":"https:\/\/www.satokangas.fi\/blogi\/2010\/12\/arkea-60-luvulla-ja-nyt\/","url_meta":{"origin":30154,"position":2},"title":"Arkea 60-luvulla ja nyt","author":"Reija","date":"9.12.2010","format":false,"excerpt":"1960-luvun suomalaista arkea k\u00e4sittelev\u00e4\u00e4 tietokilpailua kohtaan ei kovinkaan isosti ollut kiinnostusta... vain Koivu ja Raila vastasivat. Heid\u00e4n kommenttilootaan j\u00e4tt\u00e4m\u00e4t vastauksensa olivat t\u00e4llaisia Koivu arveli: \u00a0\"Joukkoon eiv\u00e4t kuulu (1) SALMIAKKI PASTILLEJA FAZER ja Panda SALMIAKKI PASTILLEJA; koska ne ovat PASTILLEJA, muut kolme eiv\u00e4t ole. (2) super salmiakki ja SALMIAKKI PASTILLEJA FAZER;\u2026","rel":"","context":"Kategoriassa &quot;Historiaa&quot;","block_context":{"text":"Historiaa","link":"https:\/\/www.satokangas.fi\/blogi\/category\/historiaa\/"},"img":{"alt_text":"","src":"https:\/\/i0.wp.com\/www.satokangas.fi\/blogi\/wp-content\/uploads\/hippapuku1-432x400.jpg?resize=350%2C200&ssl=1","width":350,"height":200},"classes":[]},{"id":33369,"url":"https:\/\/www.satokangas.fi\/blogi\/2018\/02\/helmikuun-sunnuntaina-elama-on\/","url_meta":{"origin":30154,"position":3},"title":"Helmikuun sunnuntaina el\u00e4m\u00e4 on!","author":"Reija","date":"18.2.2018","format":false,"excerpt":"Ihan on yliarvostettua sellainen helmikuussa etel\u00e4n l\u00e4mp\u00f6\u00f6n lent\u00e4minen. Ei tarvi ihminen etel\u00e4n aurinkoa, jos kotikaupungissa on sellainen valon m\u00e4\u00e4r\u00e4 kuin t\u00e4n\u00e4\u00e4n Oulussa on ollut. Ihan turhaan mekin vuosi sitten juuri 18. p\u00e4iv\u00e4 helmikuuta lennettiin Lanzarotelle patikoimaan ja luppoilemaan. Ihan turhaan. Sanoo kettu pihlajanmarjoista... Tottahan nytkin kelpaisi tepastelu jossain l\u00e4mpim\u00e4ss\u00e4, v\u00e4hemm\u00e4n\u2026","rel":"","context":"Kategoriassa &quot;Niit\u00e4 n\u00e4it\u00e4&quot;","block_context":{"text":"Niit\u00e4 n\u00e4it\u00e4","link":"https:\/\/www.satokangas.fi\/blogi\/category\/aiheeton\/"},"img":{"alt_text":"","src":"https:\/\/i0.wp.com\/www.satokangas.fi\/blogi\/wp-content\/uploads\/2018\/02\/Helmikuun-heleat-5.jpg?resize=350%2C200&ssl=1","width":350,"height":200,"srcset":"https:\/\/i0.wp.com\/www.satokangas.fi\/blogi\/wp-content\/uploads\/2018\/02\/Helmikuun-heleat-5.jpg?resize=350%2C200&ssl=1 1x, https:\/\/i0.wp.com\/www.satokangas.fi\/blogi\/wp-content\/uploads\/2018\/02\/Helmikuun-heleat-5.jpg?resize=525%2C300&ssl=1 1.5x, https:\/\/i0.wp.com\/www.satokangas.fi\/blogi\/wp-content\/uploads\/2018\/02\/Helmikuun-heleat-5.jpg?resize=700%2C400&ssl=1 2x"},"classes":[]},{"id":45188,"url":"https:\/\/www.satokangas.fi\/blogi\/2023\/04\/leppoisa-lauantai-parhaassa-seurassa\/","url_meta":{"origin":30154,"position":4},"title":"Leppoisa lauantai parhaassa seurassa","author":"Reija","date":"1.4.2023","format":false,"excerpt":"\u00a0 Aprillip\u00e4iv\u00e4. (Sen historiasta artikkelini t\u00e4\u00e4ll\u00e4) Ja niinh\u00e4n siin\u00e4 k\u00e4vi, ett\u00e4 Apsu onnistui mummia juksuttamaan ihan oikeasti: aika nopsasti vein pojalle toisen xylitol-pastillin, kun h\u00e4n v\u00e4itti edellisen pudonneen maahan juuri ovesta ulos astuessaaan. Olimme l\u00e4hd\u00f6ss\u00e4 k\u00e4ym\u00e4\u00e4n Valkeassa ostamassa Apsulle J\u00e4kis-kortteja ja \"jonku ihan pikkusen, pikkusen jonku, eik\u00f6 niin, mummi?\" Eevikselle.\u2026","rel":"","context":"Kategoriassa &quot;Isovanhemmuus&quot;","block_context":{"text":"Isovanhemmuus","link":"https:\/\/www.satokangas.fi\/blogi\/category\/isovanhemmuus\/"},"img":{"alt_text":"","src":"https:\/\/i0.wp.com\/www.satokangas.fi\/blogi\/wp-content\/uploads\/2014\/04\/Almanakka-4_1800.jpg?resize=350%2C200&ssl=1","width":350,"height":200,"srcset":"https:\/\/i0.wp.com\/www.satokangas.fi\/blogi\/wp-content\/uploads\/2014\/04\/Almanakka-4_1800.jpg?resize=350%2C200&ssl=1 1x, https:\/\/i0.wp.com\/www.satokangas.fi\/blogi\/wp-content\/uploads\/2014\/04\/Almanakka-4_1800.jpg?resize=525%2C300&ssl=1 1.5x, https:\/\/i0.wp.com\/www.satokangas.fi\/blogi\/wp-content\/uploads\/2014\/04\/Almanakka-4_1800.jpg?resize=700%2C400&ssl=1 2x"},"classes":[]},{"id":27014,"url":"https:\/\/www.satokangas.fi\/blogi\/2015\/12\/revontulia-ja-muita-kaamoksen-valoja\/","url_meta":{"origin":30154,"position":5},"title":"Revontulia ja muita kaamoksen valoja","author":"Reija","date":"8.12.2015","format":false,"excerpt":"N\u00e4it\u00e4 nettisaitteja eilen illalla kovasti tarkkailin samalla kun lasten kanssa chattailin. \u00a0 Yhdeks\u00e4n j\u00e4lkeen sitten revontulet realisoituivat my\u00f6s liven\u00e4 meid\u00e4n m\u00f6kkipihalla. Siell\u00e4 min\u00e4 heiluin kameran ja jalustan kanssa pitk\u00e4n tovin, ja ennen kymment\u00e4 l\u00e4hdettiin viel\u00e4 k\u00e4ym\u00e4\u00e4n autolla Kaunisp\u00e4\u00e4ll\u00e4. Klikkaa isommaksi. T\u00e4st\u00e4 seuraavasta kuvasta Juniori, joka on erikoistunut y\u00f6-, revontuli-, timelapse-,\u2026","rel":"","context":"Kategoriassa &quot;Lappi&quot;","block_context":{"text":"Lappi","link":"https:\/\/www.satokangas.fi\/blogi\/category\/lappi\/"},"img":{"alt_text":"Sieppaa","src":"https:\/\/i0.wp.com\/www.satokangas.fi\/blogi\/wp-content\/uploads\/2015\/12\/Sieppaa-514x400.jpg?resize=350%2C200&ssl=1","width":350,"height":200},"classes":[]}],"_links":{"self":[{"href":"https:\/\/www.satokangas.fi\/blogi\/wp-json\/wp\/v2\/posts\/30154","targetHints":{"allow":["GET"]}}],"collection":[{"href":"https:\/\/www.satokangas.fi\/blogi\/wp-json\/wp\/v2\/posts"}],"about":[{"href":"https:\/\/www.satokangas.fi\/blogi\/wp-json\/wp\/v2\/types\/post"}],"author":[{"embeddable":true,"href":"https:\/\/www.satokangas.fi\/blogi\/wp-json\/wp\/v2\/users\/1"}],"replies":[{"embeddable":true,"href":"https:\/\/www.satokangas.fi\/blogi\/wp-json\/wp\/v2\/comments?post=30154"}],"version-history":[{"count":0,"href":"https:\/\/www.satokangas.fi\/blogi\/wp-json\/wp\/v2\/posts\/30154\/revisions"}],"wp:attachment":[{"href":"https:\/\/www.satokangas.fi\/blogi\/wp-json\/wp\/v2\/media?parent=30154"}],"wp:term":[{"taxonomy":"category","embeddable":true,"href":"https:\/\/www.satokangas.fi\/blogi\/wp-json\/wp\/v2\/categories?post=30154"},{"taxonomy":"post_tag","embeddable":true,"href":"https:\/\/www.satokangas.fi\/blogi\/wp-json\/wp\/v2\/tags?post=30154"}],"curies":[{"name":"wp","href":"https:\/\/api.w.org\/{rel}","templated":true}]}}