{"id":29997,"date":"2016-12-28T21:28:38","date_gmt":"2016-12-28T19:28:38","guid":{"rendered":"https:\/\/www.satokangas.fi\/blogi\/?p=29997"},"modified":"2025-11-26T11:27:50","modified_gmt":"2025-11-26T09:27:50","slug":"jouluarvonnan-voittaja-on","status":"publish","type":"post","link":"https:\/\/www.satokangas.fi\/blogi\/2016\/12\/jouluarvonnan-voittaja-on\/","title":{"rendered":"Jouluarvonnan voittaja on &#8230;"},"content":{"rendered":"<p style=\"text-align: justify;\">Joulukalenteriini liittyv\u00e4 arvonta on suoritettu.<\/p>\n<p style=\"text-align: justify;\"><a href=\"https:\/\/www.satokangas.fi\/blogi\/wp-content\/uploads\/2016\/12\/kalenteri.jpg\"><img loading=\"lazy\" decoding=\"async\" data-attachment-id=\"29998\" data-permalink=\"https:\/\/www.satokangas.fi\/blogi\/2016\/12\/jouluarvonnan-voittaja-on\/kalenteri-4\/\" data-orig-file=\"https:\/\/www.satokangas.fi\/blogi\/wp-content\/uploads\/2016\/12\/kalenteri.jpg\" data-orig-size=\"971,655\" data-comments-opened=\"1\" data-image-meta=\"{&quot;aperture&quot;:&quot;0&quot;,&quot;credit&quot;:&quot;Reija&quot;,&quot;camera&quot;:&quot;&quot;,&quot;caption&quot;:&quot;&quot;,&quot;created_timestamp&quot;:&quot;1482877426&quot;,&quot;copyright&quot;:&quot;&quot;,&quot;focal_length&quot;:&quot;0&quot;,&quot;iso&quot;:&quot;0&quot;,&quot;shutter_speed&quot;:&quot;0&quot;,&quot;title&quot;:&quot;&quot;,&quot;orientation&quot;:&quot;0&quot;}\" data-image-title=\"kalenteri\" data-image-description=\"\" data-image-caption=\"\" data-large-file=\"https:\/\/www.satokangas.fi\/blogi\/wp-content\/uploads\/2016\/12\/kalenteri.jpg\" class=\"aligncenter size-medium wp-image-29998\" src=\"https:\/\/www.satokangas.fi\/blogi\/wp-content\/uploads\/2016\/12\/kalenteri-593x400.jpg\" alt=\"\" width=\"593\" height=\"400\" srcset=\"https:\/\/www.satokangas.fi\/blogi\/wp-content\/uploads\/2016\/12\/kalenteri-593x400.jpg 593w, https:\/\/www.satokangas.fi\/blogi\/wp-content\/uploads\/2016\/12\/kalenteri-300x202.jpg 300w, https:\/\/www.satokangas.fi\/blogi\/wp-content\/uploads\/2016\/12\/kalenteri-768x518.jpg 768w, https:\/\/www.satokangas.fi\/blogi\/wp-content\/uploads\/2016\/12\/kalenteri.jpg 971w\" sizes=\"auto, (max-width: 593px) 100vw, 593px\" \/><\/a><\/p>\n<p style=\"text-align: justify;\">Meill\u00e4 oli virallinen poliisivalvonta, ja arvonnassa oli avustajana Pehtoori ja arvonnan suoritti Apsu, joka oli meill\u00e4 illansuussa vanhempiensa ollessa k\u00e4ytt\u00e4m\u00e4ss\u00e4 joululahjaksi saamiaan urheilukaupan lahjakortteja.<\/p>\n<p style=\"text-align: justify;\">Kaikkiaan osallistujia oli 18 ja kommentointeja oli yhteens\u00e4 27. Kaikkein eniten \u00e4\u00e4ni\u00e4 saivat kuva m\u00f6kin rantasaunasta (6) ja tonttuarmeija Tuulentuvan lumisateisella terassilla. Siis &#8221;luomukuva&#8221; ja rakennettu, photoshopilla ty\u00f6stetty kuva saivat molemmat nelj\u00e4 \u00e4\u00e4nt\u00e4. Kakkossijalle ylsiv\u00e4t kuva Pentikin porosta toisen m\u00f6kin terassilla sinisen\u00e4 hetken\u00e4 (11) sek\u00e4 viel\u00e4 bannerinnassakin oleva ravintola Sokeri-Jussin sis\u00e4\u00e4nk\u00e4ynti jouluisine valoineen (17). Ja kolmannen sijan kahdella \u00e4\u00e4nell\u00e4 saivat kuvat Valtterista (m\u00f6kkipihan lampussa), Oulun keskustan, Rotuaarin jouluvalot (16) ja Tiernapojat kauppahallin edustalla (20).<\/p>\n<p style=\"text-align: justify;\">Kiit\u00e4n kovasti kaikkia \u00e4\u00e4nest\u00e4neit\u00e4, &#8211; \u00e4\u00e4nestystulos kertoo minulle jotain siit\u00e4, millaisia kortteja kannattaisi ehk\u00e4 ryhty\u00e4 tekem\u00e4\u00e4n&#8230; \ud83d\ude09 Itseasiassa olen itsekin kovin samaa mielt\u00e4 parhaimmistosta.<\/p>\n<p style=\"text-align: justify;\">Koetin v\u00e4h\u00e4n s\u00e4\u00e4t\u00e4\u00e4\u00a0&#8221;arvontavideota&#8221;, mutta videoiden editointi ei todellakaan ole hanskassa. Joka tapauksessa voittaja selvi\u00e4\u00e4 videon lopussa. L\u00e4mpim\u00e4sti onnea voittajalle, ja viel\u00e4 kerran kiitos kaikille osallistuneille.<\/p>\n<p style=\"text-align: justify;\">\n","protected":false},"excerpt":{"rendered":"<p>Joulukalenteriini liittyv\u00e4 arvonta on suoritettu. Meill\u00e4 oli virallinen poliisivalvonta, ja arvonnassa oli avustajana Pehtoori ja arvonnan suoritti Apsu, joka oli meill\u00e4 illansuussa vanhempiensa ollessa k\u00e4ytt\u00e4m\u00e4ss\u00e4 joululahjaksi saamiaan urheilukaupan lahjakortteja. Kaikkiaan osallistujia oli 18 ja kommentointeja oli yhteens\u00e4 27. Kaikkein eniten \u00e4\u00e4ni\u00e4 saivat kuva m\u00f6kin rantasaunasta (6) ja tonttuarmeija Tuulentuvan lumisateisella terassilla. Siis &#8221;luomukuva&#8221; ja rakennettu, photoshopilla ty\u00f6stetty kuva saivat molemmat &hellip; <\/p>\n","protected":false},"author":1,"featured_media":0,"comment_status":"open","ping_status":"open","sticky":false,"template":"","format":"standard","meta":{"jetpack_post_was_ever_published":false,"_jetpack_newsletter_access":"","_jetpack_dont_email_post_to_subs":true,"_jetpack_newsletter_tier_id":0,"_jetpack_memberships_contains_paywalled_content":false,"_jetpack_memberships_contains_paid_content":false,"footnotes":"","jetpack_publicize_message":"","jetpack_publicize_feature_enabled":true,"jetpack_social_post_already_shared":true,"jetpack_social_options":{"image_generator_settings":{"template":"highway","default_image_id":0,"font":"","enabled":false},"version":2}},"categories":[12,1,37],"tags":[],"class_list":["post-29997","post","type-post","status-publish","format-standard","hentry","category-bloggailu","category-aiheeton","category-valokuvaus","latest_post"],"jetpack_publicize_connections":[],"jetpack_featured_media_url":"","jetpack_shortlink":"https:\/\/wp.me\/pr4p4-7NP","jetpack_sharing_enabled":true,"jetpack_likes_enabled":false,"jetpack-related-posts":[{"id":53632,"url":"https:\/\/www.satokangas.fi\/blogi\/2025\/12\/pienia-iloja-maanantaissa\/","url_meta":{"origin":29997,"position":0},"title":"Pieni\u00e4 iloja maanantaissa","author":"Reija","date":"15.12.2025","format":false,"excerpt":"Otsikkokuvassa (kalenterikuva 15) meid\u00e4n La Festa (kuvassa oikealla) viime torstai-illan revontulten alla. T\u00e4n\u00e4 syksyn\u00e4 Aurora Pro -revontuli\u00e4ppi on laulanut aika paljon, m\u00f6kill\u00e4 varsinkin, ja kuten ennenkin se on aika luotettava ennustuksissaan\/ilmoituksissaan, mutta min\u00e4 olen ollut hyvin laiska l\u00e4htem\u00e4\u00e4n pakkaseen kuvailemaan. Torstainakaan en kotipihaa kauemmas l\u00e4htenyt, ja silloinkin vain koska \"tarvitsin\"\u2026","rel":"","context":"Kategoriassa &quot;Joulu&quot;","block_context":{"text":"Joulu","link":"https:\/\/www.satokangas.fi\/blogi\/category\/joulu\/"},"img":{"alt_text":"","src":"https:\/\/i0.wp.com\/www.satokangas.fi\/blogi\/wp-content\/uploads\/2025\/12\/Festa_reposten_alla.jpg?resize=350%2C200&ssl=1","width":350,"height":200,"srcset":"https:\/\/i0.wp.com\/www.satokangas.fi\/blogi\/wp-content\/uploads\/2025\/12\/Festa_reposten_alla.jpg?resize=350%2C200&ssl=1 1x, https:\/\/i0.wp.com\/www.satokangas.fi\/blogi\/wp-content\/uploads\/2025\/12\/Festa_reposten_alla.jpg?resize=525%2C300&ssl=1 1.5x, https:\/\/i0.wp.com\/www.satokangas.fi\/blogi\/wp-content\/uploads\/2025\/12\/Festa_reposten_alla.jpg?resize=700%2C400&ssl=1 2x, https:\/\/i0.wp.com\/www.satokangas.fi\/blogi\/wp-content\/uploads\/2025\/12\/Festa_reposten_alla.jpg?resize=1050%2C600&ssl=1 3x"},"classes":[]},{"id":24844,"url":"https:\/\/www.satokangas.fi\/blogi\/2015\/06\/tyoleirilla-leppoisaa-oleilua-ja-arvonta\/","url_meta":{"origin":29997,"position":1},"title":"Ty\u00f6leirill\u00e4 leppoisaa oleilua  (ja arvonta!)","author":"Reija","date":"22.6.2015","format":false,"excerpt":"M\u00f6kkilomista puhutaan usein ty\u00f6leirein\u00e4. M\u00f6kill\u00e4 kun on aina tekemist\u00e4, puuhaa, korjattavaa, varustautumista kes\u00e4\u00e4n, talveen, kev\u00e4\u00e4seen, syksyyn. Puuhommia, maalaamista, siivousta ja loputtomasti kaikkea kohenneltavaa. Niin meill\u00e4kin. T\u00e4m\u00e4nkertaisella do-to -listalla olivat ainakin n\u00e4m\u00e4: rantasaunan suursiivous, liiterin hyllyjen teko, ikkunoiden pesu, pihan siivous ja haravointi, tykkylumen ja kev\u00e4tmyrskyjen katkomien puiden ja oksien (eik\u00e4\u2026","rel":"","context":"Kategoriassa &quot;Lappi&quot;","block_context":{"text":"Lappi","link":"https:\/\/www.satokangas.fi\/blogi\/category\/lappi\/"},"img":{"alt_text":"Kelo-3","src":"https:\/\/i0.wp.com\/www.satokangas.fi\/blogi\/wp-content\/uploads\/2015\/06\/Kelo-3-600x400.jpg?resize=350%2C200&ssl=1","width":350,"height":200,"srcset":"https:\/\/i0.wp.com\/www.satokangas.fi\/blogi\/wp-content\/uploads\/2015\/06\/Kelo-3-600x400.jpg?resize=350%2C200&ssl=1 1x, https:\/\/i0.wp.com\/www.satokangas.fi\/blogi\/wp-content\/uploads\/2015\/06\/Kelo-3-600x400.jpg?resize=525%2C300&ssl=1 1.5x"},"classes":[]},{"id":5605,"url":"https:\/\/www.satokangas.fi\/blogi\/2010\/01\/arvonnan-tulos\/","url_meta":{"origin":29997,"position":2},"title":"Arvonnan tulos","author":"Reija","date":"1.1.2010","format":false,"excerpt":"LappItalia-arvontaan ilmoittautui yhteens\u00e4 13 kirjasta kiinnostunutta. Virallinen\u00a0arvonta suoritettiin t\u00e4\u00e4ll\u00e4 pohjoisessa m\u00f6kill\u00e4 uuden vuoden\u00a0lenkille l\u00e4htiess\u00e4mme.\u00a0Arvonnan virallisena valvojana toimi KP ja \"onnettarena\" MP, joka edellisess\u00e4, eilisen\u00a0postauksen\u00a0kuvassa on\u00a0jo\u00a0keskittym\u00e4ss\u00e4\u00a0t\u00e4m\u00e4np\u00e4iv\u00e4iseen vaativaan teht\u00e4v\u00e4\u00e4ns\u00e4. Ja arvonnan tulos on seuraava: LappItalia - a la Carte -keittokirjan voitti Marja (ei siis Maria) \u00a0 Ja rasian belgialaista suklaata l\u00e4het\u00e4n Sinikalle.\u2026","rel":"","context":"Kategoriassa &quot;Ruoka ja viini&quot;","block_context":{"text":"Ruoka ja viini","link":"https:\/\/www.satokangas.fi\/blogi\/category\/ruoka_ja_viini\/"},"img":{"alt_text":"","src":"https:\/\/i0.wp.com\/www.satokangas.fi\/blogi\/wp-content\/uploads\/2010\/01\/arvonta-1-407x400.jpg?resize=350%2C200&ssl=1","width":350,"height":200},"classes":[]},{"id":28455,"url":"https:\/\/www.satokangas.fi\/blogi\/2016\/06\/korillinen-sienia-juhannusarvonta\/","url_meta":{"origin":29997,"position":3},"title":"Korillinen sieni\u00e4 &#8211; juhannusarvonta!","author":"Reija","date":"15.6.2016","format":false,"excerpt":"Enemm\u00e4n kuin ikin\u00e4 uskalsin toivoa. Pari heikohkoa vuotta ollut v\u00e4liss\u00e4, mutta nyt oli toiveita siit\u00e4, ett\u00e4 ajoitus on kohdillaan. Ja BINGO! T\u00e4ysi korillinen korvasieni\u00e4! Aamiaisbrunssin, joka oli kyll\u00e4 enemm\u00e4n ranskalainen kuin m\u00f6kkipirttiin kuuluva, j\u00e4lkeen\u00a0l\u00e4hdettiin\u00a0reippaasti pihalle: NYT on Tuulentuvan (pikkum\u00f6kki) terassin ja portaiden maalaus v\u00e4ist\u00e4m\u00e4tt\u00e4 edess\u00e4, - eik\u00f6s se ollut jo\u2026","rel":"","context":"Kategoriassa &quot;Lappi&quot;","block_context":{"text":"Lappi","link":"https:\/\/www.satokangas.fi\/blogi\/category\/lappi\/"},"img":{"alt_text":"15_6_2016 Saariselk\u00e4","src":"https:\/\/i0.wp.com\/www.satokangas.fi\/blogi\/wp-content\/uploads\/2016\/06\/15_6_2016-Saariselk%C3%A4-600x400.jpg?resize=350%2C200&ssl=1","width":350,"height":200,"srcset":"https:\/\/i0.wp.com\/www.satokangas.fi\/blogi\/wp-content\/uploads\/2016\/06\/15_6_2016-Saariselk%C3%A4-600x400.jpg?resize=350%2C200&ssl=1 1x, https:\/\/i0.wp.com\/www.satokangas.fi\/blogi\/wp-content\/uploads\/2016\/06\/15_6_2016-Saariselk%C3%A4-600x400.jpg?resize=525%2C300&ssl=1 1.5x"},"classes":[]},{"id":47192,"url":"https:\/\/www.satokangas.fi\/blogi\/2023\/10\/nili-arvonta-ja-sumusade\/","url_meta":{"origin":29997,"position":4},"title":"Nili, arvonta ja sumusade","author":"Reija","date":"1.10.2023","format":false,"excerpt":"L\u00e4ht\u00f6kohtaisesti s\u00e4\u00e4 n\u00e4ytti aamusella aika kalsealle. Sumuiselle, sateiselle tai ainakin sumusateiselle. Mutta me on jo monta p\u00e4iv\u00e4\u00e4 (to-pe-la) py\u00f6ritty l\u00e4hinn\u00e4 pihapiiriss\u00e4, joten oli jo korkea aika p\u00e4\u00e4st\u00e4 tunturiin, mets\u00e4\u00e4n, kulkemaan. Meni kuitenkin melkein puolillep\u00e4ivin ennenkuin sain arvonnan (ks. alla) laadituksi\u00a0 ja sit\u00e4 varten www-sivut p\u00e4ivitetyksi, ennen kuin p\u00e4\u00e4simme l\u00e4htem\u00e4\u00e4n. Ajeltiin\u2026","rel":"","context":"Kategoriassa &quot;Lappi&quot;","block_context":{"text":"Lappi","link":"https:\/\/www.satokangas.fi\/blogi\/category\/lappi\/"},"img":{"alt_text":"","src":"https:\/\/i0.wp.com\/www.satokangas.fi\/blogi\/wp-content\/uploads\/2023\/10\/sumusade.jpg?resize=350%2C200&ssl=1","width":350,"height":200,"srcset":"https:\/\/i0.wp.com\/www.satokangas.fi\/blogi\/wp-content\/uploads\/2023\/10\/sumusade.jpg?resize=350%2C200&ssl=1 1x, https:\/\/i0.wp.com\/www.satokangas.fi\/blogi\/wp-content\/uploads\/2023\/10\/sumusade.jpg?resize=525%2C300&ssl=1 1.5x, https:\/\/i0.wp.com\/www.satokangas.fi\/blogi\/wp-content\/uploads\/2023\/10\/sumusade.jpg?resize=700%2C400&ssl=1 2x"},"classes":[]},{"id":16830,"url":"https:\/\/www.satokangas.fi\/blogi\/2013\/03\/paiva-vaaralla-vuosisadalla\/","url_meta":{"origin":29997,"position":5},"title":"P\u00e4iv\u00e4 v\u00e4\u00e4r\u00e4ll\u00e4 vuosisadalla","author":"Reija","date":"22.3.2013","format":false,"excerpt":"Istun katsellen pitk\u00e4\u00e4n ulos ikkunasta, ja mietin olevani v\u00e4\u00e4r\u00e4ll\u00e4 vuosisadalla, itse asiassa v\u00e4\u00e4r\u00e4ll\u00e4 vuosituhannella. N\u00e4in ei k\u00e4y ensimm\u00e4ist\u00e4 kertaa. Olen usein v\u00e4\u00e4r\u00e4ss\u00e4 ajassa. Ajatusteni kanssa. Joskus arvojenikin. Se riippuu ihmisist\u00e4: riippuu ihmisist\u00e4, pysynk\u00f6 oikeassa ajassa, t\u00e4ss\u00e4 hetkess\u00e4. Ihmiset viev\u00e4t minua ajassa menneisiin vuosiin. Menneisyyden ja nykyisyyden ihmiset kuljettavat minua ajassa,\u2026","rel":"","context":"Kategoriassa &quot;Historiaa&quot;","block_context":{"text":"Historiaa","link":"https:\/\/www.satokangas.fi\/blogi\/category\/historiaa\/"},"img":{"alt_text":"p\u00e4iv\u00e4 v\u00e4\u00e4r\u00e4ll\u00e4 vuosisadalla","src":"https:\/\/i0.wp.com\/www.satokangas.fi\/blogi\/wp-content\/uploads\/2013\/03\/p%C3%A4iv%C3%A4-v%C3%A4%C3%A4r%C3%A4ll%C3%A4-vuosisadalla-266x400.jpg?resize=350%2C200&ssl=1","width":350,"height":200},"classes":[]}],"_links":{"self":[{"href":"https:\/\/www.satokangas.fi\/blogi\/wp-json\/wp\/v2\/posts\/29997","targetHints":{"allow":["GET"]}}],"collection":[{"href":"https:\/\/www.satokangas.fi\/blogi\/wp-json\/wp\/v2\/posts"}],"about":[{"href":"https:\/\/www.satokangas.fi\/blogi\/wp-json\/wp\/v2\/types\/post"}],"author":[{"embeddable":true,"href":"https:\/\/www.satokangas.fi\/blogi\/wp-json\/wp\/v2\/users\/1"}],"replies":[{"embeddable":true,"href":"https:\/\/www.satokangas.fi\/blogi\/wp-json\/wp\/v2\/comments?post=29997"}],"version-history":[{"count":0,"href":"https:\/\/www.satokangas.fi\/blogi\/wp-json\/wp\/v2\/posts\/29997\/revisions"}],"wp:attachment":[{"href":"https:\/\/www.satokangas.fi\/blogi\/wp-json\/wp\/v2\/media?parent=29997"}],"wp:term":[{"taxonomy":"category","embeddable":true,"href":"https:\/\/www.satokangas.fi\/blogi\/wp-json\/wp\/v2\/categories?post=29997"},{"taxonomy":"post_tag","embeddable":true,"href":"https:\/\/www.satokangas.fi\/blogi\/wp-json\/wp\/v2\/tags?post=29997"}],"curies":[{"name":"wp","href":"https:\/\/api.w.org\/{rel}","templated":true}]}}