{"id":29753,"date":"2016-11-26T18:13:03","date_gmt":"2016-11-26T16:13:03","guid":{"rendered":"https:\/\/www.satokangas.fi\/blogi\/?p=29753"},"modified":"2016-11-26T18:13:03","modified_gmt":"2016-11-26T16:13:03","slug":"koulua-ja-pikkujoulua","status":"publish","type":"post","link":"https:\/\/www.satokangas.fi\/blogi\/2016\/11\/koulua-ja-pikkujoulua\/","title":{"rendered":"Koulua ja pikkujoulua"},"content":{"rendered":"<p style=\"text-align: justify;\">Aamunelj\u00e4lt\u00e4 aura-auton \u00e4\u00e4net her\u00e4ttiv\u00e4t, ehk\u00e4 viel\u00e4 hiven jetlagiakin on vuorokausirytmiss\u00e4. Mutta Tornion y\u00f6ksi poikkeuksellisen hyvin nukuin. Mik\u00e4 on erinomaisen hyv\u00e4 juttu, koska edess\u00e4 oli pitk\u00e4 ja puuhakas koulup\u00e4iv\u00e4, ja illalla pikkujoulu.<\/p>\n<p style=\"text-align: justify;\">Koskapa ammattikuvaajien yksi usein toistuva toimeksianto on ryhm\u00e4-, joukkue-, luokka-, suku- yms. kuvien ottaminen oli meill\u00e4 t\u00e4n\u00e4\u00e4n korkea aika harjoitella sit\u00e4. Otimme luokkakuvan. Emmek\u00e4 ihan normia ottaneetkaan!!<\/p>\n<p style=\"text-align: justify;\">Loppup\u00e4iv\u00e4 menikin sitten kolmella rastilla: kuvasimme lasia, kiilt\u00e4vi\u00e4 esineit\u00e4 (toin perint\u00f6hopeita kuvattavaksi) ja moottoripy\u00f6r\u00e4\u00e4. Kiilt\u00e4vien pintoja kuvaamista, valaisua ja sommittelua harjoittelimme.<\/p>\n<p style=\"text-align: justify;\">Nyt on kuvausp\u00e4iv\u00e4 ohi. L\u00e4hden piakkoin meid\u00e4n asuntolan alakertaan jossa on takkahuone, jossa aloittelemme pikkujouluja. Taitavat olla minulle t\u00e4m\u00e4n kauden ainoat. Huomiseen.<\/p>\n","protected":false},"excerpt":{"rendered":"<p>Aamunelj\u00e4lt\u00e4 aura-auton \u00e4\u00e4net her\u00e4ttiv\u00e4t, ehk\u00e4 viel\u00e4 hiven jetlagiakin on vuorokausirytmiss\u00e4. Mutta Tornion y\u00f6ksi poikkeuksellisen hyvin nukuin. Mik\u00e4 on erinomaisen hyv\u00e4 juttu, koska edess\u00e4 oli pitk\u00e4 ja puuhakas koulup\u00e4iv\u00e4, ja illalla pikkujoulu. Koskapa ammattikuvaajien yksi usein toistuva toimeksianto on ryhm\u00e4-, joukkue-, luokka-, suku- yms. kuvien ottaminen oli meill\u00e4 t\u00e4n\u00e4\u00e4n korkea aika harjoitella sit\u00e4. Otimme luokkakuvan. Emmek\u00e4 ihan normia ottaneetkaan!! Loppup\u00e4iv\u00e4 menikin &hellip; <\/p>\n","protected":false},"author":1,"featured_media":0,"comment_status":"open","ping_status":"open","sticky":false,"template":"","format":"standard","meta":{"jetpack_post_was_ever_published":false,"_jetpack_newsletter_access":"","_jetpack_dont_email_post_to_subs":false,"_jetpack_newsletter_tier_id":0,"_jetpack_memberships_contains_paywalled_content":false,"_jetpack_memberships_contains_paid_content":false,"footnotes":"","jetpack_publicize_message":"","jetpack_publicize_feature_enabled":true,"jetpack_social_post_already_shared":true,"jetpack_social_options":{"image_generator_settings":{"template":"highway","default_image_id":0,"font":"","enabled":false},"version":2}},"categories":[1],"tags":[],"class_list":["post-29753","post","type-post","status-publish","format-standard","hentry","category-aiheeton","latest_post"],"jetpack_publicize_connections":[],"jetpack_featured_media_url":"","jetpack_shortlink":"https:\/\/wp.me\/pr4p4-7JT","jetpack_sharing_enabled":true,"jetpack_likes_enabled":false,"jetpack-related-posts":[{"id":42067,"url":"https:\/\/www.satokangas.fi\/blogi\/2021\/12\/vahan-jo-joulun-tunnelmaa\/","url_meta":{"origin":29753,"position":0},"title":"V\u00e4h\u00e4n jo joulun tunnelmaa","author":"Reija","date":"2.12.2021","format":false,"excerpt":"Oli p\u00e4\u00e4st\u00e4v\u00e4 liikkeelle t\u00e4n\u00e4\u00e4n, ja maltettava odottaa, ett\u00e4 on sinisen hetken aika. V\u00e4h\u00e4n ennen nelj\u00e4\u00e4 oli. Tuomiokirkko ja sen keltainen v\u00e4ri ovat niin kauniita talvi-illan samettisen sinist\u00e4 taivasta vasten. Viime vuonna t\u00e4h\u00e4n aikaan oli vain mustaa, kiilt\u00e4v\u00e4\u00e4 asfalttia, mutta nyt on tunnelmallista.\u00a0 Liikennevalojen palaessa punaisena tuli lis\u00e4\u00e4 punaista kuvaan (sellainenkin\u2026","rel":"","context":"Kategoriassa &quot;Joulu&quot;","block_context":{"text":"Joulu","link":"https:\/\/www.satokangas.fi\/blogi\/category\/joulu\/"},"img":{"alt_text":"","src":"https:\/\/i0.wp.com\/www.satokangas.fi\/blogi\/wp-content\/uploads\/2021\/12\/Joulukalenteri_2.jpg?resize=350%2C200&ssl=1","width":350,"height":200,"srcset":"https:\/\/i0.wp.com\/www.satokangas.fi\/blogi\/wp-content\/uploads\/2021\/12\/Joulukalenteri_2.jpg?resize=350%2C200&ssl=1 1x, https:\/\/i0.wp.com\/www.satokangas.fi\/blogi\/wp-content\/uploads\/2021\/12\/Joulukalenteri_2.jpg?resize=525%2C300&ssl=1 1.5x, https:\/\/i0.wp.com\/www.satokangas.fi\/blogi\/wp-content\/uploads\/2021\/12\/Joulukalenteri_2.jpg?resize=700%2C400&ssl=1 2x"},"classes":[]},{"id":9772,"url":"https:\/\/www.satokangas.fi\/blogi\/2010\/12\/pikkujoulujen-historiaa-pienesti\/","url_meta":{"origin":29753,"position":1},"title":"Pikkujoulujen historiaa &#8211; pienesti","author":"Reija","date":"2.12.2010","format":false,"excerpt":"T\u00e4n\u00e4\u00e4n eilist\u00e4 seesteisempi p\u00e4iv\u00e4. Ty\u00f6teli\u00e4s. Huomenna tiedekunnan pikkujoulut, ja sinne lupauduin ohjelmaa tekem\u00e4\u00e4n, joten nyt sitten ilta mennyt ja menee viel\u00e4 sen parissa. T\u00e4n\u00e4\u00e4n Kalevassa taas kolumnini. Aiheeseen liittyen sekin. Siis pikkujoulujen historiaa. Lyhyesti. (PS. jos lainaat teksti\u00e4 niin laitathan viitteen (Kaleva 2.12.2010, nimeni ja artikkelin nimi). On kurja n\u00e4hd\u00e4\u2026","rel":"","context":"Kategoriassa &quot;Kolumni&quot;","block_context":{"text":"Kolumni","link":"https:\/\/www.satokangas.fi\/blogi\/category\/kolumni\/"},"img":{"alt_text":"","src":"https:\/\/i0.wp.com\/www.satokangas.fi\/blogi\/wp-content\/uploads\/2_12_2010-500x363.jpg?resize=350%2C200&ssl=1","width":350,"height":200},"classes":[]},{"id":23246,"url":"https:\/\/www.satokangas.fi\/blogi\/2014\/12\/pikkujoulut-vol-2\/","url_meta":{"origin":29753,"position":2},"title":"&#8221;Pikkujoulut&#8221; vol. 2","author":"Reija","date":"4.12.2014","format":false,"excerpt":"T\u00e4n\u00e4\u00e4n sitten tapahtuma, jota sit\u00e4kin voisi nimitt\u00e4\u00e4 pikkujouluksi. Oppiaineen porukalla kuittasimme pikkujoulut vaihtamalla ne \"virkistysp\u00e4iv\u00e4\u00e4n\". Tai tarkemmin ottaen virkistysiltap\u00e4iv\u00e4\u00e4n. Yhteens\u00e4 16 opettajaa ja tohtorikoulutettavaa oli ilmoittautunut mukaan. Olipa mukava k\u00e4yd\u00e4 keilaamassa! Pitk\u00e4st\u00e4 aikaa. Olisikohan ainakin kymmenkunta vuotta edellisest\u00e4 kerrasta? Silloin k\u00e4vimme muutamia kertoja varhaisteini-i\u00e4ss\u00e4 olleiden lasten ja yhden tuttavapariskunnan kanssa\u2026","rel":"","context":"Kategoriassa &quot;Niit\u00e4 n\u00e4it\u00e4&quot;","block_context":{"text":"Niit\u00e4 n\u00e4it\u00e4","link":"https:\/\/www.satokangas.fi\/blogi\/category\/aiheeton\/"},"img":{"alt_text":"2_2014-5","src":"https:\/\/i0.wp.com\/www.satokangas.fi\/blogi\/wp-content\/uploads\/2014\/12\/2_2014-5-600x400.jpg?resize=350%2C200&ssl=1","width":350,"height":200,"srcset":"https:\/\/i0.wp.com\/www.satokangas.fi\/blogi\/wp-content\/uploads\/2014\/12\/2_2014-5-600x400.jpg?resize=350%2C200&ssl=1 1x, https:\/\/i0.wp.com\/www.satokangas.fi\/blogi\/wp-content\/uploads\/2014\/12\/2_2014-5-600x400.jpg?resize=525%2C300&ssl=1 1.5x"},"classes":[]},{"id":47894,"url":"https:\/\/www.satokangas.fi\/blogi\/2023\/12\/jouluisia-kohtaamisia\/","url_meta":{"origin":29753,"position":3},"title":"Jouluisia kohtaamisia","author":"Reija","date":"2.12.2023","format":false,"excerpt":"T\u00e4n\u00e4\u00e4n kahdet \"pikkujoulut\". Keskip\u00e4iv\u00e4n molemmin puolin vietimme yst\u00e4v\u00e4n kanssa monta tuntia joulupuoti- yms. kierroksella. Saatiin kuin saatiinkin l\u00e4hdetyksi. Ja olihan se mukava, pirist\u00e4v\u00e4kin juttu. Aloitimme Pohjankartanosta. Onneksi aloitimme, sill\u00e4 joulumessuille oli tulossa v\u00e4ke\u00e4 pitkiksi jonoiksi asti. Me ehdimme sis\u00e4lle jonottamatta. Emme etsineet varsinaisesti mit\u00e4\u00e4n, kunhan nautimme kaikista kauniista k\u00e4sit\u00f6ist\u00e4 ja\u2026","rel":"","context":"Kategoriassa &quot;Niit\u00e4 n\u00e4it\u00e4&quot;","block_context":{"text":"Niit\u00e4 n\u00e4it\u00e4","link":"https:\/\/www.satokangas.fi\/blogi\/category\/aiheeton\/"},"img":{"alt_text":"","src":"https:\/\/i0.wp.com\/www.satokangas.fi\/blogi\/wp-content\/uploads\/2023\/12\/Pikkujoulukierros-9.jpg?resize=350%2C200&ssl=1","width":350,"height":200,"srcset":"https:\/\/i0.wp.com\/www.satokangas.fi\/blogi\/wp-content\/uploads\/2023\/12\/Pikkujoulukierros-9.jpg?resize=350%2C200&ssl=1 1x, https:\/\/i0.wp.com\/www.satokangas.fi\/blogi\/wp-content\/uploads\/2023\/12\/Pikkujoulukierros-9.jpg?resize=525%2C300&ssl=1 1.5x, https:\/\/i0.wp.com\/www.satokangas.fi\/blogi\/wp-content\/uploads\/2023\/12\/Pikkujoulukierros-9.jpg?resize=700%2C400&ssl=1 2x"},"classes":[]},{"id":44263,"url":"https:\/\/www.satokangas.fi\/blogi\/2022\/12\/pienten-kanssa-pikkujoulut\/","url_meta":{"origin":29753,"position":4},"title":"Pienten kanssa pikkujoulut","author":"Reija","date":"10.12.2022","format":false,"excerpt":"Joulutunnelmainen p\u00e4iv\u00e4. Aamulla kiertelin kaupungilla katselemassa, kuvailemassakin, Oulun joulun maamerkkej\u00e4: Kauppahalli ja Toripolliisi, Torinrannan aitat, Seurahuoneen joulupukki poroineen, kaupungintalon joulukuusi, Tiernapojat, Inti\u00f6n kappeli,\u00a0 Ainolan Joulupolku, Tuiran joulukuusi, Rotuaarin jouluvalot.... Tolkuttoman kauan en kaupungissa voinut kuleksia, koska olin kutsunut vieraita viett\u00e4m\u00e4\u00e4n meille pikkujouluja. Ja kaikenmoista oli toivottu ja olin lupaillut. Menussa\u2026","rel":"","context":"Kategoriassa &quot;Isovanhemmuus&quot;","block_context":{"text":"Isovanhemmuus","link":"https:\/\/www.satokangas.fi\/blogi\/category\/isovanhemmuus\/"},"img":{"alt_text":"","src":"https:\/\/i0.wp.com\/www.satokangas.fi\/blogi\/wp-content\/uploads\/2022\/12\/joulukorttikuvia-2.jpg?resize=350%2C200&ssl=1","width":350,"height":200,"srcset":"https:\/\/i0.wp.com\/www.satokangas.fi\/blogi\/wp-content\/uploads\/2022\/12\/joulukorttikuvia-2.jpg?resize=350%2C200&ssl=1 1x, https:\/\/i0.wp.com\/www.satokangas.fi\/blogi\/wp-content\/uploads\/2022\/12\/joulukorttikuvia-2.jpg?resize=525%2C300&ssl=1 1.5x, https:\/\/i0.wp.com\/www.satokangas.fi\/blogi\/wp-content\/uploads\/2022\/12\/joulukorttikuvia-2.jpg?resize=700%2C400&ssl=1 2x"},"classes":[]},{"id":12865,"url":"https:\/\/www.satokangas.fi\/blogi\/2011\/11\/pienet-pikkujoulut\/","url_meta":{"origin":29753,"position":5},"title":"Pienet pikkujoulut","author":"Reija","date":"20.11.2011","format":false,"excerpt":"Kaiken kulkemisen, vieraissa ruokap\u00f6ydiss\u00e4 istumisen, tekstareiden ja puhelujen varassa yll\u00e4pidetyn l\u00e4heisten yhteydenpidon j\u00e4lkeen oli mahdottaman mukava saada omat t\u00e4nne kotiruokap\u00f6yd\u00e4n ymp\u00e4rille. Hesburger ja Puolustusvoimat tuli p\u00e4ivitetty\u00e4. Iin, Runolan ja Caritaksen kuulumiset j\u00e4iv\u00e4t v\u00e4hemm\u00e4lle, mutta eip\u00e4 tainnut haitata. Eilen ei pikkujoulut, vaan ruoka- ja viinijuhla. Min\u00e4h\u00e4n olen siit\u00e4 vanhanaikainen ett\u00e4 on\u2026","rel":"","context":"Kategoriassa &quot;Niit\u00e4 n\u00e4it\u00e4&quot;","block_context":{"text":"Niit\u00e4 n\u00e4it\u00e4","link":"https:\/\/www.satokangas.fi\/blogi\/category\/aiheeton\/"},"img":{"alt_text":"","src":"","width":0,"height":0},"classes":[]}],"_links":{"self":[{"href":"https:\/\/www.satokangas.fi\/blogi\/wp-json\/wp\/v2\/posts\/29753","targetHints":{"allow":["GET"]}}],"collection":[{"href":"https:\/\/www.satokangas.fi\/blogi\/wp-json\/wp\/v2\/posts"}],"about":[{"href":"https:\/\/www.satokangas.fi\/blogi\/wp-json\/wp\/v2\/types\/post"}],"author":[{"embeddable":true,"href":"https:\/\/www.satokangas.fi\/blogi\/wp-json\/wp\/v2\/users\/1"}],"replies":[{"embeddable":true,"href":"https:\/\/www.satokangas.fi\/blogi\/wp-json\/wp\/v2\/comments?post=29753"}],"version-history":[{"count":0,"href":"https:\/\/www.satokangas.fi\/blogi\/wp-json\/wp\/v2\/posts\/29753\/revisions"}],"wp:attachment":[{"href":"https:\/\/www.satokangas.fi\/blogi\/wp-json\/wp\/v2\/media?parent=29753"}],"wp:term":[{"taxonomy":"category","embeddable":true,"href":"https:\/\/www.satokangas.fi\/blogi\/wp-json\/wp\/v2\/categories?post=29753"},{"taxonomy":"post_tag","embeddable":true,"href":"https:\/\/www.satokangas.fi\/blogi\/wp-json\/wp\/v2\/tags?post=29753"}],"curies":[{"name":"wp","href":"https:\/\/api.w.org\/{rel}","templated":true}]}}