{"id":29591,"date":"2016-11-11T20:04:47","date_gmt":"2016-11-11T18:04:47","guid":{"rendered":"https:\/\/www.satokangas.fi\/blogi\/?p=29591"},"modified":"2016-11-11T20:04:47","modified_gmt":"2016-11-11T18:04:47","slug":"linkityksia","status":"publish","type":"post","link":"https:\/\/www.satokangas.fi\/blogi\/2016\/11\/linkityksia\/","title":{"rendered":"Linkityksi\u00e4"},"content":{"rendered":"<p style=\"text-align: justify;\">Saatiinhan se Ouluunkin &#8221;lumikaaos&#8221; t\u00e4lle syystalvelle. Tai\u00a0siis kunnolla maa valkoiseksi. Kaunista on, eik\u00e4 en\u00e4\u00e4 niin purevaa tuulta.<\/p>\n<p style=\"text-align: justify;\">P\u00e4iv\u00e4 merkillisen pirstaleinen. Ja kuten meid\u00e4n perheess\u00e4 tapana on; matkalle l\u00e4htiess\u00e4 on aina jotain &#8221;h\u00e4ikk\u00e4\u00e4&#8221;. Milloin lentolakkoa, milloin vallankaappauksia, rengasrikkoja, lasten sairastumisia, kadonneita lentolippuja, passien unohtumisia, \u00a0&#8211; noh, t\u00e4llekin matkalle l\u00e4hd\u00f6ss\u00e4\u00a0pieni &#8221;musta aukko&#8221;. Ehk\u00e4 kuitenkin ensiapu auttaa&#8230;<\/p>\n<p style=\"text-align: justify;\">Iltap\u00e4iv\u00e4ll\u00e4 pikkuperhe yll\u00e4tti ja toi papalle is\u00e4np\u00e4iv\u00e4kakun jo etuk\u00e4teen kun ei pyh\u00e4n\u00e4 olla kotosalla. Mini\u00e4 oli leiponut t\u00e4mm\u00f6isen herkun, joten kelpasi meid\u00e4n kahvitella.<\/p>\n<p style=\"text-align: justify;\"><a href=\"https:\/\/www.satokangas.fi\/blogi\/wp-content\/uploads\/2016\/11\/Japaniin_-5.jpg\"><img loading=\"lazy\" decoding=\"async\" data-attachment-id=\"29592\" data-permalink=\"https:\/\/www.satokangas.fi\/blogi\/2016\/11\/linkityksia\/japaniin_-5\/\" data-orig-file=\"https:\/\/www.satokangas.fi\/blogi\/wp-content\/uploads\/2016\/11\/Japaniin_-5.jpg\" data-orig-size=\"600,394\" data-comments-opened=\"1\" data-image-meta=\"{&quot;aperture&quot;:&quot;3.2&quot;,&quot;credit&quot;:&quot;&quot;,&quot;camera&quot;:&quot;Canon EOS 6D&quot;,&quot;caption&quot;:&quot;&quot;,&quot;created_timestamp&quot;:&quot;1478880880&quot;,&quot;copyright&quot;:&quot;&quot;,&quot;focal_length&quot;:&quot;50&quot;,&quot;iso&quot;:&quot;2000&quot;,&quot;shutter_speed&quot;:&quot;0.05&quot;,&quot;title&quot;:&quot;&quot;,&quot;orientation&quot;:&quot;0&quot;}\" data-image-title=\"japaniin_-5\" data-image-description=\"\" data-image-caption=\"\" data-large-file=\"https:\/\/www.satokangas.fi\/blogi\/wp-content\/uploads\/2016\/11\/Japaniin_-5.jpg\" class=\"aligncenter size-medium wp-image-29592\" src=\"https:\/\/www.satokangas.fi\/blogi\/wp-content\/uploads\/2016\/11\/Japaniin_-5-600x394.jpg\" alt=\"japaniin_-5\" width=\"600\" height=\"394\" srcset=\"https:\/\/www.satokangas.fi\/blogi\/wp-content\/uploads\/2016\/11\/Japaniin_-5.jpg 600w, https:\/\/www.satokangas.fi\/blogi\/wp-content\/uploads\/2016\/11\/Japaniin_-5-300x197.jpg 300w\" sizes=\"auto, (max-width: 600px) 100vw, 600px\" \/><\/a><\/p>\n<p style=\"text-align: justify;\">Ja jo eilenh\u00e4n meill\u00e4 on juhlaa illalla, kun k\u00e4vimme (taas) ulkona sy\u00f6m\u00e4ss\u00e4. Yst\u00e4v\u00e4t (VMP) kutsuivat kanssaan kaupungille sy\u00f6m\u00e4\u00e4n ja pitk\u00e4st\u00e4 aikaa tapaamaan liven\u00e4. P\u00e4\u00e4timme menn\u00e4 Oulun ravintolamaailman uusimpaan, kunniahimoiseen ravintolaan, joka ei nimest\u00e4\u00e4n huolimatta ole &#8221;pelkk\u00e4&#8221; pororuokaravintola. Itseasiassa siell\u00e4 on listalla vain yksi poroannos, mutta paljon kaikkea muuta hyv\u00e4\u00e4. Entiseen Sinooperin tilaan Saaristonkadulle avattu <a href=\"http:\/\/www.flyingreindeer.net\/\">&#8221;Flying Reindeer&#8221;<\/a>\u00a0on karu, mutta silti aika tunnelmallinen ruokaravintola, jossa katutasossa on baari.<\/p>\n<p style=\"text-align: justify;\"><a href=\"https:\/\/www.satokangas.fi\/blogi\/wp-content\/uploads\/2016\/11\/Japaniin_-6.jpg\"><img loading=\"lazy\" decoding=\"async\" data-attachment-id=\"29593\" data-permalink=\"https:\/\/www.satokangas.fi\/blogi\/2016\/11\/linkityksia\/japaniin_-6\/\" data-orig-file=\"https:\/\/www.satokangas.fi\/blogi\/wp-content\/uploads\/2016\/11\/Japaniin_-6.jpg\" data-orig-size=\"368,600\" data-comments-opened=\"1\" data-image-meta=\"{&quot;aperture&quot;:&quot;5&quot;,&quot;credit&quot;:&quot;&quot;,&quot;camera&quot;:&quot;Canon EOS 6D&quot;,&quot;caption&quot;:&quot;&quot;,&quot;created_timestamp&quot;:&quot;1478863971&quot;,&quot;copyright&quot;:&quot;&quot;,&quot;focal_length&quot;:&quot;35&quot;,&quot;iso&quot;:&quot;640&quot;,&quot;shutter_speed&quot;:&quot;0.003125&quot;,&quot;title&quot;:&quot;&quot;,&quot;orientation&quot;:&quot;0&quot;}\" data-image-title=\"japaniin_-6\" data-image-description=\"\" data-image-caption=\"\" data-large-file=\"https:\/\/www.satokangas.fi\/blogi\/wp-content\/uploads\/2016\/11\/Japaniin_-6.jpg\" class=\"aligncenter size-medium wp-image-29593\" src=\"https:\/\/www.satokangas.fi\/blogi\/wp-content\/uploads\/2016\/11\/Japaniin_-6-245x400.jpg\" alt=\"japaniin_-6\" width=\"245\" height=\"400\" srcset=\"https:\/\/www.satokangas.fi\/blogi\/wp-content\/uploads\/2016\/11\/Japaniin_-6-245x400.jpg 245w, https:\/\/www.satokangas.fi\/blogi\/wp-content\/uploads\/2016\/11\/Japaniin_-6-184x300.jpg 184w, https:\/\/www.satokangas.fi\/blogi\/wp-content\/uploads\/2016\/11\/Japaniin_-6.jpg 368w\" sizes=\"auto, (max-width: 245px) 100vw, 245px\" \/><\/a><\/p>\n<p style=\"text-align: justify;\"><em>Grillattua mustekalaa &#8221;MR Pulpo&#8221; <\/em>oli erinomaista, enk\u00e4 vastaavaa muista koskaan miss\u00e4\u00e4n reissuissakaan saaneeni. My\u00f6s p\u00f6yt\u00e4seurueen muut annokset (eturuoaksi paahdettua purjoa, ja p\u00e4\u00e4ruoaksi siikaa ja possunposkea) kelpasivat. Seurahan me tiedettiinkin erinomaiseksi, joten helposti kolme tuntia vier\u00e4hti.<\/p>\n<p style=\"text-align: justify;\">T\u00e4n\u00e4\u00e4n pakkaamisen (kerrankin olen pakannut todella huolella ja mahdollisimman v\u00e4h\u00e4n mukaan), is\u00e4np\u00e4iv\u00e4kahvien, ulkoilun, tytt\u00e4ren kanssa chattaamisen, ensiavun ja herkullisen katkarapupastan lis\u00e4ksi p\u00e4iv\u00e4\u00e4n ei paljon muuta mahtunutkaan. \u00a0Paitsi surffailua, olen ollut monta tuntia netiss\u00e4. Ihan vaan surffaillen. Alla linkkej\u00e4.<\/p>\n<p>~~~~~~~~~~~~<br \/>\nMy\u00f6s ei-oululaiset blogini vakkarilukijat ovat tutustuneet Marttiin. Olettehan n\u00e4hneet h\u00e4nest\u00e4 kuvia kaikkina vuodenaikoina, monin eri tavoin puettuna. Nyt sanomalehti Kaleva tempaisi ja j\u00e4rjesti kisan, jossa lukijat saivat pukea Martin ja kolme parasta valittiin <a href=\"http:\/\/www.kaleva.fi\/uutiset\/oulu\/aanestys-mika-on-martti-patsaan-paras-asu\/743109\/\">\u00e4\u00e4nestykseen<\/a>. Min\u00e4 tykk\u00e4\u00e4n kolmosesta eniten.<\/p>\n<p style=\"text-align: justify;\">Sitten &#8221;on pakko&#8221; linkitt\u00e4\u00e4 toinenkin t\u00e4m\u00e4n p\u00e4iv\u00e4n nettil\u00f6yt\u00f6: ~kuvia ilman Photaria. Ihan mielett\u00f6mi\u00e4 ovat <a href=\"https:\/\/brightside.me\/article\/100-best-photographs-without-photoshop-46555\/\">KLIKS<\/a>.<\/p>\n<p style=\"text-align: justify;\"><a href=\"http:\/\/9gag.com\/gag\/ajqEV90?ref=fb.s\">N\u00e4it\u00e4 kuvia<\/a> katsellessa on todettava, ett\u00e4 ainoastaan kuvat eiv\u00e4t ole hienoja. Huikeita tilannekuvia. Kuvat kertovat paljon, ja saavat jo nyt kaipaamaan &#8230;<\/p>\n<p style=\"text-align: center;\">Ja sitten.<br \/>\n<a href=\"https:\/\/www.satokangas.fi\/blogi\/2014\/05\/musiikkia-tahan-paivaan\/\">Minun top 5<\/a> -musiikkilistallani<br \/>\nt\u00e4m\u00e4 on ollut jo vuosikymmeni\u00e4.<br \/>\nT\u00e4n\u00e4\u00e4nkin t\u00e4m\u00e4n aika.<br \/>\nR.I.P. Leonard Cohen.<\/p>\n<div class=\"jetpack-video-wrapper\"><span class=\"embed-youtube\" style=\"text-align:center; display: block;\"><iframe loading=\"lazy\" class=\"youtube-player\" width=\"780\" height=\"439\" src=\"https:\/\/www.youtube.com\/embed\/YrLk4vdY28Q?version=3&#038;rel=1&#038;showsearch=0&#038;showinfo=1&#038;iv_load_policy=1&#038;fs=1&#038;hl=fi&#038;autohide=2&#038;wmode=transparent\" allowfullscreen=\"true\" style=\"border:0;\" sandbox=\"allow-scripts allow-same-origin allow-popups allow-presentation allow-popups-to-escape-sandbox\"><\/iframe><\/span><\/div>\n<p>&nbsp;<\/p>\n","protected":false},"excerpt":{"rendered":"<p>Saatiinhan se Ouluunkin &#8221;lumikaaos&#8221; t\u00e4lle syystalvelle. Tai\u00a0siis kunnolla maa valkoiseksi. Kaunista on, eik\u00e4 en\u00e4\u00e4 niin purevaa tuulta. P\u00e4iv\u00e4 merkillisen pirstaleinen. Ja kuten meid\u00e4n perheess\u00e4 tapana on; matkalle l\u00e4htiess\u00e4 on aina jotain &#8221;h\u00e4ikk\u00e4\u00e4&#8221;. Milloin lentolakkoa, milloin vallankaappauksia, rengasrikkoja, lasten sairastumisia, kadonneita lentolippuja, passien unohtumisia, \u00a0&#8211; noh, t\u00e4llekin matkalle l\u00e4hd\u00f6ss\u00e4\u00a0pieni &#8221;musta aukko&#8221;. Ehk\u00e4 kuitenkin ensiapu auttaa&#8230; Iltap\u00e4iv\u00e4ll\u00e4 pikkuperhe yll\u00e4tti ja toi papalle &hellip; <\/p>\n","protected":false},"author":1,"featured_media":0,"comment_status":"open","ping_status":"open","sticky":false,"template":"","format":"standard","meta":{"jetpack_post_was_ever_published":false,"_jetpack_newsletter_access":"","_jetpack_dont_email_post_to_subs":false,"_jetpack_newsletter_tier_id":0,"_jetpack_memberships_contains_paywalled_content":false,"_jetpack_memberships_contains_paid_content":false,"footnotes":"","jetpack_publicize_message":"","jetpack_publicize_feature_enabled":true,"jetpack_social_post_already_shared":true,"jetpack_social_options":{"image_generator_settings":{"template":"highway","default_image_id":0,"font":"","enabled":false},"version":2}},"categories":[13,1,17,37],"tags":[],"class_list":["post-29591","post","type-post","status-publish","format-standard","hentry","category-historiaa","category-aiheeton","category-ruoka_ja_viini","category-valokuvaus","latest_post"],"jetpack_publicize_connections":[],"jetpack_featured_media_url":"","jetpack_shortlink":"https:\/\/wp.me\/pr4p4-7Hh","jetpack_sharing_enabled":true,"jetpack_likes_enabled":false,"jetpack-related-posts":[{"id":40955,"url":"https:\/\/www.satokangas.fi\/blogi\/2021\/06\/odotellessa\/","url_meta":{"origin":29591,"position":0},"title":"Odotellessa","author":"Reija","date":"6.6.2021","format":false,"excerpt":"Prosecco on kylm\u00e4ss\u00e4 ja lapakset valmiita. Eik\u00e4 ole kyse pelk\u00e4st\u00e4\u00e4n valmistautumisesta mahdollisiin MM-l\u00e4tk\u00e4n kultajuhliin. Odottelemme yst\u00e4vi\u00e4 saapuviksi. Heid\u00e4n kanssaan on muutaman p\u00e4iv\u00e4n yhteist\u00e4 m\u00f6kkieloa yritetty vuosia. Milloin ty\u00f6t, milloin lapset, milloin vanhemmat, milloin korona, milloin sairastuminen on ollut esteen\u00e4, ja niinh\u00e4n se meinasi t\u00e4ll\u00e4kin kertaa peruuntua t\u00e4m\u00e4, mutta nyt tulevat.\u2026","rel":"","context":"Kategoriassa &quot;M\u00f6kkiel\u00e4m\u00e4\u00e4&quot;","block_context":{"text":"M\u00f6kkiel\u00e4m\u00e4\u00e4","link":"https:\/\/www.satokangas.fi\/blogi\/category\/mokkielamaa\/"},"img":{"alt_text":"","src":"https:\/\/i0.wp.com\/www.satokangas.fi\/blogi\/wp-content\/uploads\/2021\/06\/vaivaiskoivu.jpg?resize=350%2C200&ssl=1","width":350,"height":200,"srcset":"https:\/\/i0.wp.com\/www.satokangas.fi\/blogi\/wp-content\/uploads\/2021\/06\/vaivaiskoivu.jpg?resize=350%2C200&ssl=1 1x, https:\/\/i0.wp.com\/www.satokangas.fi\/blogi\/wp-content\/uploads\/2021\/06\/vaivaiskoivu.jpg?resize=525%2C300&ssl=1 1.5x, https:\/\/i0.wp.com\/www.satokangas.fi\/blogi\/wp-content\/uploads\/2021\/06\/vaivaiskoivu.jpg?resize=700%2C400&ssl=1 2x"},"classes":[]},{"id":25587,"url":"https:\/\/www.satokangas.fi\/blogi\/2015\/08\/ennen-kalaaseja\/","url_meta":{"origin":29591,"position":1},"title":"Ennen kalaaseja","author":"Reija","date":"14.8.2015","format":false,"excerpt":"Huomenna kalaasit. Kuudennettoista. Niist\u00e4 tulee erilaiset kuin koskaan ennen. Eik\u00f6 aina ole erilaiset kuin edelliset? On toki, mutta nyt jotenkin sellaiset rupukalaasit tulossa - minun mielest\u00e4ni ainakin, sill\u00e4 perinteisesti kalaasien (ruoka)teema on seurausta meid\u00e4n edelt\u00e4v\u00e4st\u00e4 (kes\u00e4n) matkasta: Italia, It\u00e4valta, Meksiko etc. Nyt emme ole k\u00e4yneet ulkomailla (pl. kaksi vrk Norjassa),\u2026","rel":"","context":"Kategoriassa &quot;Niit\u00e4 n\u00e4it\u00e4&quot;","block_context":{"text":"Niit\u00e4 n\u00e4it\u00e4","link":"https:\/\/www.satokangas.fi\/blogi\/category\/aiheeton\/"},"img":{"alt_text":"Rustiikkia-2","src":"https:\/\/i0.wp.com\/www.satokangas.fi\/blogi\/wp-content\/uploads\/2015\/08\/Rustiikkia-2-515x400.jpg?resize=350%2C200&ssl=1","width":350,"height":200},"classes":[]},{"id":31514,"url":"https:\/\/www.satokangas.fi\/blogi\/2017\/08\/oulun-puiden-katveesta-reissuun-lahdossa\/","url_meta":{"origin":29591,"position":2},"title":"Oulun puiden katveesta reissuun l\u00e4hd\u00f6ss\u00e4","author":"Reija","date":"5.8.2017","format":false,"excerpt":"Puita halailemassa, eikun kuvailemassa. Viel\u00e4 l\u00e4htiess\u00e4ni paistoi aurinko, mutta jo puoliv\u00e4liss\u00e4 kohti kaupunkia oli puettava p\u00e4\u00e4lle tuulitakki, jonka onneksi olin py\u00f6r\u00e4koriin pikku kameralaukun viereen laittanut l\u00e4htiess\u00e4ni. Toppilansuoran komein, ja ainoa tierempan alettua j\u00e4ljelle j\u00e4tetty, m\u00e4nty p\u00e4\u00e4see pian \"kahleestaan\". Montturalli, tiety\u00f6, aliskan, kiertoliittym\u00e4n ja kaikenmoisen kohta vuoden kest\u00e4nyt remppa on pian\u2026","rel":"","context":"Kategoriassa &quot;Oulu&quot;","block_context":{"text":"Oulu","link":"https:\/\/www.satokangas.fi\/blogi\/category\/oulu\/"},"img":{"alt_text":"","src":"https:\/\/i0.wp.com\/www.satokangas.fi\/blogi\/wp-content\/uploads\/2017\/08\/Puita_-3.jpg?resize=350%2C200&ssl=1","width":350,"height":200,"srcset":"https:\/\/i0.wp.com\/www.satokangas.fi\/blogi\/wp-content\/uploads\/2017\/08\/Puita_-3.jpg?resize=350%2C200&ssl=1 1x, https:\/\/i0.wp.com\/www.satokangas.fi\/blogi\/wp-content\/uploads\/2017\/08\/Puita_-3.jpg?resize=525%2C300&ssl=1 1.5x, https:\/\/i0.wp.com\/www.satokangas.fi\/blogi\/wp-content\/uploads\/2017\/08\/Puita_-3.jpg?resize=700%2C400&ssl=1 2x"},"classes":[]},{"id":14622,"url":"https:\/\/www.satokangas.fi\/blogi\/2012\/06\/kotiinpaluu\/","url_meta":{"origin":29591,"position":3},"title":"Kotiinpaluu","author":"Reija","date":"27.6.2012","format":false,"excerpt":"T\u00e4n\u00e4\u00e4n oli oikeastaan aika helppo sanoa Hangasojalle n\u00e4kemiin. Aamulla oli + 5C , \u00a0tihuutti vett\u00e4, ja myrskysi. Huomiselle s\u00e4\u00e4tiedotuksessa Koillis-Kairaan luvattiin r\u00e4nt\u00e4sadetta, - ja hei on kuitenkin kes\u00e4kuu, kes\u00e4kuun loppu!! \u00a0Jotta ei niin paha hyv\u00e4stell\u00e4 viel\u00e4 sunnuntaina n\u00e4in aurinkoiselta n\u00e4ytt\u00e4nyt puron ranta. Koko kotimatkan satoi. Paljon, ja v\u00e4lill\u00e4 n\u00e4kyvyys oli\u2026","rel":"","context":"Kategoriassa &quot;Lappi&quot;","block_context":{"text":"Lappi","link":"https:\/\/www.satokangas.fi\/blogi\/category\/lappi\/"},"img":{"alt_text":"","src":"https:\/\/i0.wp.com\/www.satokangas.fi\/blogi\/wp-content\/uploads\/Hangasojan-pulahduspaikka-Custom-600x388.jpg?resize=350%2C200&ssl=1","width":350,"height":200,"srcset":"https:\/\/i0.wp.com\/www.satokangas.fi\/blogi\/wp-content\/uploads\/Hangasojan-pulahduspaikka-Custom-600x388.jpg?resize=350%2C200&ssl=1 1x, https:\/\/i0.wp.com\/www.satokangas.fi\/blogi\/wp-content\/uploads\/Hangasojan-pulahduspaikka-Custom-600x388.jpg?resize=525%2C300&ssl=1 1.5x"},"classes":[]},{"id":20076,"url":"https:\/\/www.satokangas.fi\/blogi\/2014\/01\/terveisia-meksikosta-vol-vii\/","url_meta":{"origin":29591,"position":4},"title":"Terveisi\u00e4 Meksikosta vol. VII","author":"Reija","date":"26.1.2014","format":false,"excerpt":"Karkkilakossa oleva mini\u00e4 totesi, ett\u00e4 suklaafondantia ei lasketa karkiksi, vaan kakuksi. Ihan oikeassa on mini\u00e4: ei lasketakaan karkiksi, mutta hyv\u00e4ksi j\u00e4lkk\u00e4riksi lasketaan \u00e4\u00e4nin nelj\u00e4 nolla! Ja ihan pelkk\u00e4\u00e4 kaloria on t\u00e4m\u00e4 j\u00e4lkiruoka, joten onneksi tuli topakasti aamulenkki tehty\u00e4. En ole ennen fondantia tehnyt, mutta teen toistekin. Ja tuo kermalik\u00f6\u00f6ri-j\u00e4\u00e4tel\u00f6 tuossa\u2026","rel":"","context":"Kategoriassa &quot;Meksiko&quot;","block_context":{"text":"Meksiko","link":"https:\/\/www.satokangas.fi\/blogi\/category\/reissut\/meksiko\/"},"img":{"alt_text":"fondant","src":"https:\/\/i0.wp.com\/www.satokangas.fi\/blogi\/wp-content\/uploads\/2014\/01\/fondant-521x400.jpg?resize=350%2C200&ssl=1","width":350,"height":200},"classes":[]},{"id":43658,"url":"https:\/\/www.satokangas.fi\/blogi\/2022\/09\/syksyisia-tuntoja\/","url_meta":{"origin":29591,"position":5},"title":"Syksyisi\u00e4 tuntoja","author":"Reija","date":"14.9.2022","format":false,"excerpt":"Nyt on puistoissa ja teiden varsilla keltaisen ja vihre\u00e4n vuoropuhelua, ja lehti\u00e4 leijuu hiljalleen kuin lumihiutaleita amerikkalaisissa joululeffoissa. Etel\u00e4inen tuuli teki ulkona kulkemisesta mieluista. Oli juuri sellainen syysp\u00e4iv\u00e4, jollaisina mennein\u00e4 vuosina alkoi joku uusi kurssi. Ei ollut mit\u00e4\u00e4n ongelmia aloittaa uutta kurssia silloinkin kun el\u00e4m\u00e4ss\u00e4 oli muutenkin yllin kyllin tekemist\u00e4:\u2026","rel":"","context":"Kategoriassa &quot;Niit\u00e4 n\u00e4it\u00e4&quot;","block_context":{"text":"Niit\u00e4 n\u00e4it\u00e4","link":"https:\/\/www.satokangas.fi\/blogi\/category\/aiheeton\/"},"img":{"alt_text":"","src":"https:\/\/i0.wp.com\/www.satokangas.fi\/blogi\/wp-content\/uploads\/2022\/09\/vihreakeltainen-2.jpg?resize=350%2C200&ssl=1","width":350,"height":200,"srcset":"https:\/\/i0.wp.com\/www.satokangas.fi\/blogi\/wp-content\/uploads\/2022\/09\/vihreakeltainen-2.jpg?resize=350%2C200&ssl=1 1x, https:\/\/i0.wp.com\/www.satokangas.fi\/blogi\/wp-content\/uploads\/2022\/09\/vihreakeltainen-2.jpg?resize=525%2C300&ssl=1 1.5x, https:\/\/i0.wp.com\/www.satokangas.fi\/blogi\/wp-content\/uploads\/2022\/09\/vihreakeltainen-2.jpg?resize=700%2C400&ssl=1 2x"},"classes":[]}],"_links":{"self":[{"href":"https:\/\/www.satokangas.fi\/blogi\/wp-json\/wp\/v2\/posts\/29591","targetHints":{"allow":["GET"]}}],"collection":[{"href":"https:\/\/www.satokangas.fi\/blogi\/wp-json\/wp\/v2\/posts"}],"about":[{"href":"https:\/\/www.satokangas.fi\/blogi\/wp-json\/wp\/v2\/types\/post"}],"author":[{"embeddable":true,"href":"https:\/\/www.satokangas.fi\/blogi\/wp-json\/wp\/v2\/users\/1"}],"replies":[{"embeddable":true,"href":"https:\/\/www.satokangas.fi\/blogi\/wp-json\/wp\/v2\/comments?post=29591"}],"version-history":[{"count":0,"href":"https:\/\/www.satokangas.fi\/blogi\/wp-json\/wp\/v2\/posts\/29591\/revisions"}],"wp:attachment":[{"href":"https:\/\/www.satokangas.fi\/blogi\/wp-json\/wp\/v2\/media?parent=29591"}],"wp:term":[{"taxonomy":"category","embeddable":true,"href":"https:\/\/www.satokangas.fi\/blogi\/wp-json\/wp\/v2\/categories?post=29591"},{"taxonomy":"post_tag","embeddable":true,"href":"https:\/\/www.satokangas.fi\/blogi\/wp-json\/wp\/v2\/tags?post=29591"}],"curies":[{"name":"wp","href":"https:\/\/api.w.org\/{rel}","templated":true}]}}